{"id":9453,"date":"2020-09-25T12:52:15","date_gmt":"2020-09-25T12:52:15","guid":{"rendered":"https:\/\/acefootball.com\/es\/?p=9453"},"modified":"2020-09-25T12:52:16","modified_gmt":"2020-09-25T12:52:16","slug":"philippe-coutinho-recupera-la-camiseta-numero-14-en-el-barcelona","status":"publish","type":"post","link":"https:\/\/acefootball.com\/es\/noticias-de-futbol\/philippe-coutinho-recupera-la-camiseta-numero-14-en-el-barcelona\/","title":{"rendered":"Philippe Coutinho recupera la camiseta n\u00famero 14 en el Barcelona"},"content":{"rendered":"\n<h2>Tras su regreso de la cesi\u00f3n en el Bayern de M\u00fanich, el Barcelona ha anunciado que Philippe Coutinho recuperar\u00e1 su camiseta inicial con el n\u00famero 14.<\/h2>\n\n\n\n<p>Phillipe Coutinho est\u00e1 de vuelta en el Barcelona y ha recuperado su camiseta inicial n\u00famero 14 de cuando se uni\u00f3 al club.<\/p>\n\n\n\n<p>Tras su llegada en enero de 2018, el brasile\u00f1o se hizo con la camiseta n\u00famero 14 que estaba disponible tras la marcha de Javier Mascherano.<\/p>\n\n\n\n<p>Coutinho us\u00f3 la camiseta durante unos meses antes de cambiarse por el n\u00famero 7.<\/p>\n\n\n\n<p>Tras su salida al&nbsp;<em><a href=\"https:\/\/acefootball.com\/1-bundesliga\/bayern-munich\/\">Bayern de M\u00fanich<\/a><\/em>&nbsp;cedido, Antoine Griezmann recibi\u00f3 la camiseta n\u00famero 7 en ausencia del brasile\u00f1o.<\/p>\n\n\n\n<p>Con Coutinho ahora de regreso en el club, volver\u00e1 a su primer n\u00famero de camiseta justo despu\u00e9s de unirse al club.<\/p>\n\n\n\n<p>Barcelona anunci\u00f3 la decisi\u00f3n a trav\u00e9s de un&nbsp;<em><a href=\"https:\/\/www.fcbarcelona.com\/en\/football\/first-team\/news\/1838975\/coutinho-reclaims-number-14-shirt\" target=\"_blank\" rel=\"noreferrer noopener\">comunicado<\/a><\/em>&nbsp;el viernes.<\/p>\n\n\n\n<p>\u00abEl centrocampista brasile\u00f1o Philippe Coutinho tiene su dorsal para la temporada 2020\/21.\u00bb<\/p>\n\n\n\n<figure class=\"wp-block-embed-twitter wp-block-embed is-type-rich is-provider-twitter\"><div class=\"wp-block-embed__wrapper\">\n<blockquote class=\"twitter-tweet\" data-width=\"550\" data-dnt=\"true\"><p lang=\"und\" dir=\"ltr\">\ud83c\udfa9\u2728 <a href=\"https:\/\/twitter.com\/Phil_Coutinho?ref_src=twsrc%5Etfw\">@Phil_Coutinho<\/a> 1\u20e34\u20e3 <a href=\"https:\/\/t.co\/Te3fL1kDZG\">pic.twitter.com\/Te3fL1kDZG<\/a><\/p>&mdash; FC Barcelona (@FCBarcelona) <a href=\"https:\/\/twitter.com\/FCBarcelona\/status\/1309440993008259073?ref_src=twsrc%5Etfw\">September 25, 2020<\/a><\/blockquote><script async src=\"https:\/\/platform.twitter.com\/widgets.js\" charset=\"utf-8\"><\/script>\n<\/div><\/figure>\n\n\n\n<p>\u00abTras regresar de una cesi\u00f3n en el Bayern de M\u00fanich, el internacional carioca lucir\u00e1 esta temporada la camiseta n\u00famero 14 con el nuevo t\u00e9cnico Ronald Koeman, el mismo dorsal que luci\u00f3 durante los primeros meses de su carrera azulgrana tras su llegada al Club en Enero de 2018.\u00bb<\/p>\n\n\n\n<p>\u00abEl n\u00famero tiene una larga trayectoria en el Club y est\u00e1 asociado con la figura hist\u00f3rica de Johan Cruyff, as\u00ed como con personajes como Thierry Henry y Javier Mascherano.\u00bb<\/p>\n\n\n\n<p>Coutinho ya visti\u00f3 la camiseta n\u00famero 14 del Bar\u00e7a en la pretemporada e incluso gan\u00f3 un premio de hombre del partido en su victoria por 1-0 sobre el Elche en el partido del Trofeo Gamper.<\/p>\n\n\n\n<p>El brasile\u00f1o tiene un nuevo deseo de actuar con Ronald Koeman y quiz\u00e1s un cambio de camiseta tambi\u00e9n podr\u00eda traerle algo de suerte.<\/p>\n","protected":false},"excerpt":{"rendered":"<p>Tras su regreso de la cesi\u00f3n en el Bayern de M\u00fanich, el Barcelona ha anunciado que Philippe Coutinho recuperar\u00e1 su camiseta inicial con el n\u00famero 14.<\/p>\n","protected":false},"author":868,"featured_media":9454,"comment_status":"closed","ping_status":"closed","sticky":false,"template":"","format":"standard","meta":{"om_disable_all_campaigns":false,"push_articles_ronaldo":{"active":false,"canonical":0,"publish":false},"force_updates":null},"categories":[1],"tags":[299,298],"enet_tags":{"team":["8634"],"player":["184536"],"sport_events":[]},"yoast_head":"<!-- This site is optimized with the Yoast SEO plugin v18.3 - https:\/\/yoast.com\/wordpress\/plugins\/seo\/ -->\n<title>Philippe Coutinho recupera la camiseta n\u00famero 14 en el Barcelona<\/title>\n<meta name=\"description\" content=\"Tras su regreso de la cesi\u00f3n en el Bayern de M\u00fanich, el Barcelona ha anunciado que Philippe Coutinho recuperar\u00e1 su camiseta inicial con el n\u00famero 14.\" \/>\n<meta name=\"robots\" content=\"index, follow, max-snippet:-1, max-image-preview:large, max-video-preview:-1\" \/>\n<link rel=\"canonical\" href=\"https:\/\/acefootball.com\/es\/noticias-de-futbol\/philippe-coutinho-recupera-la-camiseta-numero-14-en-el-barcelona\/\" \/>\n<meta property=\"og:locale\" content=\"es_ES\" \/>\n<meta property=\"og:type\" content=\"article\" \/>\n<meta property=\"og:title\" content=\"Philippe Coutinho recupera la camiseta n\u00famero 14 en el Barcelona\" \/>\n<meta property=\"og:description\" content=\"Tras su regreso de la cesi\u00f3n en el Bayern de M\u00fanich, el Barcelona ha anunciado que Philippe Coutinho recuperar\u00e1 su camiseta inicial con el n\u00famero 14.\" \/>\n<meta property=\"og:url\" content=\"https:\/\/acefootball.com\/es\/noticias-de-futbol\/philippe-coutinho-recupera-la-camiseta-numero-14-en-el-barcelona\/\" \/>\n<meta property=\"og:site_name\" content=\"Ace Football Espa\u00f1ol\" \/>\n<meta property=\"article:published_time\" content=\"2020-09-25T12:52:15+00:00\" \/>\n<meta property=\"article:modified_time\" content=\"2020-09-25T12:52:16+00:00\" \/>\n<meta property=\"og:image\" content=\"https:\/\/acefootball.com\/es\/wp-content\/uploads\/sites\/3\/2020\/09\/GettyImages-1093665066.jpg\" \/>\n\t<meta property=\"og:image:width\" content=\"1024\" \/>\n\t<meta property=\"og:image:height\" content=\"683\" \/>\n\t<meta property=\"og:image:type\" content=\"image\/jpeg\" \/>\n<meta name=\"twitter:card\" content=\"summary_large_image\" \/>\n<meta name=\"twitter:label1\" content=\"Escrito por\" \/>\n\t<meta name=\"twitter:data1\" content=\"\" \/>\n\t<meta name=\"twitter:label2\" content=\"Tiempo de lectura\" \/>\n\t<meta name=\"twitter:data2\" content=\"2 minutos\" \/>\n<script type=\"application\/ld+json\" class=\"yoast-schema-graph\">{\"@context\":\"https:\/\/schema.org\",\"@graph\":[{\"@type\":\"WebSite\",\"@id\":\"https:\/\/acefootball.com\/es\/#website\",\"url\":\"https:\/\/acefootball.com\/es\/\",\"name\":\"Ace Football Espa\u00f1ol\",\"description\":\"News, Betting and Livescore\",\"potentialAction\":[{\"@type\":\"SearchAction\",\"target\":{\"@type\":\"EntryPoint\",\"urlTemplate\":\"https:\/\/acefootball.com\/es\/?s={search_term_string}\"},\"query-input\":\"required name=search_term_string\"}],\"inLanguage\":\"es\"},{\"@type\":\"ImageObject\",\"@id\":\"https:\/\/acefootball.com\/es\/noticias-de-futbol\/philippe-coutinho-recupera-la-camiseta-numero-14-en-el-barcelona\/#primaryimage\",\"inLanguage\":\"es\",\"url\":\"https:\/\/acefootball.com\/es\/wp-content\/uploads\/sites\/3\/2020\/09\/GettyImages-1093665066.jpg\",\"contentUrl\":\"https:\/\/acefootball.com\/es\/wp-content\/uploads\/sites\/3\/2020\/09\/GettyImages-1093665066.jpg\",\"width\":1024,\"height\":683,\"caption\":\"BARCELONA, SPAIN - JANUARY 13: Philippe Coutinho of FC Barcelona reacts during the La Liga match between FC Barcelona and SD Eibar at Camp Nou on January 13, 2019 in Barcelona, Spain. (Photo by David Ramos\/Getty Images)\"},{\"@type\":\"WebPage\",\"@id\":\"https:\/\/acefootball.com\/es\/noticias-de-futbol\/philippe-coutinho-recupera-la-camiseta-numero-14-en-el-barcelona\/#webpage\",\"url\":\"https:\/\/acefootball.com\/es\/noticias-de-futbol\/philippe-coutinho-recupera-la-camiseta-numero-14-en-el-barcelona\/\",\"name\":\"Philippe Coutinho recupera la camiseta n\u00famero 14 en el Barcelona\",\"isPartOf\":{\"@id\":\"https:\/\/acefootball.com\/es\/#website\"},\"primaryImageOfPage\":{\"@id\":\"https:\/\/acefootball.com\/es\/noticias-de-futbol\/philippe-coutinho-recupera-la-camiseta-numero-14-en-el-barcelona\/#primaryimage\"},\"datePublished\":\"2020-09-25T12:52:15+00:00\",\"dateModified\":\"2020-09-25T12:52:16+00:00\",\"author\":{\"@id\":\"\"},\"description\":\"Tras su regreso de la cesi\u00f3n en el Bayern de M\u00fanich, el Barcelona ha anunciado que Philippe Coutinho recuperar\u00e1 su camiseta inicial con el n\u00famero 14.\",\"breadcrumb\":{\"@id\":\"https:\/\/acefootball.com\/es\/noticias-de-futbol\/philippe-coutinho-recupera-la-camiseta-numero-14-en-el-barcelona\/#breadcrumb\"},\"inLanguage\":\"es\",\"potentialAction\":[{\"@type\":\"ReadAction\",\"target\":[\"https:\/\/acefootball.com\/es\/noticias-de-futbol\/philippe-coutinho-recupera-la-camiseta-numero-14-en-el-barcelona\/\"]}]},{\"@type\":\"BreadcrumbList\",\"@id\":\"https:\/\/acefootball.com\/es\/noticias-de-futbol\/philippe-coutinho-recupera-la-camiseta-numero-14-en-el-barcelona\/#breadcrumb\",\"itemListElement\":[{\"@type\":\"ListItem\",\"position\":1,\"name\":\"Home\",\"item\":\"https:\/\/acefootball.com\/es\/\"},{\"@type\":\"ListItem\",\"position\":2,\"name\":\"Philippe Coutinho recupera la camiseta n\u00famero 14 en el Barcelona\"}]},{\"@type\":\"Person\",\"@id\":\"\",\"url\":\"https:\/\/acefootball.com\/es\/noticias-de-futbol\/author\/\"}]}<\/script>\n<!-- \/ Yoast SEO plugin. -->","yoast_head_json":{"title":"Philippe Coutinho recupera la camiseta n\u00famero 14 en el Barcelona","description":"Tras su regreso de la cesi\u00f3n en el Bayern de M\u00fanich, el Barcelona ha anunciado que Philippe Coutinho recuperar\u00e1 su camiseta inicial con el n\u00famero 14.","robots":{"index":"index","follow":"follow","max-snippet":"max-snippet:-1","max-image-preview":"max-image-preview:large","max-video-preview":"max-video-preview:-1"},"canonical":"https:\/\/acefootball.com\/es\/noticias-de-futbol\/philippe-coutinho-recupera-la-camiseta-numero-14-en-el-barcelona\/","og_locale":"es_ES","og_type":"article","og_title":"Philippe Coutinho recupera la camiseta n\u00famero 14 en el Barcelona","og_description":"Tras su regreso de la cesi\u00f3n en el Bayern de M\u00fanich, el Barcelona ha anunciado que Philippe Coutinho recuperar\u00e1 su camiseta inicial con el n\u00famero 14.","og_url":"https:\/\/acefootball.com\/es\/noticias-de-futbol\/philippe-coutinho-recupera-la-camiseta-numero-14-en-el-barcelona\/","og_site_name":"Ace Football Espa\u00f1ol","article_published_time":"2020-09-25T12:52:15+00:00","article_modified_time":"2020-09-25T12:52:16+00:00","og_image":[{"width":1024,"height":683,"url":"https:\/\/acefootball.com\/es\/wp-content\/uploads\/sites\/3\/2020\/09\/GettyImages-1093665066.jpg","type":"image\/jpeg"}],"twitter_card":"summary_large_image","twitter_misc":{"Escrito por":"","Tiempo de lectura":"2 minutos"},"schema":{"@context":"https:\/\/schema.org","@graph":[{"@type":"WebSite","@id":"https:\/\/acefootball.com\/es\/#website","url":"https:\/\/acefootball.com\/es\/","name":"Ace Football Espa\u00f1ol","description":"News, Betting and Livescore","potentialAction":[{"@type":"SearchAction","target":{"@type":"EntryPoint","urlTemplate":"https:\/\/acefootball.com\/es\/?s={search_term_string}"},"query-input":"required name=search_term_string"}],"inLanguage":"es"},{"@type":"ImageObject","@id":"https:\/\/acefootball.com\/es\/noticias-de-futbol\/philippe-coutinho-recupera-la-camiseta-numero-14-en-el-barcelona\/#primaryimage","inLanguage":"es","url":"https:\/\/acefootball.com\/es\/wp-content\/uploads\/sites\/3\/2020\/09\/GettyImages-1093665066.jpg","contentUrl":"https:\/\/acefootball.com\/es\/wp-content\/uploads\/sites\/3\/2020\/09\/GettyImages-1093665066.jpg","width":1024,"height":683,"caption":"BARCELONA, SPAIN - JANUARY 13: Philippe Coutinho of FC Barcelona reacts during the La Liga match between FC Barcelona and SD Eibar at Camp Nou on January 13, 2019 in Barcelona, Spain. (Photo by David Ramos\/Getty Images)"},{"@type":"WebPage","@id":"https:\/\/acefootball.com\/es\/noticias-de-futbol\/philippe-coutinho-recupera-la-camiseta-numero-14-en-el-barcelona\/#webpage","url":"https:\/\/acefootball.com\/es\/noticias-de-futbol\/philippe-coutinho-recupera-la-camiseta-numero-14-en-el-barcelona\/","name":"Philippe Coutinho recupera la camiseta n\u00famero 14 en el Barcelona","isPartOf":{"@id":"https:\/\/acefootball.com\/es\/#website"},"primaryImageOfPage":{"@id":"https:\/\/acefootball.com\/es\/noticias-de-futbol\/philippe-coutinho-recupera-la-camiseta-numero-14-en-el-barcelona\/#primaryimage"},"datePublished":"2020-09-25T12:52:15+00:00","dateModified":"2020-09-25T12:52:16+00:00","author":{"@id":""},"description":"Tras su regreso de la cesi\u00f3n en el Bayern de M\u00fanich, el Barcelona ha anunciado que Philippe Coutinho recuperar\u00e1 su camiseta inicial con el n\u00famero 14.","breadcrumb":{"@id":"https:\/\/acefootball.com\/es\/noticias-de-futbol\/philippe-coutinho-recupera-la-camiseta-numero-14-en-el-barcelona\/#breadcrumb"},"inLanguage":"es","potentialAction":[{"@type":"ReadAction","target":["https:\/\/acefootball.com\/es\/noticias-de-futbol\/philippe-coutinho-recupera-la-camiseta-numero-14-en-el-barcelona\/"]}]},{"@type":"BreadcrumbList","@id":"https:\/\/acefootball.com\/es\/noticias-de-futbol\/philippe-coutinho-recupera-la-camiseta-numero-14-en-el-barcelona\/#breadcrumb","itemListElement":[{"@type":"ListItem","position":1,"name":"Home","item":"https:\/\/acefootball.com\/es\/"},{"@type":"ListItem","position":2,"name":"Philippe Coutinho recupera la camiseta n\u00famero 14 en el Barcelona"}]},{"@type":"Person","@id":"","url":"https:\/\/acefootball.com\/es\/noticias-de-futbol\/author\/"}]}},"fimg_url":"https:\/\/acefootball.com\/es\/wp-content\/uploads\/sites\/3\/2020\/09\/GettyImages-1093665066.jpg","_links":{"self":[{"href":"https:\/\/acefootball.com\/es\/wp-json\/wp\/v2\/posts\/9453"}],"collection":[{"href":"https:\/\/acefootball.com\/es\/wp-json\/wp\/v2\/posts"}],"about":[{"href":"https:\/\/acefootball.com\/es\/wp-json\/wp\/v2\/types\/post"}],"author":[{"embeddable":true,"href":"https:\/\/acefootball.com\/es\/wp-json\/wp\/v2\/users\/868"}],"replies":[{"embeddable":true,"href":"https:\/\/acefootball.com\/es\/wp-json\/wp\/v2\/comments?post=9453"}],"version-history":[{"count":0,"href":"https:\/\/acefootball.com\/es\/wp-json\/wp\/v2\/posts\/9453\/revisions"}],"wp:featuredmedia":[{"embeddable":true,"href":"https:\/\/acefootball.com\/es\/wp-json\/wp\/v2\/media\/9454"}],"wp:attachment":[{"href":"https:\/\/acefootball.com\/es\/wp-json\/wp\/v2\/media?parent=9453"}],"wp:term":[{"taxonomy":"category","embeddable":true,"href":"https:\/\/acefootball.com\/es\/wp-json\/wp\/v2\/categories?post=9453"},{"taxonomy":"post_tag","embeddable":true,"href":"https:\/\/acefootball.com\/es\/wp-json\/wp\/v2\/tags?post=9453"}],"curies":[{"name":"wp","href":"https:\/\/api.w.org\/{rel}","templated":true}]}}