{"id":9371,"date":"2020-09-24T08:38:15","date_gmt":"2020-09-24T08:38:15","guid":{"rendered":"https:\/\/acefootball.com\/es\/?p=9371"},"modified":"2020-09-24T08:38:15","modified_gmt":"2020-09-24T08:38:15","slug":"me-esfuerzo-mucho-en-el-psg-di-maria-angustiado-por-el-desaire-de-argentina","status":"publish","type":"post","link":"https:\/\/acefootball.com\/es\/noticias-de-futbol\/me-esfuerzo-mucho-en-el-psg-di-maria-angustiado-por-el-desaire-de-argentina\/","title":{"rendered":"\u00ab\u00a1Me esfuerzo mucho en el PSG!\u00bb &#8211; Di Mar\u00eda angustiado por el desaire de Argentina"},"content":{"rendered":"\n<h2>\u00c1ngel Di Mar\u00eda ha expresado su descontento por no haber sido convocado para la selecci\u00f3n argentina a pesar de estar en buena forma.<\/h2>\n\n\n\n<p>El entrenador en jefe de Argentina, Lionel Scaloni, anunci\u00f3 a principios de esta semana su equipo de 30 hombres para las eliminatorias de la Copa del Mundo CONMEBOL del pr\u00f3ximo mes.<\/p>\n\n\n\n<p>La Albiceleste recibir\u00e1 a Ecuador en La Bombonera, Buenos Aires, el 8 de octubre antes de enfrentarse a Bolivia el 13 de octubre en La Paz.<\/p>\n\n\n\n<p>Un punto importante de la decisi\u00f3n de Scaloni fue la ausencia de la estrella del Paris Saint-Germain, Angel Di Maria, de su lista de convocados.<\/p>\n\n\n\n<figure class=\"wp-block-embed-twitter wp-block-embed is-type-rich is-provider-twitter\"><div class=\"wp-block-embed__wrapper\">\n<blockquote class=\"twitter-tweet\" data-width=\"550\" data-dnt=\"true\"><p lang=\"es\" dir=\"ltr\"><a href=\"https:\/\/twitter.com\/hashtag\/Selecci%C3%B3nMayor?src=hash&amp;ref_src=twsrc%5Etfw\">#Selecci\u00f3nMayor<\/a> Lista preliminar de futbolistas convocados del exterior para los pr\u00f3ximos encuentros de Eliminatorias ante Ecuador y Bolivia <a href=\"https:\/\/t.co\/flUoqCzliq\">pic.twitter.com\/flUoqCzliq<\/a><\/p>&mdash; Selecci\u00f3n Argentina \ud83c\udde6\ud83c\uddf7 (@Argentina) <a href=\"https:\/\/twitter.com\/Argentina\/status\/1306996523457277953?ref_src=twsrc%5Etfw\">September 18, 2020<\/a><\/blockquote><script async src=\"https:\/\/platform.twitter.com\/widgets.js\" charset=\"utf-8\"><\/script>\n<\/div><\/figure>\n\n\n\n<p>Di Mar\u00eda fue uno de los impulsores clave del \u00e9xito del cu\u00e1druple trofeo nacional del PSG la temporada pasada, con una estad\u00edstica impresionante de 12 goles y 23 asistencias en todas las competiciones.<\/p>\n\n\n\n<p>El extremo de 32 a\u00f1os tambi\u00e9n llev\u00f3 a su equipo a la final de la Liga de Campeones en 2019\/20 y solo perdi\u00f3 por poco ante el&nbsp;<em><a href=\"https:\/\/acefootball.com\/1-bundesliga\/bayern-munich\/\">Bayern de M\u00fanich<\/a><\/em>&nbsp;.<\/p>\n\n\n\n<p>\u00abNo encuentro una explicaci\u00f3n, no tengo palabras.\u00a0La selecci\u00f3n de Argentina es la m\u00e1s importante para m\u00ed,\u00bb dijo Di Mar\u00eda al programa de radio\u00a0<em><a href=\"https:\/\/radiocut.fm\/audiocut\/angel-di-maria-exclusivo-closs-continental\/\" target=\"_blank\" rel=\"noreferrer noopener\">Closs Continental<\/a><\/em>\u00a0en respuesta a no conseguir un lugar en su selecci\u00f3n.<\/p>\n\n\n\n<p>\u00abSi me esfuerzo en el PSG es para tener una oportunidad en la selecci\u00f3n y poder competir.\u00a0Es dif\u00edcil entender que estando en un buen momento no me llamen.\u00bb<\/p>\n\n\n\n<p>\u00abSi no me llaman es porque no quieren llamarme.\u00a0Seguir\u00e9 luchando por estar en la selecci\u00f3n de Argentina.\u00bb<\/p>\n","protected":false},"excerpt":{"rendered":"<p>\u00c1ngel Di Mar\u00eda ha expresado su descontento por no haber sido convocado para la selecci\u00f3n argentina a pesar de estar en buena forma.<\/p>\n","protected":false},"author":868,"featured_media":9372,"comment_status":"closed","ping_status":"closed","sticky":false,"template":"","format":"standard","meta":{"om_disable_all_campaigns":false,"push_articles_ronaldo":{"active":false,"canonical":0,"publish":false},"force_updates":null},"categories":[1],"tags":[362,364,80,1914],"enet_tags":{"player":["46509"],"team":["6706","9847"],"league":["53"],"sport_events":[]},"yoast_head":"<!-- This site is optimized with the Yoast SEO plugin v18.3 - https:\/\/yoast.com\/wordpress\/plugins\/seo\/ -->\n<title>&quot;\u00a1Me esfuerzo mucho en el PSG!&quot; - Di Mar\u00eda angustiado por el desaire de Argentina<\/title>\n<meta name=\"description\" content=\"\u00c1ngel Di Mar\u00eda ha expresado su descontento por no haber sido convocado para la selecci\u00f3n argentina a pesar de estar en buena forma.\" \/>\n<meta name=\"robots\" content=\"index, follow, max-snippet:-1, max-image-preview:large, max-video-preview:-1\" \/>\n<link rel=\"canonical\" href=\"https:\/\/acefootball.com\/es\/noticias-de-futbol\/me-esfuerzo-mucho-en-el-psg-di-maria-angustiado-por-el-desaire-de-argentina\/\" \/>\n<meta property=\"og:locale\" content=\"es_ES\" \/>\n<meta property=\"og:type\" content=\"article\" \/>\n<meta property=\"og:title\" content=\"&quot;\u00a1Me esfuerzo mucho en el PSG!&quot; - Di Mar\u00eda angustiado por el desaire de Argentina\" \/>\n<meta property=\"og:description\" content=\"\u00c1ngel Di Mar\u00eda ha expresado su descontento por no haber sido convocado para la selecci\u00f3n argentina a pesar de estar en buena forma.\" \/>\n<meta property=\"og:url\" content=\"https:\/\/acefootball.com\/es\/noticias-de-futbol\/me-esfuerzo-mucho-en-el-psg-di-maria-angustiado-por-el-desaire-de-argentina\/\" \/>\n<meta property=\"og:site_name\" content=\"Ace Football Espa\u00f1ol\" \/>\n<meta property=\"article:published_time\" content=\"2020-09-24T08:38:15+00:00\" \/>\n<meta property=\"og:image\" content=\"https:\/\/acefootball.com\/es\/wp-content\/uploads\/sites\/3\/2020\/09\/1268064362.jpg\" \/>\n\t<meta property=\"og:image:width\" content=\"1024\" \/>\n\t<meta property=\"og:image:height\" content=\"673\" \/>\n\t<meta property=\"og:image:type\" content=\"image\/jpeg\" \/>\n<meta name=\"twitter:card\" content=\"summary_large_image\" \/>\n<meta name=\"twitter:label1\" content=\"Escrito por\" \/>\n\t<meta name=\"twitter:data1\" content=\"\" \/>\n\t<meta name=\"twitter:label2\" content=\"Tiempo de lectura\" \/>\n\t<meta name=\"twitter:data2\" content=\"1 minuto\" \/>\n<script type=\"application\/ld+json\" class=\"yoast-schema-graph\">{\"@context\":\"https:\/\/schema.org\",\"@graph\":[{\"@type\":\"WebSite\",\"@id\":\"https:\/\/acefootball.com\/es\/#website\",\"url\":\"https:\/\/acefootball.com\/es\/\",\"name\":\"Ace Football Espa\u00f1ol\",\"description\":\"News, Betting and Livescore\",\"potentialAction\":[{\"@type\":\"SearchAction\",\"target\":{\"@type\":\"EntryPoint\",\"urlTemplate\":\"https:\/\/acefootball.com\/es\/?s={search_term_string}\"},\"query-input\":\"required name=search_term_string\"}],\"inLanguage\":\"es\"},{\"@type\":\"ImageObject\",\"@id\":\"https:\/\/acefootball.com\/es\/noticias-de-futbol\/me-esfuerzo-mucho-en-el-psg-di-maria-angustiado-por-el-desaire-de-argentina\/#primaryimage\",\"inLanguage\":\"es\",\"url\":\"https:\/\/acefootball.com\/es\/wp-content\/uploads\/sites\/3\/2020\/09\/1268064362.jpg\",\"contentUrl\":\"https:\/\/acefootball.com\/es\/wp-content\/uploads\/sites\/3\/2020\/09\/1268064362.jpg\",\"width\":1024,\"height\":673},{\"@type\":\"WebPage\",\"@id\":\"https:\/\/acefootball.com\/es\/noticias-de-futbol\/me-esfuerzo-mucho-en-el-psg-di-maria-angustiado-por-el-desaire-de-argentina\/#webpage\",\"url\":\"https:\/\/acefootball.com\/es\/noticias-de-futbol\/me-esfuerzo-mucho-en-el-psg-di-maria-angustiado-por-el-desaire-de-argentina\/\",\"name\":\"\\\"\u00a1Me esfuerzo mucho en el PSG!\\\" - Di Mar\u00eda angustiado por el desaire de Argentina\",\"isPartOf\":{\"@id\":\"https:\/\/acefootball.com\/es\/#website\"},\"primaryImageOfPage\":{\"@id\":\"https:\/\/acefootball.com\/es\/noticias-de-futbol\/me-esfuerzo-mucho-en-el-psg-di-maria-angustiado-por-el-desaire-de-argentina\/#primaryimage\"},\"datePublished\":\"2020-09-24T08:38:15+00:00\",\"dateModified\":\"2020-09-24T08:38:15+00:00\",\"author\":{\"@id\":\"\"},\"description\":\"\u00c1ngel Di Mar\u00eda ha expresado su descontento por no haber sido convocado para la selecci\u00f3n argentina a pesar de estar en buena forma.\",\"breadcrumb\":{\"@id\":\"https:\/\/acefootball.com\/es\/noticias-de-futbol\/me-esfuerzo-mucho-en-el-psg-di-maria-angustiado-por-el-desaire-de-argentina\/#breadcrumb\"},\"inLanguage\":\"es\",\"potentialAction\":[{\"@type\":\"ReadAction\",\"target\":[\"https:\/\/acefootball.com\/es\/noticias-de-futbol\/me-esfuerzo-mucho-en-el-psg-di-maria-angustiado-por-el-desaire-de-argentina\/\"]}]},{\"@type\":\"BreadcrumbList\",\"@id\":\"https:\/\/acefootball.com\/es\/noticias-de-futbol\/me-esfuerzo-mucho-en-el-psg-di-maria-angustiado-por-el-desaire-de-argentina\/#breadcrumb\",\"itemListElement\":[{\"@type\":\"ListItem\",\"position\":1,\"name\":\"Home\",\"item\":\"https:\/\/acefootball.com\/es\/\"},{\"@type\":\"ListItem\",\"position\":2,\"name\":\"\u00ab\u00a1Me esfuerzo mucho en el PSG!\u00bb &#8211; Di Mar\u00eda angustiado por el desaire de Argentina\"}]},{\"@type\":\"Person\",\"@id\":\"\",\"url\":\"https:\/\/acefootball.com\/es\/noticias-de-futbol\/author\/\"}]}<\/script>\n<!-- \/ Yoast SEO plugin. -->","yoast_head_json":{"title":"\"\u00a1Me esfuerzo mucho en el PSG!\" - Di Mar\u00eda angustiado por el desaire de Argentina","description":"\u00c1ngel Di Mar\u00eda ha expresado su descontento por no haber sido convocado para la selecci\u00f3n argentina a pesar de estar en buena forma.","robots":{"index":"index","follow":"follow","max-snippet":"max-snippet:-1","max-image-preview":"max-image-preview:large","max-video-preview":"max-video-preview:-1"},"canonical":"https:\/\/acefootball.com\/es\/noticias-de-futbol\/me-esfuerzo-mucho-en-el-psg-di-maria-angustiado-por-el-desaire-de-argentina\/","og_locale":"es_ES","og_type":"article","og_title":"\"\u00a1Me esfuerzo mucho en el PSG!\" - Di Mar\u00eda angustiado por el desaire de Argentina","og_description":"\u00c1ngel Di Mar\u00eda ha expresado su descontento por no haber sido convocado para la selecci\u00f3n argentina a pesar de estar en buena forma.","og_url":"https:\/\/acefootball.com\/es\/noticias-de-futbol\/me-esfuerzo-mucho-en-el-psg-di-maria-angustiado-por-el-desaire-de-argentina\/","og_site_name":"Ace Football Espa\u00f1ol","article_published_time":"2020-09-24T08:38:15+00:00","og_image":[{"width":1024,"height":673,"url":"https:\/\/acefootball.com\/es\/wp-content\/uploads\/sites\/3\/2020\/09\/1268064362.jpg","type":"image\/jpeg"}],"twitter_card":"summary_large_image","twitter_misc":{"Escrito por":"","Tiempo de lectura":"1 minuto"},"schema":{"@context":"https:\/\/schema.org","@graph":[{"@type":"WebSite","@id":"https:\/\/acefootball.com\/es\/#website","url":"https:\/\/acefootball.com\/es\/","name":"Ace Football Espa\u00f1ol","description":"News, Betting and Livescore","potentialAction":[{"@type":"SearchAction","target":{"@type":"EntryPoint","urlTemplate":"https:\/\/acefootball.com\/es\/?s={search_term_string}"},"query-input":"required name=search_term_string"}],"inLanguage":"es"},{"@type":"ImageObject","@id":"https:\/\/acefootball.com\/es\/noticias-de-futbol\/me-esfuerzo-mucho-en-el-psg-di-maria-angustiado-por-el-desaire-de-argentina\/#primaryimage","inLanguage":"es","url":"https:\/\/acefootball.com\/es\/wp-content\/uploads\/sites\/3\/2020\/09\/1268064362.jpg","contentUrl":"https:\/\/acefootball.com\/es\/wp-content\/uploads\/sites\/3\/2020\/09\/1268064362.jpg","width":1024,"height":673},{"@type":"WebPage","@id":"https:\/\/acefootball.com\/es\/noticias-de-futbol\/me-esfuerzo-mucho-en-el-psg-di-maria-angustiado-por-el-desaire-de-argentina\/#webpage","url":"https:\/\/acefootball.com\/es\/noticias-de-futbol\/me-esfuerzo-mucho-en-el-psg-di-maria-angustiado-por-el-desaire-de-argentina\/","name":"\"\u00a1Me esfuerzo mucho en el PSG!\" - Di Mar\u00eda angustiado por el desaire de Argentina","isPartOf":{"@id":"https:\/\/acefootball.com\/es\/#website"},"primaryImageOfPage":{"@id":"https:\/\/acefootball.com\/es\/noticias-de-futbol\/me-esfuerzo-mucho-en-el-psg-di-maria-angustiado-por-el-desaire-de-argentina\/#primaryimage"},"datePublished":"2020-09-24T08:38:15+00:00","dateModified":"2020-09-24T08:38:15+00:00","author":{"@id":""},"description":"\u00c1ngel Di Mar\u00eda ha expresado su descontento por no haber sido convocado para la selecci\u00f3n argentina a pesar de estar en buena forma.","breadcrumb":{"@id":"https:\/\/acefootball.com\/es\/noticias-de-futbol\/me-esfuerzo-mucho-en-el-psg-di-maria-angustiado-por-el-desaire-de-argentina\/#breadcrumb"},"inLanguage":"es","potentialAction":[{"@type":"ReadAction","target":["https:\/\/acefootball.com\/es\/noticias-de-futbol\/me-esfuerzo-mucho-en-el-psg-di-maria-angustiado-por-el-desaire-de-argentina\/"]}]},{"@type":"BreadcrumbList","@id":"https:\/\/acefootball.com\/es\/noticias-de-futbol\/me-esfuerzo-mucho-en-el-psg-di-maria-angustiado-por-el-desaire-de-argentina\/#breadcrumb","itemListElement":[{"@type":"ListItem","position":1,"name":"Home","item":"https:\/\/acefootball.com\/es\/"},{"@type":"ListItem","position":2,"name":"\u00ab\u00a1Me esfuerzo mucho en el PSG!\u00bb &#8211; Di Mar\u00eda angustiado por el desaire de Argentina"}]},{"@type":"Person","@id":"","url":"https:\/\/acefootball.com\/es\/noticias-de-futbol\/author\/"}]}},"fimg_url":"https:\/\/acefootball.com\/es\/wp-content\/uploads\/sites\/3\/2020\/09\/1268064362.jpg","_links":{"self":[{"href":"https:\/\/acefootball.com\/es\/wp-json\/wp\/v2\/posts\/9371"}],"collection":[{"href":"https:\/\/acefootball.com\/es\/wp-json\/wp\/v2\/posts"}],"about":[{"href":"https:\/\/acefootball.com\/es\/wp-json\/wp\/v2\/types\/post"}],"author":[{"embeddable":true,"href":"https:\/\/acefootball.com\/es\/wp-json\/wp\/v2\/users\/868"}],"replies":[{"embeddable":true,"href":"https:\/\/acefootball.com\/es\/wp-json\/wp\/v2\/comments?post=9371"}],"version-history":[{"count":0,"href":"https:\/\/acefootball.com\/es\/wp-json\/wp\/v2\/posts\/9371\/revisions"}],"wp:featuredmedia":[{"embeddable":true,"href":"https:\/\/acefootball.com\/es\/wp-json\/wp\/v2\/media\/9372"}],"wp:attachment":[{"href":"https:\/\/acefootball.com\/es\/wp-json\/wp\/v2\/media?parent=9371"}],"wp:term":[{"taxonomy":"category","embeddable":true,"href":"https:\/\/acefootball.com\/es\/wp-json\/wp\/v2\/categories?post=9371"},{"taxonomy":"post_tag","embeddable":true,"href":"https:\/\/acefootball.com\/es\/wp-json\/wp\/v2\/tags?post=9371"}],"curies":[{"name":"wp","href":"https:\/\/api.w.org\/{rel}","templated":true}]}}