{"id":9142,"date":"2020-09-18T08:40:33","date_gmt":"2020-09-18T08:40:33","guid":{"rendered":"https:\/\/acefootball.com\/es\/?p=9142"},"modified":"2020-09-18T08:40:34","modified_gmt":"2020-09-18T08:40:34","slug":"schwarzer-respalda-a-mendy-para-sustituir-a-kepa-como-no1-del-chelsea","status":"publish","type":"post","link":"https:\/\/acefootball.com\/es\/noticias-de-futbol\/schwarzer-respalda-a-mendy-para-sustituir-a-kepa-como-no1-del-chelsea\/","title":{"rendered":"Schwarzer respalda a Mendy para sustituir a Kepa como No1 del Chelsea"},"content":{"rendered":"\n<h2>Mark Schwarzer espera que Kepa Arrizabalaga pierda su puesto n\u00famero uno en el Chelsea si Edouard Mendy llega a la ventana de transferencia.<\/h2>\n\n\n\n<p>Kepa ha ca\u00eddo por debajo de las expectativas desde que se convirti\u00f3 en el portero m\u00e1s caro del mundo en 2018, cuando el Chelsea desembols\u00f3 la enorme cantidad de 80 millones de euros para ficharlo procedente del Athletic de Bilbao.<\/p>\n\n\n\n<p>Los errores y las luchas por la coherencia han perseguido al espa\u00f1ol, que mantuvo su porter\u00eda a cero en ocho ocasiones y concedi\u00f3 47 goles en la Premier League de la temporada pasada.\u00a0Por lo tanto, Frank Lampard lo dej\u00f3 para los partidos finales de la campa\u00f1a del club.<\/p>\n\n\n\n<p>Se esperaba ampliamente que el Chelsea contratara a un nuevo portero como parte de su renovaci\u00f3n de verano.\u00a0Y parece que finalmente consiguieron uno en Mendy, con informes que\u00a0\u00a0<a href=\"https:\/\/acefootball.com\/football-news\/rumor-chelsea-close-in-on-rennes-goalkeeper-edouard-mendy\/\"><em>afirman que un acuerdo est\u00e1 cerca de completarse para el portero de Rennes<\/em><\/a>\u00a0.<\/p>\n\n\n\n<div class=\"wp-block-si-widget wp-block-si-widget--center\"><si-lb-widget widget-id=\"PlayerH2HSeasonStatsENETSnap\" width=\"440\" data-card=\"true\" data-language=\"es\" data-provider=\"betfair\" data-player-id-startnumbersoneendnumbers=\"317564\" data-player-id-startnumberstwoendnumbers=\"773229\"><\/si-lb-widget><\/div>\n\n\n\n<p>Si esto fuera correcto, Schwarzer reconoce que el jugador de 28 a\u00f1os pronto desplazar\u00e1 a Kepa como el portero de primera elecci\u00f3n de Lampard.<\/p>\n\n\n\n<p>\u00abEs obvio que hay interrogantes sobre Kepa, creo que su tasa de balones atrapados la temporada pasada fue la peor en la Premier League,\u00bb dijo a\u00a0<a href=\"https:\/\/www.goal.com\/en\/news\/kepa-chelsea-mendy-no1-schwarzer\/r289l5gfojt914us0gggkpl1b\" target=\"_blank\" rel=\"noreferrer noopener\"><em>Goal<\/em><\/a>\u00a0el ex portero de los Blues\u00a0.<\/p>\n\n\n\n<p>\u00abClaramente no la ha pasado bien all\u00ed.\u00a0Creo que no ha sido enteramente obra suya; defensivamente, el Chelsea no ha estado en su mejor momento.\u00bb<\/p>\n\n\n\n<p>\u00abCreo que el paso al Chelsea ha sido astron\u00f3mico y agrego el hecho de que pagaron una tarifa r\u00e9cord mundial por \u00e9l, ha sido realmente dif\u00edcil.\u00a0Simplemente no siento que haya progresado tanto como esperaban, por lo tanto, creen que necesitan traer a otro portero para empujarlo realmente.\u00bb<\/p>\n\n\n\n<p>\u00abMe sorprender\u00eda que trajeran a Mendy y no esperaran demasiado antes de ponerlo como n\u00famero uno.\u00a0Podr\u00eda ser muy perjudicial [para Kepa] y \u00e9l podr\u00eda sentir que tiene pocas posibilidades de retenerlo.\u00bb<\/p>\n\n\n\n<p>Mendy se convertir\u00e1 en el s\u00e9ptimo nuevo fichaje del Chelsea en la ventana de transferencias de verano si completa un traslado al oeste de Londres.<\/p>\n\n\n\n<p>El franc\u00e9s no participar\u00e1 en el primer partido de la Premier League de esta noche contra el Brighton, lo que significa que est\u00e1 entre Kepa y Willy Caballero por el puesto de titular.<\/p>\n\n\n\n<blockquote class=\"wp-block-quote\"><p><a href=\"https:\/\/acefootball.com\/football-news\/brighton-vs-chelsea-preview-betting-prediction\/\">Brighton vs Chelsea &#8211; Avance y predicci\u00f3n de apuestas<\/a><\/p><\/blockquote>\n\n\n\n<p><\/p>\n","protected":false},"excerpt":{"rendered":"<p>Mark Schwarzer espera que Kepa Arrizabalaga pierda su puesto n\u00famero uno en el Chelsea si Edouard Mendy llega a la ventana de transferencia.<\/p>\n","protected":false},"author":868,"featured_media":9143,"comment_status":"closed","ping_status":"closed","sticky":false,"template":"","format":"standard","meta":{"om_disable_all_campaigns":false,"push_articles_ronaldo":{"active":false,"canonical":0,"publish":false},"force_updates":null},"categories":[75],"tags":[1365,8322,3899,77],"enet_tags":{"team":["8455"],"player":["317564"],"league":["47"],"sport_events":[]},"yoast_head":"<!-- This site is optimized with the Yoast SEO plugin v18.3 - https:\/\/yoast.com\/wordpress\/plugins\/seo\/ -->\n<title>Schwarzer respalda a Mendy para sustituir a Kepa como No1 del Chelsea<\/title>\n<meta name=\"description\" content=\"Mark Schwarzer espera que Kepa Arrizabalaga pierda su puesto n\u00famero uno en el Chelsea si Edouard Mendy llega a la ventana de transferencia.\" \/>\n<meta name=\"robots\" content=\"index, follow, max-snippet:-1, max-image-preview:large, max-video-preview:-1\" \/>\n<link rel=\"canonical\" href=\"https:\/\/acefootball.com\/es\/noticias-de-futbol\/schwarzer-respalda-a-mendy-para-sustituir-a-kepa-como-no1-del-chelsea\/\" \/>\n<meta property=\"og:locale\" content=\"es_ES\" \/>\n<meta property=\"og:type\" content=\"article\" \/>\n<meta property=\"og:title\" content=\"Schwarzer respalda a Mendy para sustituir a Kepa como No1 del Chelsea\" \/>\n<meta property=\"og:description\" content=\"Mark Schwarzer espera que Kepa Arrizabalaga pierda su puesto n\u00famero uno en el Chelsea si Edouard Mendy llega a la ventana de transferencia.\" \/>\n<meta property=\"og:url\" content=\"https:\/\/acefootball.com\/es\/noticias-de-futbol\/schwarzer-respalda-a-mendy-para-sustituir-a-kepa-como-no1-del-chelsea\/\" \/>\n<meta property=\"og:site_name\" content=\"Ace Football Espa\u00f1ol\" \/>\n<meta property=\"article:published_time\" content=\"2020-09-18T08:40:33+00:00\" \/>\n<meta property=\"article:modified_time\" content=\"2020-09-18T08:40:34+00:00\" \/>\n<meta property=\"og:image\" content=\"https:\/\/acefootball.com\/es\/wp-content\/uploads\/sites\/3\/2020\/09\/GettyImages-1253711226.jpg\" \/>\n\t<meta property=\"og:image:width\" content=\"1024\" \/>\n\t<meta property=\"og:image:height\" content=\"673\" \/>\n\t<meta property=\"og:image:type\" content=\"image\/jpeg\" \/>\n<meta name=\"twitter:card\" content=\"summary_large_image\" \/>\n<meta name=\"twitter:label1\" content=\"Escrito por\" \/>\n\t<meta name=\"twitter:data1\" content=\"\" \/>\n\t<meta name=\"twitter:label2\" content=\"Tiempo de lectura\" \/>\n\t<meta name=\"twitter:data2\" content=\"2 minutos\" \/>\n<script type=\"application\/ld+json\" class=\"yoast-schema-graph\">{\"@context\":\"https:\/\/schema.org\",\"@graph\":[{\"@type\":\"WebSite\",\"@id\":\"https:\/\/acefootball.com\/es\/#website\",\"url\":\"https:\/\/acefootball.com\/es\/\",\"name\":\"Ace Football Espa\u00f1ol\",\"description\":\"News, Betting and Livescore\",\"potentialAction\":[{\"@type\":\"SearchAction\",\"target\":{\"@type\":\"EntryPoint\",\"urlTemplate\":\"https:\/\/acefootball.com\/es\/?s={search_term_string}\"},\"query-input\":\"required name=search_term_string\"}],\"inLanguage\":\"es\"},{\"@type\":\"ImageObject\",\"@id\":\"https:\/\/acefootball.com\/es\/noticias-de-futbol\/schwarzer-respalda-a-mendy-para-sustituir-a-kepa-como-no1-del-chelsea\/#primaryimage\",\"inLanguage\":\"es\",\"url\":\"https:\/\/acefootball.com\/es\/wp-content\/uploads\/sites\/3\/2020\/09\/GettyImages-1253711226.jpg\",\"contentUrl\":\"https:\/\/acefootball.com\/es\/wp-content\/uploads\/sites\/3\/2020\/09\/GettyImages-1253711226.jpg\",\"width\":1024,\"height\":673},{\"@type\":\"WebPage\",\"@id\":\"https:\/\/acefootball.com\/es\/noticias-de-futbol\/schwarzer-respalda-a-mendy-para-sustituir-a-kepa-como-no1-del-chelsea\/#webpage\",\"url\":\"https:\/\/acefootball.com\/es\/noticias-de-futbol\/schwarzer-respalda-a-mendy-para-sustituir-a-kepa-como-no1-del-chelsea\/\",\"name\":\"Schwarzer respalda a Mendy para sustituir a Kepa como No1 del Chelsea\",\"isPartOf\":{\"@id\":\"https:\/\/acefootball.com\/es\/#website\"},\"primaryImageOfPage\":{\"@id\":\"https:\/\/acefootball.com\/es\/noticias-de-futbol\/schwarzer-respalda-a-mendy-para-sustituir-a-kepa-como-no1-del-chelsea\/#primaryimage\"},\"datePublished\":\"2020-09-18T08:40:33+00:00\",\"dateModified\":\"2020-09-18T08:40:34+00:00\",\"author\":{\"@id\":\"\"},\"description\":\"Mark Schwarzer espera que Kepa Arrizabalaga pierda su puesto n\u00famero uno en el Chelsea si Edouard Mendy llega a la ventana de transferencia.\",\"breadcrumb\":{\"@id\":\"https:\/\/acefootball.com\/es\/noticias-de-futbol\/schwarzer-respalda-a-mendy-para-sustituir-a-kepa-como-no1-del-chelsea\/#breadcrumb\"},\"inLanguage\":\"es\",\"potentialAction\":[{\"@type\":\"ReadAction\",\"target\":[\"https:\/\/acefootball.com\/es\/noticias-de-futbol\/schwarzer-respalda-a-mendy-para-sustituir-a-kepa-como-no1-del-chelsea\/\"]}]},{\"@type\":\"BreadcrumbList\",\"@id\":\"https:\/\/acefootball.com\/es\/noticias-de-futbol\/schwarzer-respalda-a-mendy-para-sustituir-a-kepa-como-no1-del-chelsea\/#breadcrumb\",\"itemListElement\":[{\"@type\":\"ListItem\",\"position\":1,\"name\":\"Home\",\"item\":\"https:\/\/acefootball.com\/es\/\"},{\"@type\":\"ListItem\",\"position\":2,\"name\":\"Schwarzer respalda a Mendy para sustituir a Kepa como No1 del Chelsea\"}]},{\"@type\":\"Person\",\"@id\":\"\",\"url\":\"https:\/\/acefootball.com\/es\/noticias-de-futbol\/author\/\"}]}<\/script>\n<!-- \/ Yoast SEO plugin. -->","yoast_head_json":{"title":"Schwarzer respalda a Mendy para sustituir a Kepa como No1 del Chelsea","description":"Mark Schwarzer espera que Kepa Arrizabalaga pierda su puesto n\u00famero uno en el Chelsea si Edouard Mendy llega a la ventana de transferencia.","robots":{"index":"index","follow":"follow","max-snippet":"max-snippet:-1","max-image-preview":"max-image-preview:large","max-video-preview":"max-video-preview:-1"},"canonical":"https:\/\/acefootball.com\/es\/noticias-de-futbol\/schwarzer-respalda-a-mendy-para-sustituir-a-kepa-como-no1-del-chelsea\/","og_locale":"es_ES","og_type":"article","og_title":"Schwarzer respalda a Mendy para sustituir a Kepa como No1 del Chelsea","og_description":"Mark Schwarzer espera que Kepa Arrizabalaga pierda su puesto n\u00famero uno en el Chelsea si Edouard Mendy llega a la ventana de transferencia.","og_url":"https:\/\/acefootball.com\/es\/noticias-de-futbol\/schwarzer-respalda-a-mendy-para-sustituir-a-kepa-como-no1-del-chelsea\/","og_site_name":"Ace Football Espa\u00f1ol","article_published_time":"2020-09-18T08:40:33+00:00","article_modified_time":"2020-09-18T08:40:34+00:00","og_image":[{"width":1024,"height":673,"url":"https:\/\/acefootball.com\/es\/wp-content\/uploads\/sites\/3\/2020\/09\/GettyImages-1253711226.jpg","type":"image\/jpeg"}],"twitter_card":"summary_large_image","twitter_misc":{"Escrito por":"","Tiempo de lectura":"2 minutos"},"schema":{"@context":"https:\/\/schema.org","@graph":[{"@type":"WebSite","@id":"https:\/\/acefootball.com\/es\/#website","url":"https:\/\/acefootball.com\/es\/","name":"Ace Football Espa\u00f1ol","description":"News, Betting and Livescore","potentialAction":[{"@type":"SearchAction","target":{"@type":"EntryPoint","urlTemplate":"https:\/\/acefootball.com\/es\/?s={search_term_string}"},"query-input":"required name=search_term_string"}],"inLanguage":"es"},{"@type":"ImageObject","@id":"https:\/\/acefootball.com\/es\/noticias-de-futbol\/schwarzer-respalda-a-mendy-para-sustituir-a-kepa-como-no1-del-chelsea\/#primaryimage","inLanguage":"es","url":"https:\/\/acefootball.com\/es\/wp-content\/uploads\/sites\/3\/2020\/09\/GettyImages-1253711226.jpg","contentUrl":"https:\/\/acefootball.com\/es\/wp-content\/uploads\/sites\/3\/2020\/09\/GettyImages-1253711226.jpg","width":1024,"height":673},{"@type":"WebPage","@id":"https:\/\/acefootball.com\/es\/noticias-de-futbol\/schwarzer-respalda-a-mendy-para-sustituir-a-kepa-como-no1-del-chelsea\/#webpage","url":"https:\/\/acefootball.com\/es\/noticias-de-futbol\/schwarzer-respalda-a-mendy-para-sustituir-a-kepa-como-no1-del-chelsea\/","name":"Schwarzer respalda a Mendy para sustituir a Kepa como No1 del Chelsea","isPartOf":{"@id":"https:\/\/acefootball.com\/es\/#website"},"primaryImageOfPage":{"@id":"https:\/\/acefootball.com\/es\/noticias-de-futbol\/schwarzer-respalda-a-mendy-para-sustituir-a-kepa-como-no1-del-chelsea\/#primaryimage"},"datePublished":"2020-09-18T08:40:33+00:00","dateModified":"2020-09-18T08:40:34+00:00","author":{"@id":""},"description":"Mark Schwarzer espera que Kepa Arrizabalaga pierda su puesto n\u00famero uno en el Chelsea si Edouard Mendy llega a la ventana de transferencia.","breadcrumb":{"@id":"https:\/\/acefootball.com\/es\/noticias-de-futbol\/schwarzer-respalda-a-mendy-para-sustituir-a-kepa-como-no1-del-chelsea\/#breadcrumb"},"inLanguage":"es","potentialAction":[{"@type":"ReadAction","target":["https:\/\/acefootball.com\/es\/noticias-de-futbol\/schwarzer-respalda-a-mendy-para-sustituir-a-kepa-como-no1-del-chelsea\/"]}]},{"@type":"BreadcrumbList","@id":"https:\/\/acefootball.com\/es\/noticias-de-futbol\/schwarzer-respalda-a-mendy-para-sustituir-a-kepa-como-no1-del-chelsea\/#breadcrumb","itemListElement":[{"@type":"ListItem","position":1,"name":"Home","item":"https:\/\/acefootball.com\/es\/"},{"@type":"ListItem","position":2,"name":"Schwarzer respalda a Mendy para sustituir a Kepa como No1 del Chelsea"}]},{"@type":"Person","@id":"","url":"https:\/\/acefootball.com\/es\/noticias-de-futbol\/author\/"}]}},"fimg_url":"https:\/\/acefootball.com\/es\/wp-content\/uploads\/sites\/3\/2020\/09\/GettyImages-1253711226.jpg","_links":{"self":[{"href":"https:\/\/acefootball.com\/es\/wp-json\/wp\/v2\/posts\/9142"}],"collection":[{"href":"https:\/\/acefootball.com\/es\/wp-json\/wp\/v2\/posts"}],"about":[{"href":"https:\/\/acefootball.com\/es\/wp-json\/wp\/v2\/types\/post"}],"author":[{"embeddable":true,"href":"https:\/\/acefootball.com\/es\/wp-json\/wp\/v2\/users\/868"}],"replies":[{"embeddable":true,"href":"https:\/\/acefootball.com\/es\/wp-json\/wp\/v2\/comments?post=9142"}],"version-history":[{"count":0,"href":"https:\/\/acefootball.com\/es\/wp-json\/wp\/v2\/posts\/9142\/revisions"}],"wp:featuredmedia":[{"embeddable":true,"href":"https:\/\/acefootball.com\/es\/wp-json\/wp\/v2\/media\/9143"}],"wp:attachment":[{"href":"https:\/\/acefootball.com\/es\/wp-json\/wp\/v2\/media?parent=9142"}],"wp:term":[{"taxonomy":"category","embeddable":true,"href":"https:\/\/acefootball.com\/es\/wp-json\/wp\/v2\/categories?post=9142"},{"taxonomy":"post_tag","embeddable":true,"href":"https:\/\/acefootball.com\/es\/wp-json\/wp\/v2\/tags?post=9142"}],"curies":[{"name":"wp","href":"https:\/\/api.w.org\/{rel}","templated":true}]}}