{"id":8810,"date":"2020-09-10T20:00:08","date_gmt":"2020-09-10T20:00:08","guid":{"rendered":"https:\/\/acefootball.com\/es\/?p=8810"},"modified":"2020-09-10T21:25:07","modified_gmt":"2020-09-10T21:25:07","slug":"kompany-admite-que-kevin-de-bruyne-no-lo-impresiono-al-principio","status":"publish","type":"post","link":"https:\/\/acefootball.com\/es\/noticias-de-futbol\/kompany-admite-que-kevin-de-bruyne-no-lo-impresiono-al-principio\/","title":{"rendered":"Kompany admite que Kevin De Bruyne no lo impresion\u00f3 al principio"},"content":{"rendered":"\n<h2>Vincent Kompany admiti\u00f3 que no estaba impresionado por el juego de Kevin De Bruyne cuando reci\u00e9n se conocieron en la selecci\u00f3n.<\/h2>\n\n\n\n<p>Ampliamente considerado como el mejor mediocampista del mundo en estos momentos, Kevin De Bruyne ha sido el coraz\u00f3n latente del Manchester City de Guardiola durante los \u00faltimos a\u00f1os.&nbsp;<\/p>\n\n\n\n<p>Apenas en la temporada anterior, el mediocampista logr\u00f3 anotar 16 goles y repartir 23 asistencias en todos los torneos. Fue sin duda una temporada impresionante que llev\u00f3 Kevin a ser considerado como el <em><a href=\"https:\/\/acefootball.com\/es\/noticias-de-futbol\/de-bruyne-senala-los-defectos-del-city-la-temporada-pasada\/\" target=\"_blank\" rel=\"noreferrer noopener\">mejor futbolista del mundo en su posici\u00f3n.&nbsp;<\/a><\/em><\/p>\n\n\n\n<p>A pesar de no haber ganado la Premier League y perderla contra el Liverpool, De Bruyne fue premiado como el Jugador del A\u00f1o de la PFA. Sus impresionantes actuaciones con el City s\u00f3lo confirmaron que los Sky Blues invirtieron muy bien esos \u20ac63 millones con el Wolfsburgo.&nbsp;<\/p>\n\n\n\n<div class=\"wp-block-si-widget wp-block-si-widget--center\"><si-lb-widget widget-id=\"PlayerSeasonProfile\" width=\"440\" data-card=\"true\" data-language=\"es\" data-provider=\"betfair\" data-player-id=\"169200\" data-theme-appearance=\"dark\"><\/si-lb-widget><\/div>\n\n\n\n<p>Contrario a esta buena fama, Vincent Kompany asegura que su compatriota no lo impresion\u00f3 demasiado cuando reci\u00e9n se conocieron.&nbsp;<\/p>\n\n\n\n<p>\u201c\u00c9l lleg\u00f3 al equipo nacional cuando era muy joven, en aquel momento no me dej\u00f3 una gran impresi\u00f3n,\u201d dijo Kompany v\u00eda <em><a href=\"https:\/\/www.mirror.co.uk\/sport\/football\/news\/kompany-man-city-de-bruyne-22662557\" target=\"_blank\" rel=\"noreferrer noopener\">Daily Mirror.<\/a><\/em>&nbsp;<\/p>\n\n\n\n<p>\u201cYo s\u00f3lo lo ve\u00eda quejarse mucho. Intentaba varias cosas que no le sal\u00edan cuando reci\u00e9n lleg\u00f3, yo pens\u00e9 que era una pena porque necesit\u00e1bamos talento dentro del equipo en aquel entonces.&nbsp;<\/p>\n\n\n\n<p>\u201cConforme fue pasando el tiempo se dieron las cosas, de repente ya era el mejor jugador que ten\u00edamos sin darnos cuenta. Siempre lo supe. Tiene un gran instinto, tal vez eso fue lo que no supe reconocer cuando lo conoc\u00ed a los 18 a\u00f1os.&nbsp;<\/p>\n\n\n\n<figure class=\"wp-block-embed-twitter wp-block-embed is-type-rich is-provider-twitter\"><div class=\"wp-block-embed__wrapper\">\n<blockquote class=\"twitter-tweet\" data-width=\"550\" data-dnt=\"true\"><p lang=\"en\" dir=\"ltr\">The PFA Players\u2019 Player of the Year 2020: Kevin De Bruyne, Manchester City!<br> <a href=\"https:\/\/twitter.com\/DeBruyneKev?ref_src=twsrc%5Etfw\">@debruynekev<\/a> <a href=\"https:\/\/twitter.com\/ManCity?ref_src=twsrc%5Etfw\">@mancity<\/a> <a href=\"https:\/\/twitter.com\/hashtag\/mancity?src=hash&amp;ref_src=twsrc%5Etfw\">#mancity<\/a> <a href=\"https:\/\/twitter.com\/hashtag\/POTY?src=hash&amp;ref_src=twsrc%5Etfw\">#POTY<\/a> <a href=\"https:\/\/twitter.com\/hashtag\/PFAawards?src=hash&amp;ref_src=twsrc%5Etfw\">#PFAawards<\/a> <a href=\"https:\/\/t.co\/HvrK5KUmor\">pic.twitter.com\/HvrK5KUmor<\/a><\/p>&mdash; Professional Footballers&#39; Association (@PFA) <a href=\"https:\/\/twitter.com\/PFA\/status\/1303399704474955776?ref_src=twsrc%5Etfw\">September 8, 2020<\/a><\/blockquote><script async src=\"https:\/\/platform.twitter.com\/widgets.js\" charset=\"utf-8\"><\/script>\n<\/div><\/figure>\n\n\n\n<p>\u201cEs por ese instinto y despu\u00e9s por no jugar bien en partidos que me preguntaba si merec\u00eda estar con nosotros. Pero despu\u00e9s me di cuenta de su verdadera fuerza. Tiene instinto en todo lo que hace, tiene tambi\u00e9n una fachada de chico malo y no le importa ponerse rudo de vez en cuando.&nbsp;<\/p>\n\n\n\n<p>\u201cPara sacar lo mejor de Kevin, necesitas jugar de cierta manera. Nunca sacas lo mejor de \u00e9l si no juegas ofensivo. Y me refiero ofensivo en todos los sentidos, presionando, con posesi\u00f3n del bal\u00f3n y defendiendo fuerte. La realidad es que \u00e9l y Pep estaban destinados a conocerse. No creo que habr\u00edamos visto su mejor versi\u00f3n sin Pep Guardiola\u201d.&nbsp;<\/p>\n\n\n\n<figure class=\"wp-block-embed-wordpress wp-block-embed is-type-wp-embed is-provider-ace-football-espanol\"><div class=\"wp-block-embed__wrapper\">\n<blockquote class=\"wp-embedded-content\" data-secret=\"qI9dG4QPcC\"><a href=\"https:\/\/acefootball.com\/es\/noticias-de-futbol\/de-bruyne-senala-los-defectos-del-city-la-temporada-pasada\/\">De Bruyne se\u00f1ala los defectos del City la temporada pasada<\/a><\/blockquote><iframe class=\"wp-embedded-content\" sandbox=\"allow-scripts\" security=\"restricted\" style=\"position: absolute; clip: rect(1px, 1px, 1px, 1px);\" title=\"\u00abDe Bruyne se\u00f1ala los defectos del City la temporada pasada\u00bb \u2014 Ace Football Espa\u00f1ol\" src=\"https:\/\/acefootball.com\/es\/noticias-de-futbol\/de-bruyne-senala-los-defectos-del-city-la-temporada-pasada\/embed\/#?secret=qI9dG4QPcC\" data-secret=\"qI9dG4QPcC\" width=\"600\" height=\"338\" frameborder=\"0\" marginwidth=\"0\" marginheight=\"0\" scrolling=\"no\"><\/iframe>\n<\/div><\/figure>\n","protected":false},"excerpt":{"rendered":"<p>Vincent Kompany admiti\u00f3 que no estaba impresionado por el juego de Kevin De Bruyne cuando reci\u00e9n se conocieron en la selecci\u00f3n.<\/p>\n","protected":false},"author":258,"featured_media":-101101228992,"comment_status":"closed","ping_status":"closed","sticky":false,"template":"","format":"standard","meta":{"om_disable_all_campaigns":false,"push_articles_ronaldo":{"active":false,"canonical":0,"publish":false},"force_updates":null},"categories":[73],"tags":[859,1980,888,4748],"enet_tags":{"team":["8263","8456"],"player":["169200","39027"],"sport_events":[]},"yoast_head":"<!-- This site is optimized with the Yoast SEO plugin v18.3 - https:\/\/yoast.com\/wordpress\/plugins\/seo\/ -->\n<title>Kompany admite que Kevin De Bruyne no lo impresion\u00f3 al principio<\/title>\n<meta name=\"description\" content=\"Vincent Kompany admiti\u00f3 que no estaba impresionado por el juego de Kevin De Bruyne cuando reci\u00e9n se conocieron en la selecci\u00f3n.\" \/>\n<meta name=\"robots\" content=\"index, follow, max-snippet:-1, max-image-preview:large, max-video-preview:-1\" \/>\n<link rel=\"canonical\" href=\"https:\/\/acefootball.com\/es\/noticias-de-futbol\/kompany-admite-que-kevin-de-bruyne-no-lo-impresiono-al-principio\/\" \/>\n<meta property=\"og:locale\" content=\"es_ES\" \/>\n<meta property=\"og:type\" content=\"article\" \/>\n<meta property=\"og:title\" content=\"Kompany admite que Kevin De Bruyne no lo impresion\u00f3 al principio\" \/>\n<meta property=\"og:description\" content=\"Vincent Kompany admiti\u00f3 que no estaba impresionado por el juego de Kevin De Bruyne cuando reci\u00e9n se conocieron en la selecci\u00f3n.\" \/>\n<meta property=\"og:url\" content=\"https:\/\/acefootball.com\/es\/noticias-de-futbol\/kompany-admite-que-kevin-de-bruyne-no-lo-impresiono-al-principio\/\" \/>\n<meta property=\"og:site_name\" content=\"Ace Football Espa\u00f1ol\" \/>\n<meta property=\"article:published_time\" content=\"2020-09-10T20:00:08+00:00\" \/>\n<meta property=\"article:modified_time\" content=\"2020-09-10T21:25:07+00:00\" \/>\n<meta property=\"og:image\" content=\"https:\/\/acefootball.com\/es\/wp-content\/uploads\/2020\/09\/GettyImages-1264553261.jpg\" \/>\n\t<meta property=\"og:image:width\" content=\"1024\" \/>\n\t<meta property=\"og:image:height\" content=\"725\" \/><meta property=\"og:image\" content=\"https:\/\/acefootball.com\/es\/wp-content\/uploads\/sites\/3\/2020\/09\/1264553261.jpg\" \/>\n\t<meta property=\"og:image:width\" content=\"1200\" \/>\n\t<meta property=\"og:image:height\" content=\"630\" \/>\n\t<meta property=\"og:image:type\" content=\"image\/jpeg\" \/>\n<meta name=\"twitter:card\" content=\"summary_large_image\" \/>\n<meta name=\"twitter:image\" content=\"https:\/\/acefootball.com\/es\/wp-content\/uploads\/2020\/09\/GettyImages-1264553261.jpg\" \/>\n<meta name=\"twitter:creator\" content=\"@IAmTomSpiegel\" \/>\n<meta name=\"twitter:label1\" content=\"Escrito por\" \/>\n\t<meta name=\"twitter:data1\" content=\"Pavel I. Meda\" \/>\n\t<meta name=\"twitter:label2\" content=\"Tiempo de lectura\" \/>\n\t<meta name=\"twitter:data2\" content=\"2 minutos\" \/>\n<script type=\"application\/ld+json\" class=\"yoast-schema-graph\">{\"@context\":\"https:\/\/schema.org\",\"@graph\":[{\"@type\":\"WebSite\",\"@id\":\"https:\/\/acefootball.com\/es\/#website\",\"url\":\"https:\/\/acefootball.com\/es\/\",\"name\":\"Ace Football Espa\u00f1ol\",\"description\":\"News, Betting and Livescore\",\"potentialAction\":[{\"@type\":\"SearchAction\",\"target\":{\"@type\":\"EntryPoint\",\"urlTemplate\":\"https:\/\/acefootball.com\/es\/?s={search_term_string}\"},\"query-input\":\"required name=search_term_string\"}],\"inLanguage\":\"es\"},{\"@type\":\"ImageObject\",\"@id\":\"https:\/\/acefootball.com\/es\/noticias-de-futbol\/kompany-admite-que-kevin-de-bruyne-no-lo-impresiono-al-principio\/#primaryimage\",\"inLanguage\":\"es\",\"url\":\"https:\/\/acefootball.com\/es\/wp-content\/uploads\/sites\/3\/2020\/09\/1264553261.jpg\",\"contentUrl\":\"https:\/\/acefootball.com\/es\/wp-content\/uploads\/sites\/3\/2020\/09\/1264553261.jpg\",\"width\":1200,\"height\":630},{\"@type\":\"WebPage\",\"@id\":\"https:\/\/acefootball.com\/es\/noticias-de-futbol\/kompany-admite-que-kevin-de-bruyne-no-lo-impresiono-al-principio\/#webpage\",\"url\":\"https:\/\/acefootball.com\/es\/noticias-de-futbol\/kompany-admite-que-kevin-de-bruyne-no-lo-impresiono-al-principio\/\",\"name\":\"Kompany admite que Kevin De Bruyne no lo impresion\u00f3 al principio\",\"isPartOf\":{\"@id\":\"https:\/\/acefootball.com\/es\/#website\"},\"primaryImageOfPage\":{\"@id\":\"https:\/\/acefootball.com\/es\/noticias-de-futbol\/kompany-admite-que-kevin-de-bruyne-no-lo-impresiono-al-principio\/#primaryimage\"},\"datePublished\":\"2020-09-10T20:00:08+00:00\",\"dateModified\":\"2020-09-10T21:25:07+00:00\",\"author\":{\"@id\":\"https:\/\/acefootball.com\/es\/#\/schema\/person\/c817b858136f968b8b984c68fcf4aa84\"},\"description\":\"Vincent Kompany admiti\u00f3 que no estaba impresionado por el juego de Kevin De Bruyne cuando reci\u00e9n se conocieron en la selecci\u00f3n.\",\"breadcrumb\":{\"@id\":\"https:\/\/acefootball.com\/es\/noticias-de-futbol\/kompany-admite-que-kevin-de-bruyne-no-lo-impresiono-al-principio\/#breadcrumb\"},\"inLanguage\":\"es\",\"potentialAction\":[{\"@type\":\"ReadAction\",\"target\":[\"https:\/\/acefootball.com\/es\/noticias-de-futbol\/kompany-admite-que-kevin-de-bruyne-no-lo-impresiono-al-principio\/\"]}]},{\"@type\":\"BreadcrumbList\",\"@id\":\"https:\/\/acefootball.com\/es\/noticias-de-futbol\/kompany-admite-que-kevin-de-bruyne-no-lo-impresiono-al-principio\/#breadcrumb\",\"itemListElement\":[{\"@type\":\"ListItem\",\"position\":1,\"name\":\"Home\",\"item\":\"https:\/\/acefootball.com\/es\/\"},{\"@type\":\"ListItem\",\"position\":2,\"name\":\"Kompany admite que Kevin De Bruyne no lo impresion\u00f3 al principio\"}]},{\"@type\":\"Person\",\"@id\":\"https:\/\/acefootball.com\/es\/#\/schema\/person\/c817b858136f968b8b984c68fcf4aa84\",\"name\":\"Pavel I. Meda\",\"image\":{\"@type\":\"ImageObject\",\"@id\":\"https:\/\/acefootball.com\/es\/#personlogo\",\"inLanguage\":\"es\",\"url\":\"https:\/\/secure.gravatar.com\/avatar\/5d2d4f16693b918e4e93034452d5ee4c?s=96&d=mm&r=g\",\"contentUrl\":\"https:\/\/secure.gravatar.com\/avatar\/5d2d4f16693b918e4e93034452d5ee4c?s=96&d=mm&r=g\",\"caption\":\"Pavel I. Meda\"},\"description\":\"Football writer and journalist with 10 years of previous experience who loves his job and always likes to appreciate this beautiful sport. I've worked for companies such as Goal.com and Underdog Global Sports in the past. I am also an avid film and pop culture fan who spends his free time consuming any interesting story that is worth telling.\",\"sameAs\":[\"https:\/\/www.instagram.com\/rampantintellectual\/\",\"https:\/\/www.linkedin.com\/in\/pavel-ibarra-meda\",\"https:\/\/twitter.com\/IAmTomSpiegel\"],\"url\":\"https:\/\/acefootball.com\/es\/noticias-de-futbol\/author\/tomasibarra\/\"}]}<\/script>\n<!-- \/ Yoast SEO plugin. -->","yoast_head_json":{"title":"Kompany admite que Kevin De Bruyne no lo impresion\u00f3 al principio","description":"Vincent Kompany admiti\u00f3 que no estaba impresionado por el juego de Kevin De Bruyne cuando reci\u00e9n se conocieron en la selecci\u00f3n.","robots":{"index":"index","follow":"follow","max-snippet":"max-snippet:-1","max-image-preview":"max-image-preview:large","max-video-preview":"max-video-preview:-1"},"canonical":"https:\/\/acefootball.com\/es\/noticias-de-futbol\/kompany-admite-que-kevin-de-bruyne-no-lo-impresiono-al-principio\/","og_locale":"es_ES","og_type":"article","og_title":"Kompany admite que Kevin De Bruyne no lo impresion\u00f3 al principio","og_description":"Vincent Kompany admiti\u00f3 que no estaba impresionado por el juego de Kevin De Bruyne cuando reci\u00e9n se conocieron en la selecci\u00f3n.","og_url":"https:\/\/acefootball.com\/es\/noticias-de-futbol\/kompany-admite-que-kevin-de-bruyne-no-lo-impresiono-al-principio\/","og_site_name":"Ace Football Espa\u00f1ol","article_published_time":"2020-09-10T20:00:08+00:00","article_modified_time":"2020-09-10T21:25:07+00:00","og_image":[{"url":"https:\/\/acefootball.com\/es\/wp-content\/uploads\/2020\/09\/GettyImages-1264553261.jpg","height":725,"width":1024},{"width":1200,"height":630,"url":"https:\/\/acefootball.com\/es\/wp-content\/uploads\/sites\/3\/2020\/09\/1264553261.jpg","type":"image\/jpeg"}],"twitter_card":"summary_large_image","twitter_image":"https:\/\/acefootball.com\/es\/wp-content\/uploads\/2020\/09\/GettyImages-1264553261.jpg","twitter_creator":"@IAmTomSpiegel","twitter_misc":{"Escrito por":"Pavel I. Meda","Tiempo de lectura":"2 minutos"},"schema":{"@context":"https:\/\/schema.org","@graph":[{"@type":"WebSite","@id":"https:\/\/acefootball.com\/es\/#website","url":"https:\/\/acefootball.com\/es\/","name":"Ace Football Espa\u00f1ol","description":"News, Betting and Livescore","potentialAction":[{"@type":"SearchAction","target":{"@type":"EntryPoint","urlTemplate":"https:\/\/acefootball.com\/es\/?s={search_term_string}"},"query-input":"required name=search_term_string"}],"inLanguage":"es"},{"@type":"ImageObject","@id":"https:\/\/acefootball.com\/es\/noticias-de-futbol\/kompany-admite-que-kevin-de-bruyne-no-lo-impresiono-al-principio\/#primaryimage","inLanguage":"es","url":"https:\/\/acefootball.com\/es\/wp-content\/uploads\/sites\/3\/2020\/09\/1264553261.jpg","contentUrl":"https:\/\/acefootball.com\/es\/wp-content\/uploads\/sites\/3\/2020\/09\/1264553261.jpg","width":1200,"height":630},{"@type":"WebPage","@id":"https:\/\/acefootball.com\/es\/noticias-de-futbol\/kompany-admite-que-kevin-de-bruyne-no-lo-impresiono-al-principio\/#webpage","url":"https:\/\/acefootball.com\/es\/noticias-de-futbol\/kompany-admite-que-kevin-de-bruyne-no-lo-impresiono-al-principio\/","name":"Kompany admite que Kevin De Bruyne no lo impresion\u00f3 al principio","isPartOf":{"@id":"https:\/\/acefootball.com\/es\/#website"},"primaryImageOfPage":{"@id":"https:\/\/acefootball.com\/es\/noticias-de-futbol\/kompany-admite-que-kevin-de-bruyne-no-lo-impresiono-al-principio\/#primaryimage"},"datePublished":"2020-09-10T20:00:08+00:00","dateModified":"2020-09-10T21:25:07+00:00","author":{"@id":"https:\/\/acefootball.com\/es\/#\/schema\/person\/c817b858136f968b8b984c68fcf4aa84"},"description":"Vincent Kompany admiti\u00f3 que no estaba impresionado por el juego de Kevin De Bruyne cuando reci\u00e9n se conocieron en la selecci\u00f3n.","breadcrumb":{"@id":"https:\/\/acefootball.com\/es\/noticias-de-futbol\/kompany-admite-que-kevin-de-bruyne-no-lo-impresiono-al-principio\/#breadcrumb"},"inLanguage":"es","potentialAction":[{"@type":"ReadAction","target":["https:\/\/acefootball.com\/es\/noticias-de-futbol\/kompany-admite-que-kevin-de-bruyne-no-lo-impresiono-al-principio\/"]}]},{"@type":"BreadcrumbList","@id":"https:\/\/acefootball.com\/es\/noticias-de-futbol\/kompany-admite-que-kevin-de-bruyne-no-lo-impresiono-al-principio\/#breadcrumb","itemListElement":[{"@type":"ListItem","position":1,"name":"Home","item":"https:\/\/acefootball.com\/es\/"},{"@type":"ListItem","position":2,"name":"Kompany admite que Kevin De Bruyne no lo impresion\u00f3 al principio"}]},{"@type":"Person","@id":"https:\/\/acefootball.com\/es\/#\/schema\/person\/c817b858136f968b8b984c68fcf4aa84","name":"Pavel I. Meda","image":{"@type":"ImageObject","@id":"https:\/\/acefootball.com\/es\/#personlogo","inLanguage":"es","url":"https:\/\/secure.gravatar.com\/avatar\/5d2d4f16693b918e4e93034452d5ee4c?s=96&d=mm&r=g","contentUrl":"https:\/\/secure.gravatar.com\/avatar\/5d2d4f16693b918e4e93034452d5ee4c?s=96&d=mm&r=g","caption":"Pavel I. Meda"},"description":"Football writer and journalist with 10 years of previous experience who loves his job and always likes to appreciate this beautiful sport. I've worked for companies such as Goal.com and Underdog Global Sports in the past. I am also an avid film and pop culture fan who spends his free time consuming any interesting story that is worth telling.","sameAs":["https:\/\/www.instagram.com\/rampantintellectual\/","https:\/\/www.linkedin.com\/in\/pavel-ibarra-meda","https:\/\/twitter.com\/IAmTomSpiegel"],"url":"https:\/\/acefootball.com\/es\/noticias-de-futbol\/author\/tomasibarra\/"}]}},"fimg_url":"https:\/\/acefootball.com\/es\/wp-content\/uploads\/2020\/09\/GettyImages-1264553261.jpg","_links":{"self":[{"href":"https:\/\/acefootball.com\/es\/wp-json\/wp\/v2\/posts\/8810"}],"collection":[{"href":"https:\/\/acefootball.com\/es\/wp-json\/wp\/v2\/posts"}],"about":[{"href":"https:\/\/acefootball.com\/es\/wp-json\/wp\/v2\/types\/post"}],"author":[{"embeddable":true,"href":"https:\/\/acefootball.com\/es\/wp-json\/wp\/v2\/users\/258"}],"replies":[{"embeddable":true,"href":"https:\/\/acefootball.com\/es\/wp-json\/wp\/v2\/comments?post=8810"}],"version-history":[{"count":0,"href":"https:\/\/acefootball.com\/es\/wp-json\/wp\/v2\/posts\/8810\/revisions"}],"wp:featuredmedia":[{"embeddable":true,"href":"https:\/\/acefootball.com\/es\/wp-json\/wp\/v2\/media\/-101101228992"}],"wp:attachment":[{"href":"https:\/\/acefootball.com\/es\/wp-json\/wp\/v2\/media?parent=8810"}],"wp:term":[{"taxonomy":"category","embeddable":true,"href":"https:\/\/acefootball.com\/es\/wp-json\/wp\/v2\/categories?post=8810"},{"taxonomy":"post_tag","embeddable":true,"href":"https:\/\/acefootball.com\/es\/wp-json\/wp\/v2\/tags?post=8810"}],"curies":[{"name":"wp","href":"https:\/\/api.w.org\/{rel}","templated":true}]}}