{"id":8188,"date":"2020-09-03T05:06:51","date_gmt":"2020-09-03T05:06:51","guid":{"rendered":"https:\/\/acefootball.com\/es\/?p=8188"},"modified":"2020-09-03T05:06:54","modified_gmt":"2020-09-03T05:06:54","slug":"bayern-munich-agradece-a-coutinho-despues-de-rechazarlos","status":"publish","type":"post","link":"https:\/\/acefootball.com\/es\/noticias-de-futbol\/bayern-munich-agradece-a-coutinho-despues-de-rechazarlos\/","title":{"rendered":"Bayern Munich agradece a Coutinho despu\u00e9s de rechazarlos"},"content":{"rendered":"\n<h2>Philippe Coutinho regres\u00f3 a Barcelona despu\u00e9s de terminar su pr\u00e9stamo con el Bayern Munich. Los B\u00e1varos agradecieron su tiempo en el club.\u00a0<\/h2>\n\n\n\n<p>Philippe Coutinho est\u00e1 de regreso en <em><a href=\"https:\/\/acefootball.com\/es\/la-liga\/fc-barcelona\/\" target=\"_blank\" rel=\"noreferrer noopener\">Barcelona<\/a><\/em> como futbolista despu\u00e9s de terminar su cesi\u00f3n con el Bayern Munich. Durante este tiempo, el futbolista ten\u00eda una cl\u00e1usula de compra permanente al final de la temporada. Pero el club alem\u00e1n decidi\u00f3 no ejercerla.\u00a0<\/p>\n\n\n\n<p>Coutinho jug\u00f3 francamente bien durante tu etapa en el Bayern y reserv\u00f3 sus mejores actuaciones para el final de la temporada. Debemos resaltar los dos goles que anot\u00f3 a su ex equipo en la goleada del Bayern al FC Barcelona.&nbsp;<\/p>\n\n\n\n<p>A trav\u00e9s de un comunicado en su <em><a href=\"https:\/\/fcbayern.com\/en\/news\/2020\/09\/philippe-coutinho-returns-to-barcelona\" target=\"_blank\" rel=\"noreferrer noopener\">sitio web<\/a><\/em>, el conjunto alem\u00e1n agradeci\u00f3 al mediocampista por sus contribuciones al club.\u00a0<\/p>\n\n\n\n<p>\u201cQueremos agradecer a Philippe Coutinho por todo lo que hizo. Por su creatividad y excelente t\u00e9cnica, pudo mejorar al equipo en una temporada de triplete,\u201d dijo Karl-Heinz Rummenigge.\u00a0<\/p>\n\n\n\n<figure class=\"wp-block-embed-twitter wp-block-embed is-type-rich is-provider-twitter\"><div class=\"wp-block-embed__wrapper\">\n<blockquote class=\"twitter-tweet\" data-width=\"550\" data-dnt=\"true\"><p lang=\"de\" dir=\"ltr\">Danke f\u00fcr alles, <a href=\"https:\/\/twitter.com\/Phil_Coutinho?ref_src=twsrc%5Etfw\">@Phil_Coutinho<\/a>! \ud83d\ude4f<br><br>\ud83d\udd17 <a href=\"https:\/\/t.co\/7jrA4Wq5E6\">https:\/\/t.co\/7jrA4Wq5E6<\/a><\/p>&mdash; CHAMPIONS OF EUROPE \ud83c\udfc6 (@FCBayern) <a href=\"https:\/\/twitter.com\/FCBayern\/status\/1301139990236274689?ref_src=twsrc%5Etfw\">September 2, 2020<\/a><\/blockquote><script async src=\"https:\/\/platform.twitter.com\/widgets.js\" charset=\"utf-8\"><\/script>\n<\/div><\/figure>\n\n\n\n<p>\u201cSus actuaciones en la Champions League, especialmente probaron que traerlo en una cesi\u00f3n fue buena. Todos aqu\u00ed le deseamos lo mejor a Philippe en su carrera\u201d.&nbsp;<\/p>\n\n\n\n<p>Hasan Salihamidzic a\u00f1adi\u00f3: \u201cA pesar de que el Bayern y Philippe Coutinho terminan su relaci\u00f3n despu\u00e9s de una temporada, su papel en el Bayern Munich dej\u00f3 claro que es un excelente futbolista\u201d.\u00a0<\/p>\n\n\n\n<div class=\"wp-block-si-widget wp-block-si-widget--center\"><si-lb-widget widget-id=\"PlayerSeasonStatsSnap\" data-hide-controls=\"false\" width=\"440\" data-card=\"true\" data-language=\"es\" data-provider=\"betfair\" data-player-id=\"184536\"><\/si-lb-widget><\/div>\n\n\n\n<p>Coutinho jug\u00f3 un total de 38 partidos para el Bayern Munich, donde anot\u00f3 nueve goles y once asistencias en todos los torneos.&nbsp;<\/p>\n\n\n\n<p>Aunque su futuro sigue en el aire. Barcelona no tiene planes para el mediocampista, que posiblemente regresar\u00e1 a la Premier League.<\/p>\n\n\n\n<figure class=\"wp-block-embed-wordpress wp-block-embed is-type-wp-embed is-provider-ace-football-espanol\"><div class=\"wp-block-embed__wrapper\">\n<blockquote class=\"wp-embedded-content\" data-secret=\"geUW5OhDND\"><a href=\"https:\/\/acefootball.com\/es\/noticias-de-futbol\/philippe-coutinho-tiene-futuro-en-el-barcelona\/\">Philippe Coutinho tiene futuro en el Barcelona<\/a><\/blockquote><iframe class=\"wp-embedded-content\" sandbox=\"allow-scripts\" security=\"restricted\" style=\"position: absolute; clip: rect(1px, 1px, 1px, 1px);\" title=\"\u00abPhilippe Coutinho tiene futuro en el Barcelona\u00bb \u2014 Ace Football Espa\u00f1ol\" src=\"https:\/\/acefootball.com\/es\/noticias-de-futbol\/philippe-coutinho-tiene-futuro-en-el-barcelona\/embed\/#?secret=geUW5OhDND\" data-secret=\"geUW5OhDND\" width=\"600\" height=\"338\" frameborder=\"0\" marginwidth=\"0\" marginheight=\"0\" scrolling=\"no\"><\/iframe>\n<\/div><\/figure>\n","protected":false},"excerpt":{"rendered":"<p>Philippe Coutinho regres\u00f3 a Barcelona despu\u00e9s de terminar su pr\u00e9stamo con el Bayern Munich. Los B\u00e1varos agradecieron su tiempo en el club. <\/p>\n","protected":false},"author":258,"featured_media":-101101227687,"comment_status":"closed","ping_status":"closed","sticky":false,"template":"","format":"standard","meta":{"om_disable_all_campaigns":false,"push_articles_ronaldo":{"active":false,"canonical":0,"publish":false},"force_updates":null},"categories":[75],"tags":[207,299,298],"enet_tags":{"team":["8634"],"player":["184536"],"sport_events":[]},"yoast_head":"<!-- This site is optimized with the Yoast SEO plugin v18.3 - https:\/\/yoast.com\/wordpress\/plugins\/seo\/ -->\n<title>Bayern Munich agradece a Coutinho despu\u00e9s de rechazarlos<\/title>\n<meta name=\"description\" content=\"Philippe Coutinho regres\u00f3 a Barcelona despu\u00e9s de terminar su pr\u00e9stamo con el Bayern Munich. Los B\u00e1varos agradecieron su tiempo en el club.\" \/>\n<meta name=\"robots\" content=\"index, follow, max-snippet:-1, max-image-preview:large, max-video-preview:-1\" \/>\n<link rel=\"canonical\" href=\"https:\/\/acefootball.com\/es\/noticias-de-futbol\/bayern-munich-agradece-a-coutinho-despues-de-rechazarlos\/\" \/>\n<meta property=\"og:locale\" content=\"es_ES\" \/>\n<meta property=\"og:type\" content=\"article\" \/>\n<meta property=\"og:title\" content=\"Bayern Munich agradece a Coutinho despu\u00e9s de rechazarlos\" \/>\n<meta property=\"og:description\" content=\"Philippe Coutinho regres\u00f3 a Barcelona despu\u00e9s de terminar su pr\u00e9stamo con el Bayern Munich. Los B\u00e1varos agradecieron su tiempo en el club.\" \/>\n<meta property=\"og:url\" content=\"https:\/\/acefootball.com\/es\/noticias-de-futbol\/bayern-munich-agradece-a-coutinho-despues-de-rechazarlos\/\" \/>\n<meta property=\"og:site_name\" content=\"Ace Football Espa\u00f1ol\" \/>\n<meta property=\"article:published_time\" content=\"2020-09-03T05:06:51+00:00\" \/>\n<meta property=\"article:modified_time\" content=\"2020-09-03T05:06:54+00:00\" \/>\n<meta property=\"og:image\" content=\"https:\/\/acefootball.com\/es\/wp-content\/uploads\/2020\/09\/GettyImages-1204359644.jpg\" \/>\n\t<meta property=\"og:image:width\" content=\"1024\" \/>\n\t<meta property=\"og:image:height\" content=\"683\" \/><meta property=\"og:image\" content=\"https:\/\/acefootball.com\/es\/wp-content\/uploads\/sites\/3\/2020\/09\/1204359644.jpg\" \/>\n\t<meta property=\"og:image:width\" content=\"1200\" \/>\n\t<meta property=\"og:image:height\" content=\"630\" \/>\n\t<meta property=\"og:image:type\" content=\"image\/jpeg\" \/>\n<meta name=\"twitter:card\" content=\"summary_large_image\" \/>\n<meta name=\"twitter:image\" content=\"https:\/\/acefootball.com\/es\/wp-content\/uploads\/2020\/09\/GettyImages-1204359644.jpg\" \/>\n<meta name=\"twitter:creator\" content=\"@IAmTomSpiegel\" \/>\n<meta name=\"twitter:label1\" content=\"Escrito por\" \/>\n\t<meta name=\"twitter:data1\" content=\"Pavel I. Meda\" \/>\n\t<meta name=\"twitter:label2\" content=\"Tiempo de lectura\" \/>\n\t<meta name=\"twitter:data2\" content=\"1 minuto\" \/>\n<script type=\"application\/ld+json\" class=\"yoast-schema-graph\">{\"@context\":\"https:\/\/schema.org\",\"@graph\":[{\"@type\":\"WebSite\",\"@id\":\"https:\/\/acefootball.com\/es\/#website\",\"url\":\"https:\/\/acefootball.com\/es\/\",\"name\":\"Ace Football Espa\u00f1ol\",\"description\":\"News, Betting and Livescore\",\"potentialAction\":[{\"@type\":\"SearchAction\",\"target\":{\"@type\":\"EntryPoint\",\"urlTemplate\":\"https:\/\/acefootball.com\/es\/?s={search_term_string}\"},\"query-input\":\"required name=search_term_string\"}],\"inLanguage\":\"es\"},{\"@type\":\"ImageObject\",\"@id\":\"https:\/\/acefootball.com\/es\/noticias-de-futbol\/bayern-munich-agradece-a-coutinho-despues-de-rechazarlos\/#primaryimage\",\"inLanguage\":\"es\",\"url\":\"https:\/\/acefootball.com\/es\/wp-content\/uploads\/sites\/3\/2020\/09\/1204359644.jpg\",\"contentUrl\":\"https:\/\/acefootball.com\/es\/wp-content\/uploads\/sites\/3\/2020\/09\/1204359644.jpg\",\"width\":1200,\"height\":630},{\"@type\":\"WebPage\",\"@id\":\"https:\/\/acefootball.com\/es\/noticias-de-futbol\/bayern-munich-agradece-a-coutinho-despues-de-rechazarlos\/#webpage\",\"url\":\"https:\/\/acefootball.com\/es\/noticias-de-futbol\/bayern-munich-agradece-a-coutinho-despues-de-rechazarlos\/\",\"name\":\"Bayern Munich agradece a Coutinho despu\u00e9s de rechazarlos\",\"isPartOf\":{\"@id\":\"https:\/\/acefootball.com\/es\/#website\"},\"primaryImageOfPage\":{\"@id\":\"https:\/\/acefootball.com\/es\/noticias-de-futbol\/bayern-munich-agradece-a-coutinho-despues-de-rechazarlos\/#primaryimage\"},\"datePublished\":\"2020-09-03T05:06:51+00:00\",\"dateModified\":\"2020-09-03T05:06:54+00:00\",\"author\":{\"@id\":\"https:\/\/acefootball.com\/es\/#\/schema\/person\/c817b858136f968b8b984c68fcf4aa84\"},\"description\":\"Philippe Coutinho regres\u00f3 a Barcelona despu\u00e9s de terminar su pr\u00e9stamo con el Bayern Munich. Los B\u00e1varos agradecieron su tiempo en el club.\",\"breadcrumb\":{\"@id\":\"https:\/\/acefootball.com\/es\/noticias-de-futbol\/bayern-munich-agradece-a-coutinho-despues-de-rechazarlos\/#breadcrumb\"},\"inLanguage\":\"es\",\"potentialAction\":[{\"@type\":\"ReadAction\",\"target\":[\"https:\/\/acefootball.com\/es\/noticias-de-futbol\/bayern-munich-agradece-a-coutinho-despues-de-rechazarlos\/\"]}]},{\"@type\":\"BreadcrumbList\",\"@id\":\"https:\/\/acefootball.com\/es\/noticias-de-futbol\/bayern-munich-agradece-a-coutinho-despues-de-rechazarlos\/#breadcrumb\",\"itemListElement\":[{\"@type\":\"ListItem\",\"position\":1,\"name\":\"Home\",\"item\":\"https:\/\/acefootball.com\/es\/\"},{\"@type\":\"ListItem\",\"position\":2,\"name\":\"Bayern Munich agradece a Coutinho despu\u00e9s de rechazarlos\"}]},{\"@type\":\"Person\",\"@id\":\"https:\/\/acefootball.com\/es\/#\/schema\/person\/c817b858136f968b8b984c68fcf4aa84\",\"name\":\"Pavel I. Meda\",\"image\":{\"@type\":\"ImageObject\",\"@id\":\"https:\/\/acefootball.com\/es\/#personlogo\",\"inLanguage\":\"es\",\"url\":\"https:\/\/secure.gravatar.com\/avatar\/5d2d4f16693b918e4e93034452d5ee4c?s=96&d=mm&r=g\",\"contentUrl\":\"https:\/\/secure.gravatar.com\/avatar\/5d2d4f16693b918e4e93034452d5ee4c?s=96&d=mm&r=g\",\"caption\":\"Pavel I. Meda\"},\"description\":\"Football writer and journalist with 10 years of previous experience who loves his job and always likes to appreciate this beautiful sport. I've worked for companies such as Goal.com and Underdog Global Sports in the past. I am also an avid film and pop culture fan who spends his free time consuming any interesting story that is worth telling.\",\"sameAs\":[\"https:\/\/www.instagram.com\/rampantintellectual\/\",\"https:\/\/www.linkedin.com\/in\/pavel-ibarra-meda\",\"https:\/\/twitter.com\/IAmTomSpiegel\"],\"url\":\"https:\/\/acefootball.com\/es\/noticias-de-futbol\/author\/tomasibarra\/\"}]}<\/script>\n<!-- \/ Yoast SEO plugin. -->","yoast_head_json":{"title":"Bayern Munich agradece a Coutinho despu\u00e9s de rechazarlos","description":"Philippe Coutinho regres\u00f3 a Barcelona despu\u00e9s de terminar su pr\u00e9stamo con el Bayern Munich. Los B\u00e1varos agradecieron su tiempo en el club.","robots":{"index":"index","follow":"follow","max-snippet":"max-snippet:-1","max-image-preview":"max-image-preview:large","max-video-preview":"max-video-preview:-1"},"canonical":"https:\/\/acefootball.com\/es\/noticias-de-futbol\/bayern-munich-agradece-a-coutinho-despues-de-rechazarlos\/","og_locale":"es_ES","og_type":"article","og_title":"Bayern Munich agradece a Coutinho despu\u00e9s de rechazarlos","og_description":"Philippe Coutinho regres\u00f3 a Barcelona despu\u00e9s de terminar su pr\u00e9stamo con el Bayern Munich. Los B\u00e1varos agradecieron su tiempo en el club.","og_url":"https:\/\/acefootball.com\/es\/noticias-de-futbol\/bayern-munich-agradece-a-coutinho-despues-de-rechazarlos\/","og_site_name":"Ace Football Espa\u00f1ol","article_published_time":"2020-09-03T05:06:51+00:00","article_modified_time":"2020-09-03T05:06:54+00:00","og_image":[{"url":"https:\/\/acefootball.com\/es\/wp-content\/uploads\/2020\/09\/GettyImages-1204359644.jpg","height":683,"width":1024},{"width":1200,"height":630,"url":"https:\/\/acefootball.com\/es\/wp-content\/uploads\/sites\/3\/2020\/09\/1204359644.jpg","type":"image\/jpeg"}],"twitter_card":"summary_large_image","twitter_image":"https:\/\/acefootball.com\/es\/wp-content\/uploads\/2020\/09\/GettyImages-1204359644.jpg","twitter_creator":"@IAmTomSpiegel","twitter_misc":{"Escrito por":"Pavel I. Meda","Tiempo de lectura":"1 minuto"},"schema":{"@context":"https:\/\/schema.org","@graph":[{"@type":"WebSite","@id":"https:\/\/acefootball.com\/es\/#website","url":"https:\/\/acefootball.com\/es\/","name":"Ace Football Espa\u00f1ol","description":"News, Betting and Livescore","potentialAction":[{"@type":"SearchAction","target":{"@type":"EntryPoint","urlTemplate":"https:\/\/acefootball.com\/es\/?s={search_term_string}"},"query-input":"required name=search_term_string"}],"inLanguage":"es"},{"@type":"ImageObject","@id":"https:\/\/acefootball.com\/es\/noticias-de-futbol\/bayern-munich-agradece-a-coutinho-despues-de-rechazarlos\/#primaryimage","inLanguage":"es","url":"https:\/\/acefootball.com\/es\/wp-content\/uploads\/sites\/3\/2020\/09\/1204359644.jpg","contentUrl":"https:\/\/acefootball.com\/es\/wp-content\/uploads\/sites\/3\/2020\/09\/1204359644.jpg","width":1200,"height":630},{"@type":"WebPage","@id":"https:\/\/acefootball.com\/es\/noticias-de-futbol\/bayern-munich-agradece-a-coutinho-despues-de-rechazarlos\/#webpage","url":"https:\/\/acefootball.com\/es\/noticias-de-futbol\/bayern-munich-agradece-a-coutinho-despues-de-rechazarlos\/","name":"Bayern Munich agradece a Coutinho despu\u00e9s de rechazarlos","isPartOf":{"@id":"https:\/\/acefootball.com\/es\/#website"},"primaryImageOfPage":{"@id":"https:\/\/acefootball.com\/es\/noticias-de-futbol\/bayern-munich-agradece-a-coutinho-despues-de-rechazarlos\/#primaryimage"},"datePublished":"2020-09-03T05:06:51+00:00","dateModified":"2020-09-03T05:06:54+00:00","author":{"@id":"https:\/\/acefootball.com\/es\/#\/schema\/person\/c817b858136f968b8b984c68fcf4aa84"},"description":"Philippe Coutinho regres\u00f3 a Barcelona despu\u00e9s de terminar su pr\u00e9stamo con el Bayern Munich. Los B\u00e1varos agradecieron su tiempo en el club.","breadcrumb":{"@id":"https:\/\/acefootball.com\/es\/noticias-de-futbol\/bayern-munich-agradece-a-coutinho-despues-de-rechazarlos\/#breadcrumb"},"inLanguage":"es","potentialAction":[{"@type":"ReadAction","target":["https:\/\/acefootball.com\/es\/noticias-de-futbol\/bayern-munich-agradece-a-coutinho-despues-de-rechazarlos\/"]}]},{"@type":"BreadcrumbList","@id":"https:\/\/acefootball.com\/es\/noticias-de-futbol\/bayern-munich-agradece-a-coutinho-despues-de-rechazarlos\/#breadcrumb","itemListElement":[{"@type":"ListItem","position":1,"name":"Home","item":"https:\/\/acefootball.com\/es\/"},{"@type":"ListItem","position":2,"name":"Bayern Munich agradece a Coutinho despu\u00e9s de rechazarlos"}]},{"@type":"Person","@id":"https:\/\/acefootball.com\/es\/#\/schema\/person\/c817b858136f968b8b984c68fcf4aa84","name":"Pavel I. Meda","image":{"@type":"ImageObject","@id":"https:\/\/acefootball.com\/es\/#personlogo","inLanguage":"es","url":"https:\/\/secure.gravatar.com\/avatar\/5d2d4f16693b918e4e93034452d5ee4c?s=96&d=mm&r=g","contentUrl":"https:\/\/secure.gravatar.com\/avatar\/5d2d4f16693b918e4e93034452d5ee4c?s=96&d=mm&r=g","caption":"Pavel I. Meda"},"description":"Football writer and journalist with 10 years of previous experience who loves his job and always likes to appreciate this beautiful sport. I've worked for companies such as Goal.com and Underdog Global Sports in the past. I am also an avid film and pop culture fan who spends his free time consuming any interesting story that is worth telling.","sameAs":["https:\/\/www.instagram.com\/rampantintellectual\/","https:\/\/www.linkedin.com\/in\/pavel-ibarra-meda","https:\/\/twitter.com\/IAmTomSpiegel"],"url":"https:\/\/acefootball.com\/es\/noticias-de-futbol\/author\/tomasibarra\/"}]}},"fimg_url":"https:\/\/acefootball.com\/es\/wp-content\/uploads\/2020\/09\/GettyImages-1204359644.jpg","_links":{"self":[{"href":"https:\/\/acefootball.com\/es\/wp-json\/wp\/v2\/posts\/8188"}],"collection":[{"href":"https:\/\/acefootball.com\/es\/wp-json\/wp\/v2\/posts"}],"about":[{"href":"https:\/\/acefootball.com\/es\/wp-json\/wp\/v2\/types\/post"}],"author":[{"embeddable":true,"href":"https:\/\/acefootball.com\/es\/wp-json\/wp\/v2\/users\/258"}],"replies":[{"embeddable":true,"href":"https:\/\/acefootball.com\/es\/wp-json\/wp\/v2\/comments?post=8188"}],"version-history":[{"count":0,"href":"https:\/\/acefootball.com\/es\/wp-json\/wp\/v2\/posts\/8188\/revisions"}],"wp:featuredmedia":[{"embeddable":true,"href":"https:\/\/acefootball.com\/es\/wp-json\/wp\/v2\/media\/-101101227687"}],"wp:attachment":[{"href":"https:\/\/acefootball.com\/es\/wp-json\/wp\/v2\/media?parent=8188"}],"wp:term":[{"taxonomy":"category","embeddable":true,"href":"https:\/\/acefootball.com\/es\/wp-json\/wp\/v2\/categories?post=8188"},{"taxonomy":"post_tag","embeddable":true,"href":"https:\/\/acefootball.com\/es\/wp-json\/wp\/v2\/tags?post=8188"}],"curies":[{"name":"wp","href":"https:\/\/api.w.org\/{rel}","templated":true}]}}