{"id":7907,"date":"2020-08-29T14:46:33","date_gmt":"2020-08-29T14:46:33","guid":{"rendered":"https:\/\/acefootball.com\/es\/?p=7907"},"modified":"2020-08-29T14:46:34","modified_gmt":"2020-08-29T14:46:34","slug":"merecia-ganar-el-balon-de-oro-2020-lewandowski","status":"publish","type":"post","link":"https:\/\/acefootball.com\/es\/noticias-de-futbol\/merecia-ganar-el-balon-de-oro-2020-lewandowski\/","title":{"rendered":"Merec\u00eda ganar el Bal\u00f3n de Oro 2020: Lewandowski"},"content":{"rendered":"\n<h2>Robert Lewandowski se ha defendido a s\u00ed mismo, diciendo que debi\u00f3 de haber ganado el Bal\u00f3n de Oro a la luz de una temporada en la que gan\u00f3 el triplete con el Bayern de M\u00fanich.<\/h2>\n\n\n\n<p>No fue una solicitud irrazonable del presidente del Bayern de M\u00fanich, Karl-Heinz Rummenigge, cuando apel\u00f3 a France Football para que reconsiderara su decisi\u00f3n de cancelar el Bal\u00f3n de Oro 2020.<\/p>\n\n\n\n<p>Considerado el galard\u00f3n individual m\u00e1s prestigioso del f\u00fatbol, \u200b\u200bel Bal\u00f3n de Oro ha sido en gran medida una competici\u00f3n entre Cristiano Ronaldo y Lionel Messi desde hace alg\u00fan tiempo.<\/p>\n\n\n\n<p>Si bien Ronaldo y Messi tambi\u00e9n compet\u00edan por ganar el premio este a\u00f1o, ninguno de ellos ten\u00eda un caso tan s\u00f3lido como Robert Lewandowski.<\/p>\n\n\n\n<p>Lewandowski encontr\u00f3 el fondo de la red 55 veces en tan solo 47 partidos.<\/p>\n\n\n\n<p>Su hero\u00edsmo ayud\u00f3 al Bayern a levantar la Liga de Campeones, la Bundesliga y la DFB-Pokal, siendo \u00e9l el m\u00e1ximo goleador en cada una de las competiciones.<\/p>\n\n\n\n<div class=\"wp-block-si-widget wp-block-si-widget--center\"><si-lb-widget widget-id=\"PlayerSeasonProfileOPTA\" width=\"600\" data-card=\"true\" data-language=\"es\" data-provider=\"betfair\" data-player-id=\"93447\" data-theme-appearance=\"dark\" data-season-id=\"14006\"><\/si-lb-widget><\/div>\n\n\n\n<p>Sin embargo, France Football decidi\u00f3 no entregar el estimado galard\u00f3n este per\u00edodo debido a la pandemia de covid-19. un \u201ccampo de juego injusto\u201d.<\/p>\n\n\n\n<p>\u201cYo mismo\u201d, respondi\u00f3 Lewandowski cuando se le pregunt\u00f3 a qui\u00e9n le habr\u00eda otorgado el Bal\u00f3n de Oro 2020 durante una entrevista con <em><a href=\"https:\/\/sportowefakty.wp.pl\/pilka-nozna\/897272\/robert-lewandowski-zlota-pilke-dalbym-sobie\" target=\"_blank\" rel=\"noreferrer noopener\">el medio polaco Sportowe Fakty.<\/a><\/em><\/p>\n\n\n\n<p>\u201cGanamos todo lo que pudimos con el Bayern. En todas las competiciones: Bundesliga, Copa de Alemania y <em><a href=\"https:\/\/acefootball.com\/es\/noticias-de-futbol\/explica-alaba-porque-abrazo-a-neymar-tras-la-final-de-la-champions\/\" target=\"_blank\" rel=\"noreferrer noopener\">Champions League<\/a><\/em>, fui el m\u00e1ximo goleador\u201d.<\/p>\n\n\n\n<p>\u201cEntiendo que la presi\u00f3n de otras partes sobre otro jugador puede ser mayor. \u00bfPero no es que todos los futbolistas ganar\u00edan el Bal\u00f3n de Oro logrando lo que hago?\u201d concluy\u00f3.<\/p>\n","protected":false},"excerpt":{"rendered":"<p>Robert Lewandowski se ha defendido a s\u00ed mismo, diciendo que debi\u00f3 de haber ganado el Bal\u00f3n de Oro a la luz de una temporada en la que gan\u00f3 el triplete con el Bayern de M\u00fanich.<\/p>\n","protected":false},"author":275,"featured_media":-101101226864,"comment_status":"closed","ping_status":"closed","sticky":false,"template":"","format":"standard","meta":{"om_disable_all_campaigns":false,"push_articles_ronaldo":{"active":false,"canonical":0,"publish":false},"force_updates":null},"categories":[1],"tags":[207,79,82,6786,1994],"enet_tags":{"league":["54","42","209"],"player":["93447"],"sport_events":[]},"yoast_head":"<!-- This site is optimized with the Yoast SEO plugin v18.3 - https:\/\/yoast.com\/wordpress\/plugins\/seo\/ -->\n<title>Merec\u00eda ganar el Bal\u00f3n de Oro 2020: Lewandowski<\/title>\n<meta name=\"description\" content=\"Lewandowski se ha defendido a s\u00ed mismo, diciendo que debi\u00f3 de haber ganado el Bal\u00f3n de Oro tras ganar el triplete con el Bayern de M\u00fanich.\" \/>\n<meta name=\"robots\" content=\"index, follow, max-snippet:-1, max-image-preview:large, max-video-preview:-1\" \/>\n<link rel=\"canonical\" href=\"https:\/\/acefootball.com\/es\/noticias-de-futbol\/merecia-ganar-el-balon-de-oro-2020-lewandowski\/\" \/>\n<meta property=\"og:locale\" content=\"es_ES\" \/>\n<meta property=\"og:type\" content=\"article\" \/>\n<meta property=\"og:title\" content=\"Merec\u00eda ganar el Bal\u00f3n de Oro 2020: Lewandowski\" \/>\n<meta property=\"og:description\" content=\"Robert Lewandowski se ha defendido a s\u00ed mismo, diciendo que debi\u00f3 de haber ganado el Bal\u00f3n de Oro a la luz de una temporada en la que gan\u00f3 el triplete con el Bayern de M\u00fanich.\" \/>\n<meta property=\"og:url\" content=\"https:\/\/acefootball.com\/es\/noticias-de-futbol\/merecia-ganar-el-balon-de-oro-2020-lewandowski\/\" \/>\n<meta property=\"og:site_name\" content=\"Ace Football Espa\u00f1ol\" \/>\n<meta property=\"article:author\" content=\"http:\/\/www.facebook.com\/soymanuelmedina\" \/>\n<meta property=\"article:published_time\" content=\"2020-08-29T14:46:33+00:00\" \/>\n<meta property=\"article:modified_time\" content=\"2020-08-29T14:46:34+00:00\" \/>\n<meta property=\"og:image\" content=\"https:\/\/acefootball.com\/es\/wp-content\/uploads\/2020\/08\/1266146920.jpg\" \/>\n\t<meta property=\"og:image:width\" content=\"1024\" \/>\n\t<meta property=\"og:image:height\" content=\"673\" \/><meta property=\"og:image\" content=\"https:\/\/acefootball.com\/es\/wp-content\/uploads\/sites\/3\/2020\/08\/Ace-Football-FB-Preview-48-1.png\" \/>\n\t<meta property=\"og:image:width\" content=\"1200\" \/>\n\t<meta property=\"og:image:height\" content=\"630\" \/>\n\t<meta property=\"og:image:type\" content=\"image\/png\" \/>\n<meta name=\"twitter:card\" content=\"summary_large_image\" \/>\n<meta name=\"twitter:image\" content=\"https:\/\/acefootball.com\/es\/wp-content\/uploads\/2020\/08\/1266146920.jpg\" \/>\n<meta name=\"twitter:creator\" content=\"@http:\/\/www.twitter.com\/manuelmedina\" \/>\n<meta name=\"twitter:label1\" content=\"Escrito por\" \/>\n\t<meta name=\"twitter:data1\" content=\"Manuel R. Medina\" \/>\n\t<meta name=\"twitter:label2\" content=\"Tiempo de lectura\" \/>\n\t<meta name=\"twitter:data2\" content=\"1 minuto\" \/>\n<script type=\"application\/ld+json\" class=\"yoast-schema-graph\">{\"@context\":\"https:\/\/schema.org\",\"@graph\":[{\"@type\":\"WebSite\",\"@id\":\"https:\/\/acefootball.com\/es\/#website\",\"url\":\"https:\/\/acefootball.com\/es\/\",\"name\":\"Ace Football Espa\u00f1ol\",\"description\":\"News, Betting and Livescore\",\"potentialAction\":[{\"@type\":\"SearchAction\",\"target\":{\"@type\":\"EntryPoint\",\"urlTemplate\":\"https:\/\/acefootball.com\/es\/?s={search_term_string}\"},\"query-input\":\"required name=search_term_string\"}],\"inLanguage\":\"es\"},{\"@type\":\"ImageObject\",\"@id\":\"https:\/\/acefootball.com\/es\/noticias-de-futbol\/merecia-ganar-el-balon-de-oro-2020-lewandowski\/#primaryimage\",\"inLanguage\":\"es\",\"url\":\"https:\/\/acefootball.com\/es\/wp-content\/uploads\/sites\/3\/2020\/08\/Ace-Football-FB-Preview-48-1.png\",\"contentUrl\":\"https:\/\/acefootball.com\/es\/wp-content\/uploads\/sites\/3\/2020\/08\/Ace-Football-FB-Preview-48-1.png\",\"width\":1200,\"height\":630},{\"@type\":\"WebPage\",\"@id\":\"https:\/\/acefootball.com\/es\/noticias-de-futbol\/merecia-ganar-el-balon-de-oro-2020-lewandowski\/#webpage\",\"url\":\"https:\/\/acefootball.com\/es\/noticias-de-futbol\/merecia-ganar-el-balon-de-oro-2020-lewandowski\/\",\"name\":\"Merec\u00eda ganar el Bal\u00f3n de Oro 2020: Lewandowski\",\"isPartOf\":{\"@id\":\"https:\/\/acefootball.com\/es\/#website\"},\"primaryImageOfPage\":{\"@id\":\"https:\/\/acefootball.com\/es\/noticias-de-futbol\/merecia-ganar-el-balon-de-oro-2020-lewandowski\/#primaryimage\"},\"datePublished\":\"2020-08-29T14:46:33+00:00\",\"dateModified\":\"2020-08-29T14:46:34+00:00\",\"author\":{\"@id\":\"https:\/\/acefootball.com\/es\/#\/schema\/person\/c7b84266babe79a775930a02b86567de\"},\"description\":\"Lewandowski se ha defendido a s\u00ed mismo, diciendo que debi\u00f3 de haber ganado el Bal\u00f3n de Oro tras ganar el triplete con el Bayern de M\u00fanich.\",\"breadcrumb\":{\"@id\":\"https:\/\/acefootball.com\/es\/noticias-de-futbol\/merecia-ganar-el-balon-de-oro-2020-lewandowski\/#breadcrumb\"},\"inLanguage\":\"es\",\"potentialAction\":[{\"@type\":\"ReadAction\",\"target\":[\"https:\/\/acefootball.com\/es\/noticias-de-futbol\/merecia-ganar-el-balon-de-oro-2020-lewandowski\/\"]}]},{\"@type\":\"BreadcrumbList\",\"@id\":\"https:\/\/acefootball.com\/es\/noticias-de-futbol\/merecia-ganar-el-balon-de-oro-2020-lewandowski\/#breadcrumb\",\"itemListElement\":[{\"@type\":\"ListItem\",\"position\":1,\"name\":\"Home\",\"item\":\"https:\/\/acefootball.com\/es\/\"},{\"@type\":\"ListItem\",\"position\":2,\"name\":\"Merec\u00eda ganar el Bal\u00f3n de Oro 2020: Lewandowski\"}]},{\"@type\":\"Person\",\"@id\":\"https:\/\/acefootball.com\/es\/#\/schema\/person\/c7b84266babe79a775930a02b86567de\",\"name\":\"Manuel R. Medina\",\"image\":{\"@type\":\"ImageObject\",\"@id\":\"https:\/\/acefootball.com\/es\/#personlogo\",\"inLanguage\":\"es\",\"url\":\"https:\/\/secure.gravatar.com\/avatar\/b9f67657f1c26afb639a8c44fae064cb?s=96&d=mm&r=g\",\"contentUrl\":\"https:\/\/secure.gravatar.com\/avatar\/b9f67657f1c26afb639a8c44fae064cb?s=96&d=mm&r=g\",\"caption\":\"Manuel R. Medina\"},\"description\":\"Manuel R. Medina is a sports journalist that has covered the most important events around the world for the last 17 years. His work has sent him to three FIFA World Cups, one Copa Am\u00e9rica, two Gold Cups, one Olympic Games, and one Confederations Cup. He has covered from the Liga MX in his native Mexico, to the NFL, NBA, MLB; and even European and Russian sports leagues. Right now he's preparing to cover the 2018 FIFA Club World Cup in the United Arab Emirates.\",\"sameAs\":[\"http:\/\/www.facebook.com\/soymanuelmedina\",\"http:\/\/www.instagram.com\/soymanuelmedina\",\"https:\/\/twitter.com\/http:\/\/www.twitter.com\/manuelmedina\",\"http:\/\/www.youtube.com\/tjsports\"],\"url\":\"https:\/\/acefootball.com\/es\/noticias-de-futbol\/author\/manuelmedina\/\"}]}<\/script>\n<!-- \/ Yoast SEO plugin. -->","yoast_head_json":{"title":"Merec\u00eda ganar el Bal\u00f3n de Oro 2020: Lewandowski","description":"Lewandowski se ha defendido a s\u00ed mismo, diciendo que debi\u00f3 de haber ganado el Bal\u00f3n de Oro tras ganar el triplete con el Bayern de M\u00fanich.","robots":{"index":"index","follow":"follow","max-snippet":"max-snippet:-1","max-image-preview":"max-image-preview:large","max-video-preview":"max-video-preview:-1"},"canonical":"https:\/\/acefootball.com\/es\/noticias-de-futbol\/merecia-ganar-el-balon-de-oro-2020-lewandowski\/","og_locale":"es_ES","og_type":"article","og_title":"Merec\u00eda ganar el Bal\u00f3n de Oro 2020: Lewandowski","og_description":"Robert Lewandowski se ha defendido a s\u00ed mismo, diciendo que debi\u00f3 de haber ganado el Bal\u00f3n de Oro a la luz de una temporada en la que gan\u00f3 el triplete con el Bayern de M\u00fanich.","og_url":"https:\/\/acefootball.com\/es\/noticias-de-futbol\/merecia-ganar-el-balon-de-oro-2020-lewandowski\/","og_site_name":"Ace Football Espa\u00f1ol","article_author":"http:\/\/www.facebook.com\/soymanuelmedina","article_published_time":"2020-08-29T14:46:33+00:00","article_modified_time":"2020-08-29T14:46:34+00:00","og_image":[{"url":"https:\/\/acefootball.com\/es\/wp-content\/uploads\/2020\/08\/1266146920.jpg","height":673,"width":1024},{"width":1200,"height":630,"url":"https:\/\/acefootball.com\/es\/wp-content\/uploads\/sites\/3\/2020\/08\/Ace-Football-FB-Preview-48-1.png","type":"image\/png"}],"twitter_card":"summary_large_image","twitter_image":"https:\/\/acefootball.com\/es\/wp-content\/uploads\/2020\/08\/1266146920.jpg","twitter_creator":"@http:\/\/www.twitter.com\/manuelmedina","twitter_misc":{"Escrito por":"Manuel R. Medina","Tiempo de lectura":"1 minuto"},"schema":{"@context":"https:\/\/schema.org","@graph":[{"@type":"WebSite","@id":"https:\/\/acefootball.com\/es\/#website","url":"https:\/\/acefootball.com\/es\/","name":"Ace Football Espa\u00f1ol","description":"News, Betting and Livescore","potentialAction":[{"@type":"SearchAction","target":{"@type":"EntryPoint","urlTemplate":"https:\/\/acefootball.com\/es\/?s={search_term_string}"},"query-input":"required name=search_term_string"}],"inLanguage":"es"},{"@type":"ImageObject","@id":"https:\/\/acefootball.com\/es\/noticias-de-futbol\/merecia-ganar-el-balon-de-oro-2020-lewandowski\/#primaryimage","inLanguage":"es","url":"https:\/\/acefootball.com\/es\/wp-content\/uploads\/sites\/3\/2020\/08\/Ace-Football-FB-Preview-48-1.png","contentUrl":"https:\/\/acefootball.com\/es\/wp-content\/uploads\/sites\/3\/2020\/08\/Ace-Football-FB-Preview-48-1.png","width":1200,"height":630},{"@type":"WebPage","@id":"https:\/\/acefootball.com\/es\/noticias-de-futbol\/merecia-ganar-el-balon-de-oro-2020-lewandowski\/#webpage","url":"https:\/\/acefootball.com\/es\/noticias-de-futbol\/merecia-ganar-el-balon-de-oro-2020-lewandowski\/","name":"Merec\u00eda ganar el Bal\u00f3n de Oro 2020: Lewandowski","isPartOf":{"@id":"https:\/\/acefootball.com\/es\/#website"},"primaryImageOfPage":{"@id":"https:\/\/acefootball.com\/es\/noticias-de-futbol\/merecia-ganar-el-balon-de-oro-2020-lewandowski\/#primaryimage"},"datePublished":"2020-08-29T14:46:33+00:00","dateModified":"2020-08-29T14:46:34+00:00","author":{"@id":"https:\/\/acefootball.com\/es\/#\/schema\/person\/c7b84266babe79a775930a02b86567de"},"description":"Lewandowski se ha defendido a s\u00ed mismo, diciendo que debi\u00f3 de haber ganado el Bal\u00f3n de Oro tras ganar el triplete con el Bayern de M\u00fanich.","breadcrumb":{"@id":"https:\/\/acefootball.com\/es\/noticias-de-futbol\/merecia-ganar-el-balon-de-oro-2020-lewandowski\/#breadcrumb"},"inLanguage":"es","potentialAction":[{"@type":"ReadAction","target":["https:\/\/acefootball.com\/es\/noticias-de-futbol\/merecia-ganar-el-balon-de-oro-2020-lewandowski\/"]}]},{"@type":"BreadcrumbList","@id":"https:\/\/acefootball.com\/es\/noticias-de-futbol\/merecia-ganar-el-balon-de-oro-2020-lewandowski\/#breadcrumb","itemListElement":[{"@type":"ListItem","position":1,"name":"Home","item":"https:\/\/acefootball.com\/es\/"},{"@type":"ListItem","position":2,"name":"Merec\u00eda ganar el Bal\u00f3n de Oro 2020: Lewandowski"}]},{"@type":"Person","@id":"https:\/\/acefootball.com\/es\/#\/schema\/person\/c7b84266babe79a775930a02b86567de","name":"Manuel R. Medina","image":{"@type":"ImageObject","@id":"https:\/\/acefootball.com\/es\/#personlogo","inLanguage":"es","url":"https:\/\/secure.gravatar.com\/avatar\/b9f67657f1c26afb639a8c44fae064cb?s=96&d=mm&r=g","contentUrl":"https:\/\/secure.gravatar.com\/avatar\/b9f67657f1c26afb639a8c44fae064cb?s=96&d=mm&r=g","caption":"Manuel R. Medina"},"description":"Manuel R. Medina is a sports journalist that has covered the most important events around the world for the last 17 years. His work has sent him to three FIFA World Cups, one Copa Am\u00e9rica, two Gold Cups, one Olympic Games, and one Confederations Cup. He has covered from the Liga MX in his native Mexico, to the NFL, NBA, MLB; and even European and Russian sports leagues. Right now he's preparing to cover the 2018 FIFA Club World Cup in the United Arab Emirates.","sameAs":["http:\/\/www.facebook.com\/soymanuelmedina","http:\/\/www.instagram.com\/soymanuelmedina","https:\/\/twitter.com\/http:\/\/www.twitter.com\/manuelmedina","http:\/\/www.youtube.com\/tjsports"],"url":"https:\/\/acefootball.com\/es\/noticias-de-futbol\/author\/manuelmedina\/"}]}},"fimg_url":"https:\/\/acefootball.com\/es\/wp-content\/uploads\/2020\/08\/1266146920.jpg","_links":{"self":[{"href":"https:\/\/acefootball.com\/es\/wp-json\/wp\/v2\/posts\/7907"}],"collection":[{"href":"https:\/\/acefootball.com\/es\/wp-json\/wp\/v2\/posts"}],"about":[{"href":"https:\/\/acefootball.com\/es\/wp-json\/wp\/v2\/types\/post"}],"author":[{"embeddable":true,"href":"https:\/\/acefootball.com\/es\/wp-json\/wp\/v2\/users\/275"}],"replies":[{"embeddable":true,"href":"https:\/\/acefootball.com\/es\/wp-json\/wp\/v2\/comments?post=7907"}],"version-history":[{"count":0,"href":"https:\/\/acefootball.com\/es\/wp-json\/wp\/v2\/posts\/7907\/revisions"}],"wp:featuredmedia":[{"embeddable":true,"href":"https:\/\/acefootball.com\/es\/wp-json\/wp\/v2\/media\/-101101226864"}],"wp:attachment":[{"href":"https:\/\/acefootball.com\/es\/wp-json\/wp\/v2\/media?parent=7907"}],"wp:term":[{"taxonomy":"category","embeddable":true,"href":"https:\/\/acefootball.com\/es\/wp-json\/wp\/v2\/categories?post=7907"},{"taxonomy":"post_tag","embeddable":true,"href":"https:\/\/acefootball.com\/es\/wp-json\/wp\/v2\/tags?post=7907"}],"curies":[{"name":"wp","href":"https:\/\/api.w.org\/{rel}","templated":true}]}}