{"id":7888,"date":"2020-08-28T22:25:08","date_gmt":"2020-08-28T22:25:08","guid":{"rendered":"https:\/\/acefootball.com\/es\/?p=7888"},"modified":"2020-08-28T22:28:33","modified_gmt":"2020-08-28T22:28:33","slug":"pellegrini-asegura-que-koeman-le-falto-al-respeto-a-luis-suarez","status":"publish","type":"post","link":"https:\/\/acefootball.com\/es\/noticias-de-futbol\/pellegrini-asegura-que-koeman-le-falto-al-respeto-a-luis-suarez\/","title":{"rendered":"Pellegrini asegura que Koeman le falt\u00f3 al respeto a Luis Su\u00e1rez"},"content":{"rendered":"\n<h2>Ronald Koeman fue duramente criticado por Manuel Pellegrini por la manera en la que despidi\u00f3 a Luis Su\u00e1rez despu\u00e9s de seis a\u00f1os en el Barcelona.\u00a0<\/h2>\n\n\n\n<p>Tras una etapa brillante en el Barcelona, Luis Su\u00e1rez est\u00e1 muy cerca de dejar el club. El delantero <em><a href=\"https:\/\/acefootball.com\/es\/noticias-de-futbol\/rumor-luis-suarez-ira-al-ajax-tras-desaire-de-bartomeu\/\" target=\"_blank\" rel=\"noreferrer noopener\">est\u00e1 entre los jugadores<\/a><\/em> a los que Ronald Koeman no tiene en sus planes para la siguiente temporada.\u00a0<\/p>\n\n\n\n<p>El reci\u00e9n apuntado entrenador del Bar\u00e7a quiere cortar a varios jugadores a los que considera transferibles en este momento. Desde que lleg\u00f3 a los gigantes catalanes, Su\u00e1rez ha logrado anotar 198 goles en 283 partidos jugados. Aparte de eso, tiene m\u00e1s de un centenar de asistencias (109).\u00a0<\/p>\n\n\n\n<div class=\"wp-block-si-widget wp-block-si-widget--center\"><si-lb-widget widget-id=\"PlayerCareerSeasonsStats\" width=\"440\" data-card=\"true\" data-language=\"es\" data-provider=\"betfair\" data-player-id=\"40636\"><\/si-lb-widget><\/div>\n\n\n\n<p>Para un jugador con un impacto tan grande dentro del club, fue bastante raro ver la manera en la que Koeman decidi\u00f3 abordar esta situaci\u00f3n con Su\u00e1rez. Reportes en Espa\u00f1a aseguran que el estratega holand\u00e9s le hizo saber a Luis que ya no lo necesitaba por tel\u00e9fono en una llamada que dur\u00f3 120 segundos.\u00a0<\/p>\n\n\n\n<figure class=\"wp-block-embed-twitter wp-block-embed is-type-rich is-provider-twitter\"><div class=\"wp-block-embed__wrapper\">\n<blockquote class=\"twitter-tweet\" data-width=\"550\" data-dnt=\"true\"><p lang=\"en\" dir=\"ltr\">Barcelona boss Ronald Koeman slammed by Manuel Pellegrini for axing Luis Suarez over the phone <a href=\"https:\/\/t.co\/OPWfZLf5Jc\">https:\/\/t.co\/OPWfZLf5Jc<\/a><\/p>&mdash; MailOnline Sport (@MailSport) <a href=\"https:\/\/twitter.com\/MailSport\/status\/1299319597359869952?ref_src=twsrc%5Etfw\">August 28, 2020<\/a><\/blockquote><script async src=\"https:\/\/platform.twitter.com\/widgets.js\" charset=\"utf-8\"><\/script>\n<\/div><\/figure>\n\n\n\n<p>Esto dej\u00f3 a Manuel Pellegrini sorprendido por la manera en la que un goleador hist\u00f3rico del club catal\u00e1n fue tratado. El t\u00e9cnico chileno considera que estas formas fueron muy irrespetuosas.&nbsp;<\/p>\n\n\n\n<p>\u201cPersonalmente, no me parece correcto,\u201d dijo Pellegrini al <em><a href=\"https:\/\/www.dailymail.co.uk\/sport\/football\/article-8673375\/Barcelona-boss-Ronald-Koeman-slammed-axing-Luis-Suarez-phone.html\" target=\"_blank\" rel=\"noreferrer noopener\">Daily Mail<\/a><\/em>. \u201cUno como entrenador, debe tener la convicci\u00f3n y ser frontal para hablar cara a cara con el jugador y decirle que no lo quiere en su equipo.\u00a0<\/p>\n\n\n\n<p>\u201cHe tenido que hacerlo varias veces y duele, pero hacerlo por tel\u00e9fono me parece una falta de respeto del entrenador al jugador\u201d.&nbsp;<\/p>\n\n\n\n<p>Desde que se empez\u00f3 a hablar de su salida, Luis Su\u00e1rez rompi\u00f3 su silencio en esos rumores por primera vez el d\u00eda de ayer.<\/p>\n\n\n\n<figure class=\"wp-block-embed-wordpress wp-block-embed is-type-wp-embed is-provider-ace-football-espanol\"><div class=\"wp-block-embed__wrapper\">\n<blockquote class=\"wp-embedded-content\" data-secret=\"sp7k9m4Ga7\"><a href=\"https:\/\/acefootball.com\/es\/noticias-de-futbol\/consideran-que-luis-suarez-merecia-mejor-trato-en-el-barcelona\/\">Consideran que Luis Su\u00e1rez merec\u00eda mejor trato en el Barcelona<\/a><\/blockquote><iframe class=\"wp-embedded-content\" sandbox=\"allow-scripts\" security=\"restricted\" style=\"position: absolute; clip: rect(1px, 1px, 1px, 1px);\" title=\"\u00abConsideran que Luis Su\u00e1rez merec\u00eda mejor trato en el Barcelona\u00bb \u2014 Ace Football Espa\u00f1ol\" src=\"https:\/\/acefootball.com\/es\/noticias-de-futbol\/consideran-que-luis-suarez-merecia-mejor-trato-en-el-barcelona\/embed\/#?secret=sp7k9m4Ga7\" data-secret=\"sp7k9m4Ga7\" width=\"600\" height=\"338\" frameborder=\"0\" marginwidth=\"0\" marginheight=\"0\" scrolling=\"no\"><\/iframe>\n<\/div><\/figure>\n","protected":false},"excerpt":{"rendered":"<p>Ronald Koeman fue duramente criticado por Manuel Pellegrini por la manera en la que despidi\u00f3 a Luis Su\u00e1rez despu\u00e9s de seis temporadas. <\/p>\n","protected":false},"author":258,"featured_media":-101101226754,"comment_status":"closed","ping_status":"closed","sticky":false,"template":"","format":"standard","meta":{"om_disable_all_campaigns":false,"push_articles_ronaldo":{"active":false,"canonical":0,"publish":false},"force_updates":null},"categories":[73],"tags":[299,950,3520],"enet_tags":{"team":["8634"],"player":["40636","78591"],"sport_events":[]},"yoast_head":"<!-- This site is optimized with the Yoast SEO plugin v18.3 - https:\/\/yoast.com\/wordpress\/plugins\/seo\/ -->\n<title>Pellegrini asegura que Koeman le falt\u00f3 al respeto a Luis Su\u00e1rez<\/title>\n<meta name=\"description\" content=\"Ronald Koeman fue duramente criticado por Manuel Pellegrini por la manera en la que despidi\u00f3 a Luis Su\u00e1rez despu\u00e9s de seis temporadas.\" \/>\n<meta name=\"robots\" content=\"index, follow, max-snippet:-1, max-image-preview:large, max-video-preview:-1\" \/>\n<link rel=\"canonical\" href=\"https:\/\/acefootball.com\/es\/noticias-de-futbol\/pellegrini-asegura-que-koeman-le-falto-al-respeto-a-luis-suarez\/\" \/>\n<meta property=\"og:locale\" content=\"es_ES\" \/>\n<meta property=\"og:type\" content=\"article\" \/>\n<meta property=\"og:title\" content=\"Pellegrini asegura que Koeman le falt\u00f3 al respeto a Luis Su\u00e1rez\" \/>\n<meta property=\"og:description\" content=\"Ronald Koeman fue duramente criticado por Manuel Pellegrini por la manera en la que despidi\u00f3 a Luis Su\u00e1rez despu\u00e9s de seis temporadas.\" \/>\n<meta property=\"og:url\" content=\"https:\/\/acefootball.com\/es\/noticias-de-futbol\/pellegrini-asegura-que-koeman-le-falto-al-respeto-a-luis-suarez\/\" \/>\n<meta property=\"og:site_name\" content=\"Ace Football Espa\u00f1ol\" \/>\n<meta property=\"article:published_time\" content=\"2020-08-28T22:25:08+00:00\" \/>\n<meta property=\"article:modified_time\" content=\"2020-08-28T22:28:33+00:00\" \/>\n<meta property=\"og:image\" content=\"https:\/\/acefootball.com\/es\/wp-content\/uploads\/2020\/08\/GettyImages-1253612701.jpg\" \/>\n\t<meta property=\"og:image:width\" content=\"1024\" \/>\n\t<meta property=\"og:image:height\" content=\"683\" \/><meta property=\"og:image\" content=\"https:\/\/acefootball.com\/es\/wp-content\/uploads\/sites\/3\/2020\/08\/1253612701.jpg\" \/>\n\t<meta property=\"og:image:width\" content=\"1200\" \/>\n\t<meta property=\"og:image:height\" content=\"630\" \/>\n\t<meta property=\"og:image:type\" content=\"image\/jpeg\" \/>\n<meta name=\"twitter:card\" content=\"summary_large_image\" \/>\n<meta name=\"twitter:image\" content=\"https:\/\/acefootball.com\/es\/wp-content\/uploads\/2020\/08\/GettyImages-1253612701.jpg\" \/>\n<meta name=\"twitter:creator\" content=\"@IAmTomSpiegel\" \/>\n<meta name=\"twitter:label1\" content=\"Escrito por\" \/>\n\t<meta name=\"twitter:data1\" content=\"Pavel I. Meda\" \/>\n\t<meta name=\"twitter:label2\" content=\"Tiempo de lectura\" \/>\n\t<meta name=\"twitter:data2\" content=\"2 minutos\" \/>\n<script type=\"application\/ld+json\" class=\"yoast-schema-graph\">{\"@context\":\"https:\/\/schema.org\",\"@graph\":[{\"@type\":\"WebSite\",\"@id\":\"https:\/\/acefootball.com\/es\/#website\",\"url\":\"https:\/\/acefootball.com\/es\/\",\"name\":\"Ace Football Espa\u00f1ol\",\"description\":\"News, Betting and Livescore\",\"potentialAction\":[{\"@type\":\"SearchAction\",\"target\":{\"@type\":\"EntryPoint\",\"urlTemplate\":\"https:\/\/acefootball.com\/es\/?s={search_term_string}\"},\"query-input\":\"required name=search_term_string\"}],\"inLanguage\":\"es\"},{\"@type\":\"ImageObject\",\"@id\":\"https:\/\/acefootball.com\/es\/noticias-de-futbol\/pellegrini-asegura-que-koeman-le-falto-al-respeto-a-luis-suarez\/#primaryimage\",\"inLanguage\":\"es\",\"url\":\"https:\/\/acefootball.com\/es\/wp-content\/uploads\/sites\/3\/2020\/08\/1253612701.jpg\",\"contentUrl\":\"https:\/\/acefootball.com\/es\/wp-content\/uploads\/sites\/3\/2020\/08\/1253612701.jpg\",\"width\":1200,\"height\":630},{\"@type\":\"WebPage\",\"@id\":\"https:\/\/acefootball.com\/es\/noticias-de-futbol\/pellegrini-asegura-que-koeman-le-falto-al-respeto-a-luis-suarez\/#webpage\",\"url\":\"https:\/\/acefootball.com\/es\/noticias-de-futbol\/pellegrini-asegura-que-koeman-le-falto-al-respeto-a-luis-suarez\/\",\"name\":\"Pellegrini asegura que Koeman le falt\u00f3 al respeto a Luis Su\u00e1rez\",\"isPartOf\":{\"@id\":\"https:\/\/acefootball.com\/es\/#website\"},\"primaryImageOfPage\":{\"@id\":\"https:\/\/acefootball.com\/es\/noticias-de-futbol\/pellegrini-asegura-que-koeman-le-falto-al-respeto-a-luis-suarez\/#primaryimage\"},\"datePublished\":\"2020-08-28T22:25:08+00:00\",\"dateModified\":\"2020-08-28T22:28:33+00:00\",\"author\":{\"@id\":\"https:\/\/acefootball.com\/es\/#\/schema\/person\/c817b858136f968b8b984c68fcf4aa84\"},\"description\":\"Ronald Koeman fue duramente criticado por Manuel Pellegrini por la manera en la que despidi\u00f3 a Luis Su\u00e1rez despu\u00e9s de seis temporadas.\",\"breadcrumb\":{\"@id\":\"https:\/\/acefootball.com\/es\/noticias-de-futbol\/pellegrini-asegura-que-koeman-le-falto-al-respeto-a-luis-suarez\/#breadcrumb\"},\"inLanguage\":\"es\",\"potentialAction\":[{\"@type\":\"ReadAction\",\"target\":[\"https:\/\/acefootball.com\/es\/noticias-de-futbol\/pellegrini-asegura-que-koeman-le-falto-al-respeto-a-luis-suarez\/\"]}]},{\"@type\":\"BreadcrumbList\",\"@id\":\"https:\/\/acefootball.com\/es\/noticias-de-futbol\/pellegrini-asegura-que-koeman-le-falto-al-respeto-a-luis-suarez\/#breadcrumb\",\"itemListElement\":[{\"@type\":\"ListItem\",\"position\":1,\"name\":\"Home\",\"item\":\"https:\/\/acefootball.com\/es\/\"},{\"@type\":\"ListItem\",\"position\":2,\"name\":\"Pellegrini asegura que Koeman le falt\u00f3 al respeto a Luis Su\u00e1rez\"}]},{\"@type\":\"Person\",\"@id\":\"https:\/\/acefootball.com\/es\/#\/schema\/person\/c817b858136f968b8b984c68fcf4aa84\",\"name\":\"Pavel I. Meda\",\"image\":{\"@type\":\"ImageObject\",\"@id\":\"https:\/\/acefootball.com\/es\/#personlogo\",\"inLanguage\":\"es\",\"url\":\"https:\/\/secure.gravatar.com\/avatar\/5d2d4f16693b918e4e93034452d5ee4c?s=96&d=mm&r=g\",\"contentUrl\":\"https:\/\/secure.gravatar.com\/avatar\/5d2d4f16693b918e4e93034452d5ee4c?s=96&d=mm&r=g\",\"caption\":\"Pavel I. Meda\"},\"description\":\"Football writer and journalist with 10 years of previous experience who loves his job and always likes to appreciate this beautiful sport. I've worked for companies such as Goal.com and Underdog Global Sports in the past. I am also an avid film and pop culture fan who spends his free time consuming any interesting story that is worth telling.\",\"sameAs\":[\"https:\/\/www.instagram.com\/rampantintellectual\/\",\"https:\/\/www.linkedin.com\/in\/pavel-ibarra-meda\",\"https:\/\/twitter.com\/IAmTomSpiegel\"],\"url\":\"https:\/\/acefootball.com\/es\/noticias-de-futbol\/author\/tomasibarra\/\"}]}<\/script>\n<!-- \/ Yoast SEO plugin. -->","yoast_head_json":{"title":"Pellegrini asegura que Koeman le falt\u00f3 al respeto a Luis Su\u00e1rez","description":"Ronald Koeman fue duramente criticado por Manuel Pellegrini por la manera en la que despidi\u00f3 a Luis Su\u00e1rez despu\u00e9s de seis temporadas.","robots":{"index":"index","follow":"follow","max-snippet":"max-snippet:-1","max-image-preview":"max-image-preview:large","max-video-preview":"max-video-preview:-1"},"canonical":"https:\/\/acefootball.com\/es\/noticias-de-futbol\/pellegrini-asegura-que-koeman-le-falto-al-respeto-a-luis-suarez\/","og_locale":"es_ES","og_type":"article","og_title":"Pellegrini asegura que Koeman le falt\u00f3 al respeto a Luis Su\u00e1rez","og_description":"Ronald Koeman fue duramente criticado por Manuel Pellegrini por la manera en la que despidi\u00f3 a Luis Su\u00e1rez despu\u00e9s de seis temporadas.","og_url":"https:\/\/acefootball.com\/es\/noticias-de-futbol\/pellegrini-asegura-que-koeman-le-falto-al-respeto-a-luis-suarez\/","og_site_name":"Ace Football Espa\u00f1ol","article_published_time":"2020-08-28T22:25:08+00:00","article_modified_time":"2020-08-28T22:28:33+00:00","og_image":[{"url":"https:\/\/acefootball.com\/es\/wp-content\/uploads\/2020\/08\/GettyImages-1253612701.jpg","height":683,"width":1024},{"width":1200,"height":630,"url":"https:\/\/acefootball.com\/es\/wp-content\/uploads\/sites\/3\/2020\/08\/1253612701.jpg","type":"image\/jpeg"}],"twitter_card":"summary_large_image","twitter_image":"https:\/\/acefootball.com\/es\/wp-content\/uploads\/2020\/08\/GettyImages-1253612701.jpg","twitter_creator":"@IAmTomSpiegel","twitter_misc":{"Escrito por":"Pavel I. Meda","Tiempo de lectura":"2 minutos"},"schema":{"@context":"https:\/\/schema.org","@graph":[{"@type":"WebSite","@id":"https:\/\/acefootball.com\/es\/#website","url":"https:\/\/acefootball.com\/es\/","name":"Ace Football Espa\u00f1ol","description":"News, Betting and Livescore","potentialAction":[{"@type":"SearchAction","target":{"@type":"EntryPoint","urlTemplate":"https:\/\/acefootball.com\/es\/?s={search_term_string}"},"query-input":"required name=search_term_string"}],"inLanguage":"es"},{"@type":"ImageObject","@id":"https:\/\/acefootball.com\/es\/noticias-de-futbol\/pellegrini-asegura-que-koeman-le-falto-al-respeto-a-luis-suarez\/#primaryimage","inLanguage":"es","url":"https:\/\/acefootball.com\/es\/wp-content\/uploads\/sites\/3\/2020\/08\/1253612701.jpg","contentUrl":"https:\/\/acefootball.com\/es\/wp-content\/uploads\/sites\/3\/2020\/08\/1253612701.jpg","width":1200,"height":630},{"@type":"WebPage","@id":"https:\/\/acefootball.com\/es\/noticias-de-futbol\/pellegrini-asegura-que-koeman-le-falto-al-respeto-a-luis-suarez\/#webpage","url":"https:\/\/acefootball.com\/es\/noticias-de-futbol\/pellegrini-asegura-que-koeman-le-falto-al-respeto-a-luis-suarez\/","name":"Pellegrini asegura que Koeman le falt\u00f3 al respeto a Luis Su\u00e1rez","isPartOf":{"@id":"https:\/\/acefootball.com\/es\/#website"},"primaryImageOfPage":{"@id":"https:\/\/acefootball.com\/es\/noticias-de-futbol\/pellegrini-asegura-que-koeman-le-falto-al-respeto-a-luis-suarez\/#primaryimage"},"datePublished":"2020-08-28T22:25:08+00:00","dateModified":"2020-08-28T22:28:33+00:00","author":{"@id":"https:\/\/acefootball.com\/es\/#\/schema\/person\/c817b858136f968b8b984c68fcf4aa84"},"description":"Ronald Koeman fue duramente criticado por Manuel Pellegrini por la manera en la que despidi\u00f3 a Luis Su\u00e1rez despu\u00e9s de seis temporadas.","breadcrumb":{"@id":"https:\/\/acefootball.com\/es\/noticias-de-futbol\/pellegrini-asegura-que-koeman-le-falto-al-respeto-a-luis-suarez\/#breadcrumb"},"inLanguage":"es","potentialAction":[{"@type":"ReadAction","target":["https:\/\/acefootball.com\/es\/noticias-de-futbol\/pellegrini-asegura-que-koeman-le-falto-al-respeto-a-luis-suarez\/"]}]},{"@type":"BreadcrumbList","@id":"https:\/\/acefootball.com\/es\/noticias-de-futbol\/pellegrini-asegura-que-koeman-le-falto-al-respeto-a-luis-suarez\/#breadcrumb","itemListElement":[{"@type":"ListItem","position":1,"name":"Home","item":"https:\/\/acefootball.com\/es\/"},{"@type":"ListItem","position":2,"name":"Pellegrini asegura que Koeman le falt\u00f3 al respeto a Luis Su\u00e1rez"}]},{"@type":"Person","@id":"https:\/\/acefootball.com\/es\/#\/schema\/person\/c817b858136f968b8b984c68fcf4aa84","name":"Pavel I. Meda","image":{"@type":"ImageObject","@id":"https:\/\/acefootball.com\/es\/#personlogo","inLanguage":"es","url":"https:\/\/secure.gravatar.com\/avatar\/5d2d4f16693b918e4e93034452d5ee4c?s=96&d=mm&r=g","contentUrl":"https:\/\/secure.gravatar.com\/avatar\/5d2d4f16693b918e4e93034452d5ee4c?s=96&d=mm&r=g","caption":"Pavel I. Meda"},"description":"Football writer and journalist with 10 years of previous experience who loves his job and always likes to appreciate this beautiful sport. I've worked for companies such as Goal.com and Underdog Global Sports in the past. I am also an avid film and pop culture fan who spends his free time consuming any interesting story that is worth telling.","sameAs":["https:\/\/www.instagram.com\/rampantintellectual\/","https:\/\/www.linkedin.com\/in\/pavel-ibarra-meda","https:\/\/twitter.com\/IAmTomSpiegel"],"url":"https:\/\/acefootball.com\/es\/noticias-de-futbol\/author\/tomasibarra\/"}]}},"fimg_url":"https:\/\/acefootball.com\/es\/wp-content\/uploads\/2020\/08\/GettyImages-1253612701.jpg","_links":{"self":[{"href":"https:\/\/acefootball.com\/es\/wp-json\/wp\/v2\/posts\/7888"}],"collection":[{"href":"https:\/\/acefootball.com\/es\/wp-json\/wp\/v2\/posts"}],"about":[{"href":"https:\/\/acefootball.com\/es\/wp-json\/wp\/v2\/types\/post"}],"author":[{"embeddable":true,"href":"https:\/\/acefootball.com\/es\/wp-json\/wp\/v2\/users\/258"}],"replies":[{"embeddable":true,"href":"https:\/\/acefootball.com\/es\/wp-json\/wp\/v2\/comments?post=7888"}],"version-history":[{"count":0,"href":"https:\/\/acefootball.com\/es\/wp-json\/wp\/v2\/posts\/7888\/revisions"}],"wp:featuredmedia":[{"embeddable":true,"href":"https:\/\/acefootball.com\/es\/wp-json\/wp\/v2\/media\/-101101226754"}],"wp:attachment":[{"href":"https:\/\/acefootball.com\/es\/wp-json\/wp\/v2\/media?parent=7888"}],"wp:term":[{"taxonomy":"category","embeddable":true,"href":"https:\/\/acefootball.com\/es\/wp-json\/wp\/v2\/categories?post=7888"},{"taxonomy":"post_tag","embeddable":true,"href":"https:\/\/acefootball.com\/es\/wp-json\/wp\/v2\/tags?post=7888"}],"curies":[{"name":"wp","href":"https:\/\/api.w.org\/{rel}","templated":true}]}}