{"id":7847,"date":"2020-08-28T18:09:08","date_gmt":"2020-08-28T18:09:08","guid":{"rendered":"https:\/\/acefootball.com\/es\/?p=7847"},"modified":"2020-08-28T18:09:09","modified_gmt":"2020-08-28T18:09:09","slug":"presidente-del-psg-rinde-homenaje-al-legendario-thiago-silva","status":"publish","type":"post","link":"https:\/\/acefootball.com\/es\/noticias-de-futbol\/presidente-del-psg-rinde-homenaje-al-legendario-thiago-silva\/","title":{"rendered":"Presidente del PSG rinde homenaje al \u201clegendario\u201d Thiago Silva"},"content":{"rendered":"\n<h2>El Paris Saint-Germain ha confirmado la salida de Thiago Silva con un mensaje de agradecimiento por sus ocho a\u00f1os de servicios.<\/h2>\n\n\n\n<p>Una saga de traspasos de casi un mes lleg\u00f3 a su fin en julio de 2012 cuando el Paris Saint-Germain confirm\u00f3 el fichaje de Thiago Silva procedente del <em><a href=\"https:\/\/acefootball.com\/es\/noticias-de-futbol\/theo-hernandez-jura-volver-mas-fuerte-con-el-ac-milan\/\" target=\"_blank\" rel=\"noreferrer noopener\">AC Milan<\/a><\/em> por unos 46 millones de euros.<\/p>\n\n\n\n<p>Silva tuvo que esperar un poco antes de debutar, ya que lleg\u00f3 de Mil\u00e1n con una lesi\u00f3n en el muslo.<\/p>\n\n\n\n<p>El 19 de septiembre, unos dos meses despu\u00e9s de su llegada, jug\u00f3 y marc\u00f3 por primera vez con el PSG en la victoria por 4-1 sobre el Dynamo Kiev en un partido de la fase de grupos de la Liga de Campeones.<\/p>\n\n\n\n<p>A partir de entonces, nunca mir\u00f3 hacia atr\u00e1s, ya que se convirti\u00f3 en un pilar de la l\u00ednea de fondo del PSG.<\/p>\n\n\n\n<p>El central brasile\u00f1o disfrut\u00f3 de un inmenso \u00e9xito durante su estad\u00eda en la capital francesa, ganando 7 t\u00edtulos de la Ligue 1 entre una pl\u00e9tora de otros trofeos nacionales.<\/p>\n\n\n\n<p>Silva jug\u00f3 su \u00faltimo partido para los gigantes de la Ligue 1 en la derrota final de la Liga de Campeones ante el Bayern de M\u00fanich, un partido que marc\u00f3 su 315va aparici\u00f3n con el club.<\/p>\n\n\n\n<div class=\"wp-block-si-widget wp-block-si-widget--center\"><si-lb-widget widget-id=\"PlayerCareerSeasonsStats\" width=\"600\" data-card=\"true\" data-language=\"es\" data-provider=\"betfair\" data-player-id=\"80562\" data-theme-appearance=\"dark\"><\/si-lb-widget><\/div>\n\n\n\n<p>El mi\u00e9rcoles, confirm\u00f3 su partida mientras redactaba un emotivo mensaje de despedida a los fan\u00e1ticos en las redes sociales.<\/p>\n\n\n\n<p><em><a href=\"https:\/\/twitter.com\/PSG_inside\/status\/1299000812161470465?s=20\" target=\"_blank\" rel=\"noreferrer noopener\">Y ahora el club le ha rendido homenaje con el presidente Nasser Al-Khelaifi tambi\u00e9n honrando el compromiso prolongado del defensa.<\/a><\/em><\/p>\n\n\n\n<p>\u201cThiago, gracias por estos ocho a\u00f1os memorables, llenos de recuerdos duraderos y por tu implicaci\u00f3n, tu devoci\u00f3n y tu esp\u00edritu\u201d, dijo.<\/p>\n\n\n\n<p>\u201cSiempre ser\u00e1s uno de los mejores jugadores de la historia y tu estatus legendario aqu\u00ed en el PSG durar\u00e1 para siempre\u201d.<\/p>\n\n\n\n<figure class=\"wp-block-embed\"><div class=\"wp-block-embed__wrapper\">\n<blockquote class=\"twitter-tweet\" data-width=\"550\" data-dnt=\"true\"><p lang=\"fr\" dir=\"ltr\">\ud83d\ude4c\u2764\ufe0f\ud83d\udc99 <a href=\"https:\/\/twitter.com\/hashtag\/MerciCapitaine?src=hash&amp;ref_src=twsrc%5Etfw\">#MerciCapitaine<\/a><br><br>Tu as marqu\u00e9 l&#39;histoire du Club<br>Rouge et Bleu \u00e0 vie<br>\u00c0 jamais dans nos coeurs<br><br>Boa continua\u00e7\u00e3o \ud835\udc76 \ud835\udc74\ud835\udc90\ud835\udc8f\ud835\udc94\ud835\udc95\ud835\udc93\ud835\udc90 <a href=\"https:\/\/twitter.com\/tsilva3?ref_src=twsrc%5Etfw\">@tsilva3<\/a> \u270a\ud83d\udd25 <a href=\"https:\/\/t.co\/kzIOsXYWvT\">pic.twitter.com\/kzIOsXYWvT<\/a><\/p>&mdash; Paris Saint-Germain (@PSG_inside) <a href=\"https:\/\/twitter.com\/PSG_inside\/status\/1299000812161470465?ref_src=twsrc%5Etfw\">August 27, 2020<\/a><\/blockquote><script async src=\"https:\/\/platform.twitter.com\/widgets.js\" charset=\"utf-8\"><\/script>\n<\/div><\/figure>\n\n\n\n<p>\u201cLes deseo a usted ya su familia lo mejor para sus desaf\u00edos futuros. Siempre ser\u00e1s parte de la familia y de la historia del club, \u00a1muchas gracias capit\u00e1n!\u201d<\/p>\n","protected":false},"excerpt":{"rendered":"<p>El Paris Saint-Germain ha confirmado la salida de Thiago Silva con un mensaje de agradecimiento por sus ocho a\u00f1os de servicios.<\/p>\n","protected":false},"author":275,"featured_media":-101101226632,"comment_status":"closed","ping_status":"closed","sticky":false,"template":"","format":"standard","meta":{"om_disable_all_campaigns":false,"push_articles_ronaldo":{"active":false,"canonical":0,"publish":false},"force_updates":null},"categories":[1],"tags":[1365,80,1914,77,6663],"enet_tags":{"team":["8455","9847"],"league":["53","47"],"player":["80562"],"sport_events":[]},"yoast_head":"<!-- This site is optimized with the Yoast SEO plugin v18.3 - https:\/\/yoast.com\/wordpress\/plugins\/seo\/ -->\n<title>Presidente del PSG rinde homenaje al \u201clegendario\u201d Thiago Silva<\/title>\n<meta name=\"description\" content=\"El Paris Saint-Germain ha confirmado la salida de Thiago Silva con un mensaje de agradecimiento por sus ocho a\u00f1os de servicios.\" \/>\n<meta name=\"robots\" content=\"index, follow, max-snippet:-1, max-image-preview:large, max-video-preview:-1\" \/>\n<link rel=\"canonical\" href=\"https:\/\/acefootball.com\/es\/noticias-de-futbol\/presidente-del-psg-rinde-homenaje-al-legendario-thiago-silva\/\" \/>\n<meta property=\"og:locale\" content=\"es_ES\" \/>\n<meta property=\"og:type\" content=\"article\" \/>\n<meta property=\"og:title\" content=\"Presidente del PSG rinde homenaje al \u201clegendario\u201d Thiago Silva\" \/>\n<meta property=\"og:description\" content=\"El Paris Saint-Germain ha confirmado la salida de Thiago Silva con un mensaje de agradecimiento por sus ocho a\u00f1os de servicios.\" \/>\n<meta property=\"og:url\" content=\"https:\/\/acefootball.com\/es\/noticias-de-futbol\/presidente-del-psg-rinde-homenaje-al-legendario-thiago-silva\/\" \/>\n<meta property=\"og:site_name\" content=\"Ace Football Espa\u00f1ol\" \/>\n<meta property=\"article:author\" content=\"http:\/\/www.facebook.com\/soymanuelmedina\" \/>\n<meta property=\"article:published_time\" content=\"2020-08-28T18:09:08+00:00\" \/>\n<meta property=\"article:modified_time\" content=\"2020-08-28T18:09:09+00:00\" \/>\n<meta property=\"og:image\" content=\"https:\/\/acefootball.com\/es\/wp-content\/uploads\/2020\/08\/1182741098.jpg\" \/>\n\t<meta property=\"og:image:width\" content=\"1024\" \/>\n\t<meta property=\"og:image:height\" content=\"673\" \/><meta property=\"og:image\" content=\"https:\/\/acefootball.com\/es\/wp-content\/uploads\/sites\/3\/2020\/08\/Ace-Football-FB-Preview-43-1.png\" \/>\n\t<meta property=\"og:image:width\" content=\"1200\" \/>\n\t<meta property=\"og:image:height\" content=\"630\" \/>\n\t<meta property=\"og:image:type\" content=\"image\/png\" \/>\n<meta name=\"twitter:card\" content=\"summary_large_image\" \/>\n<meta name=\"twitter:image\" content=\"https:\/\/acefootball.com\/es\/wp-content\/uploads\/2020\/08\/1182741098.jpg\" \/>\n<meta name=\"twitter:creator\" content=\"@http:\/\/www.twitter.com\/manuelmedina\" \/>\n<meta name=\"twitter:label1\" content=\"Escrito por\" \/>\n\t<meta name=\"twitter:data1\" content=\"Manuel R. Medina\" \/>\n\t<meta name=\"twitter:label2\" content=\"Tiempo de lectura\" \/>\n\t<meta name=\"twitter:data2\" content=\"2 minutos\" \/>\n<script type=\"application\/ld+json\" class=\"yoast-schema-graph\">{\"@context\":\"https:\/\/schema.org\",\"@graph\":[{\"@type\":\"WebSite\",\"@id\":\"https:\/\/acefootball.com\/es\/#website\",\"url\":\"https:\/\/acefootball.com\/es\/\",\"name\":\"Ace Football Espa\u00f1ol\",\"description\":\"News, Betting and Livescore\",\"potentialAction\":[{\"@type\":\"SearchAction\",\"target\":{\"@type\":\"EntryPoint\",\"urlTemplate\":\"https:\/\/acefootball.com\/es\/?s={search_term_string}\"},\"query-input\":\"required name=search_term_string\"}],\"inLanguage\":\"es\"},{\"@type\":\"ImageObject\",\"@id\":\"https:\/\/acefootball.com\/es\/noticias-de-futbol\/presidente-del-psg-rinde-homenaje-al-legendario-thiago-silva\/#primaryimage\",\"inLanguage\":\"es\",\"url\":\"https:\/\/acefootball.com\/es\/wp-content\/uploads\/sites\/3\/2020\/08\/Ace-Football-FB-Preview-43-1.png\",\"contentUrl\":\"https:\/\/acefootball.com\/es\/wp-content\/uploads\/sites\/3\/2020\/08\/Ace-Football-FB-Preview-43-1.png\",\"width\":1200,\"height\":630},{\"@type\":\"WebPage\",\"@id\":\"https:\/\/acefootball.com\/es\/noticias-de-futbol\/presidente-del-psg-rinde-homenaje-al-legendario-thiago-silva\/#webpage\",\"url\":\"https:\/\/acefootball.com\/es\/noticias-de-futbol\/presidente-del-psg-rinde-homenaje-al-legendario-thiago-silva\/\",\"name\":\"Presidente del PSG rinde homenaje al \u201clegendario\u201d Thiago Silva\",\"isPartOf\":{\"@id\":\"https:\/\/acefootball.com\/es\/#website\"},\"primaryImageOfPage\":{\"@id\":\"https:\/\/acefootball.com\/es\/noticias-de-futbol\/presidente-del-psg-rinde-homenaje-al-legendario-thiago-silva\/#primaryimage\"},\"datePublished\":\"2020-08-28T18:09:08+00:00\",\"dateModified\":\"2020-08-28T18:09:09+00:00\",\"author\":{\"@id\":\"https:\/\/acefootball.com\/es\/#\/schema\/person\/c7b84266babe79a775930a02b86567de\"},\"description\":\"El Paris Saint-Germain ha confirmado la salida de Thiago Silva con un mensaje de agradecimiento por sus ocho a\u00f1os de servicios.\",\"breadcrumb\":{\"@id\":\"https:\/\/acefootball.com\/es\/noticias-de-futbol\/presidente-del-psg-rinde-homenaje-al-legendario-thiago-silva\/#breadcrumb\"},\"inLanguage\":\"es\",\"potentialAction\":[{\"@type\":\"ReadAction\",\"target\":[\"https:\/\/acefootball.com\/es\/noticias-de-futbol\/presidente-del-psg-rinde-homenaje-al-legendario-thiago-silva\/\"]}]},{\"@type\":\"BreadcrumbList\",\"@id\":\"https:\/\/acefootball.com\/es\/noticias-de-futbol\/presidente-del-psg-rinde-homenaje-al-legendario-thiago-silva\/#breadcrumb\",\"itemListElement\":[{\"@type\":\"ListItem\",\"position\":1,\"name\":\"Home\",\"item\":\"https:\/\/acefootball.com\/es\/\"},{\"@type\":\"ListItem\",\"position\":2,\"name\":\"Presidente del PSG rinde homenaje al \u201clegendario\u201d Thiago Silva\"}]},{\"@type\":\"Person\",\"@id\":\"https:\/\/acefootball.com\/es\/#\/schema\/person\/c7b84266babe79a775930a02b86567de\",\"name\":\"Manuel R. Medina\",\"image\":{\"@type\":\"ImageObject\",\"@id\":\"https:\/\/acefootball.com\/es\/#personlogo\",\"inLanguage\":\"es\",\"url\":\"https:\/\/secure.gravatar.com\/avatar\/b9f67657f1c26afb639a8c44fae064cb?s=96&d=mm&r=g\",\"contentUrl\":\"https:\/\/secure.gravatar.com\/avatar\/b9f67657f1c26afb639a8c44fae064cb?s=96&d=mm&r=g\",\"caption\":\"Manuel R. Medina\"},\"description\":\"Manuel R. Medina is a sports journalist that has covered the most important events around the world for the last 17 years. His work has sent him to three FIFA World Cups, one Copa Am\u00e9rica, two Gold Cups, one Olympic Games, and one Confederations Cup. He has covered from the Liga MX in his native Mexico, to the NFL, NBA, MLB; and even European and Russian sports leagues. Right now he's preparing to cover the 2018 FIFA Club World Cup in the United Arab Emirates.\",\"sameAs\":[\"http:\/\/www.facebook.com\/soymanuelmedina\",\"http:\/\/www.instagram.com\/soymanuelmedina\",\"https:\/\/twitter.com\/http:\/\/www.twitter.com\/manuelmedina\",\"http:\/\/www.youtube.com\/tjsports\"],\"url\":\"https:\/\/acefootball.com\/es\/noticias-de-futbol\/author\/manuelmedina\/\"}]}<\/script>\n<!-- \/ Yoast SEO plugin. -->","yoast_head_json":{"title":"Presidente del PSG rinde homenaje al \u201clegendario\u201d Thiago Silva","description":"El Paris Saint-Germain ha confirmado la salida de Thiago Silva con un mensaje de agradecimiento por sus ocho a\u00f1os de servicios.","robots":{"index":"index","follow":"follow","max-snippet":"max-snippet:-1","max-image-preview":"max-image-preview:large","max-video-preview":"max-video-preview:-1"},"canonical":"https:\/\/acefootball.com\/es\/noticias-de-futbol\/presidente-del-psg-rinde-homenaje-al-legendario-thiago-silva\/","og_locale":"es_ES","og_type":"article","og_title":"Presidente del PSG rinde homenaje al \u201clegendario\u201d Thiago Silva","og_description":"El Paris Saint-Germain ha confirmado la salida de Thiago Silva con un mensaje de agradecimiento por sus ocho a\u00f1os de servicios.","og_url":"https:\/\/acefootball.com\/es\/noticias-de-futbol\/presidente-del-psg-rinde-homenaje-al-legendario-thiago-silva\/","og_site_name":"Ace Football Espa\u00f1ol","article_author":"http:\/\/www.facebook.com\/soymanuelmedina","article_published_time":"2020-08-28T18:09:08+00:00","article_modified_time":"2020-08-28T18:09:09+00:00","og_image":[{"url":"https:\/\/acefootball.com\/es\/wp-content\/uploads\/2020\/08\/1182741098.jpg","height":673,"width":1024},{"width":1200,"height":630,"url":"https:\/\/acefootball.com\/es\/wp-content\/uploads\/sites\/3\/2020\/08\/Ace-Football-FB-Preview-43-1.png","type":"image\/png"}],"twitter_card":"summary_large_image","twitter_image":"https:\/\/acefootball.com\/es\/wp-content\/uploads\/2020\/08\/1182741098.jpg","twitter_creator":"@http:\/\/www.twitter.com\/manuelmedina","twitter_misc":{"Escrito por":"Manuel R. Medina","Tiempo de lectura":"2 minutos"},"schema":{"@context":"https:\/\/schema.org","@graph":[{"@type":"WebSite","@id":"https:\/\/acefootball.com\/es\/#website","url":"https:\/\/acefootball.com\/es\/","name":"Ace Football Espa\u00f1ol","description":"News, Betting and Livescore","potentialAction":[{"@type":"SearchAction","target":{"@type":"EntryPoint","urlTemplate":"https:\/\/acefootball.com\/es\/?s={search_term_string}"},"query-input":"required name=search_term_string"}],"inLanguage":"es"},{"@type":"ImageObject","@id":"https:\/\/acefootball.com\/es\/noticias-de-futbol\/presidente-del-psg-rinde-homenaje-al-legendario-thiago-silva\/#primaryimage","inLanguage":"es","url":"https:\/\/acefootball.com\/es\/wp-content\/uploads\/sites\/3\/2020\/08\/Ace-Football-FB-Preview-43-1.png","contentUrl":"https:\/\/acefootball.com\/es\/wp-content\/uploads\/sites\/3\/2020\/08\/Ace-Football-FB-Preview-43-1.png","width":1200,"height":630},{"@type":"WebPage","@id":"https:\/\/acefootball.com\/es\/noticias-de-futbol\/presidente-del-psg-rinde-homenaje-al-legendario-thiago-silva\/#webpage","url":"https:\/\/acefootball.com\/es\/noticias-de-futbol\/presidente-del-psg-rinde-homenaje-al-legendario-thiago-silva\/","name":"Presidente del PSG rinde homenaje al \u201clegendario\u201d Thiago Silva","isPartOf":{"@id":"https:\/\/acefootball.com\/es\/#website"},"primaryImageOfPage":{"@id":"https:\/\/acefootball.com\/es\/noticias-de-futbol\/presidente-del-psg-rinde-homenaje-al-legendario-thiago-silva\/#primaryimage"},"datePublished":"2020-08-28T18:09:08+00:00","dateModified":"2020-08-28T18:09:09+00:00","author":{"@id":"https:\/\/acefootball.com\/es\/#\/schema\/person\/c7b84266babe79a775930a02b86567de"},"description":"El Paris Saint-Germain ha confirmado la salida de Thiago Silva con un mensaje de agradecimiento por sus ocho a\u00f1os de servicios.","breadcrumb":{"@id":"https:\/\/acefootball.com\/es\/noticias-de-futbol\/presidente-del-psg-rinde-homenaje-al-legendario-thiago-silva\/#breadcrumb"},"inLanguage":"es","potentialAction":[{"@type":"ReadAction","target":["https:\/\/acefootball.com\/es\/noticias-de-futbol\/presidente-del-psg-rinde-homenaje-al-legendario-thiago-silva\/"]}]},{"@type":"BreadcrumbList","@id":"https:\/\/acefootball.com\/es\/noticias-de-futbol\/presidente-del-psg-rinde-homenaje-al-legendario-thiago-silva\/#breadcrumb","itemListElement":[{"@type":"ListItem","position":1,"name":"Home","item":"https:\/\/acefootball.com\/es\/"},{"@type":"ListItem","position":2,"name":"Presidente del PSG rinde homenaje al \u201clegendario\u201d Thiago Silva"}]},{"@type":"Person","@id":"https:\/\/acefootball.com\/es\/#\/schema\/person\/c7b84266babe79a775930a02b86567de","name":"Manuel R. Medina","image":{"@type":"ImageObject","@id":"https:\/\/acefootball.com\/es\/#personlogo","inLanguage":"es","url":"https:\/\/secure.gravatar.com\/avatar\/b9f67657f1c26afb639a8c44fae064cb?s=96&d=mm&r=g","contentUrl":"https:\/\/secure.gravatar.com\/avatar\/b9f67657f1c26afb639a8c44fae064cb?s=96&d=mm&r=g","caption":"Manuel R. Medina"},"description":"Manuel R. Medina is a sports journalist that has covered the most important events around the world for the last 17 years. His work has sent him to three FIFA World Cups, one Copa Am\u00e9rica, two Gold Cups, one Olympic Games, and one Confederations Cup. He has covered from the Liga MX in his native Mexico, to the NFL, NBA, MLB; and even European and Russian sports leagues. Right now he's preparing to cover the 2018 FIFA Club World Cup in the United Arab Emirates.","sameAs":["http:\/\/www.facebook.com\/soymanuelmedina","http:\/\/www.instagram.com\/soymanuelmedina","https:\/\/twitter.com\/http:\/\/www.twitter.com\/manuelmedina","http:\/\/www.youtube.com\/tjsports"],"url":"https:\/\/acefootball.com\/es\/noticias-de-futbol\/author\/manuelmedina\/"}]}},"fimg_url":"https:\/\/acefootball.com\/es\/wp-content\/uploads\/2020\/08\/1182741098.jpg","_links":{"self":[{"href":"https:\/\/acefootball.com\/es\/wp-json\/wp\/v2\/posts\/7847"}],"collection":[{"href":"https:\/\/acefootball.com\/es\/wp-json\/wp\/v2\/posts"}],"about":[{"href":"https:\/\/acefootball.com\/es\/wp-json\/wp\/v2\/types\/post"}],"author":[{"embeddable":true,"href":"https:\/\/acefootball.com\/es\/wp-json\/wp\/v2\/users\/275"}],"replies":[{"embeddable":true,"href":"https:\/\/acefootball.com\/es\/wp-json\/wp\/v2\/comments?post=7847"}],"version-history":[{"count":0,"href":"https:\/\/acefootball.com\/es\/wp-json\/wp\/v2\/posts\/7847\/revisions"}],"wp:featuredmedia":[{"embeddable":true,"href":"https:\/\/acefootball.com\/es\/wp-json\/wp\/v2\/media\/-101101226632"}],"wp:attachment":[{"href":"https:\/\/acefootball.com\/es\/wp-json\/wp\/v2\/media?parent=7847"}],"wp:term":[{"taxonomy":"category","embeddable":true,"href":"https:\/\/acefootball.com\/es\/wp-json\/wp\/v2\/categories?post=7847"},{"taxonomy":"post_tag","embeddable":true,"href":"https:\/\/acefootball.com\/es\/wp-json\/wp\/v2\/tags?post=7847"}],"curies":[{"name":"wp","href":"https:\/\/api.w.org\/{rel}","templated":true}]}}