{"id":7480,"date":"2020-08-23T17:32:30","date_gmt":"2020-08-23T17:32:30","guid":{"rendered":"https:\/\/acefootball.com\/es\/?p=7480"},"modified":"2020-08-23T17:32:35","modified_gmt":"2020-08-23T17:32:35","slug":"wayne-rooney-cree-que-el-psg-ganara-la-champions","status":"publish","type":"post","link":"https:\/\/acefootball.com\/es\/noticias-de-futbol\/wayne-rooney-cree-que-el-psg-ganara-la-champions\/","title":{"rendered":"Wayne Rooney cree que el PSG ganar\u00e1 la Champions"},"content":{"rendered":"\n<h2>Bayern Munich y Par\u00eds Saint-Germain se enfrentar\u00e1n para saber qui\u00e9n se queda con la Champions y Wayne Rooney ya eligi\u00f3 ganador.<\/h2>\n\n\n\n<p>Wayne Rooney ya jug\u00f3 su buena cantidad de finales durante sus d\u00edas como jugador del Manchester United. Estuvo en la final de la Champions League en 2008 cuando su equipo derrot\u00f3 al Chelsea en penales. Tambi\u00e9n perdi\u00f3 dos finales contra el FC Barcelona en 2009 y 2011.\u00a0<\/p>\n\n\n\n<div class=\"wp-block-si-widget wp-block-si-widget--center\"><si-lb-widget widget-id=\"MatchInfo\" width=\"600\" data-nopadding=\"true\" data-card=\"true\" data-language=\"es\" data-provider=\"betfair\" data-event-id=\"3363670\"><\/si-lb-widget><\/div>\n\n\n\n<p>El canterano del Everton ha seguido esta edici\u00f3n del torneo muy de cerca y se siente c\u00f3modo con su candidato para levantar el trofeo este domingo.&nbsp;<\/p>\n\n\n\n<p>Wayne est\u00e1 muy sorprendido por lo que ha hecho el Bayern Munich pero piensa que el <em><a href=\"https:\/\/acefootball.com\/es\/ligue-1\/paris-saint-germain\/\" target=\"_blank\" rel=\"noreferrer noopener\">Par\u00eds Saint-Germain<\/a><\/em> tiene lo necesario para derrotarlos. El jugador\/entrenador del Derby County explic\u00f3 que los talentos individuales de Neymar, Mbapp\u00e9 y Di Mar\u00eda llevar\u00e1n al PSG a ganar la final.\u00a0<\/p>\n\n\n\n<p>\u00abBayern tiene la ventaja de que la mayor\u00eda de su once inicial jug\u00f3 una final de la Champions League en el pasado y sabr\u00e1n c\u00f3mo manejar el aspecto mental,\u00bb dijo Rooney a <em><a href=\"https:\/\/www.thetimes.co.uk\/article\/champions-league-final-psg-have-talent-balance-and-depth-to-become-kings-of-europe-j5cc50mzf?wgu=270525_54264_15981966810209_a9faeef894&amp;wgexpiry=1605972680&amp;utm_source=planit&amp;utm_medium=affiliate&amp;utm_content=22278\" target=\"_blank\" rel=\"noreferrer noopener\">The Times<\/a><\/em>. \u00abPero tengo un presentimiento con el PSG.\u00a0<\/p>\n\n\n\n<figure class=\"wp-block-embed-twitter wp-block-embed is-type-rich is-provider-twitter\"><div class=\"wp-block-embed__wrapper\">\n<blockquote class=\"twitter-tweet\" data-width=\"550\" data-dnt=\"true\"><p lang=\"en\" dir=\"ltr\">One goal and two assists. <br><br>Don\u2019t underestimate how important Angel Di Maria is to this PSG team \ud83d\udc4f <a href=\"https:\/\/t.co\/0BnQy3zCD5\">pic.twitter.com\/0BnQy3zCD5<\/a><\/p>&mdash; B\/R Football (@brfootball) <a href=\"https:\/\/twitter.com\/brfootball\/status\/1295844138588545024?ref_src=twsrc%5Etfw\">August 18, 2020<\/a><\/blockquote><script async src=\"https:\/\/platform.twitter.com\/widgets.js\" charset=\"utf-8\"><\/script>\n<\/div><\/figure>\n\n\n\n<p>\u00abSer\u00e1 un partido abierto entre dos equipos que son muy buenos atacando y seguro causar\u00e1n problemas al rival. Ser\u00e1 un partido lleno de disparos a puerta y creo que con Neymar, Kylian Mbapp\u00e9 y \u00c1ngel Di Mar\u00eda, el PSG podr\u00e1 presionar desde el ataque al Bayern.&nbsp;<\/p>\n\n\n\n<p>\u00abTendr\u00e1n oportunidades y las tomar\u00e1n, en cierto modo como el Lyon no pudo hacerlo en las semifinales. El PSG tiene mejor balance. Definitivamente son un equipo muy s\u00f3lido, m\u00e1s que su rival. Para el Bayern no es tan simple, ya que s\u00f3lo abandonar esa l\u00ednea por arriba en un partido ser\u00e1 clave para determinar c\u00f3mo jugar\u00e1n\u00bb.<\/p>\n\n\n\n<figure class=\"wp-block-embed-wordpress wp-block-embed is-type-wp-embed is-provider-ace-football-espanol\"><div class=\"wp-block-embed__wrapper\">\n<blockquote class=\"wp-embedded-content\" data-secret=\"DWa4xixU15\"><a href=\"https:\/\/acefootball.com\/es\/noticias-de-futbol\/flick-emocionado-de-enfrentarse-al-psg-y-tuchel\/\">Flick, emocionado de enfrentarse al PSG y Tuchel<\/a><\/blockquote><iframe class=\"wp-embedded-content\" sandbox=\"allow-scripts\" security=\"restricted\" style=\"position: absolute; clip: rect(1px, 1px, 1px, 1px);\" title=\"\u00abFlick, emocionado de enfrentarse al PSG y Tuchel\u00bb \u2014 Ace Football Espa\u00f1ol\" src=\"https:\/\/acefootball.com\/es\/noticias-de-futbol\/flick-emocionado-de-enfrentarse-al-psg-y-tuchel\/embed\/#?secret=DWa4xixU15\" data-secret=\"DWa4xixU15\" width=\"600\" height=\"338\" frameborder=\"0\" marginwidth=\"0\" marginheight=\"0\" scrolling=\"no\"><\/iframe>\n<\/div><\/figure>\n","protected":false},"excerpt":{"rendered":"<p>Bayern Munich y Par\u00eds Saint-Germain se enfrentar\u00e1n para saber qui\u00e9n se queda con la Champions y Wayne Rooney ya eligi\u00f3 ganador.<\/p>\n","protected":false},"author":258,"featured_media":-101101225820,"comment_status":"closed","ping_status":"closed","sticky":false,"template":"","format":"standard","meta":{"om_disable_all_campaigns":false,"push_articles_ronaldo":{"active":false,"canonical":0,"publish":false},"force_updates":null},"categories":[73],"tags":[207,82,1914,1128],"enet_tags":{"league":["42"],"team":["9847"],"player":["30829"],"sport_events":[3363670]},"yoast_head":"<!-- This site is optimized with the Yoast SEO plugin v18.3 - https:\/\/yoast.com\/wordpress\/plugins\/seo\/ -->\n<title>Wayne Rooney cree que el PSG ganar\u00e1 la Champions<\/title>\n<meta name=\"description\" content=\"Bayern Munich y Par\u00eds Saint-Germain se enfrentar\u00e1n para saber qui\u00e9n se queda con la Champions y Wayne Rooney ya eligi\u00f3 ganador.\" \/>\n<meta name=\"robots\" content=\"index, follow, max-snippet:-1, max-image-preview:large, max-video-preview:-1\" \/>\n<link rel=\"canonical\" href=\"https:\/\/acefootball.com\/es\/noticias-de-futbol\/wayne-rooney-cree-que-el-psg-ganara-la-champions\/\" \/>\n<meta property=\"og:locale\" content=\"es_ES\" \/>\n<meta property=\"og:type\" content=\"article\" \/>\n<meta property=\"og:title\" content=\"Wayne Rooney cree que el PSG ganar\u00e1 la Champions\" \/>\n<meta property=\"og:description\" content=\"Bayern Munich y Par\u00eds Saint-Germain se enfrentar\u00e1n para saber qui\u00e9n se queda con la Champions y Wayne Rooney ya eligi\u00f3 ganador.\" \/>\n<meta property=\"og:url\" content=\"https:\/\/acefootball.com\/es\/noticias-de-futbol\/wayne-rooney-cree-que-el-psg-ganara-la-champions\/\" \/>\n<meta property=\"og:site_name\" content=\"Ace Football Espa\u00f1ol\" \/>\n<meta property=\"article:published_time\" content=\"2020-08-23T17:32:30+00:00\" \/>\n<meta property=\"article:modified_time\" content=\"2020-08-23T17:32:35+00:00\" \/>\n<meta property=\"og:image\" content=\"https:\/\/acefootball.com\/es\/wp-content\/uploads\/2020\/08\/GettyImages-1267716656.jpg\" \/>\n\t<meta property=\"og:image:width\" content=\"1024\" \/>\n\t<meta property=\"og:image:height\" content=\"624\" \/><meta property=\"og:image\" content=\"https:\/\/acefootball.com\/es\/wp-content\/uploads\/sites\/3\/2020\/08\/1267716656.jpg\" \/>\n\t<meta property=\"og:image:width\" content=\"1200\" \/>\n\t<meta property=\"og:image:height\" content=\"630\" \/>\n\t<meta property=\"og:image:type\" content=\"image\/jpeg\" \/>\n<meta name=\"twitter:card\" content=\"summary_large_image\" \/>\n<meta name=\"twitter:image\" content=\"https:\/\/acefootball.com\/es\/wp-content\/uploads\/2020\/08\/GettyImages-1267716656.jpg\" \/>\n<meta name=\"twitter:creator\" content=\"@IAmTomSpiegel\" \/>\n<meta name=\"twitter:label1\" content=\"Escrito por\" \/>\n\t<meta name=\"twitter:data1\" content=\"Pavel I. Meda\" \/>\n\t<meta name=\"twitter:label2\" content=\"Tiempo de lectura\" \/>\n\t<meta name=\"twitter:data2\" content=\"2 minutos\" \/>\n<script type=\"application\/ld+json\" class=\"yoast-schema-graph\">{\"@context\":\"https:\/\/schema.org\",\"@graph\":[{\"@type\":\"WebSite\",\"@id\":\"https:\/\/acefootball.com\/es\/#website\",\"url\":\"https:\/\/acefootball.com\/es\/\",\"name\":\"Ace Football Espa\u00f1ol\",\"description\":\"News, Betting and Livescore\",\"potentialAction\":[{\"@type\":\"SearchAction\",\"target\":{\"@type\":\"EntryPoint\",\"urlTemplate\":\"https:\/\/acefootball.com\/es\/?s={search_term_string}\"},\"query-input\":\"required name=search_term_string\"}],\"inLanguage\":\"es\"},{\"@type\":\"ImageObject\",\"@id\":\"https:\/\/acefootball.com\/es\/noticias-de-futbol\/wayne-rooney-cree-que-el-psg-ganara-la-champions\/#primaryimage\",\"inLanguage\":\"es\",\"url\":\"https:\/\/acefootball.com\/es\/wp-content\/uploads\/sites\/3\/2020\/08\/1267716656.jpg\",\"contentUrl\":\"https:\/\/acefootball.com\/es\/wp-content\/uploads\/sites\/3\/2020\/08\/1267716656.jpg\",\"width\":1200,\"height\":630},{\"@type\":\"WebPage\",\"@id\":\"https:\/\/acefootball.com\/es\/noticias-de-futbol\/wayne-rooney-cree-que-el-psg-ganara-la-champions\/#webpage\",\"url\":\"https:\/\/acefootball.com\/es\/noticias-de-futbol\/wayne-rooney-cree-que-el-psg-ganara-la-champions\/\",\"name\":\"Wayne Rooney cree que el PSG ganar\u00e1 la Champions\",\"isPartOf\":{\"@id\":\"https:\/\/acefootball.com\/es\/#website\"},\"primaryImageOfPage\":{\"@id\":\"https:\/\/acefootball.com\/es\/noticias-de-futbol\/wayne-rooney-cree-que-el-psg-ganara-la-champions\/#primaryimage\"},\"datePublished\":\"2020-08-23T17:32:30+00:00\",\"dateModified\":\"2020-08-23T17:32:35+00:00\",\"author\":{\"@id\":\"https:\/\/acefootball.com\/es\/#\/schema\/person\/c817b858136f968b8b984c68fcf4aa84\"},\"description\":\"Bayern Munich y Par\u00eds Saint-Germain se enfrentar\u00e1n para saber qui\u00e9n se queda con la Champions y Wayne Rooney ya eligi\u00f3 ganador.\",\"breadcrumb\":{\"@id\":\"https:\/\/acefootball.com\/es\/noticias-de-futbol\/wayne-rooney-cree-que-el-psg-ganara-la-champions\/#breadcrumb\"},\"inLanguage\":\"es\",\"potentialAction\":[{\"@type\":\"ReadAction\",\"target\":[\"https:\/\/acefootball.com\/es\/noticias-de-futbol\/wayne-rooney-cree-que-el-psg-ganara-la-champions\/\"]}]},{\"@type\":\"BreadcrumbList\",\"@id\":\"https:\/\/acefootball.com\/es\/noticias-de-futbol\/wayne-rooney-cree-que-el-psg-ganara-la-champions\/#breadcrumb\",\"itemListElement\":[{\"@type\":\"ListItem\",\"position\":1,\"name\":\"Home\",\"item\":\"https:\/\/acefootball.com\/es\/\"},{\"@type\":\"ListItem\",\"position\":2,\"name\":\"Wayne Rooney cree que el PSG ganar\u00e1 la Champions\"}]},{\"@type\":\"Person\",\"@id\":\"https:\/\/acefootball.com\/es\/#\/schema\/person\/c817b858136f968b8b984c68fcf4aa84\",\"name\":\"Pavel I. Meda\",\"image\":{\"@type\":\"ImageObject\",\"@id\":\"https:\/\/acefootball.com\/es\/#personlogo\",\"inLanguage\":\"es\",\"url\":\"https:\/\/secure.gravatar.com\/avatar\/5d2d4f16693b918e4e93034452d5ee4c?s=96&d=mm&r=g\",\"contentUrl\":\"https:\/\/secure.gravatar.com\/avatar\/5d2d4f16693b918e4e93034452d5ee4c?s=96&d=mm&r=g\",\"caption\":\"Pavel I. Meda\"},\"description\":\"Football writer and journalist with 10 years of previous experience who loves his job and always likes to appreciate this beautiful sport. I've worked for companies such as Goal.com and Underdog Global Sports in the past. I am also an avid film and pop culture fan who spends his free time consuming any interesting story that is worth telling.\",\"sameAs\":[\"https:\/\/www.instagram.com\/rampantintellectual\/\",\"https:\/\/www.linkedin.com\/in\/pavel-ibarra-meda\",\"https:\/\/twitter.com\/IAmTomSpiegel\"],\"url\":\"https:\/\/acefootball.com\/es\/noticias-de-futbol\/author\/tomasibarra\/\"}]}<\/script>\n<!-- \/ Yoast SEO plugin. -->","yoast_head_json":{"title":"Wayne Rooney cree que el PSG ganar\u00e1 la Champions","description":"Bayern Munich y Par\u00eds Saint-Germain se enfrentar\u00e1n para saber qui\u00e9n se queda con la Champions y Wayne Rooney ya eligi\u00f3 ganador.","robots":{"index":"index","follow":"follow","max-snippet":"max-snippet:-1","max-image-preview":"max-image-preview:large","max-video-preview":"max-video-preview:-1"},"canonical":"https:\/\/acefootball.com\/es\/noticias-de-futbol\/wayne-rooney-cree-que-el-psg-ganara-la-champions\/","og_locale":"es_ES","og_type":"article","og_title":"Wayne Rooney cree que el PSG ganar\u00e1 la Champions","og_description":"Bayern Munich y Par\u00eds Saint-Germain se enfrentar\u00e1n para saber qui\u00e9n se queda con la Champions y Wayne Rooney ya eligi\u00f3 ganador.","og_url":"https:\/\/acefootball.com\/es\/noticias-de-futbol\/wayne-rooney-cree-que-el-psg-ganara-la-champions\/","og_site_name":"Ace Football Espa\u00f1ol","article_published_time":"2020-08-23T17:32:30+00:00","article_modified_time":"2020-08-23T17:32:35+00:00","og_image":[{"url":"https:\/\/acefootball.com\/es\/wp-content\/uploads\/2020\/08\/GettyImages-1267716656.jpg","height":624,"width":1024},{"width":1200,"height":630,"url":"https:\/\/acefootball.com\/es\/wp-content\/uploads\/sites\/3\/2020\/08\/1267716656.jpg","type":"image\/jpeg"}],"twitter_card":"summary_large_image","twitter_image":"https:\/\/acefootball.com\/es\/wp-content\/uploads\/2020\/08\/GettyImages-1267716656.jpg","twitter_creator":"@IAmTomSpiegel","twitter_misc":{"Escrito por":"Pavel I. Meda","Tiempo de lectura":"2 minutos"},"schema":{"@context":"https:\/\/schema.org","@graph":[{"@type":"WebSite","@id":"https:\/\/acefootball.com\/es\/#website","url":"https:\/\/acefootball.com\/es\/","name":"Ace Football Espa\u00f1ol","description":"News, Betting and Livescore","potentialAction":[{"@type":"SearchAction","target":{"@type":"EntryPoint","urlTemplate":"https:\/\/acefootball.com\/es\/?s={search_term_string}"},"query-input":"required name=search_term_string"}],"inLanguage":"es"},{"@type":"ImageObject","@id":"https:\/\/acefootball.com\/es\/noticias-de-futbol\/wayne-rooney-cree-que-el-psg-ganara-la-champions\/#primaryimage","inLanguage":"es","url":"https:\/\/acefootball.com\/es\/wp-content\/uploads\/sites\/3\/2020\/08\/1267716656.jpg","contentUrl":"https:\/\/acefootball.com\/es\/wp-content\/uploads\/sites\/3\/2020\/08\/1267716656.jpg","width":1200,"height":630},{"@type":"WebPage","@id":"https:\/\/acefootball.com\/es\/noticias-de-futbol\/wayne-rooney-cree-que-el-psg-ganara-la-champions\/#webpage","url":"https:\/\/acefootball.com\/es\/noticias-de-futbol\/wayne-rooney-cree-que-el-psg-ganara-la-champions\/","name":"Wayne Rooney cree que el PSG ganar\u00e1 la Champions","isPartOf":{"@id":"https:\/\/acefootball.com\/es\/#website"},"primaryImageOfPage":{"@id":"https:\/\/acefootball.com\/es\/noticias-de-futbol\/wayne-rooney-cree-que-el-psg-ganara-la-champions\/#primaryimage"},"datePublished":"2020-08-23T17:32:30+00:00","dateModified":"2020-08-23T17:32:35+00:00","author":{"@id":"https:\/\/acefootball.com\/es\/#\/schema\/person\/c817b858136f968b8b984c68fcf4aa84"},"description":"Bayern Munich y Par\u00eds Saint-Germain se enfrentar\u00e1n para saber qui\u00e9n se queda con la Champions y Wayne Rooney ya eligi\u00f3 ganador.","breadcrumb":{"@id":"https:\/\/acefootball.com\/es\/noticias-de-futbol\/wayne-rooney-cree-que-el-psg-ganara-la-champions\/#breadcrumb"},"inLanguage":"es","potentialAction":[{"@type":"ReadAction","target":["https:\/\/acefootball.com\/es\/noticias-de-futbol\/wayne-rooney-cree-que-el-psg-ganara-la-champions\/"]}]},{"@type":"BreadcrumbList","@id":"https:\/\/acefootball.com\/es\/noticias-de-futbol\/wayne-rooney-cree-que-el-psg-ganara-la-champions\/#breadcrumb","itemListElement":[{"@type":"ListItem","position":1,"name":"Home","item":"https:\/\/acefootball.com\/es\/"},{"@type":"ListItem","position":2,"name":"Wayne Rooney cree que el PSG ganar\u00e1 la Champions"}]},{"@type":"Person","@id":"https:\/\/acefootball.com\/es\/#\/schema\/person\/c817b858136f968b8b984c68fcf4aa84","name":"Pavel I. Meda","image":{"@type":"ImageObject","@id":"https:\/\/acefootball.com\/es\/#personlogo","inLanguage":"es","url":"https:\/\/secure.gravatar.com\/avatar\/5d2d4f16693b918e4e93034452d5ee4c?s=96&d=mm&r=g","contentUrl":"https:\/\/secure.gravatar.com\/avatar\/5d2d4f16693b918e4e93034452d5ee4c?s=96&d=mm&r=g","caption":"Pavel I. Meda"},"description":"Football writer and journalist with 10 years of previous experience who loves his job and always likes to appreciate this beautiful sport. I've worked for companies such as Goal.com and Underdog Global Sports in the past. I am also an avid film and pop culture fan who spends his free time consuming any interesting story that is worth telling.","sameAs":["https:\/\/www.instagram.com\/rampantintellectual\/","https:\/\/www.linkedin.com\/in\/pavel-ibarra-meda","https:\/\/twitter.com\/IAmTomSpiegel"],"url":"https:\/\/acefootball.com\/es\/noticias-de-futbol\/author\/tomasibarra\/"}]}},"fimg_url":"https:\/\/acefootball.com\/es\/wp-content\/uploads\/2020\/08\/GettyImages-1267716656.jpg","_links":{"self":[{"href":"https:\/\/acefootball.com\/es\/wp-json\/wp\/v2\/posts\/7480"}],"collection":[{"href":"https:\/\/acefootball.com\/es\/wp-json\/wp\/v2\/posts"}],"about":[{"href":"https:\/\/acefootball.com\/es\/wp-json\/wp\/v2\/types\/post"}],"author":[{"embeddable":true,"href":"https:\/\/acefootball.com\/es\/wp-json\/wp\/v2\/users\/258"}],"replies":[{"embeddable":true,"href":"https:\/\/acefootball.com\/es\/wp-json\/wp\/v2\/comments?post=7480"}],"version-history":[{"count":0,"href":"https:\/\/acefootball.com\/es\/wp-json\/wp\/v2\/posts\/7480\/revisions"}],"wp:featuredmedia":[{"embeddable":true,"href":"https:\/\/acefootball.com\/es\/wp-json\/wp\/v2\/media\/-101101225820"}],"wp:attachment":[{"href":"https:\/\/acefootball.com\/es\/wp-json\/wp\/v2\/media?parent=7480"}],"wp:term":[{"taxonomy":"category","embeddable":true,"href":"https:\/\/acefootball.com\/es\/wp-json\/wp\/v2\/categories?post=7480"},{"taxonomy":"post_tag","embeddable":true,"href":"https:\/\/acefootball.com\/es\/wp-json\/wp\/v2\/tags?post=7480"}],"curies":[{"name":"wp","href":"https:\/\/api.w.org\/{rel}","templated":true}]}}