{"id":7438,"date":"2020-08-23T14:07:02","date_gmt":"2020-08-23T14:07:02","guid":{"rendered":"https:\/\/acefootball.com\/es\/?p=7438"},"modified":"2020-08-23T14:07:03","modified_gmt":"2020-08-23T14:07:03","slug":"flick-emocionado-de-enfrentarse-al-psg-y-tuchel","status":"publish","type":"post","link":"https:\/\/acefootball.com\/es\/noticias-de-futbol\/flick-emocionado-de-enfrentarse-al-psg-y-tuchel\/","title":{"rendered":"Flick, emocionado de enfrentarse al PSG y Tuchel"},"content":{"rendered":"\n<h2>Bayern M\u00fanich y Paris Saint-Germain se enfrentar\u00e1n por la gloria continental y un lugar en los libros de historia al haber un triplete en juego.<\/h2>\n\n\n\n<p>Hansi Flick ha cambiado la suerte del Bayern de M\u00fanich. Ya han agregado el t\u00edtulo de la DFB Pokal y la Bundesliga a sus filas.<\/p>\n\n\n\n<p>Ahora est\u00e1n mirando el santo grial, la Champions League para terminar la temporada 2019\/20 con estilo.<\/p>\n\n\n\n<p>Paris Saint-Germain se interpone en el camino de los b\u00e1varos. Tomas Tuchel tiene en sus filas a uno de los atacantes m\u00e1s emprendedores.<\/p>\n\n\n\n<p>Les Parisiens son una verdadera amenaza y pueden cambiar el juego en cuesti\u00f3n de minutos. Atalanta lo atestiguar\u00e1.<\/p>\n\n\n\n<div class=\"wp-block-si-widget wp-block-si-widget--center\"><si-lb-widget widget-id=\"FormTwoTeamSnap\" data-nopadding=\"true\" width=\"600\" data-card=\"true\" data-language=\"es\" data-provider=\"betfair\" data-event-id=\"3363670\" data-theme-appearance=\"dark\"><\/si-lb-widget><\/div>\n\n\n\n<p>Flick comprende la amenaza que representa el PSG y no rehuy\u00f3 elogiarlos antes del encuentro decisivo.<\/p>\n\n\n\n<p>\u201cNos enfrentamos a Par\u00eds y estamos emocionados de conocer a uno de los mejores equipos del mundo\u201d, <em><a href=\"https:\/\/www.marca.com\/en\/football\/international-football\/2020\/08\/22\/5f417cbd268e3e71018b4611.html\" target=\"_blank\" rel=\"noreferrer noopener\">cit\u00f3 Marca a Flick antes del partido.<\/a><\/em><\/p>\n\n\n\n<p>\u201cTienen un gran entrenador y una filosof\u00eda fant\u00e1stica\u201d.<\/p>\n\n\n\n<p>\u201cAprecio a Thomas Tuchel como persona y como entrenador\u201d, coment\u00f3.<\/p>\n\n\n\n<figure class=\"wp-block-embed-twitter wp-block-embed is-type-rich is-provider-twitter\"><div class=\"wp-block-embed__wrapper\">\n<blockquote class=\"twitter-tweet\" data-width=\"550\" data-dnt=\"true\"><p lang=\"en\" dir=\"ltr\">When <a href=\"https:\/\/twitter.com\/FCBayernEN?ref_src=twsrc%5Etfw\">@FCBayernEN<\/a> last tasted European glory in 2013 \ud83c\udfc6<a href=\"https:\/\/twitter.com\/hashtag\/UCLfinal?src=hash&amp;ref_src=twsrc%5Etfw\">#UCLfinal<\/a> <a href=\"https:\/\/t.co\/QXIcGMEcmz\">pic.twitter.com\/QXIcGMEcmz<\/a><\/p>&mdash; UEFA Champions League (@ChampionsLeague) <a href=\"https:\/\/twitter.com\/ChampionsLeague\/status\/1297101786499686400?ref_src=twsrc%5Etfw\">August 22, 2020<\/a><\/blockquote><script async src=\"https:\/\/platform.twitter.com\/widgets.js\" charset=\"utf-8\"><\/script>\n<\/div><\/figure>\n\n\n\n<p>Reflexionando sobre los preparativos del Bayern, Flick comparti\u00f3 que no comprometer\u00e1 su ideolog\u00eda.<\/p>\n\n\n\n<p>Fue en respuesta a que el Lyon gestionara oportunidades de gol antes de que el alem\u00e1n pusiera fin a la eliminatoria.<\/p>\n\n\n\n<p>\u201cNuestro estilo se define al hacer avanzar las l\u00edneas\u201d, dijo.<\/p>\n\n\n\n<p>\u201cLo importante es que centremos nuestra presi\u00f3n en el bal\u00f3n\u201d.<\/p>\n\n\n\n<p>\u201cVolvimos y analizamos nuestros partidos contra <em><a href=\"https:\/\/acefootball.com\/es\/noticias-de-futbol\/lautaro-mantiene-sus-contactos-con-el-fc-barcelona-en-verano\/\" target=\"_blank\" rel=\"noreferrer noopener\">Barcelona <\/a><\/em>y Lyon y es clave que cerremos los canales de pase\u201d, continu\u00f3 diciendo. <\/p>\n\n\n\n<p>\u201cPar\u00eds tiene muchos jugadores de primer nivel y ser\u00e1 un partido interesante, pero queremos llevar nuestra filosof\u00eda hacia adelante\u201d.<\/p>\n","protected":false},"excerpt":{"rendered":"<p>Bayern M\u00fanich y Paris Saint-Germain se enfrentar\u00e1n por la gloria continental y un lugar en los libros de historia al haber un triplete en juego. Hansi Flick ha cambiado la suerte del Bayern de M\u00fanich. Ya han agregado el t\u00edtulo de la DFB Pokal y la Bundesliga a sus filas. Ahora est\u00e1n mirando el santo [&hellip;]<\/p>\n","protected":false},"author":275,"featured_media":-101101225695,"comment_status":"closed","ping_status":"closed","sticky":false,"template":"","format":"standard","meta":{"om_disable_all_campaigns":false,"push_articles_ronaldo":{"active":false,"canonical":0,"publish":false},"force_updates":null},"categories":[1],"tags":[207,79,82,987,80,1914,2919],"enet_tags":{"league":["54","42","53"],"player":["131509","179347"],"team":["9847"],"sport_events":[3363670]},"yoast_head":"<!-- This site is optimized with the Yoast SEO plugin v18.3 - https:\/\/yoast.com\/wordpress\/plugins\/seo\/ -->\n<title>Flick, emocionado de enfrentarse al PSG y Tuchel<\/title>\n<meta name=\"description\" content=\"Bayern M\u00fanich y el PSG se enfrentar\u00e1n por la gloria continental y un lugar en los libros de historia al haber un triplete en juego.\" \/>\n<meta name=\"robots\" content=\"index, follow, max-snippet:-1, max-image-preview:large, max-video-preview:-1\" \/>\n<link rel=\"canonical\" href=\"https:\/\/acefootball.com\/es\/noticias-de-futbol\/flick-emocionado-de-enfrentarse-al-psg-y-tuchel\/\" \/>\n<meta property=\"og:locale\" content=\"es_ES\" \/>\n<meta property=\"og:type\" content=\"article\" \/>\n<meta property=\"og:title\" content=\"Hansi Flick, emocionado de enfrentarse al PSG y Thomas Tuchel\" \/>\n<meta property=\"og:description\" content=\"Bayern M\u00fanich y Paris Saint-Germain se enfrentar\u00e1n por la gloria continental y un lugar en los libros de historia al haber un triplete en juego.\" \/>\n<meta property=\"og:url\" content=\"https:\/\/acefootball.com\/es\/noticias-de-futbol\/flick-emocionado-de-enfrentarse-al-psg-y-tuchel\/\" \/>\n<meta property=\"og:site_name\" content=\"Ace Football Espa\u00f1ol\" \/>\n<meta property=\"article:author\" content=\"http:\/\/www.facebook.com\/soymanuelmedina\" \/>\n<meta property=\"article:published_time\" content=\"2020-08-23T14:07:02+00:00\" \/>\n<meta property=\"article:modified_time\" content=\"2020-08-23T14:07:03+00:00\" \/>\n<meta property=\"og:image\" content=\"https:\/\/acefootball.com\/es\/wp-content\/uploads\/2020\/08\/GettyImages-1267640680.jpg\" \/>\n\t<meta property=\"og:image:width\" content=\"1024\" \/>\n\t<meta property=\"og:image:height\" content=\"683\" \/><meta property=\"og:image\" content=\"https:\/\/acefootball.com\/es\/wp-content\/uploads\/sites\/3\/2020\/08\/Ace-Football-FB-Preview-48.png\" \/>\n\t<meta property=\"og:image:width\" content=\"1200\" \/>\n\t<meta property=\"og:image:height\" content=\"630\" \/>\n\t<meta property=\"og:image:type\" content=\"image\/png\" \/>\n<meta name=\"twitter:card\" content=\"summary_large_image\" \/>\n<meta name=\"twitter:image\" content=\"https:\/\/acefootball.com\/es\/wp-content\/uploads\/2020\/08\/GettyImages-1267640680.jpg\" \/>\n<meta name=\"twitter:creator\" content=\"@http:\/\/www.twitter.com\/manuelmedina\" \/>\n<meta name=\"twitter:label1\" content=\"Escrito por\" \/>\n\t<meta name=\"twitter:data1\" content=\"Manuel R. Medina\" \/>\n\t<meta name=\"twitter:label2\" content=\"Tiempo de lectura\" \/>\n\t<meta name=\"twitter:data2\" content=\"1 minuto\" \/>\n<script type=\"application\/ld+json\" class=\"yoast-schema-graph\">{\"@context\":\"https:\/\/schema.org\",\"@graph\":[{\"@type\":\"WebSite\",\"@id\":\"https:\/\/acefootball.com\/es\/#website\",\"url\":\"https:\/\/acefootball.com\/es\/\",\"name\":\"Ace Football Espa\u00f1ol\",\"description\":\"News, Betting and Livescore\",\"potentialAction\":[{\"@type\":\"SearchAction\",\"target\":{\"@type\":\"EntryPoint\",\"urlTemplate\":\"https:\/\/acefootball.com\/es\/?s={search_term_string}\"},\"query-input\":\"required name=search_term_string\"}],\"inLanguage\":\"es\"},{\"@type\":\"ImageObject\",\"@id\":\"https:\/\/acefootball.com\/es\/noticias-de-futbol\/flick-emocionado-de-enfrentarse-al-psg-y-tuchel\/#primaryimage\",\"inLanguage\":\"es\",\"url\":\"https:\/\/acefootball.com\/es\/wp-content\/uploads\/sites\/3\/2020\/08\/Ace-Football-FB-Preview-48.png\",\"contentUrl\":\"https:\/\/acefootball.com\/es\/wp-content\/uploads\/sites\/3\/2020\/08\/Ace-Football-FB-Preview-48.png\",\"width\":1200,\"height\":630},{\"@type\":\"WebPage\",\"@id\":\"https:\/\/acefootball.com\/es\/noticias-de-futbol\/flick-emocionado-de-enfrentarse-al-psg-y-tuchel\/#webpage\",\"url\":\"https:\/\/acefootball.com\/es\/noticias-de-futbol\/flick-emocionado-de-enfrentarse-al-psg-y-tuchel\/\",\"name\":\"Flick, emocionado de enfrentarse al PSG y Tuchel\",\"isPartOf\":{\"@id\":\"https:\/\/acefootball.com\/es\/#website\"},\"primaryImageOfPage\":{\"@id\":\"https:\/\/acefootball.com\/es\/noticias-de-futbol\/flick-emocionado-de-enfrentarse-al-psg-y-tuchel\/#primaryimage\"},\"datePublished\":\"2020-08-23T14:07:02+00:00\",\"dateModified\":\"2020-08-23T14:07:03+00:00\",\"author\":{\"@id\":\"https:\/\/acefootball.com\/es\/#\/schema\/person\/c7b84266babe79a775930a02b86567de\"},\"description\":\"Bayern M\u00fanich y el PSG se enfrentar\u00e1n por la gloria continental y un lugar en los libros de historia al haber un triplete en juego.\",\"breadcrumb\":{\"@id\":\"https:\/\/acefootball.com\/es\/noticias-de-futbol\/flick-emocionado-de-enfrentarse-al-psg-y-tuchel\/#breadcrumb\"},\"inLanguage\":\"es\",\"potentialAction\":[{\"@type\":\"ReadAction\",\"target\":[\"https:\/\/acefootball.com\/es\/noticias-de-futbol\/flick-emocionado-de-enfrentarse-al-psg-y-tuchel\/\"]}]},{\"@type\":\"BreadcrumbList\",\"@id\":\"https:\/\/acefootball.com\/es\/noticias-de-futbol\/flick-emocionado-de-enfrentarse-al-psg-y-tuchel\/#breadcrumb\",\"itemListElement\":[{\"@type\":\"ListItem\",\"position\":1,\"name\":\"Home\",\"item\":\"https:\/\/acefootball.com\/es\/\"},{\"@type\":\"ListItem\",\"position\":2,\"name\":\"Flick, emocionado de enfrentarse al PSG y Tuchel\"}]},{\"@type\":\"Person\",\"@id\":\"https:\/\/acefootball.com\/es\/#\/schema\/person\/c7b84266babe79a775930a02b86567de\",\"name\":\"Manuel R. Medina\",\"image\":{\"@type\":\"ImageObject\",\"@id\":\"https:\/\/acefootball.com\/es\/#personlogo\",\"inLanguage\":\"es\",\"url\":\"https:\/\/secure.gravatar.com\/avatar\/b9f67657f1c26afb639a8c44fae064cb?s=96&d=mm&r=g\",\"contentUrl\":\"https:\/\/secure.gravatar.com\/avatar\/b9f67657f1c26afb639a8c44fae064cb?s=96&d=mm&r=g\",\"caption\":\"Manuel R. Medina\"},\"description\":\"Manuel R. Medina is a sports journalist that has covered the most important events around the world for the last 17 years. His work has sent him to three FIFA World Cups, one Copa Am\u00e9rica, two Gold Cups, one Olympic Games, and one Confederations Cup. He has covered from the Liga MX in his native Mexico, to the NFL, NBA, MLB; and even European and Russian sports leagues. Right now he's preparing to cover the 2018 FIFA Club World Cup in the United Arab Emirates.\",\"sameAs\":[\"http:\/\/www.facebook.com\/soymanuelmedina\",\"http:\/\/www.instagram.com\/soymanuelmedina\",\"https:\/\/twitter.com\/http:\/\/www.twitter.com\/manuelmedina\",\"http:\/\/www.youtube.com\/tjsports\"],\"url\":\"https:\/\/acefootball.com\/es\/noticias-de-futbol\/author\/manuelmedina\/\"}]}<\/script>\n<!-- \/ Yoast SEO plugin. -->","yoast_head_json":{"title":"Flick, emocionado de enfrentarse al PSG y Tuchel","description":"Bayern M\u00fanich y el PSG se enfrentar\u00e1n por la gloria continental y un lugar en los libros de historia al haber un triplete en juego.","robots":{"index":"index","follow":"follow","max-snippet":"max-snippet:-1","max-image-preview":"max-image-preview:large","max-video-preview":"max-video-preview:-1"},"canonical":"https:\/\/acefootball.com\/es\/noticias-de-futbol\/flick-emocionado-de-enfrentarse-al-psg-y-tuchel\/","og_locale":"es_ES","og_type":"article","og_title":"Hansi Flick, emocionado de enfrentarse al PSG y Thomas Tuchel","og_description":"Bayern M\u00fanich y Paris Saint-Germain se enfrentar\u00e1n por la gloria continental y un lugar en los libros de historia al haber un triplete en juego.","og_url":"https:\/\/acefootball.com\/es\/noticias-de-futbol\/flick-emocionado-de-enfrentarse-al-psg-y-tuchel\/","og_site_name":"Ace Football Espa\u00f1ol","article_author":"http:\/\/www.facebook.com\/soymanuelmedina","article_published_time":"2020-08-23T14:07:02+00:00","article_modified_time":"2020-08-23T14:07:03+00:00","og_image":[{"url":"https:\/\/acefootball.com\/es\/wp-content\/uploads\/2020\/08\/GettyImages-1267640680.jpg","height":683,"width":1024},{"width":1200,"height":630,"url":"https:\/\/acefootball.com\/es\/wp-content\/uploads\/sites\/3\/2020\/08\/Ace-Football-FB-Preview-48.png","type":"image\/png"}],"twitter_card":"summary_large_image","twitter_image":"https:\/\/acefootball.com\/es\/wp-content\/uploads\/2020\/08\/GettyImages-1267640680.jpg","twitter_creator":"@http:\/\/www.twitter.com\/manuelmedina","twitter_misc":{"Escrito por":"Manuel R. Medina","Tiempo de lectura":"1 minuto"},"schema":{"@context":"https:\/\/schema.org","@graph":[{"@type":"WebSite","@id":"https:\/\/acefootball.com\/es\/#website","url":"https:\/\/acefootball.com\/es\/","name":"Ace Football Espa\u00f1ol","description":"News, Betting and Livescore","potentialAction":[{"@type":"SearchAction","target":{"@type":"EntryPoint","urlTemplate":"https:\/\/acefootball.com\/es\/?s={search_term_string}"},"query-input":"required name=search_term_string"}],"inLanguage":"es"},{"@type":"ImageObject","@id":"https:\/\/acefootball.com\/es\/noticias-de-futbol\/flick-emocionado-de-enfrentarse-al-psg-y-tuchel\/#primaryimage","inLanguage":"es","url":"https:\/\/acefootball.com\/es\/wp-content\/uploads\/sites\/3\/2020\/08\/Ace-Football-FB-Preview-48.png","contentUrl":"https:\/\/acefootball.com\/es\/wp-content\/uploads\/sites\/3\/2020\/08\/Ace-Football-FB-Preview-48.png","width":1200,"height":630},{"@type":"WebPage","@id":"https:\/\/acefootball.com\/es\/noticias-de-futbol\/flick-emocionado-de-enfrentarse-al-psg-y-tuchel\/#webpage","url":"https:\/\/acefootball.com\/es\/noticias-de-futbol\/flick-emocionado-de-enfrentarse-al-psg-y-tuchel\/","name":"Flick, emocionado de enfrentarse al PSG y Tuchel","isPartOf":{"@id":"https:\/\/acefootball.com\/es\/#website"},"primaryImageOfPage":{"@id":"https:\/\/acefootball.com\/es\/noticias-de-futbol\/flick-emocionado-de-enfrentarse-al-psg-y-tuchel\/#primaryimage"},"datePublished":"2020-08-23T14:07:02+00:00","dateModified":"2020-08-23T14:07:03+00:00","author":{"@id":"https:\/\/acefootball.com\/es\/#\/schema\/person\/c7b84266babe79a775930a02b86567de"},"description":"Bayern M\u00fanich y el PSG se enfrentar\u00e1n por la gloria continental y un lugar en los libros de historia al haber un triplete en juego.","breadcrumb":{"@id":"https:\/\/acefootball.com\/es\/noticias-de-futbol\/flick-emocionado-de-enfrentarse-al-psg-y-tuchel\/#breadcrumb"},"inLanguage":"es","potentialAction":[{"@type":"ReadAction","target":["https:\/\/acefootball.com\/es\/noticias-de-futbol\/flick-emocionado-de-enfrentarse-al-psg-y-tuchel\/"]}]},{"@type":"BreadcrumbList","@id":"https:\/\/acefootball.com\/es\/noticias-de-futbol\/flick-emocionado-de-enfrentarse-al-psg-y-tuchel\/#breadcrumb","itemListElement":[{"@type":"ListItem","position":1,"name":"Home","item":"https:\/\/acefootball.com\/es\/"},{"@type":"ListItem","position":2,"name":"Flick, emocionado de enfrentarse al PSG y Tuchel"}]},{"@type":"Person","@id":"https:\/\/acefootball.com\/es\/#\/schema\/person\/c7b84266babe79a775930a02b86567de","name":"Manuel R. Medina","image":{"@type":"ImageObject","@id":"https:\/\/acefootball.com\/es\/#personlogo","inLanguage":"es","url":"https:\/\/secure.gravatar.com\/avatar\/b9f67657f1c26afb639a8c44fae064cb?s=96&d=mm&r=g","contentUrl":"https:\/\/secure.gravatar.com\/avatar\/b9f67657f1c26afb639a8c44fae064cb?s=96&d=mm&r=g","caption":"Manuel R. Medina"},"description":"Manuel R. Medina is a sports journalist that has covered the most important events around the world for the last 17 years. His work has sent him to three FIFA World Cups, one Copa Am\u00e9rica, two Gold Cups, one Olympic Games, and one Confederations Cup. He has covered from the Liga MX in his native Mexico, to the NFL, NBA, MLB; and even European and Russian sports leagues. Right now he's preparing to cover the 2018 FIFA Club World Cup in the United Arab Emirates.","sameAs":["http:\/\/www.facebook.com\/soymanuelmedina","http:\/\/www.instagram.com\/soymanuelmedina","https:\/\/twitter.com\/http:\/\/www.twitter.com\/manuelmedina","http:\/\/www.youtube.com\/tjsports"],"url":"https:\/\/acefootball.com\/es\/noticias-de-futbol\/author\/manuelmedina\/"}]}},"fimg_url":"https:\/\/acefootball.com\/es\/wp-content\/uploads\/2020\/08\/GettyImages-1267640680.jpg","_links":{"self":[{"href":"https:\/\/acefootball.com\/es\/wp-json\/wp\/v2\/posts\/7438"}],"collection":[{"href":"https:\/\/acefootball.com\/es\/wp-json\/wp\/v2\/posts"}],"about":[{"href":"https:\/\/acefootball.com\/es\/wp-json\/wp\/v2\/types\/post"}],"author":[{"embeddable":true,"href":"https:\/\/acefootball.com\/es\/wp-json\/wp\/v2\/users\/275"}],"replies":[{"embeddable":true,"href":"https:\/\/acefootball.com\/es\/wp-json\/wp\/v2\/comments?post=7438"}],"version-history":[{"count":0,"href":"https:\/\/acefootball.com\/es\/wp-json\/wp\/v2\/posts\/7438\/revisions"}],"wp:featuredmedia":[{"embeddable":true,"href":"https:\/\/acefootball.com\/es\/wp-json\/wp\/v2\/media\/-101101225695"}],"wp:attachment":[{"href":"https:\/\/acefootball.com\/es\/wp-json\/wp\/v2\/media?parent=7438"}],"wp:term":[{"taxonomy":"category","embeddable":true,"href":"https:\/\/acefootball.com\/es\/wp-json\/wp\/v2\/categories?post=7438"},{"taxonomy":"post_tag","embeddable":true,"href":"https:\/\/acefootball.com\/es\/wp-json\/wp\/v2\/tags?post=7438"}],"curies":[{"name":"wp","href":"https:\/\/api.w.org\/{rel}","templated":true}]}}