{"id":7416,"date":"2020-08-22T22:09:43","date_gmt":"2020-08-22T22:09:43","guid":{"rendered":"https:\/\/acefootball.com\/es\/?p=7416"},"modified":"2020-08-22T22:10:37","modified_gmt":"2020-08-22T22:10:37","slug":"freddie-ljungberg-termina-su-relacion-laboral-con-el-arsenal","status":"publish","type":"post","link":"https:\/\/acefootball.com\/es\/noticias-de-futbol\/freddie-ljungberg-termina-su-relacion-laboral-con-el-arsenal\/","title":{"rendered":"Freddie Ljungberg termina su relaci\u00f3n laboral con el Arsenal"},"content":{"rendered":"\n<h2>Freddie Ljungberg dej\u00f3 su puesto en el Arsenal como segundo entrenador de Mikel Arteta para perseguir ambiciones personales para \u00e9l.\u00a0<\/h2>\n\n\n\n<p>Freddie Ljungberg dej\u00f3 su puesto en el Arsenal como segundo entrenador de Mikel Arteta despu\u00e9s de dos a\u00f1os de servicio para el conjunto del Norte de Londres.&nbsp;<\/p>\n\n\n\n<p>Los <em><a href=\"https:\/\/acefootball.com\/es\/noticias-de-futbol\/ya-hay-fecha-para-el-regreso-de-la-aficion-del-arsenal\/\" target=\"_blank\" rel=\"noreferrer noopener\">Gunners<\/a><\/em> lo anunciaron en un comunicado a trav\u00e9s del sitio web del club este s\u00e1bado.\u00a0<\/p>\n\n\n\n<p>\u00abFreddie Ljungberg dejar\u00e1 el club para perseguir nuevas oportunidades para la pr\u00f3xima temporada. Freddie actualmente era segundo entrenador de Mikel Arteta, pero hab\u00eda estado de regreso con nosotros durante las \u00faltimas dos temporadas luego de una etapa como segundo entrenador del Vfl Wolfsburg. Freddie ya entren\u00f3 a nuestras divisiones Sub-15 y Sub-23\u00bb.\u00a0<\/p>\n\n\n\n<figure class=\"wp-block-embed-twitter wp-block-embed is-type-rich is-provider-twitter\"><div class=\"wp-block-embed__wrapper\">\n<a class=\"twitter-timeline\" data-width=\"640\" data-height=\"960\" data-dnt=\"true\" href=\"https:\/\/twitter.com\/freddie?ref_src=twsrc%5Etfw\">Tweets by freddie<\/a><script async src=\"https:\/\/platform.twitter.com\/widgets.js\" charset=\"utf-8\"><\/script>\n<\/div><\/figure>\n\n\n\n<p>\u00abHe decidido dejar mi puesto como segundo entrenador del primer equipo en el Arsenal para progresar como entrenador,\u00bb escribi\u00f3 Freddie en <em><a href=\"https:\/\/twitter.com\/freddie\" target=\"_blank\" rel=\"noreferrer noopener\">Twitter<\/a><\/em>.\u00a0<\/p>\n\n\n\n<p>\u00abHe estado involucrado en este club desde 1998 y estoy muy agradecido por las oportunidades que me han brindado como jugador y entrenador.&nbsp;<\/p>\n\n\n\n<p>\u00abLe deseo a Mikel y todo el equipo mucho \u00e9xito para la siguiente temporada. Gracias tambi\u00e9n a la afici\u00f3n por su apoyo constante y por siempre estar de mi lado. Espero que nos veamos de nuevo muy pronto\u00bb.<\/p>\n\n\n\n<figure class=\"wp-block-embed-wordpress wp-block-embed is-type-wp-embed is-provider-ace-football-espanol\"><div class=\"wp-block-embed__wrapper\">\n<blockquote class=\"wp-embedded-content\" data-secret=\"FxFIGk7rQ6\"><a href=\"https:\/\/acefootball.com\/es\/noticias-de-futbol\/parlour-piensa-que-arsenal-no-sera-nada-sin-aubameyang\/\">Parlour piensa que Arsenal no ser\u00e1 nada sin Aubameyang<\/a><\/blockquote><iframe class=\"wp-embedded-content\" sandbox=\"allow-scripts\" security=\"restricted\" style=\"position: absolute; clip: rect(1px, 1px, 1px, 1px);\" title=\"\u00abParlour piensa que Arsenal no ser\u00e1 nada sin Aubameyang\u00bb \u2014 Ace Football Espa\u00f1ol\" src=\"https:\/\/acefootball.com\/es\/noticias-de-futbol\/parlour-piensa-que-arsenal-no-sera-nada-sin-aubameyang\/embed\/#?secret=FxFIGk7rQ6\" data-secret=\"FxFIGk7rQ6\" width=\"600\" height=\"338\" frameborder=\"0\" marginwidth=\"0\" marginheight=\"0\" scrolling=\"no\"><\/iframe>\n<\/div><\/figure>\n","protected":false},"excerpt":{"rendered":"<p>Freddie Ljungberg dej\u00f3 su puesto en el Arsenal como segundo entrenador de Mikel Arteta para perseguir ambiciones personales para \u00e9l. <\/p>\n","protected":false},"author":258,"featured_media":-101101225680,"comment_status":"closed","ping_status":"closed","sticky":false,"template":"","format":"standard","meta":{"om_disable_all_campaigns":false,"push_articles_ronaldo":{"active":false,"canonical":0,"publish":false},"force_updates":null},"categories":[1],"tags":[520,8266],"enet_tags":{"team":["9825"],"sport_events":[]},"yoast_head":"<!-- This site is optimized with the Yoast SEO plugin v18.3 - https:\/\/yoast.com\/wordpress\/plugins\/seo\/ -->\n<title>Freddie Ljungberg termina su relaci\u00f3n laboral con el Arsenal<\/title>\n<meta name=\"description\" content=\"Freddie Ljungberg dej\u00f3 su puesto en el Arsenal como segundo entrenador de Mikel Arteta para perseguir ambiciones personales para \u00e9l.\" \/>\n<meta name=\"robots\" content=\"index, follow, max-snippet:-1, max-image-preview:large, max-video-preview:-1\" \/>\n<link rel=\"canonical\" href=\"https:\/\/acefootball.com\/es\/noticias-de-futbol\/freddie-ljungberg-termina-su-relacion-laboral-con-el-arsenal\/\" \/>\n<meta property=\"og:locale\" content=\"es_ES\" \/>\n<meta property=\"og:type\" content=\"article\" \/>\n<meta property=\"og:title\" content=\"Freddie Ljungberg termina su relaci\u00f3n laboral con el Arsenal\" \/>\n<meta property=\"og:description\" content=\"Freddie Ljungberg dej\u00f3 su puesto en el Arsenal como segundo entrenador de Mikel Arteta para perseguir ambiciones personales para \u00e9l.\" \/>\n<meta property=\"og:url\" content=\"https:\/\/acefootball.com\/es\/noticias-de-futbol\/freddie-ljungberg-termina-su-relacion-laboral-con-el-arsenal\/\" \/>\n<meta property=\"og:site_name\" content=\"Ace Football Espa\u00f1ol\" \/>\n<meta property=\"article:published_time\" content=\"2020-08-22T22:09:43+00:00\" \/>\n<meta property=\"article:modified_time\" content=\"2020-08-22T22:10:37+00:00\" \/>\n<meta property=\"og:image\" content=\"https:\/\/acefootball.com\/es\/wp-content\/uploads\/2020\/08\/GettyImages-1207252783.jpg\" \/>\n\t<meta property=\"og:image:width\" content=\"1024\" \/>\n\t<meta property=\"og:image:height\" content=\"688\" \/><meta property=\"og:image\" content=\"https:\/\/acefootball.com\/es\/wp-content\/uploads\/sites\/3\/2020\/08\/1207252783.jpg\" \/>\n\t<meta property=\"og:image:width\" content=\"1200\" \/>\n\t<meta property=\"og:image:height\" content=\"630\" \/>\n\t<meta property=\"og:image:type\" content=\"image\/jpeg\" \/>\n<meta name=\"twitter:card\" content=\"summary_large_image\" \/>\n<meta name=\"twitter:image\" content=\"https:\/\/acefootball.com\/es\/wp-content\/uploads\/2020\/08\/GettyImages-1207252783.jpg\" \/>\n<meta name=\"twitter:creator\" content=\"@IAmTomSpiegel\" \/>\n<meta name=\"twitter:label1\" content=\"Escrito por\" \/>\n\t<meta name=\"twitter:data1\" content=\"Pavel I. Meda\" \/>\n\t<meta name=\"twitter:label2\" content=\"Tiempo de lectura\" \/>\n\t<meta name=\"twitter:data2\" content=\"1 minuto\" \/>\n<script type=\"application\/ld+json\" class=\"yoast-schema-graph\">{\"@context\":\"https:\/\/schema.org\",\"@graph\":[{\"@type\":\"WebSite\",\"@id\":\"https:\/\/acefootball.com\/es\/#website\",\"url\":\"https:\/\/acefootball.com\/es\/\",\"name\":\"Ace Football Espa\u00f1ol\",\"description\":\"News, Betting and Livescore\",\"potentialAction\":[{\"@type\":\"SearchAction\",\"target\":{\"@type\":\"EntryPoint\",\"urlTemplate\":\"https:\/\/acefootball.com\/es\/?s={search_term_string}\"},\"query-input\":\"required name=search_term_string\"}],\"inLanguage\":\"es\"},{\"@type\":\"ImageObject\",\"@id\":\"https:\/\/acefootball.com\/es\/noticias-de-futbol\/freddie-ljungberg-termina-su-relacion-laboral-con-el-arsenal\/#primaryimage\",\"inLanguage\":\"es\",\"url\":\"https:\/\/acefootball.com\/es\/wp-content\/uploads\/sites\/3\/2020\/08\/1207252783.jpg\",\"contentUrl\":\"https:\/\/acefootball.com\/es\/wp-content\/uploads\/sites\/3\/2020\/08\/1207252783.jpg\",\"width\":1200,\"height\":630},{\"@type\":\"WebPage\",\"@id\":\"https:\/\/acefootball.com\/es\/noticias-de-futbol\/freddie-ljungberg-termina-su-relacion-laboral-con-el-arsenal\/#webpage\",\"url\":\"https:\/\/acefootball.com\/es\/noticias-de-futbol\/freddie-ljungberg-termina-su-relacion-laboral-con-el-arsenal\/\",\"name\":\"Freddie Ljungberg termina su relaci\u00f3n laboral con el Arsenal\",\"isPartOf\":{\"@id\":\"https:\/\/acefootball.com\/es\/#website\"},\"primaryImageOfPage\":{\"@id\":\"https:\/\/acefootball.com\/es\/noticias-de-futbol\/freddie-ljungberg-termina-su-relacion-laboral-con-el-arsenal\/#primaryimage\"},\"datePublished\":\"2020-08-22T22:09:43+00:00\",\"dateModified\":\"2020-08-22T22:10:37+00:00\",\"author\":{\"@id\":\"https:\/\/acefootball.com\/es\/#\/schema\/person\/c817b858136f968b8b984c68fcf4aa84\"},\"description\":\"Freddie Ljungberg dej\u00f3 su puesto en el Arsenal como segundo entrenador de Mikel Arteta para perseguir ambiciones personales para \u00e9l.\",\"breadcrumb\":{\"@id\":\"https:\/\/acefootball.com\/es\/noticias-de-futbol\/freddie-ljungberg-termina-su-relacion-laboral-con-el-arsenal\/#breadcrumb\"},\"inLanguage\":\"es\",\"potentialAction\":[{\"@type\":\"ReadAction\",\"target\":[\"https:\/\/acefootball.com\/es\/noticias-de-futbol\/freddie-ljungberg-termina-su-relacion-laboral-con-el-arsenal\/\"]}]},{\"@type\":\"BreadcrumbList\",\"@id\":\"https:\/\/acefootball.com\/es\/noticias-de-futbol\/freddie-ljungberg-termina-su-relacion-laboral-con-el-arsenal\/#breadcrumb\",\"itemListElement\":[{\"@type\":\"ListItem\",\"position\":1,\"name\":\"Home\",\"item\":\"https:\/\/acefootball.com\/es\/\"},{\"@type\":\"ListItem\",\"position\":2,\"name\":\"Freddie Ljungberg termina su relaci\u00f3n laboral con el Arsenal\"}]},{\"@type\":\"Person\",\"@id\":\"https:\/\/acefootball.com\/es\/#\/schema\/person\/c817b858136f968b8b984c68fcf4aa84\",\"name\":\"Pavel I. Meda\",\"image\":{\"@type\":\"ImageObject\",\"@id\":\"https:\/\/acefootball.com\/es\/#personlogo\",\"inLanguage\":\"es\",\"url\":\"https:\/\/secure.gravatar.com\/avatar\/5d2d4f16693b918e4e93034452d5ee4c?s=96&d=mm&r=g\",\"contentUrl\":\"https:\/\/secure.gravatar.com\/avatar\/5d2d4f16693b918e4e93034452d5ee4c?s=96&d=mm&r=g\",\"caption\":\"Pavel I. Meda\"},\"description\":\"Football writer and journalist with 10 years of previous experience who loves his job and always likes to appreciate this beautiful sport. I've worked for companies such as Goal.com and Underdog Global Sports in the past. I am also an avid film and pop culture fan who spends his free time consuming any interesting story that is worth telling.\",\"sameAs\":[\"https:\/\/www.instagram.com\/rampantintellectual\/\",\"https:\/\/www.linkedin.com\/in\/pavel-ibarra-meda\",\"https:\/\/twitter.com\/IAmTomSpiegel\"],\"url\":\"https:\/\/acefootball.com\/es\/noticias-de-futbol\/author\/tomasibarra\/\"}]}<\/script>\n<!-- \/ Yoast SEO plugin. -->","yoast_head_json":{"title":"Freddie Ljungberg termina su relaci\u00f3n laboral con el Arsenal","description":"Freddie Ljungberg dej\u00f3 su puesto en el Arsenal como segundo entrenador de Mikel Arteta para perseguir ambiciones personales para \u00e9l.","robots":{"index":"index","follow":"follow","max-snippet":"max-snippet:-1","max-image-preview":"max-image-preview:large","max-video-preview":"max-video-preview:-1"},"canonical":"https:\/\/acefootball.com\/es\/noticias-de-futbol\/freddie-ljungberg-termina-su-relacion-laboral-con-el-arsenal\/","og_locale":"es_ES","og_type":"article","og_title":"Freddie Ljungberg termina su relaci\u00f3n laboral con el Arsenal","og_description":"Freddie Ljungberg dej\u00f3 su puesto en el Arsenal como segundo entrenador de Mikel Arteta para perseguir ambiciones personales para \u00e9l.","og_url":"https:\/\/acefootball.com\/es\/noticias-de-futbol\/freddie-ljungberg-termina-su-relacion-laboral-con-el-arsenal\/","og_site_name":"Ace Football Espa\u00f1ol","article_published_time":"2020-08-22T22:09:43+00:00","article_modified_time":"2020-08-22T22:10:37+00:00","og_image":[{"url":"https:\/\/acefootball.com\/es\/wp-content\/uploads\/2020\/08\/GettyImages-1207252783.jpg","height":688,"width":1024},{"width":1200,"height":630,"url":"https:\/\/acefootball.com\/es\/wp-content\/uploads\/sites\/3\/2020\/08\/1207252783.jpg","type":"image\/jpeg"}],"twitter_card":"summary_large_image","twitter_image":"https:\/\/acefootball.com\/es\/wp-content\/uploads\/2020\/08\/GettyImages-1207252783.jpg","twitter_creator":"@IAmTomSpiegel","twitter_misc":{"Escrito por":"Pavel I. Meda","Tiempo de lectura":"1 minuto"},"schema":{"@context":"https:\/\/schema.org","@graph":[{"@type":"WebSite","@id":"https:\/\/acefootball.com\/es\/#website","url":"https:\/\/acefootball.com\/es\/","name":"Ace Football Espa\u00f1ol","description":"News, Betting and Livescore","potentialAction":[{"@type":"SearchAction","target":{"@type":"EntryPoint","urlTemplate":"https:\/\/acefootball.com\/es\/?s={search_term_string}"},"query-input":"required name=search_term_string"}],"inLanguage":"es"},{"@type":"ImageObject","@id":"https:\/\/acefootball.com\/es\/noticias-de-futbol\/freddie-ljungberg-termina-su-relacion-laboral-con-el-arsenal\/#primaryimage","inLanguage":"es","url":"https:\/\/acefootball.com\/es\/wp-content\/uploads\/sites\/3\/2020\/08\/1207252783.jpg","contentUrl":"https:\/\/acefootball.com\/es\/wp-content\/uploads\/sites\/3\/2020\/08\/1207252783.jpg","width":1200,"height":630},{"@type":"WebPage","@id":"https:\/\/acefootball.com\/es\/noticias-de-futbol\/freddie-ljungberg-termina-su-relacion-laboral-con-el-arsenal\/#webpage","url":"https:\/\/acefootball.com\/es\/noticias-de-futbol\/freddie-ljungberg-termina-su-relacion-laboral-con-el-arsenal\/","name":"Freddie Ljungberg termina su relaci\u00f3n laboral con el Arsenal","isPartOf":{"@id":"https:\/\/acefootball.com\/es\/#website"},"primaryImageOfPage":{"@id":"https:\/\/acefootball.com\/es\/noticias-de-futbol\/freddie-ljungberg-termina-su-relacion-laboral-con-el-arsenal\/#primaryimage"},"datePublished":"2020-08-22T22:09:43+00:00","dateModified":"2020-08-22T22:10:37+00:00","author":{"@id":"https:\/\/acefootball.com\/es\/#\/schema\/person\/c817b858136f968b8b984c68fcf4aa84"},"description":"Freddie Ljungberg dej\u00f3 su puesto en el Arsenal como segundo entrenador de Mikel Arteta para perseguir ambiciones personales para \u00e9l.","breadcrumb":{"@id":"https:\/\/acefootball.com\/es\/noticias-de-futbol\/freddie-ljungberg-termina-su-relacion-laboral-con-el-arsenal\/#breadcrumb"},"inLanguage":"es","potentialAction":[{"@type":"ReadAction","target":["https:\/\/acefootball.com\/es\/noticias-de-futbol\/freddie-ljungberg-termina-su-relacion-laboral-con-el-arsenal\/"]}]},{"@type":"BreadcrumbList","@id":"https:\/\/acefootball.com\/es\/noticias-de-futbol\/freddie-ljungberg-termina-su-relacion-laboral-con-el-arsenal\/#breadcrumb","itemListElement":[{"@type":"ListItem","position":1,"name":"Home","item":"https:\/\/acefootball.com\/es\/"},{"@type":"ListItem","position":2,"name":"Freddie Ljungberg termina su relaci\u00f3n laboral con el Arsenal"}]},{"@type":"Person","@id":"https:\/\/acefootball.com\/es\/#\/schema\/person\/c817b858136f968b8b984c68fcf4aa84","name":"Pavel I. Meda","image":{"@type":"ImageObject","@id":"https:\/\/acefootball.com\/es\/#personlogo","inLanguage":"es","url":"https:\/\/secure.gravatar.com\/avatar\/5d2d4f16693b918e4e93034452d5ee4c?s=96&d=mm&r=g","contentUrl":"https:\/\/secure.gravatar.com\/avatar\/5d2d4f16693b918e4e93034452d5ee4c?s=96&d=mm&r=g","caption":"Pavel I. Meda"},"description":"Football writer and journalist with 10 years of previous experience who loves his job and always likes to appreciate this beautiful sport. I've worked for companies such as Goal.com and Underdog Global Sports in the past. I am also an avid film and pop culture fan who spends his free time consuming any interesting story that is worth telling.","sameAs":["https:\/\/www.instagram.com\/rampantintellectual\/","https:\/\/www.linkedin.com\/in\/pavel-ibarra-meda","https:\/\/twitter.com\/IAmTomSpiegel"],"url":"https:\/\/acefootball.com\/es\/noticias-de-futbol\/author\/tomasibarra\/"}]}},"fimg_url":"https:\/\/acefootball.com\/es\/wp-content\/uploads\/2020\/08\/GettyImages-1207252783.jpg","_links":{"self":[{"href":"https:\/\/acefootball.com\/es\/wp-json\/wp\/v2\/posts\/7416"}],"collection":[{"href":"https:\/\/acefootball.com\/es\/wp-json\/wp\/v2\/posts"}],"about":[{"href":"https:\/\/acefootball.com\/es\/wp-json\/wp\/v2\/types\/post"}],"author":[{"embeddable":true,"href":"https:\/\/acefootball.com\/es\/wp-json\/wp\/v2\/users\/258"}],"replies":[{"embeddable":true,"href":"https:\/\/acefootball.com\/es\/wp-json\/wp\/v2\/comments?post=7416"}],"version-history":[{"count":0,"href":"https:\/\/acefootball.com\/es\/wp-json\/wp\/v2\/posts\/7416\/revisions"}],"wp:featuredmedia":[{"embeddable":true,"href":"https:\/\/acefootball.com\/es\/wp-json\/wp\/v2\/media\/-101101225680"}],"wp:attachment":[{"href":"https:\/\/acefootball.com\/es\/wp-json\/wp\/v2\/media?parent=7416"}],"wp:term":[{"taxonomy":"category","embeddable":true,"href":"https:\/\/acefootball.com\/es\/wp-json\/wp\/v2\/categories?post=7416"},{"taxonomy":"post_tag","embeddable":true,"href":"https:\/\/acefootball.com\/es\/wp-json\/wp\/v2\/tags?post=7416"}],"curies":[{"name":"wp","href":"https:\/\/api.w.org\/{rel}","templated":true}]}}