{"id":7314,"date":"2020-08-21T20:26:06","date_gmt":"2020-08-21T20:26:06","guid":{"rendered":"https:\/\/acefootball.com\/es\/?p=7314"},"modified":"2020-08-21T20:26:15","modified_gmt":"2020-08-21T20:26:15","slug":"ya-hay-fecha-para-el-regreso-de-la-aficion-del-arsenal","status":"publish","type":"post","link":"https:\/\/acefootball.com\/es\/noticias-de-futbol\/ya-hay-fecha-para-el-regreso-de-la-aficion-del-arsenal\/","title":{"rendered":"Ya hay fecha para el regreso de la afici\u00f3n del Arsenal"},"content":{"rendered":"\n<h2>Arsenal revel\u00f3 en un correo mandado a su afici\u00f3n, que esperan darles la bienvenida de regreso en el Emirates para el mes de Octubre.\u00a0<\/h2>\n\n\n\n<p>Arsenal no ha permitido la entrada a sus aficionados en casa desde Marzo, como lo han hecho todos los clubes de Inglaterra por la pandemia. La temporada 2019\/20 regres\u00f3 en Junio despu\u00e9s de tres meses de cuarentena, con los Gunners jugando sus dem\u00e1s partidos a puerta cerrada tanto en casa como de visitantes.&nbsp;<\/p>\n\n\n\n<p>A pesar de tener a los jugadores de vuelta a la actividad, el club a\u00fan sufri\u00f3 financieramente despu\u00e9s de perder la importante entrada de dinero por la venta de boletos en el estadio.&nbsp;<\/p>\n\n\n\n<p>Los equipos ingleses han mantenido pl\u00e1ticas con el gobierno Brit\u00e1nico para llegar a un acuerdo que permita a la afici\u00f3n regresar a los estadios para la pr\u00f3xima temporada de la <em><a href=\"https:\/\/acefootball.com\/es\/noticias-de-futbol\/partidos-de-la-premier-league-2020-21-liverpool-enfrentara-al-leeds-en-el-dia-1\/\" target=\"_blank\" rel=\"noreferrer noopener\">Premier League<\/a><\/em>. El regreso del f\u00fatbol est\u00e1 programado para el 12 de Septiembre en Inglaterra.\u00a0<\/p>\n\n\n\n<p>Lo \u00fanico que est\u00e1 claro ahora es que la afici\u00f3n seguramente no estar\u00e1 presente para el partido inaugural contra el Fulham. Pero el club s\u00ed revel\u00f3 que hay planes para que vuelva una porci\u00f3n de los 60 mil aficionados que caben en el estadio, eventualmente. El partido tentativo es contra el Sheffield United del 3 de Octubre.&nbsp;<\/p>\n\n\n\n<p>\u00abSeguimos trabajando para trabajar duro con la Premier League y el gobierno en los planes para que la afici\u00f3n vuelva a los estadios, inicialmente en capacidades reducidas,\u00bb dec\u00eda el correo a la afici\u00f3n reportado por <em><a href=\"https:\/\/www.goal.com\/en\/news\/arsenal-plan-to-allow-fans-back-to-emirates-stadium-in\/vr81zurw0xp51beksa8b69ep3\" target=\"_blank\" rel=\"noreferrer noopener\">Goal<\/a><\/em>.\u00a0<\/p>\n\n\n\n<p>\u00abEstamos decepcionados de que nuestro partido en casa contra el West Ham United del 19 de Septiembre ser\u00e1 a puerta cerrada, pero esperamos tener a la gente de vuelta para el S\u00e1bado 3 de Octubre contra el Sheffield United.&nbsp;<\/p>\n\n\n\n<p>\u00abCompartiremos toda la informaci\u00f3n relacionada con este tema para el mi\u00e9rcoles 2 de Septiembre\u00bb.&nbsp;<\/p>\n\n\n\n<p>La UEFA por su lado, podr\u00eda usar la Supercopa como partido piloto para ver si puede celebrar partidos de sus otras competiciones con aficionados dentro de los estadios.<\/p>\n\n\n\n<figure class=\"wp-block-embed-wordpress wp-block-embed is-type-wp-embed is-provider-ace-football-espanol\"><div class=\"wp-block-embed__wrapper\">\n<blockquote class=\"wp-embedded-content\" data-secret=\"vKR6cYhAp1\"><a href=\"https:\/\/acefootball.com\/es\/noticias-de-futbol\/uefa-considera-la-supercopa-de-europa-para-pruebas\/\">UEFA considera la Supercopa de Europa para pruebas<\/a><\/blockquote><iframe class=\"wp-embedded-content\" sandbox=\"allow-scripts\" security=\"restricted\" style=\"position: absolute; clip: rect(1px, 1px, 1px, 1px);\" title=\"\u00abUEFA considera la Supercopa de Europa para pruebas\u00bb \u2014 Ace Football Espa\u00f1ol\" src=\"https:\/\/acefootball.com\/es\/noticias-de-futbol\/uefa-considera-la-supercopa-de-europa-para-pruebas\/embed\/#?secret=vKR6cYhAp1\" data-secret=\"vKR6cYhAp1\" width=\"600\" height=\"338\" frameborder=\"0\" marginwidth=\"0\" marginheight=\"0\" scrolling=\"no\"><\/iframe>\n<\/div><\/figure>\n","protected":false},"excerpt":{"rendered":"<p>Arsenal revel\u00f3 en un correo mandado a su afici\u00f3n, que esperan darles la bienvenida de regreso en el Emirates para el mes de Octubre. <\/p>\n","protected":false},"author":258,"featured_media":-101101225475,"comment_status":"closed","ping_status":"closed","sticky":false,"template":"","format":"standard","meta":{"om_disable_all_campaigns":false,"push_articles_ronaldo":{"active":false,"canonical":0,"publish":false},"force_updates":null},"categories":[1],"tags":[520,77],"enet_tags":{"team":["9825"],"league":["47"],"sport_events":[]},"yoast_head":"<!-- This site is optimized with the Yoast SEO plugin v18.3 - https:\/\/yoast.com\/wordpress\/plugins\/seo\/ -->\n<title>Ya hay fecha para el regreso de la afici\u00f3n del Arsenal<\/title>\n<meta name=\"description\" content=\"Arsenal revel\u00f3 en un correo mandado a su afici\u00f3n, que esperan darles la bienvenida de regreso en el Emirates para el mes de Octubre.\" \/>\n<meta name=\"robots\" content=\"index, follow, max-snippet:-1, max-image-preview:large, max-video-preview:-1\" \/>\n<link rel=\"canonical\" href=\"https:\/\/acefootball.com\/es\/noticias-de-futbol\/ya-hay-fecha-para-el-regreso-de-la-aficion-del-arsenal\/\" \/>\n<meta property=\"og:locale\" content=\"es_ES\" \/>\n<meta property=\"og:type\" content=\"article\" \/>\n<meta property=\"og:title\" content=\"Ya hay fecha para el regreso de la afici\u00f3n del Arsenal\" \/>\n<meta property=\"og:description\" content=\"Arsenal revel\u00f3 en un correo mandado a su afici\u00f3n, que esperan darles la bienvenida de regreso en el Emirates para el mes de Octubre.\" \/>\n<meta property=\"og:url\" content=\"https:\/\/acefootball.com\/es\/noticias-de-futbol\/ya-hay-fecha-para-el-regreso-de-la-aficion-del-arsenal\/\" \/>\n<meta property=\"og:site_name\" content=\"Ace Football Espa\u00f1ol\" \/>\n<meta property=\"article:published_time\" content=\"2020-08-21T20:26:06+00:00\" \/>\n<meta property=\"article:modified_time\" content=\"2020-08-21T20:26:15+00:00\" \/>\n<meta property=\"og:image\" content=\"https:\/\/acefootball.com\/es\/wp-content\/uploads\/2020\/08\/GettyImages-1171565645.jpg\" \/>\n\t<meta property=\"og:image:width\" content=\"1024\" \/>\n\t<meta property=\"og:image:height\" content=\"673\" \/><meta property=\"og:image\" content=\"https:\/\/acefootball.com\/es\/wp-content\/uploads\/sites\/3\/2020\/08\/1171565645.jpg\" \/>\n\t<meta property=\"og:image:width\" content=\"1200\" \/>\n\t<meta property=\"og:image:height\" content=\"630\" \/>\n\t<meta property=\"og:image:type\" content=\"image\/jpeg\" \/>\n<meta name=\"twitter:card\" content=\"summary_large_image\" \/>\n<meta name=\"twitter:image\" content=\"https:\/\/acefootball.com\/es\/wp-content\/uploads\/2020\/08\/GettyImages-1171565645.jpg\" \/>\n<meta name=\"twitter:creator\" content=\"@IAmTomSpiegel\" \/>\n<meta name=\"twitter:label1\" content=\"Escrito por\" \/>\n\t<meta name=\"twitter:data1\" content=\"Pavel I. Meda\" \/>\n\t<meta name=\"twitter:label2\" content=\"Tiempo de lectura\" \/>\n\t<meta name=\"twitter:data2\" content=\"2 minutos\" \/>\n<script type=\"application\/ld+json\" class=\"yoast-schema-graph\">{\"@context\":\"https:\/\/schema.org\",\"@graph\":[{\"@type\":\"WebSite\",\"@id\":\"https:\/\/acefootball.com\/es\/#website\",\"url\":\"https:\/\/acefootball.com\/es\/\",\"name\":\"Ace Football Espa\u00f1ol\",\"description\":\"News, Betting and Livescore\",\"potentialAction\":[{\"@type\":\"SearchAction\",\"target\":{\"@type\":\"EntryPoint\",\"urlTemplate\":\"https:\/\/acefootball.com\/es\/?s={search_term_string}\"},\"query-input\":\"required name=search_term_string\"}],\"inLanguage\":\"es\"},{\"@type\":\"ImageObject\",\"@id\":\"https:\/\/acefootball.com\/es\/noticias-de-futbol\/ya-hay-fecha-para-el-regreso-de-la-aficion-del-arsenal\/#primaryimage\",\"inLanguage\":\"es\",\"url\":\"https:\/\/acefootball.com\/es\/wp-content\/uploads\/sites\/3\/2020\/08\/1171565645.jpg\",\"contentUrl\":\"https:\/\/acefootball.com\/es\/wp-content\/uploads\/sites\/3\/2020\/08\/1171565645.jpg\",\"width\":1200,\"height\":630},{\"@type\":\"WebPage\",\"@id\":\"https:\/\/acefootball.com\/es\/noticias-de-futbol\/ya-hay-fecha-para-el-regreso-de-la-aficion-del-arsenal\/#webpage\",\"url\":\"https:\/\/acefootball.com\/es\/noticias-de-futbol\/ya-hay-fecha-para-el-regreso-de-la-aficion-del-arsenal\/\",\"name\":\"Ya hay fecha para el regreso de la afici\u00f3n del Arsenal\",\"isPartOf\":{\"@id\":\"https:\/\/acefootball.com\/es\/#website\"},\"primaryImageOfPage\":{\"@id\":\"https:\/\/acefootball.com\/es\/noticias-de-futbol\/ya-hay-fecha-para-el-regreso-de-la-aficion-del-arsenal\/#primaryimage\"},\"datePublished\":\"2020-08-21T20:26:06+00:00\",\"dateModified\":\"2020-08-21T20:26:15+00:00\",\"author\":{\"@id\":\"https:\/\/acefootball.com\/es\/#\/schema\/person\/c817b858136f968b8b984c68fcf4aa84\"},\"description\":\"Arsenal revel\u00f3 en un correo mandado a su afici\u00f3n, que esperan darles la bienvenida de regreso en el Emirates para el mes de Octubre.\",\"breadcrumb\":{\"@id\":\"https:\/\/acefootball.com\/es\/noticias-de-futbol\/ya-hay-fecha-para-el-regreso-de-la-aficion-del-arsenal\/#breadcrumb\"},\"inLanguage\":\"es\",\"potentialAction\":[{\"@type\":\"ReadAction\",\"target\":[\"https:\/\/acefootball.com\/es\/noticias-de-futbol\/ya-hay-fecha-para-el-regreso-de-la-aficion-del-arsenal\/\"]}]},{\"@type\":\"BreadcrumbList\",\"@id\":\"https:\/\/acefootball.com\/es\/noticias-de-futbol\/ya-hay-fecha-para-el-regreso-de-la-aficion-del-arsenal\/#breadcrumb\",\"itemListElement\":[{\"@type\":\"ListItem\",\"position\":1,\"name\":\"Home\",\"item\":\"https:\/\/acefootball.com\/es\/\"},{\"@type\":\"ListItem\",\"position\":2,\"name\":\"Ya hay fecha para el regreso de la afici\u00f3n del Arsenal\"}]},{\"@type\":\"Person\",\"@id\":\"https:\/\/acefootball.com\/es\/#\/schema\/person\/c817b858136f968b8b984c68fcf4aa84\",\"name\":\"Pavel I. Meda\",\"image\":{\"@type\":\"ImageObject\",\"@id\":\"https:\/\/acefootball.com\/es\/#personlogo\",\"inLanguage\":\"es\",\"url\":\"https:\/\/secure.gravatar.com\/avatar\/5d2d4f16693b918e4e93034452d5ee4c?s=96&d=mm&r=g\",\"contentUrl\":\"https:\/\/secure.gravatar.com\/avatar\/5d2d4f16693b918e4e93034452d5ee4c?s=96&d=mm&r=g\",\"caption\":\"Pavel I. Meda\"},\"description\":\"Football writer and journalist with 10 years of previous experience who loves his job and always likes to appreciate this beautiful sport. I've worked for companies such as Goal.com and Underdog Global Sports in the past. I am also an avid film and pop culture fan who spends his free time consuming any interesting story that is worth telling.\",\"sameAs\":[\"https:\/\/www.instagram.com\/rampantintellectual\/\",\"https:\/\/www.linkedin.com\/in\/pavel-ibarra-meda\",\"https:\/\/twitter.com\/IAmTomSpiegel\"],\"url\":\"https:\/\/acefootball.com\/es\/noticias-de-futbol\/author\/tomasibarra\/\"}]}<\/script>\n<!-- \/ Yoast SEO plugin. -->","yoast_head_json":{"title":"Ya hay fecha para el regreso de la afici\u00f3n del Arsenal","description":"Arsenal revel\u00f3 en un correo mandado a su afici\u00f3n, que esperan darles la bienvenida de regreso en el Emirates para el mes de Octubre.","robots":{"index":"index","follow":"follow","max-snippet":"max-snippet:-1","max-image-preview":"max-image-preview:large","max-video-preview":"max-video-preview:-1"},"canonical":"https:\/\/acefootball.com\/es\/noticias-de-futbol\/ya-hay-fecha-para-el-regreso-de-la-aficion-del-arsenal\/","og_locale":"es_ES","og_type":"article","og_title":"Ya hay fecha para el regreso de la afici\u00f3n del Arsenal","og_description":"Arsenal revel\u00f3 en un correo mandado a su afici\u00f3n, que esperan darles la bienvenida de regreso en el Emirates para el mes de Octubre.","og_url":"https:\/\/acefootball.com\/es\/noticias-de-futbol\/ya-hay-fecha-para-el-regreso-de-la-aficion-del-arsenal\/","og_site_name":"Ace Football Espa\u00f1ol","article_published_time":"2020-08-21T20:26:06+00:00","article_modified_time":"2020-08-21T20:26:15+00:00","og_image":[{"url":"https:\/\/acefootball.com\/es\/wp-content\/uploads\/2020\/08\/GettyImages-1171565645.jpg","height":673,"width":1024},{"width":1200,"height":630,"url":"https:\/\/acefootball.com\/es\/wp-content\/uploads\/sites\/3\/2020\/08\/1171565645.jpg","type":"image\/jpeg"}],"twitter_card":"summary_large_image","twitter_image":"https:\/\/acefootball.com\/es\/wp-content\/uploads\/2020\/08\/GettyImages-1171565645.jpg","twitter_creator":"@IAmTomSpiegel","twitter_misc":{"Escrito por":"Pavel I. Meda","Tiempo de lectura":"2 minutos"},"schema":{"@context":"https:\/\/schema.org","@graph":[{"@type":"WebSite","@id":"https:\/\/acefootball.com\/es\/#website","url":"https:\/\/acefootball.com\/es\/","name":"Ace Football Espa\u00f1ol","description":"News, Betting and Livescore","potentialAction":[{"@type":"SearchAction","target":{"@type":"EntryPoint","urlTemplate":"https:\/\/acefootball.com\/es\/?s={search_term_string}"},"query-input":"required name=search_term_string"}],"inLanguage":"es"},{"@type":"ImageObject","@id":"https:\/\/acefootball.com\/es\/noticias-de-futbol\/ya-hay-fecha-para-el-regreso-de-la-aficion-del-arsenal\/#primaryimage","inLanguage":"es","url":"https:\/\/acefootball.com\/es\/wp-content\/uploads\/sites\/3\/2020\/08\/1171565645.jpg","contentUrl":"https:\/\/acefootball.com\/es\/wp-content\/uploads\/sites\/3\/2020\/08\/1171565645.jpg","width":1200,"height":630},{"@type":"WebPage","@id":"https:\/\/acefootball.com\/es\/noticias-de-futbol\/ya-hay-fecha-para-el-regreso-de-la-aficion-del-arsenal\/#webpage","url":"https:\/\/acefootball.com\/es\/noticias-de-futbol\/ya-hay-fecha-para-el-regreso-de-la-aficion-del-arsenal\/","name":"Ya hay fecha para el regreso de la afici\u00f3n del Arsenal","isPartOf":{"@id":"https:\/\/acefootball.com\/es\/#website"},"primaryImageOfPage":{"@id":"https:\/\/acefootball.com\/es\/noticias-de-futbol\/ya-hay-fecha-para-el-regreso-de-la-aficion-del-arsenal\/#primaryimage"},"datePublished":"2020-08-21T20:26:06+00:00","dateModified":"2020-08-21T20:26:15+00:00","author":{"@id":"https:\/\/acefootball.com\/es\/#\/schema\/person\/c817b858136f968b8b984c68fcf4aa84"},"description":"Arsenal revel\u00f3 en un correo mandado a su afici\u00f3n, que esperan darles la bienvenida de regreso en el Emirates para el mes de Octubre.","breadcrumb":{"@id":"https:\/\/acefootball.com\/es\/noticias-de-futbol\/ya-hay-fecha-para-el-regreso-de-la-aficion-del-arsenal\/#breadcrumb"},"inLanguage":"es","potentialAction":[{"@type":"ReadAction","target":["https:\/\/acefootball.com\/es\/noticias-de-futbol\/ya-hay-fecha-para-el-regreso-de-la-aficion-del-arsenal\/"]}]},{"@type":"BreadcrumbList","@id":"https:\/\/acefootball.com\/es\/noticias-de-futbol\/ya-hay-fecha-para-el-regreso-de-la-aficion-del-arsenal\/#breadcrumb","itemListElement":[{"@type":"ListItem","position":1,"name":"Home","item":"https:\/\/acefootball.com\/es\/"},{"@type":"ListItem","position":2,"name":"Ya hay fecha para el regreso de la afici\u00f3n del Arsenal"}]},{"@type":"Person","@id":"https:\/\/acefootball.com\/es\/#\/schema\/person\/c817b858136f968b8b984c68fcf4aa84","name":"Pavel I. Meda","image":{"@type":"ImageObject","@id":"https:\/\/acefootball.com\/es\/#personlogo","inLanguage":"es","url":"https:\/\/secure.gravatar.com\/avatar\/5d2d4f16693b918e4e93034452d5ee4c?s=96&d=mm&r=g","contentUrl":"https:\/\/secure.gravatar.com\/avatar\/5d2d4f16693b918e4e93034452d5ee4c?s=96&d=mm&r=g","caption":"Pavel I. Meda"},"description":"Football writer and journalist with 10 years of previous experience who loves his job and always likes to appreciate this beautiful sport. I've worked for companies such as Goal.com and Underdog Global Sports in the past. I am also an avid film and pop culture fan who spends his free time consuming any interesting story that is worth telling.","sameAs":["https:\/\/www.instagram.com\/rampantintellectual\/","https:\/\/www.linkedin.com\/in\/pavel-ibarra-meda","https:\/\/twitter.com\/IAmTomSpiegel"],"url":"https:\/\/acefootball.com\/es\/noticias-de-futbol\/author\/tomasibarra\/"}]}},"fimg_url":"https:\/\/acefootball.com\/es\/wp-content\/uploads\/2020\/08\/GettyImages-1171565645.jpg","_links":{"self":[{"href":"https:\/\/acefootball.com\/es\/wp-json\/wp\/v2\/posts\/7314"}],"collection":[{"href":"https:\/\/acefootball.com\/es\/wp-json\/wp\/v2\/posts"}],"about":[{"href":"https:\/\/acefootball.com\/es\/wp-json\/wp\/v2\/types\/post"}],"author":[{"embeddable":true,"href":"https:\/\/acefootball.com\/es\/wp-json\/wp\/v2\/users\/258"}],"replies":[{"embeddable":true,"href":"https:\/\/acefootball.com\/es\/wp-json\/wp\/v2\/comments?post=7314"}],"version-history":[{"count":0,"href":"https:\/\/acefootball.com\/es\/wp-json\/wp\/v2\/posts\/7314\/revisions"}],"wp:featuredmedia":[{"embeddable":true,"href":"https:\/\/acefootball.com\/es\/wp-json\/wp\/v2\/media\/-101101225475"}],"wp:attachment":[{"href":"https:\/\/acefootball.com\/es\/wp-json\/wp\/v2\/media?parent=7314"}],"wp:term":[{"taxonomy":"category","embeddable":true,"href":"https:\/\/acefootball.com\/es\/wp-json\/wp\/v2\/categories?post=7314"},{"taxonomy":"post_tag","embeddable":true,"href":"https:\/\/acefootball.com\/es\/wp-json\/wp\/v2\/tags?post=7314"}],"curies":[{"name":"wp","href":"https:\/\/api.w.org\/{rel}","templated":true}]}}