{"id":7285,"date":"2020-08-21T16:31:05","date_gmt":"2020-08-21T16:31:05","guid":{"rendered":"https:\/\/acefootball.com\/es\/?p=7285"},"modified":"2020-08-21T16:31:38","modified_gmt":"2020-08-21T16:31:38","slug":"parlour-piensa-que-arsenal-no-sera-nada-sin-aubameyang","status":"publish","type":"post","link":"https:\/\/acefootball.com\/es\/noticias-de-futbol\/parlour-piensa-que-arsenal-no-sera-nada-sin-aubameyang\/","title":{"rendered":"Parlour piensa que Arsenal no ser\u00e1 nada sin Aubameyang"},"content":{"rendered":"\n<h2>Ray Parlour piensa que el Arsenal no tiene oportunidades de regresar al Top Four de la Premier League sin Pierre-Emerick Aubameyang.\u00a0<\/h2>\n\n\n\n<p>No es un secreto que el Arsenal est\u00e1 desesperado por atar a Pierre-Emerick Aubameyang a un nuevo contrato, ya que al capit\u00e1n le queda menos de un a\u00f1o en el vigente. Barcelona, Inter Mil\u00e1n, Manchester United y Chelsea son los clubes que supuestamente lo han buscado por meses.&nbsp;<\/p>\n\n\n\n<p>Pero Mikel Arteta sigue confiado en mantener a su estrella para la pr\u00f3xima temporada. El entrenador de los Gunners reiter\u00f3 esto una vez m\u00e1s despu\u00e9s de la victoria en la final de la FA Cup contra el Chelsea. Un partido en el que ambos goles llegaron por medio del delantero gabon\u00e9s.&nbsp;<\/p>\n\n\n\n<p>Pero mientras el Arsenal no ha dado detalles de su <em><a href=\"https:\/\/acefootball.com\/es\/noticias-de-futbol\/confirman-renovacion-de-aubameyang-con-el-arsenal\/\" target=\"_blank\" rel=\"noreferrer noopener\">nuevo contrato<\/a><\/em>, el ariete hace poco nos dio una pista sobre el anuncio que parece inminente. Ahora s\u00f3lo queda la duda de qu\u00e9 tanto est\u00e1 dispuesto a pagar el Arsenal para que Aubameyang firme un nuevo contrato.\u00a0<\/p>\n\n\n\n<figure class=\"wp-block-embed-twitter wp-block-embed is-type-rich is-provider-twitter\"><div class=\"wp-block-embed__wrapper\">\n<blockquote class=\"twitter-tweet\" data-width=\"550\" data-dnt=\"true\"><p lang=\"en\" dir=\"ltr\">\u274c Alan: \u201cIf Aubameyang goes then forget top four, for me.\u201d<br><br>\ud83d\ude4f Ray: \u201cYeah, you can\u2019t replace his goals&#8230; but the signs are positive!\u201d<br><br>Alan Brazil &amp; Ray Parlour say <a href=\"https:\/\/twitter.com\/hashtag\/Arsenal?src=hash&amp;ref_src=twsrc%5Etfw\">#Arsenal<\/a>\u2019s future hangs on Aubameyang staying the The Emirates.<br><br>Do you think Auba will stay? \ud83e\udd14 <a href=\"https:\/\/t.co\/ADheJ44ULx\">pic.twitter.com\/ADheJ44ULx<\/a><\/p>&mdash; talkSPORT (@talkSPORT) <a href=\"https:\/\/twitter.com\/talkSPORT\/status\/1296690999234670592?ref_src=twsrc%5Etfw\">August 21, 2020<\/a><\/blockquote><script async src=\"https:\/\/platform.twitter.com\/widgets.js\" charset=\"utf-8\"><\/script>\n<\/div><\/figure>\n\n\n\n<p>\u00abNo puedes reemplazar esos goles que anota,\u00bb dijo Ray Parlour a <em><a href=\"https:\/\/twitter.com\/talkSPORT\/status\/1296690999234670592\" target=\"_blank\" rel=\"noreferrer noopener\">talkSPORT<\/a><\/em>.\u00a0<\/p>\n\n\n\n<p>\u00abLas se\u00f1ales son positivas de que se podr\u00eda quedar, lo cu\u00e1l ser\u00eda una gran noticia.&nbsp;<\/p>\n\n\n\n<p>\u00abVeo la relaci\u00f3n con el entrenador como algo muy importante. Puedes ver cuando se pit\u00f3 el final del partido contra el Chelsea, a Arteta correr directo a Aubameyang para felicitarlo. S\u00e9 que anot\u00f3 dos goles pero puedes ver que su relaci\u00f3n es muy buena.&nbsp;<\/p>\n\n\n\n<p>\u00abTodo se va a decidir con el dinero, debemos saber qu\u00e9 se har\u00e1 para pagarle. El problema es que tenemos a \u00d6zil ganando casi \u20ac400 mil por semana y Aubameyang pedir\u00e1 lo mismo.<\/p>\n\n\n\n<p>\u00abSus representantes pueden quejarse de que hay un jugador que gana tanto dinero y ni siquiera est\u00e1 jugando. Sin importar si logran pagarle \u20ac250 o \u20ac275 mil, creo que eso es lo que se est\u00e1 buscando para \u00e9l.&nbsp;<\/p>\n\n\n\n<p>\u00abSi se termina yendo, no hay suficientes goles en el equipo para llegar al Top Four\u00bb.&nbsp;<\/p>\n\n\n\n<p>Aubameyang logr\u00f3 anotar hasta ahora 70 goles y repartir 15 asistencias en 109 partidos con el Arsenal desde que el club pag\u00f3 casi \u20ac64 millones al Borussia Dortmund por su fichaje.<\/p>\n\n\n\n<figure class=\"wp-block-embed-wordpress wp-block-embed is-type-wp-embed is-provider-ace-football-espanol\"><div class=\"wp-block-embed__wrapper\">\n<blockquote class=\"wp-embedded-content\" data-secret=\"wVxprLSiL4\"><a href=\"https:\/\/acefootball.com\/es\/noticias-de-futbol\/confirman-renovacion-de-aubameyang-con-el-arsenal\/\">Confirman renovaci\u00f3n de Aubameyang con el Arsenal<\/a><\/blockquote><iframe class=\"wp-embedded-content\" sandbox=\"allow-scripts\" security=\"restricted\" style=\"position: absolute; clip: rect(1px, 1px, 1px, 1px);\" title=\"\u00abConfirman renovaci\u00f3n de Aubameyang con el Arsenal\u00bb \u2014 Ace Football Espa\u00f1ol\" src=\"https:\/\/acefootball.com\/es\/noticias-de-futbol\/confirman-renovacion-de-aubameyang-con-el-arsenal\/embed\/#?secret=wVxprLSiL4\" data-secret=\"wVxprLSiL4\" width=\"600\" height=\"338\" frameborder=\"0\" marginwidth=\"0\" marginheight=\"0\" scrolling=\"no\"><\/iframe>\n<\/div><\/figure>\n","protected":false},"excerpt":{"rendered":"<p>Ray Parlour piensa que el Arsenal no tiene oportunidades de regresar al Top Four de la Premier League sin Pierre-Emerick Aubameyang. <\/p>\n","protected":false},"author":258,"featured_media":-101101225448,"comment_status":"closed","ping_status":"closed","sticky":false,"template":"","format":"standard","meta":{"om_disable_all_campaigns":false,"push_articles_ronaldo":{"active":false,"canonical":0,"publish":false},"force_updates":null},"categories":[75],"tags":[520,1048,6527],"enet_tags":{"team":["9825"],"player":["150565"],"sport_events":[]},"yoast_head":"<!-- This site is optimized with the Yoast SEO plugin v18.3 - https:\/\/yoast.com\/wordpress\/plugins\/seo\/ -->\n<title>Parlour piensa que Arsenal no ser\u00e1 nada sin Aubameyang<\/title>\n<meta name=\"description\" content=\"Ray Parlour piensa que el Arsenal no tiene oportunidades de regresar al Top Four de la Premier League sin Pierre-Emerick Aubameyang.\" \/>\n<meta name=\"robots\" content=\"index, follow, max-snippet:-1, max-image-preview:large, max-video-preview:-1\" \/>\n<link rel=\"canonical\" href=\"https:\/\/acefootball.com\/es\/noticias-de-futbol\/parlour-piensa-que-arsenal-no-sera-nada-sin-aubameyang\/\" \/>\n<meta property=\"og:locale\" content=\"es_ES\" \/>\n<meta property=\"og:type\" content=\"article\" \/>\n<meta property=\"og:title\" content=\"Parlour piensa que Arsenal no ser\u00e1 nada sin Aubameyang\" \/>\n<meta property=\"og:description\" content=\"Ray Parlour piensa que el Arsenal no tiene oportunidades de regresar al Top Four de la Premier League sin Pierre-Emerick Aubameyang.\" \/>\n<meta property=\"og:url\" content=\"https:\/\/acefootball.com\/es\/noticias-de-futbol\/parlour-piensa-que-arsenal-no-sera-nada-sin-aubameyang\/\" \/>\n<meta property=\"og:site_name\" content=\"Ace Football Espa\u00f1ol\" \/>\n<meta property=\"article:published_time\" content=\"2020-08-21T16:31:05+00:00\" \/>\n<meta property=\"article:modified_time\" content=\"2020-08-21T16:31:38+00:00\" \/>\n<meta property=\"og:image\" content=\"https:\/\/acefootball.com\/es\/wp-content\/uploads\/2020\/08\/GettyImages-1263184044.jpg\" \/>\n\t<meta property=\"og:image:width\" content=\"1024\" \/>\n\t<meta property=\"og:image:height\" content=\"648\" \/><meta property=\"og:image\" content=\"https:\/\/acefootball.com\/es\/wp-content\/uploads\/sites\/3\/2020\/08\/1263184044.jpg\" \/>\n\t<meta property=\"og:image:width\" content=\"1200\" \/>\n\t<meta property=\"og:image:height\" content=\"630\" \/>\n\t<meta property=\"og:image:type\" content=\"image\/jpeg\" \/>\n<meta name=\"twitter:card\" content=\"summary_large_image\" \/>\n<meta name=\"twitter:image\" content=\"https:\/\/acefootball.com\/es\/wp-content\/uploads\/2020\/08\/GettyImages-1263184044.jpg\" \/>\n<meta name=\"twitter:creator\" content=\"@IAmTomSpiegel\" \/>\n<meta name=\"twitter:label1\" content=\"Escrito por\" \/>\n\t<meta name=\"twitter:data1\" content=\"Pavel I. Meda\" \/>\n\t<meta name=\"twitter:label2\" content=\"Tiempo de lectura\" \/>\n\t<meta name=\"twitter:data2\" content=\"2 minutos\" \/>\n<script type=\"application\/ld+json\" class=\"yoast-schema-graph\">{\"@context\":\"https:\/\/schema.org\",\"@graph\":[{\"@type\":\"WebSite\",\"@id\":\"https:\/\/acefootball.com\/es\/#website\",\"url\":\"https:\/\/acefootball.com\/es\/\",\"name\":\"Ace Football Espa\u00f1ol\",\"description\":\"News, Betting and Livescore\",\"potentialAction\":[{\"@type\":\"SearchAction\",\"target\":{\"@type\":\"EntryPoint\",\"urlTemplate\":\"https:\/\/acefootball.com\/es\/?s={search_term_string}\"},\"query-input\":\"required name=search_term_string\"}],\"inLanguage\":\"es\"},{\"@type\":\"ImageObject\",\"@id\":\"https:\/\/acefootball.com\/es\/noticias-de-futbol\/parlour-piensa-que-arsenal-no-sera-nada-sin-aubameyang\/#primaryimage\",\"inLanguage\":\"es\",\"url\":\"https:\/\/acefootball.com\/es\/wp-content\/uploads\/sites\/3\/2020\/08\/1263184044.jpg\",\"contentUrl\":\"https:\/\/acefootball.com\/es\/wp-content\/uploads\/sites\/3\/2020\/08\/1263184044.jpg\",\"width\":1200,\"height\":630},{\"@type\":\"WebPage\",\"@id\":\"https:\/\/acefootball.com\/es\/noticias-de-futbol\/parlour-piensa-que-arsenal-no-sera-nada-sin-aubameyang\/#webpage\",\"url\":\"https:\/\/acefootball.com\/es\/noticias-de-futbol\/parlour-piensa-que-arsenal-no-sera-nada-sin-aubameyang\/\",\"name\":\"Parlour piensa que Arsenal no ser\u00e1 nada sin Aubameyang\",\"isPartOf\":{\"@id\":\"https:\/\/acefootball.com\/es\/#website\"},\"primaryImageOfPage\":{\"@id\":\"https:\/\/acefootball.com\/es\/noticias-de-futbol\/parlour-piensa-que-arsenal-no-sera-nada-sin-aubameyang\/#primaryimage\"},\"datePublished\":\"2020-08-21T16:31:05+00:00\",\"dateModified\":\"2020-08-21T16:31:38+00:00\",\"author\":{\"@id\":\"https:\/\/acefootball.com\/es\/#\/schema\/person\/c817b858136f968b8b984c68fcf4aa84\"},\"description\":\"Ray Parlour piensa que el Arsenal no tiene oportunidades de regresar al Top Four de la Premier League sin Pierre-Emerick Aubameyang.\",\"breadcrumb\":{\"@id\":\"https:\/\/acefootball.com\/es\/noticias-de-futbol\/parlour-piensa-que-arsenal-no-sera-nada-sin-aubameyang\/#breadcrumb\"},\"inLanguage\":\"es\",\"potentialAction\":[{\"@type\":\"ReadAction\",\"target\":[\"https:\/\/acefootball.com\/es\/noticias-de-futbol\/parlour-piensa-que-arsenal-no-sera-nada-sin-aubameyang\/\"]}]},{\"@type\":\"BreadcrumbList\",\"@id\":\"https:\/\/acefootball.com\/es\/noticias-de-futbol\/parlour-piensa-que-arsenal-no-sera-nada-sin-aubameyang\/#breadcrumb\",\"itemListElement\":[{\"@type\":\"ListItem\",\"position\":1,\"name\":\"Home\",\"item\":\"https:\/\/acefootball.com\/es\/\"},{\"@type\":\"ListItem\",\"position\":2,\"name\":\"Parlour piensa que Arsenal no ser\u00e1 nada sin Aubameyang\"}]},{\"@type\":\"Person\",\"@id\":\"https:\/\/acefootball.com\/es\/#\/schema\/person\/c817b858136f968b8b984c68fcf4aa84\",\"name\":\"Pavel I. Meda\",\"image\":{\"@type\":\"ImageObject\",\"@id\":\"https:\/\/acefootball.com\/es\/#personlogo\",\"inLanguage\":\"es\",\"url\":\"https:\/\/secure.gravatar.com\/avatar\/5d2d4f16693b918e4e93034452d5ee4c?s=96&d=mm&r=g\",\"contentUrl\":\"https:\/\/secure.gravatar.com\/avatar\/5d2d4f16693b918e4e93034452d5ee4c?s=96&d=mm&r=g\",\"caption\":\"Pavel I. Meda\"},\"description\":\"Football writer and journalist with 10 years of previous experience who loves his job and always likes to appreciate this beautiful sport. I've worked for companies such as Goal.com and Underdog Global Sports in the past. I am also an avid film and pop culture fan who spends his free time consuming any interesting story that is worth telling.\",\"sameAs\":[\"https:\/\/www.instagram.com\/rampantintellectual\/\",\"https:\/\/www.linkedin.com\/in\/pavel-ibarra-meda\",\"https:\/\/twitter.com\/IAmTomSpiegel\"],\"url\":\"https:\/\/acefootball.com\/es\/noticias-de-futbol\/author\/tomasibarra\/\"}]}<\/script>\n<!-- \/ Yoast SEO plugin. -->","yoast_head_json":{"title":"Parlour piensa que Arsenal no ser\u00e1 nada sin Aubameyang","description":"Ray Parlour piensa que el Arsenal no tiene oportunidades de regresar al Top Four de la Premier League sin Pierre-Emerick Aubameyang.","robots":{"index":"index","follow":"follow","max-snippet":"max-snippet:-1","max-image-preview":"max-image-preview:large","max-video-preview":"max-video-preview:-1"},"canonical":"https:\/\/acefootball.com\/es\/noticias-de-futbol\/parlour-piensa-que-arsenal-no-sera-nada-sin-aubameyang\/","og_locale":"es_ES","og_type":"article","og_title":"Parlour piensa que Arsenal no ser\u00e1 nada sin Aubameyang","og_description":"Ray Parlour piensa que el Arsenal no tiene oportunidades de regresar al Top Four de la Premier League sin Pierre-Emerick Aubameyang.","og_url":"https:\/\/acefootball.com\/es\/noticias-de-futbol\/parlour-piensa-que-arsenal-no-sera-nada-sin-aubameyang\/","og_site_name":"Ace Football Espa\u00f1ol","article_published_time":"2020-08-21T16:31:05+00:00","article_modified_time":"2020-08-21T16:31:38+00:00","og_image":[{"url":"https:\/\/acefootball.com\/es\/wp-content\/uploads\/2020\/08\/GettyImages-1263184044.jpg","height":648,"width":1024},{"width":1200,"height":630,"url":"https:\/\/acefootball.com\/es\/wp-content\/uploads\/sites\/3\/2020\/08\/1263184044.jpg","type":"image\/jpeg"}],"twitter_card":"summary_large_image","twitter_image":"https:\/\/acefootball.com\/es\/wp-content\/uploads\/2020\/08\/GettyImages-1263184044.jpg","twitter_creator":"@IAmTomSpiegel","twitter_misc":{"Escrito por":"Pavel I. Meda","Tiempo de lectura":"2 minutos"},"schema":{"@context":"https:\/\/schema.org","@graph":[{"@type":"WebSite","@id":"https:\/\/acefootball.com\/es\/#website","url":"https:\/\/acefootball.com\/es\/","name":"Ace Football Espa\u00f1ol","description":"News, Betting and Livescore","potentialAction":[{"@type":"SearchAction","target":{"@type":"EntryPoint","urlTemplate":"https:\/\/acefootball.com\/es\/?s={search_term_string}"},"query-input":"required name=search_term_string"}],"inLanguage":"es"},{"@type":"ImageObject","@id":"https:\/\/acefootball.com\/es\/noticias-de-futbol\/parlour-piensa-que-arsenal-no-sera-nada-sin-aubameyang\/#primaryimage","inLanguage":"es","url":"https:\/\/acefootball.com\/es\/wp-content\/uploads\/sites\/3\/2020\/08\/1263184044.jpg","contentUrl":"https:\/\/acefootball.com\/es\/wp-content\/uploads\/sites\/3\/2020\/08\/1263184044.jpg","width":1200,"height":630},{"@type":"WebPage","@id":"https:\/\/acefootball.com\/es\/noticias-de-futbol\/parlour-piensa-que-arsenal-no-sera-nada-sin-aubameyang\/#webpage","url":"https:\/\/acefootball.com\/es\/noticias-de-futbol\/parlour-piensa-que-arsenal-no-sera-nada-sin-aubameyang\/","name":"Parlour piensa que Arsenal no ser\u00e1 nada sin Aubameyang","isPartOf":{"@id":"https:\/\/acefootball.com\/es\/#website"},"primaryImageOfPage":{"@id":"https:\/\/acefootball.com\/es\/noticias-de-futbol\/parlour-piensa-que-arsenal-no-sera-nada-sin-aubameyang\/#primaryimage"},"datePublished":"2020-08-21T16:31:05+00:00","dateModified":"2020-08-21T16:31:38+00:00","author":{"@id":"https:\/\/acefootball.com\/es\/#\/schema\/person\/c817b858136f968b8b984c68fcf4aa84"},"description":"Ray Parlour piensa que el Arsenal no tiene oportunidades de regresar al Top Four de la Premier League sin Pierre-Emerick Aubameyang.","breadcrumb":{"@id":"https:\/\/acefootball.com\/es\/noticias-de-futbol\/parlour-piensa-que-arsenal-no-sera-nada-sin-aubameyang\/#breadcrumb"},"inLanguage":"es","potentialAction":[{"@type":"ReadAction","target":["https:\/\/acefootball.com\/es\/noticias-de-futbol\/parlour-piensa-que-arsenal-no-sera-nada-sin-aubameyang\/"]}]},{"@type":"BreadcrumbList","@id":"https:\/\/acefootball.com\/es\/noticias-de-futbol\/parlour-piensa-que-arsenal-no-sera-nada-sin-aubameyang\/#breadcrumb","itemListElement":[{"@type":"ListItem","position":1,"name":"Home","item":"https:\/\/acefootball.com\/es\/"},{"@type":"ListItem","position":2,"name":"Parlour piensa que Arsenal no ser\u00e1 nada sin Aubameyang"}]},{"@type":"Person","@id":"https:\/\/acefootball.com\/es\/#\/schema\/person\/c817b858136f968b8b984c68fcf4aa84","name":"Pavel I. Meda","image":{"@type":"ImageObject","@id":"https:\/\/acefootball.com\/es\/#personlogo","inLanguage":"es","url":"https:\/\/secure.gravatar.com\/avatar\/5d2d4f16693b918e4e93034452d5ee4c?s=96&d=mm&r=g","contentUrl":"https:\/\/secure.gravatar.com\/avatar\/5d2d4f16693b918e4e93034452d5ee4c?s=96&d=mm&r=g","caption":"Pavel I. Meda"},"description":"Football writer and journalist with 10 years of previous experience who loves his job and always likes to appreciate this beautiful sport. I've worked for companies such as Goal.com and Underdog Global Sports in the past. I am also an avid film and pop culture fan who spends his free time consuming any interesting story that is worth telling.","sameAs":["https:\/\/www.instagram.com\/rampantintellectual\/","https:\/\/www.linkedin.com\/in\/pavel-ibarra-meda","https:\/\/twitter.com\/IAmTomSpiegel"],"url":"https:\/\/acefootball.com\/es\/noticias-de-futbol\/author\/tomasibarra\/"}]}},"fimg_url":"https:\/\/acefootball.com\/es\/wp-content\/uploads\/2020\/08\/GettyImages-1263184044.jpg","_links":{"self":[{"href":"https:\/\/acefootball.com\/es\/wp-json\/wp\/v2\/posts\/7285"}],"collection":[{"href":"https:\/\/acefootball.com\/es\/wp-json\/wp\/v2\/posts"}],"about":[{"href":"https:\/\/acefootball.com\/es\/wp-json\/wp\/v2\/types\/post"}],"author":[{"embeddable":true,"href":"https:\/\/acefootball.com\/es\/wp-json\/wp\/v2\/users\/258"}],"replies":[{"embeddable":true,"href":"https:\/\/acefootball.com\/es\/wp-json\/wp\/v2\/comments?post=7285"}],"version-history":[{"count":0,"href":"https:\/\/acefootball.com\/es\/wp-json\/wp\/v2\/posts\/7285\/revisions"}],"wp:featuredmedia":[{"embeddable":true,"href":"https:\/\/acefootball.com\/es\/wp-json\/wp\/v2\/media\/-101101225448"}],"wp:attachment":[{"href":"https:\/\/acefootball.com\/es\/wp-json\/wp\/v2\/media?parent=7285"}],"wp:term":[{"taxonomy":"category","embeddable":true,"href":"https:\/\/acefootball.com\/es\/wp-json\/wp\/v2\/categories?post=7285"},{"taxonomy":"post_tag","embeddable":true,"href":"https:\/\/acefootball.com\/es\/wp-json\/wp\/v2\/tags?post=7285"}],"curies":[{"name":"wp","href":"https:\/\/api.w.org\/{rel}","templated":true}]}}