{"id":7038,"date":"2020-08-18T15:06:40","date_gmt":"2020-08-18T15:06:40","guid":{"rendered":"https:\/\/acefootball.com\/es\/?p=7038"},"modified":"2020-08-18T15:06:41","modified_gmt":"2020-08-18T15:06:41","slug":"oficial-eric-abidal-renuncia-a-su-cargo-en-barcelona","status":"publish","type":"post","link":"https:\/\/acefootball.com\/es\/noticias-de-futbol\/oficial-eric-abidal-renuncia-a-su-cargo-en-barcelona\/","title":{"rendered":"Oficial: Eric Abidal renuncia a su cargo en Barcelona"},"content":{"rendered":"\n<h2>Eric Abidal ha renunciado a su cargo como director deportivo del FC Barcelona, esto fue tras llegar a un mutuo acuerdo de no seguir m\u00e1s.\u00a0<\/h2>\n\n\n\n<p><em><a href=\"https:\/\/acefootball.com\/es\/noticias-de-futbol\/oficial-barcelona-despide-a-quique-setien\/\" target=\"_blank\" rel=\"noreferrer noopener\">Despu\u00e9s de la salida de Quique Seti\u00e9n del FC Barcelona<\/a><\/em>, el club tambi\u00e9n decidi\u00f3 aceptar la renuncia de Eric Abidal como director deportivo del club. El ex futbolista empez\u00f3 a trabajar en ese puesto desde hace dos a\u00f1os. Pero esta temporada ha sido la que m\u00e1s problemas ha tra\u00eddo para el equipo y por supuesto, todos los dedos apuntaron a Eric Abidal como culpable.\u00a0<\/p>\n\n\n\n<p>Se ve\u00eda venir su salida desde hace tiempo, especialmente despu\u00e9s del desacuerdo p\u00fablico que tuvieron \u00e9l y Lionel Messi.\u00a0<\/p>\n\n\n\n<figure class=\"wp-block-embed-twitter wp-block-embed is-type-rich is-provider-twitter\"><div class=\"wp-block-embed__wrapper\">\n<blockquote class=\"twitter-tweet\" data-width=\"550\" data-dnt=\"true\"><p lang=\"es\" dir=\"ltr\">\ud83d\udea8 AHORA | Otro que se va <br><br>Eric Abidal rescinde el contrato con <a href=\"https:\/\/twitter.com\/hashtag\/Barcelona?src=hash&amp;ref_src=twsrc%5Etfw\">#Barcelona<\/a>, quien justamente hace unos meses hab\u00eda tenido un cruce con Messi<a href=\"https:\/\/twitter.com\/hashtag\/LaLiga?src=hash&amp;ref_src=twsrc%5Etfw\">#LaLiga<\/a> \ud83c\uddea\ud83c\uddf8 <a href=\"https:\/\/twitter.com\/hashtag\/Messi?src=hash&amp;ref_src=twsrc%5Etfw\">#Messi<\/a> <a href=\"https:\/\/t.co\/o0Tktdy8YD\">pic.twitter.com\/o0Tktdy8YD<\/a><\/p>&mdash; MetegolTV (@MetegolTv) <a href=\"https:\/\/twitter.com\/MetegolTv\/status\/1295733426788732928?ref_src=twsrc%5Etfw\">August 18, 2020<\/a><\/blockquote><script async src=\"https:\/\/platform.twitter.com\/widgets.js\" charset=\"utf-8\"><\/script>\n<\/div><\/figure>\n\n\n\n<p>Barcelona sac\u00f3 un comunicado oficial en el que agradecieron a Abidal por su servicio al club. Pero tras bambalinas, este fue m\u00e1s un caso de quitarse un peso de encima.&nbsp;<\/p>\n\n\n\n<p>Esto dec\u00eda el comunicado <em><a href=\"https:\/\/www.fcbarcelona.com\/en\/club\/news\/1755204\/agreement-for-the-ending-of-eric-abidals-contract\" target=\"_blank\" rel=\"noreferrer noopener\">oficial<\/a><\/em> del club: \u00abFC Barcelona y Eric Abidal llegaron a un acuerdo de dar por terminada la relaci\u00f3n profesional que un\u00eda a ambas partes.\u00a0<\/p>\n\n\n\n<p>\u00abEl club quiere agradecer p\u00fablicamente a Eric Abidal por su profesionalismo, entrega, dedicaci\u00f3n y la naturaleza tanto positiva como cercana de su relaci\u00f3n con la familia blaugrana\u00bb.\u00a0<\/p>\n\n\n\n<figure class=\"wp-block-embed-twitter wp-block-embed is-type-rich is-provider-twitter\"><div class=\"wp-block-embed__wrapper\">\n<blockquote class=\"twitter-tweet\" data-width=\"550\" data-dnt=\"true\"><p lang=\"es\" dir=\"ltr\">\u2757 [\u00daLTIMA HORA]<br>Acuerdo para la rescisi\u00f3n del contrato de \u00c9ric Abidal<\/p>&mdash; FC Barcelona (@FCBarcelona_es) <a href=\"https:\/\/twitter.com\/FCBarcelona_es\/status\/1295722521766002696?ref_src=twsrc%5Etfw\">August 18, 2020<\/a><\/blockquote><script async src=\"https:\/\/platform.twitter.com\/widgets.js\" charset=\"utf-8\"><\/script>\n<\/div><\/figure>\n\n\n\n<p>No cabe duda que este ser\u00e1 uno de muchos cambios que vendr\u00e1n despu\u00e9s de la penosa eliminaci\u00f3n del Barcelona en la Champions League.&nbsp;<\/p>\n\n\n\n<p>\u00bfSeguir\u00e1 Lionel Messi?<\/p>\n\n\n\n<figure class=\"wp-block-embed-wordpress wp-block-embed is-type-wp-embed is-provider-ace-football-espanol\"><div class=\"wp-block-embed__wrapper\">\n<blockquote class=\"wp-embedded-content\" data-secret=\"zD5gcmoj0n\"><a href=\"https:\/\/acefootball.com\/es\/noticias-de-futbol\/messi-solo-se-ira-a-un-candidato-a-la-champions-league\/\">Messi s\u00f3lo se ir\u00e1 a un candidato a la Champions League<\/a><\/blockquote><iframe class=\"wp-embedded-content\" sandbox=\"allow-scripts\" security=\"restricted\" style=\"position: absolute; clip: rect(1px, 1px, 1px, 1px);\" title=\"\u00abMessi s\u00f3lo se ir\u00e1 a un candidato a la Champions League\u00bb \u2014 Ace Football Espa\u00f1ol\" src=\"https:\/\/acefootball.com\/es\/noticias-de-futbol\/messi-solo-se-ira-a-un-candidato-a-la-champions-league\/embed\/#?secret=zD5gcmoj0n\" data-secret=\"zD5gcmoj0n\" width=\"600\" height=\"338\" frameborder=\"0\" marginwidth=\"0\" marginheight=\"0\" scrolling=\"no\"><\/iframe>\n<\/div><\/figure>\n","protected":false},"excerpt":{"rendered":"<p>Eric Abidal ha renunciado a su cargo como director deportivo del FC Barcelona, esto fue tras llegar a un mutuo acuerdo de no seguir m\u00e1s. <\/p>\n","protected":false},"author":258,"featured_media":-101101224892,"comment_status":"closed","ping_status":"closed","sticky":false,"template":"","format":"standard","meta":{"om_disable_all_campaigns":false,"push_articles_ronaldo":{"active":false,"canonical":0,"publish":false},"force_updates":null},"categories":[1],"tags":[8225,299],"enet_tags":{"team":["8634"],"sport_events":[]},"yoast_head":"<!-- This site is optimized with the Yoast SEO plugin v18.3 - https:\/\/yoast.com\/wordpress\/plugins\/seo\/ -->\n<title>Oficial: Eric Abidal renuncia a su cargo en Barcelona<\/title>\n<meta name=\"description\" content=\"Eric Abidal ha renunciado a su cargo como director deportivo del FC Barcelona, esto fue tras llegar a un mutuo acuerdo de no seguir m\u00e1s.\" \/>\n<meta name=\"robots\" content=\"index, follow, max-snippet:-1, max-image-preview:large, max-video-preview:-1\" \/>\n<link rel=\"canonical\" href=\"https:\/\/acefootball.com\/es\/noticias-de-futbol\/oficial-eric-abidal-renuncia-a-su-cargo-en-barcelona\/\" \/>\n<meta property=\"og:locale\" content=\"es_ES\" \/>\n<meta property=\"og:type\" content=\"article\" \/>\n<meta property=\"og:title\" content=\"Oficial: Eric Abidal renuncia a su cargo en Barcelona\" \/>\n<meta property=\"og:description\" content=\"Eric Abidal ha renunciado a su cargo como director deportivo del FC Barcelona, esto fue tras llegar a un mutuo acuerdo de no seguir m\u00e1s.\" \/>\n<meta property=\"og:url\" content=\"https:\/\/acefootball.com\/es\/noticias-de-futbol\/oficial-eric-abidal-renuncia-a-su-cargo-en-barcelona\/\" \/>\n<meta property=\"og:site_name\" content=\"Ace Football Espa\u00f1ol\" \/>\n<meta property=\"article:published_time\" content=\"2020-08-18T15:06:40+00:00\" \/>\n<meta property=\"article:modified_time\" content=\"2020-08-18T15:06:41+00:00\" \/>\n<meta property=\"og:image\" content=\"https:\/\/acefootball.com\/es\/wp-content\/uploads\/2020\/08\/GettyImages-1199440656-1.jpg\" \/>\n\t<meta property=\"og:image:width\" content=\"1024\" \/>\n\t<meta property=\"og:image:height\" content=\"683\" \/><meta property=\"og:image\" content=\"https:\/\/acefootball.com\/es\/wp-content\/uploads\/sites\/3\/2020\/08\/1199440656.jpg\" \/>\n\t<meta property=\"og:image:width\" content=\"1200\" \/>\n\t<meta property=\"og:image:height\" content=\"630\" \/>\n\t<meta property=\"og:image:type\" content=\"image\/jpeg\" \/>\n<meta name=\"twitter:card\" content=\"summary_large_image\" \/>\n<meta name=\"twitter:image\" content=\"https:\/\/acefootball.com\/es\/wp-content\/uploads\/2020\/08\/GettyImages-1199440656-1.jpg\" \/>\n<meta name=\"twitter:creator\" content=\"@IAmTomSpiegel\" \/>\n<meta name=\"twitter:label1\" content=\"Escrito por\" \/>\n\t<meta name=\"twitter:data1\" content=\"Pavel I. Meda\" \/>\n\t<meta name=\"twitter:label2\" content=\"Tiempo de lectura\" \/>\n\t<meta name=\"twitter:data2\" content=\"1 minuto\" \/>\n<script type=\"application\/ld+json\" class=\"yoast-schema-graph\">{\"@context\":\"https:\/\/schema.org\",\"@graph\":[{\"@type\":\"WebSite\",\"@id\":\"https:\/\/acefootball.com\/es\/#website\",\"url\":\"https:\/\/acefootball.com\/es\/\",\"name\":\"Ace Football Espa\u00f1ol\",\"description\":\"News, Betting and Livescore\",\"potentialAction\":[{\"@type\":\"SearchAction\",\"target\":{\"@type\":\"EntryPoint\",\"urlTemplate\":\"https:\/\/acefootball.com\/es\/?s={search_term_string}\"},\"query-input\":\"required name=search_term_string\"}],\"inLanguage\":\"es\"},{\"@type\":\"ImageObject\",\"@id\":\"https:\/\/acefootball.com\/es\/noticias-de-futbol\/oficial-eric-abidal-renuncia-a-su-cargo-en-barcelona\/#primaryimage\",\"inLanguage\":\"es\",\"url\":\"https:\/\/acefootball.com\/es\/wp-content\/uploads\/sites\/3\/2020\/08\/1199440656.jpg\",\"contentUrl\":\"https:\/\/acefootball.com\/es\/wp-content\/uploads\/sites\/3\/2020\/08\/1199440656.jpg\",\"width\":1200,\"height\":630,\"caption\":\"GettyImages\"},{\"@type\":\"WebPage\",\"@id\":\"https:\/\/acefootball.com\/es\/noticias-de-futbol\/oficial-eric-abidal-renuncia-a-su-cargo-en-barcelona\/#webpage\",\"url\":\"https:\/\/acefootball.com\/es\/noticias-de-futbol\/oficial-eric-abidal-renuncia-a-su-cargo-en-barcelona\/\",\"name\":\"Oficial: Eric Abidal renuncia a su cargo en Barcelona\",\"isPartOf\":{\"@id\":\"https:\/\/acefootball.com\/es\/#website\"},\"primaryImageOfPage\":{\"@id\":\"https:\/\/acefootball.com\/es\/noticias-de-futbol\/oficial-eric-abidal-renuncia-a-su-cargo-en-barcelona\/#primaryimage\"},\"datePublished\":\"2020-08-18T15:06:40+00:00\",\"dateModified\":\"2020-08-18T15:06:41+00:00\",\"author\":{\"@id\":\"https:\/\/acefootball.com\/es\/#\/schema\/person\/c817b858136f968b8b984c68fcf4aa84\"},\"description\":\"Eric Abidal ha renunciado a su cargo como director deportivo del FC Barcelona, esto fue tras llegar a un mutuo acuerdo de no seguir m\u00e1s.\",\"breadcrumb\":{\"@id\":\"https:\/\/acefootball.com\/es\/noticias-de-futbol\/oficial-eric-abidal-renuncia-a-su-cargo-en-barcelona\/#breadcrumb\"},\"inLanguage\":\"es\",\"potentialAction\":[{\"@type\":\"ReadAction\",\"target\":[\"https:\/\/acefootball.com\/es\/noticias-de-futbol\/oficial-eric-abidal-renuncia-a-su-cargo-en-barcelona\/\"]}]},{\"@type\":\"BreadcrumbList\",\"@id\":\"https:\/\/acefootball.com\/es\/noticias-de-futbol\/oficial-eric-abidal-renuncia-a-su-cargo-en-barcelona\/#breadcrumb\",\"itemListElement\":[{\"@type\":\"ListItem\",\"position\":1,\"name\":\"Home\",\"item\":\"https:\/\/acefootball.com\/es\/\"},{\"@type\":\"ListItem\",\"position\":2,\"name\":\"Oficial: Eric Abidal renuncia a su cargo en Barcelona\"}]},{\"@type\":\"Person\",\"@id\":\"https:\/\/acefootball.com\/es\/#\/schema\/person\/c817b858136f968b8b984c68fcf4aa84\",\"name\":\"Pavel I. Meda\",\"image\":{\"@type\":\"ImageObject\",\"@id\":\"https:\/\/acefootball.com\/es\/#personlogo\",\"inLanguage\":\"es\",\"url\":\"https:\/\/secure.gravatar.com\/avatar\/5d2d4f16693b918e4e93034452d5ee4c?s=96&d=mm&r=g\",\"contentUrl\":\"https:\/\/secure.gravatar.com\/avatar\/5d2d4f16693b918e4e93034452d5ee4c?s=96&d=mm&r=g\",\"caption\":\"Pavel I. Meda\"},\"description\":\"Football writer and journalist with 10 years of previous experience who loves his job and always likes to appreciate this beautiful sport. I've worked for companies such as Goal.com and Underdog Global Sports in the past. I am also an avid film and pop culture fan who spends his free time consuming any interesting story that is worth telling.\",\"sameAs\":[\"https:\/\/www.instagram.com\/rampantintellectual\/\",\"https:\/\/www.linkedin.com\/in\/pavel-ibarra-meda\",\"https:\/\/twitter.com\/IAmTomSpiegel\"],\"url\":\"https:\/\/acefootball.com\/es\/noticias-de-futbol\/author\/tomasibarra\/\"}]}<\/script>\n<!-- \/ Yoast SEO plugin. -->","yoast_head_json":{"title":"Oficial: Eric Abidal renuncia a su cargo en Barcelona","description":"Eric Abidal ha renunciado a su cargo como director deportivo del FC Barcelona, esto fue tras llegar a un mutuo acuerdo de no seguir m\u00e1s.","robots":{"index":"index","follow":"follow","max-snippet":"max-snippet:-1","max-image-preview":"max-image-preview:large","max-video-preview":"max-video-preview:-1"},"canonical":"https:\/\/acefootball.com\/es\/noticias-de-futbol\/oficial-eric-abidal-renuncia-a-su-cargo-en-barcelona\/","og_locale":"es_ES","og_type":"article","og_title":"Oficial: Eric Abidal renuncia a su cargo en Barcelona","og_description":"Eric Abidal ha renunciado a su cargo como director deportivo del FC Barcelona, esto fue tras llegar a un mutuo acuerdo de no seguir m\u00e1s.","og_url":"https:\/\/acefootball.com\/es\/noticias-de-futbol\/oficial-eric-abidal-renuncia-a-su-cargo-en-barcelona\/","og_site_name":"Ace Football Espa\u00f1ol","article_published_time":"2020-08-18T15:06:40+00:00","article_modified_time":"2020-08-18T15:06:41+00:00","og_image":[{"url":"https:\/\/acefootball.com\/es\/wp-content\/uploads\/2020\/08\/GettyImages-1199440656-1.jpg","height":683,"width":1024},{"width":1200,"height":630,"url":"https:\/\/acefootball.com\/es\/wp-content\/uploads\/sites\/3\/2020\/08\/1199440656.jpg","type":"image\/jpeg"}],"twitter_card":"summary_large_image","twitter_image":"https:\/\/acefootball.com\/es\/wp-content\/uploads\/2020\/08\/GettyImages-1199440656-1.jpg","twitter_creator":"@IAmTomSpiegel","twitter_misc":{"Escrito por":"Pavel I. Meda","Tiempo de lectura":"1 minuto"},"schema":{"@context":"https:\/\/schema.org","@graph":[{"@type":"WebSite","@id":"https:\/\/acefootball.com\/es\/#website","url":"https:\/\/acefootball.com\/es\/","name":"Ace Football Espa\u00f1ol","description":"News, Betting and Livescore","potentialAction":[{"@type":"SearchAction","target":{"@type":"EntryPoint","urlTemplate":"https:\/\/acefootball.com\/es\/?s={search_term_string}"},"query-input":"required name=search_term_string"}],"inLanguage":"es"},{"@type":"ImageObject","@id":"https:\/\/acefootball.com\/es\/noticias-de-futbol\/oficial-eric-abidal-renuncia-a-su-cargo-en-barcelona\/#primaryimage","inLanguage":"es","url":"https:\/\/acefootball.com\/es\/wp-content\/uploads\/sites\/3\/2020\/08\/1199440656.jpg","contentUrl":"https:\/\/acefootball.com\/es\/wp-content\/uploads\/sites\/3\/2020\/08\/1199440656.jpg","width":1200,"height":630,"caption":"GettyImages"},{"@type":"WebPage","@id":"https:\/\/acefootball.com\/es\/noticias-de-futbol\/oficial-eric-abidal-renuncia-a-su-cargo-en-barcelona\/#webpage","url":"https:\/\/acefootball.com\/es\/noticias-de-futbol\/oficial-eric-abidal-renuncia-a-su-cargo-en-barcelona\/","name":"Oficial: Eric Abidal renuncia a su cargo en Barcelona","isPartOf":{"@id":"https:\/\/acefootball.com\/es\/#website"},"primaryImageOfPage":{"@id":"https:\/\/acefootball.com\/es\/noticias-de-futbol\/oficial-eric-abidal-renuncia-a-su-cargo-en-barcelona\/#primaryimage"},"datePublished":"2020-08-18T15:06:40+00:00","dateModified":"2020-08-18T15:06:41+00:00","author":{"@id":"https:\/\/acefootball.com\/es\/#\/schema\/person\/c817b858136f968b8b984c68fcf4aa84"},"description":"Eric Abidal ha renunciado a su cargo como director deportivo del FC Barcelona, esto fue tras llegar a un mutuo acuerdo de no seguir m\u00e1s.","breadcrumb":{"@id":"https:\/\/acefootball.com\/es\/noticias-de-futbol\/oficial-eric-abidal-renuncia-a-su-cargo-en-barcelona\/#breadcrumb"},"inLanguage":"es","potentialAction":[{"@type":"ReadAction","target":["https:\/\/acefootball.com\/es\/noticias-de-futbol\/oficial-eric-abidal-renuncia-a-su-cargo-en-barcelona\/"]}]},{"@type":"BreadcrumbList","@id":"https:\/\/acefootball.com\/es\/noticias-de-futbol\/oficial-eric-abidal-renuncia-a-su-cargo-en-barcelona\/#breadcrumb","itemListElement":[{"@type":"ListItem","position":1,"name":"Home","item":"https:\/\/acefootball.com\/es\/"},{"@type":"ListItem","position":2,"name":"Oficial: Eric Abidal renuncia a su cargo en Barcelona"}]},{"@type":"Person","@id":"https:\/\/acefootball.com\/es\/#\/schema\/person\/c817b858136f968b8b984c68fcf4aa84","name":"Pavel I. Meda","image":{"@type":"ImageObject","@id":"https:\/\/acefootball.com\/es\/#personlogo","inLanguage":"es","url":"https:\/\/secure.gravatar.com\/avatar\/5d2d4f16693b918e4e93034452d5ee4c?s=96&d=mm&r=g","contentUrl":"https:\/\/secure.gravatar.com\/avatar\/5d2d4f16693b918e4e93034452d5ee4c?s=96&d=mm&r=g","caption":"Pavel I. Meda"},"description":"Football writer and journalist with 10 years of previous experience who loves his job and always likes to appreciate this beautiful sport. I've worked for companies such as Goal.com and Underdog Global Sports in the past. I am also an avid film and pop culture fan who spends his free time consuming any interesting story that is worth telling.","sameAs":["https:\/\/www.instagram.com\/rampantintellectual\/","https:\/\/www.linkedin.com\/in\/pavel-ibarra-meda","https:\/\/twitter.com\/IAmTomSpiegel"],"url":"https:\/\/acefootball.com\/es\/noticias-de-futbol\/author\/tomasibarra\/"}]}},"fimg_url":"https:\/\/acefootball.com\/es\/wp-content\/uploads\/2020\/08\/GettyImages-1199440656-1.jpg","_links":{"self":[{"href":"https:\/\/acefootball.com\/es\/wp-json\/wp\/v2\/posts\/7038"}],"collection":[{"href":"https:\/\/acefootball.com\/es\/wp-json\/wp\/v2\/posts"}],"about":[{"href":"https:\/\/acefootball.com\/es\/wp-json\/wp\/v2\/types\/post"}],"author":[{"embeddable":true,"href":"https:\/\/acefootball.com\/es\/wp-json\/wp\/v2\/users\/258"}],"replies":[{"embeddable":true,"href":"https:\/\/acefootball.com\/es\/wp-json\/wp\/v2\/comments?post=7038"}],"version-history":[{"count":0,"href":"https:\/\/acefootball.com\/es\/wp-json\/wp\/v2\/posts\/7038\/revisions"}],"wp:featuredmedia":[{"embeddable":true,"href":"https:\/\/acefootball.com\/es\/wp-json\/wp\/v2\/media\/-101101224892"}],"wp:attachment":[{"href":"https:\/\/acefootball.com\/es\/wp-json\/wp\/v2\/media?parent=7038"}],"wp:term":[{"taxonomy":"category","embeddable":true,"href":"https:\/\/acefootball.com\/es\/wp-json\/wp\/v2\/categories?post=7038"},{"taxonomy":"post_tag","embeddable":true,"href":"https:\/\/acefootball.com\/es\/wp-json\/wp\/v2\/tags?post=7038"}],"curies":[{"name":"wp","href":"https:\/\/api.w.org\/{rel}","templated":true}]}}