{"id":7006,"date":"2020-08-17T20:37:04","date_gmt":"2020-08-17T20:37:04","guid":{"rendered":"https:\/\/acefootball.com\/es\/?p=7006"},"modified":"2020-08-17T20:37:09","modified_gmt":"2020-08-17T20:37:09","slug":"confirman-renovacion-de-aubameyang-con-el-arsenal","status":"publish","type":"post","link":"https:\/\/acefootball.com\/es\/noticias-de-futbol\/confirman-renovacion-de-aubameyang-con-el-arsenal\/","title":{"rendered":"Confirman renovaci\u00f3n de Aubameyang con el Arsenal"},"content":{"rendered":"\n<h2>Toda la especulaci\u00f3n alrededor de Pierre-Emerick Aubameyang lleg\u00f3 a su fin despu\u00e9s de que el prol\u00edfico delantero firmara su renovaci\u00f3n.\u00a0<\/h2>\n\n\n\n<p>Pierre-Emerick Aubameyang sabe c\u00f3mo manejar a sus aficionados. Mand\u00f3 un <em><a href=\"https:\/\/twitter.com\/Aubameyang7\/status\/1295029356096401408\" target=\"_blank\" rel=\"noreferrer noopener\">mensaje muy cr\u00edptico<\/a><\/em> por medio de un tweet y dej\u00f3 a todo el mundo especulando.\u00a0<\/p>\n\n\n\n<figure class=\"wp-block-embed-twitter wp-block-embed is-type-rich is-provider-twitter\"><div class=\"wp-block-embed__wrapper\">\n<blockquote class=\"twitter-tweet\" data-width=\"550\" data-dnt=\"true\"><p lang=\"und\" dir=\"ltr\">&#8230;.\u23f3<\/p>&mdash; Aubameyang P-E (@Aubameyang7) <a href=\"https:\/\/twitter.com\/Aubameyang7\/status\/1295029356096401408?ref_src=twsrc%5Etfw\">August 16, 2020<\/a><\/blockquote><script async src=\"https:\/\/platform.twitter.com\/widgets.js\" charset=\"utf-8\"><\/script>\n<\/div><\/figure>\n\n\n\n<p>Ahora parece que los aficionados Gunners pueden relajarse, ya que el resultado de su mensaje por fin fue descifrado. James Olley piensa que Aubameyang firm\u00f3 una <em><a href=\"https:\/\/acefootball.com\/es\/noticias-de-futbol\/van-persie-le-dice-al-arsenal-que-hacer-para-mantener-a-aubameyang\/\" target=\"_blank\" rel=\"noreferrer noopener\">extensi\u00f3n de contrato<\/a><\/em> con el Arsenal y eso es lo que insinu\u00f3.\u00a0<\/p>\n\n\n\n<p>En cuanto al anuncio oficial, Olley sugiri\u00f3 que los Gunners est\u00e1n esperando a que regrese de sus vacaciones.&nbsp;<\/p>\n\n\n\n<p>\u00abEl trato por Aubameyang est\u00e1 cerrado,\u00bb dijo Olley a <em><a href=\"https:\/\/talksport.com\/football\/738142\/transfer-news-live-chelsea-bid-joe-hart-tottenham-aubameyang-arsenal-leeds-ben-white\/\" target=\"_blank\" rel=\"noreferrer noopener\">talkSPORT<\/a><\/em>. \u00abA lo que entiendo, ahora mismo est\u00e1 de vacaciones y grabar\u00e1n material promocional cuando regrese.\u00a0<\/p>\n\n\n\n<p>\u00abEs comprensible que quieran bailar y cantar por eso, es una gran trato para ellos y ha sido una pieza clave del equipo durante los \u00faltimos a\u00f1os.&nbsp;<\/p>\n\n\n\n<p>\u00abCreo que el trato es que literalmente s\u00f3lo esperan para grabar el video promocional para hacer el anuncio oficial. Creo que el trato est\u00e1 99% cerrado\u00bb.&nbsp;<\/p>\n\n\n\n<p>Con Aubameyang extendiendo su contrato, las preocupaciones principales para los Gunners han terminado. Ahora necesitan arreglar la situaci\u00f3n con Mesut \u00d6zil.<\/p>\n","protected":false},"excerpt":{"rendered":"<p>Toda la especulaci\u00f3n alrededor de Pierre-Emerick Aubameyang lleg\u00f3 a su fin despu\u00e9s de que el prol\u00edfico delantero firmara su renovaci\u00f3n. <\/p>\n","protected":false},"author":258,"featured_media":-101101224717,"comment_status":"closed","ping_status":"closed","sticky":false,"template":"","format":"standard","meta":{"om_disable_all_campaigns":false,"push_articles_ronaldo":{"active":false,"canonical":0,"publish":false},"force_updates":null},"categories":[75],"tags":[520,1048],"enet_tags":{"team":["9825"],"player":["150565"],"sport_events":[]},"yoast_head":"<!-- This site is optimized with the Yoast SEO plugin v18.3 - https:\/\/yoast.com\/wordpress\/plugins\/seo\/ -->\n<title>Confirman renovaci\u00f3n de Aubameyang con el Arsenal<\/title>\n<meta name=\"description\" content=\"Toda la especulaci\u00f3n alrededor de Pierre-Emerick Aubameyang lleg\u00f3 a su fin despu\u00e9s de que el prol\u00edfico delantero firmara su renovaci\u00f3n.\" \/>\n<meta name=\"robots\" content=\"index, follow, max-snippet:-1, max-image-preview:large, max-video-preview:-1\" \/>\n<link rel=\"canonical\" href=\"https:\/\/acefootball.com\/es\/noticias-de-futbol\/confirman-renovacion-de-aubameyang-con-el-arsenal\/\" \/>\n<meta property=\"og:locale\" content=\"es_ES\" \/>\n<meta property=\"og:type\" content=\"article\" \/>\n<meta property=\"og:title\" content=\"Confirman renovaci\u00f3n de Aubameyang con el Arsenal\" \/>\n<meta property=\"og:description\" content=\"Toda la especulaci\u00f3n alrededor de Pierre-Emerick Aubameyang lleg\u00f3 a su fin despu\u00e9s de que el prol\u00edfico delantero firmara su renovaci\u00f3n.\" \/>\n<meta property=\"og:url\" content=\"https:\/\/acefootball.com\/es\/noticias-de-futbol\/confirman-renovacion-de-aubameyang-con-el-arsenal\/\" \/>\n<meta property=\"og:site_name\" content=\"Ace Football Espa\u00f1ol\" \/>\n<meta property=\"article:published_time\" content=\"2020-08-17T20:37:04+00:00\" \/>\n<meta property=\"article:modified_time\" content=\"2020-08-17T20:37:09+00:00\" \/>\n<meta property=\"og:image\" content=\"https:\/\/acefootball.com\/es\/wp-content\/uploads\/2020\/08\/GettyImages-1263186252.jpg\" \/>\n\t<meta property=\"og:image:width\" content=\"1024\" \/>\n\t<meta property=\"og:image:height\" content=\"647\" \/><meta property=\"og:image\" content=\"https:\/\/acefootball.com\/es\/wp-content\/uploads\/sites\/3\/2020\/08\/1263186252.jpg\" \/>\n\t<meta property=\"og:image:width\" content=\"1200\" \/>\n\t<meta property=\"og:image:height\" content=\"630\" \/>\n\t<meta property=\"og:image:type\" content=\"image\/jpeg\" \/>\n<meta name=\"twitter:card\" content=\"summary_large_image\" \/>\n<meta name=\"twitter:image\" content=\"https:\/\/acefootball.com\/es\/wp-content\/uploads\/2020\/08\/GettyImages-1263186252.jpg\" \/>\n<meta name=\"twitter:creator\" content=\"@IAmTomSpiegel\" \/>\n<meta name=\"twitter:label1\" content=\"Escrito por\" \/>\n\t<meta name=\"twitter:data1\" content=\"Pavel I. Meda\" \/>\n\t<meta name=\"twitter:label2\" content=\"Tiempo de lectura\" \/>\n\t<meta name=\"twitter:data2\" content=\"1 minuto\" \/>\n<script type=\"application\/ld+json\" class=\"yoast-schema-graph\">{\"@context\":\"https:\/\/schema.org\",\"@graph\":[{\"@type\":\"WebSite\",\"@id\":\"https:\/\/acefootball.com\/es\/#website\",\"url\":\"https:\/\/acefootball.com\/es\/\",\"name\":\"Ace Football Espa\u00f1ol\",\"description\":\"News, Betting and Livescore\",\"potentialAction\":[{\"@type\":\"SearchAction\",\"target\":{\"@type\":\"EntryPoint\",\"urlTemplate\":\"https:\/\/acefootball.com\/es\/?s={search_term_string}\"},\"query-input\":\"required name=search_term_string\"}],\"inLanguage\":\"es\"},{\"@type\":\"ImageObject\",\"@id\":\"https:\/\/acefootball.com\/es\/noticias-de-futbol\/confirman-renovacion-de-aubameyang-con-el-arsenal\/#primaryimage\",\"inLanguage\":\"es\",\"url\":\"https:\/\/acefootball.com\/es\/wp-content\/uploads\/sites\/3\/2020\/08\/1263186252.jpg\",\"contentUrl\":\"https:\/\/acefootball.com\/es\/wp-content\/uploads\/sites\/3\/2020\/08\/1263186252.jpg\",\"width\":1200,\"height\":630},{\"@type\":\"WebPage\",\"@id\":\"https:\/\/acefootball.com\/es\/noticias-de-futbol\/confirman-renovacion-de-aubameyang-con-el-arsenal\/#webpage\",\"url\":\"https:\/\/acefootball.com\/es\/noticias-de-futbol\/confirman-renovacion-de-aubameyang-con-el-arsenal\/\",\"name\":\"Confirman renovaci\u00f3n de Aubameyang con el Arsenal\",\"isPartOf\":{\"@id\":\"https:\/\/acefootball.com\/es\/#website\"},\"primaryImageOfPage\":{\"@id\":\"https:\/\/acefootball.com\/es\/noticias-de-futbol\/confirman-renovacion-de-aubameyang-con-el-arsenal\/#primaryimage\"},\"datePublished\":\"2020-08-17T20:37:04+00:00\",\"dateModified\":\"2020-08-17T20:37:09+00:00\",\"author\":{\"@id\":\"https:\/\/acefootball.com\/es\/#\/schema\/person\/c817b858136f968b8b984c68fcf4aa84\"},\"description\":\"Toda la especulaci\u00f3n alrededor de Pierre-Emerick Aubameyang lleg\u00f3 a su fin despu\u00e9s de que el prol\u00edfico delantero firmara su renovaci\u00f3n.\",\"breadcrumb\":{\"@id\":\"https:\/\/acefootball.com\/es\/noticias-de-futbol\/confirman-renovacion-de-aubameyang-con-el-arsenal\/#breadcrumb\"},\"inLanguage\":\"es\",\"potentialAction\":[{\"@type\":\"ReadAction\",\"target\":[\"https:\/\/acefootball.com\/es\/noticias-de-futbol\/confirman-renovacion-de-aubameyang-con-el-arsenal\/\"]}]},{\"@type\":\"BreadcrumbList\",\"@id\":\"https:\/\/acefootball.com\/es\/noticias-de-futbol\/confirman-renovacion-de-aubameyang-con-el-arsenal\/#breadcrumb\",\"itemListElement\":[{\"@type\":\"ListItem\",\"position\":1,\"name\":\"Home\",\"item\":\"https:\/\/acefootball.com\/es\/\"},{\"@type\":\"ListItem\",\"position\":2,\"name\":\"Confirman renovaci\u00f3n de Aubameyang con el Arsenal\"}]},{\"@type\":\"Person\",\"@id\":\"https:\/\/acefootball.com\/es\/#\/schema\/person\/c817b858136f968b8b984c68fcf4aa84\",\"name\":\"Pavel I. Meda\",\"image\":{\"@type\":\"ImageObject\",\"@id\":\"https:\/\/acefootball.com\/es\/#personlogo\",\"inLanguage\":\"es\",\"url\":\"https:\/\/secure.gravatar.com\/avatar\/5d2d4f16693b918e4e93034452d5ee4c?s=96&d=mm&r=g\",\"contentUrl\":\"https:\/\/secure.gravatar.com\/avatar\/5d2d4f16693b918e4e93034452d5ee4c?s=96&d=mm&r=g\",\"caption\":\"Pavel I. Meda\"},\"description\":\"Football writer and journalist with 10 years of previous experience who loves his job and always likes to appreciate this beautiful sport. I've worked for companies such as Goal.com and Underdog Global Sports in the past. I am also an avid film and pop culture fan who spends his free time consuming any interesting story that is worth telling.\",\"sameAs\":[\"https:\/\/www.instagram.com\/rampantintellectual\/\",\"https:\/\/www.linkedin.com\/in\/pavel-ibarra-meda\",\"https:\/\/twitter.com\/IAmTomSpiegel\"],\"url\":\"https:\/\/acefootball.com\/es\/noticias-de-futbol\/author\/tomasibarra\/\"}]}<\/script>\n<!-- \/ Yoast SEO plugin. -->","yoast_head_json":{"title":"Confirman renovaci\u00f3n de Aubameyang con el Arsenal","description":"Toda la especulaci\u00f3n alrededor de Pierre-Emerick Aubameyang lleg\u00f3 a su fin despu\u00e9s de que el prol\u00edfico delantero firmara su renovaci\u00f3n.","robots":{"index":"index","follow":"follow","max-snippet":"max-snippet:-1","max-image-preview":"max-image-preview:large","max-video-preview":"max-video-preview:-1"},"canonical":"https:\/\/acefootball.com\/es\/noticias-de-futbol\/confirman-renovacion-de-aubameyang-con-el-arsenal\/","og_locale":"es_ES","og_type":"article","og_title":"Confirman renovaci\u00f3n de Aubameyang con el Arsenal","og_description":"Toda la especulaci\u00f3n alrededor de Pierre-Emerick Aubameyang lleg\u00f3 a su fin despu\u00e9s de que el prol\u00edfico delantero firmara su renovaci\u00f3n.","og_url":"https:\/\/acefootball.com\/es\/noticias-de-futbol\/confirman-renovacion-de-aubameyang-con-el-arsenal\/","og_site_name":"Ace Football Espa\u00f1ol","article_published_time":"2020-08-17T20:37:04+00:00","article_modified_time":"2020-08-17T20:37:09+00:00","og_image":[{"url":"https:\/\/acefootball.com\/es\/wp-content\/uploads\/2020\/08\/GettyImages-1263186252.jpg","height":647,"width":1024},{"width":1200,"height":630,"url":"https:\/\/acefootball.com\/es\/wp-content\/uploads\/sites\/3\/2020\/08\/1263186252.jpg","type":"image\/jpeg"}],"twitter_card":"summary_large_image","twitter_image":"https:\/\/acefootball.com\/es\/wp-content\/uploads\/2020\/08\/GettyImages-1263186252.jpg","twitter_creator":"@IAmTomSpiegel","twitter_misc":{"Escrito por":"Pavel I. Meda","Tiempo de lectura":"1 minuto"},"schema":{"@context":"https:\/\/schema.org","@graph":[{"@type":"WebSite","@id":"https:\/\/acefootball.com\/es\/#website","url":"https:\/\/acefootball.com\/es\/","name":"Ace Football Espa\u00f1ol","description":"News, Betting and Livescore","potentialAction":[{"@type":"SearchAction","target":{"@type":"EntryPoint","urlTemplate":"https:\/\/acefootball.com\/es\/?s={search_term_string}"},"query-input":"required name=search_term_string"}],"inLanguage":"es"},{"@type":"ImageObject","@id":"https:\/\/acefootball.com\/es\/noticias-de-futbol\/confirman-renovacion-de-aubameyang-con-el-arsenal\/#primaryimage","inLanguage":"es","url":"https:\/\/acefootball.com\/es\/wp-content\/uploads\/sites\/3\/2020\/08\/1263186252.jpg","contentUrl":"https:\/\/acefootball.com\/es\/wp-content\/uploads\/sites\/3\/2020\/08\/1263186252.jpg","width":1200,"height":630},{"@type":"WebPage","@id":"https:\/\/acefootball.com\/es\/noticias-de-futbol\/confirman-renovacion-de-aubameyang-con-el-arsenal\/#webpage","url":"https:\/\/acefootball.com\/es\/noticias-de-futbol\/confirman-renovacion-de-aubameyang-con-el-arsenal\/","name":"Confirman renovaci\u00f3n de Aubameyang con el Arsenal","isPartOf":{"@id":"https:\/\/acefootball.com\/es\/#website"},"primaryImageOfPage":{"@id":"https:\/\/acefootball.com\/es\/noticias-de-futbol\/confirman-renovacion-de-aubameyang-con-el-arsenal\/#primaryimage"},"datePublished":"2020-08-17T20:37:04+00:00","dateModified":"2020-08-17T20:37:09+00:00","author":{"@id":"https:\/\/acefootball.com\/es\/#\/schema\/person\/c817b858136f968b8b984c68fcf4aa84"},"description":"Toda la especulaci\u00f3n alrededor de Pierre-Emerick Aubameyang lleg\u00f3 a su fin despu\u00e9s de que el prol\u00edfico delantero firmara su renovaci\u00f3n.","breadcrumb":{"@id":"https:\/\/acefootball.com\/es\/noticias-de-futbol\/confirman-renovacion-de-aubameyang-con-el-arsenal\/#breadcrumb"},"inLanguage":"es","potentialAction":[{"@type":"ReadAction","target":["https:\/\/acefootball.com\/es\/noticias-de-futbol\/confirman-renovacion-de-aubameyang-con-el-arsenal\/"]}]},{"@type":"BreadcrumbList","@id":"https:\/\/acefootball.com\/es\/noticias-de-futbol\/confirman-renovacion-de-aubameyang-con-el-arsenal\/#breadcrumb","itemListElement":[{"@type":"ListItem","position":1,"name":"Home","item":"https:\/\/acefootball.com\/es\/"},{"@type":"ListItem","position":2,"name":"Confirman renovaci\u00f3n de Aubameyang con el Arsenal"}]},{"@type":"Person","@id":"https:\/\/acefootball.com\/es\/#\/schema\/person\/c817b858136f968b8b984c68fcf4aa84","name":"Pavel I. Meda","image":{"@type":"ImageObject","@id":"https:\/\/acefootball.com\/es\/#personlogo","inLanguage":"es","url":"https:\/\/secure.gravatar.com\/avatar\/5d2d4f16693b918e4e93034452d5ee4c?s=96&d=mm&r=g","contentUrl":"https:\/\/secure.gravatar.com\/avatar\/5d2d4f16693b918e4e93034452d5ee4c?s=96&d=mm&r=g","caption":"Pavel I. Meda"},"description":"Football writer and journalist with 10 years of previous experience who loves his job and always likes to appreciate this beautiful sport. I've worked for companies such as Goal.com and Underdog Global Sports in the past. I am also an avid film and pop culture fan who spends his free time consuming any interesting story that is worth telling.","sameAs":["https:\/\/www.instagram.com\/rampantintellectual\/","https:\/\/www.linkedin.com\/in\/pavel-ibarra-meda","https:\/\/twitter.com\/IAmTomSpiegel"],"url":"https:\/\/acefootball.com\/es\/noticias-de-futbol\/author\/tomasibarra\/"}]}},"fimg_url":"https:\/\/acefootball.com\/es\/wp-content\/uploads\/2020\/08\/GettyImages-1263186252.jpg","_links":{"self":[{"href":"https:\/\/acefootball.com\/es\/wp-json\/wp\/v2\/posts\/7006"}],"collection":[{"href":"https:\/\/acefootball.com\/es\/wp-json\/wp\/v2\/posts"}],"about":[{"href":"https:\/\/acefootball.com\/es\/wp-json\/wp\/v2\/types\/post"}],"author":[{"embeddable":true,"href":"https:\/\/acefootball.com\/es\/wp-json\/wp\/v2\/users\/258"}],"replies":[{"embeddable":true,"href":"https:\/\/acefootball.com\/es\/wp-json\/wp\/v2\/comments?post=7006"}],"version-history":[{"count":0,"href":"https:\/\/acefootball.com\/es\/wp-json\/wp\/v2\/posts\/7006\/revisions"}],"wp:featuredmedia":[{"embeddable":true,"href":"https:\/\/acefootball.com\/es\/wp-json\/wp\/v2\/media\/-101101224717"}],"wp:attachment":[{"href":"https:\/\/acefootball.com\/es\/wp-json\/wp\/v2\/media?parent=7006"}],"wp:term":[{"taxonomy":"category","embeddable":true,"href":"https:\/\/acefootball.com\/es\/wp-json\/wp\/v2\/categories?post=7006"},{"taxonomy":"post_tag","embeddable":true,"href":"https:\/\/acefootball.com\/es\/wp-json\/wp\/v2\/tags?post=7006"}],"curies":[{"name":"wp","href":"https:\/\/api.w.org\/{rel}","templated":true}]}}