{"id":15764,"date":"2021-06-11T00:05:16","date_gmt":"2021-06-10T22:05:16","guid":{"rendered":"https:\/\/acefootball.com\/es\/?p=15764"},"modified":"2021-06-11T00:05:16","modified_gmt":"2021-06-10T22:05:16","slug":"depay-no-habla-de-su-futuro-en-medio-de-interes-del-barcelona-y-juventus","status":"publish","type":"post","link":"https:\/\/acefootball.com\/es\/noticias-de-futbol\/depay-no-habla-de-su-futuro-en-medio-de-interes-del-barcelona-y-juventus\/","title":{"rendered":"Depay no habla de su futuro en medio de inter\u00e9s del Barcelona y Juventus"},"content":{"rendered":"\n<h2 id=\"h-el-internacional-holand-s-est-fuertemente-vinculado-a-dejar-el-lyon-este-verano-tras-negarse-a-ampliar-su-contrato-con-el-club\">El internacional holand\u00e9s est\u00e1 fuertemente vinculado a dejar el Lyon este verano, tras negarse a ampliar su contrato con el club.<\/h2>\n\n\n\n<p>Memphis Depay ha restado importancia a las conversaciones sobre su futuro afirmando que actualmente est\u00e1 centrado en el pr\u00f3ximo torneo europeo.<\/p>\n\n\n\n<p>Depay, tal y como est\u00e1n las cosas, podr\u00eda jugar buena parte de la Eurocopa 2020 como agente libre, ya que su contrato con el Lyon expira el 30 de junio.<\/p>\n\n\n\n<p>El extremo, de 27 a\u00f1os, parec\u00eda destinado a fichar por el Barcelona hasta que, seg\u00fan nuevas informaciones, la Juventus le ha ofrecido un contrato mucho m\u00e1s lucrativo para intentar adelantarse a los gigantes espa\u00f1oles en su fichaje libre.<\/p>\n\n\n\n<figure class=\"wp-block-image\"><a href=\"https:\/\/t.co\/XZAzfs34Y6\"><img  title=\"Depay no habla de su futuro en medio de inter\u00e9s del Barcelona y Juventus\"src=\"https:\/\/s.w.org\/images\/core\/emoji\/13.0.1\/svg\/2757.svg\" alt=\"\u2757\" \/><\/a><\/figure>\n\n\n\n<p>El holand\u00e9s realiz\u00f3 una fant\u00e1stica temporada con el Lyon, en la que marc\u00f3 22 goles y dio 12 asistencias en todas las competiciones, y ahora espera repetir su estado de forma en la 2020\/21 con <em><a href=\"https:\/\/acefootball.com\/es\/copa-del-mundo\/paises-bajos\/\" target=\"_blank\" rel=\"noreferrer noopener\">Holanda<\/a><\/em>.<\/p>\n\n\n\n<p>\u00abAhora mismo mi trabajo es prepararme bien para la Eurocopa, nada m\u00e1s\u00bb, respondi\u00f3 Depay al ser preguntado por las recientes conversaciones de traspaso, v\u00eda <em><a href=\"https:\/\/www.marca.com\/en\/football\/uefa-euro\/2021\/06\/10\/60c23f0ae2704e38578b45e9.html\" target=\"_blank\" rel=\"noreferrer noopener\">Marca<\/a><\/em>.<\/p>\n\n\n\n<p>\u00abLo dem\u00e1s no me molesta ni me distrae. S\u00e9 que hay especulaciones, siempre las hay. As\u00ed es el mundo del f\u00fatbol y estoy acostumbrado a lidiar con estas situaciones\u00bb.<\/p>\n\n\n\n<p>\u00abNo voy a decir nada m\u00e1s sobre esto. El mercado de fichajes es largo y hay tiempo por delante\u00bb.<\/p>\n","protected":false},"excerpt":{"rendered":"<p>El internacional holand\u00e9s est\u00e1 fuertemente vinculado a dejar el Lyon este verano, tras negarse a ampliar su contrato con el club. Memphis Depay ha restado importancia a las conversaciones sobre su futuro afirmando que actualmente est\u00e1 centrado en el pr\u00f3ximo torneo europeo. Depay, tal y como est\u00e1n las cosas, podr\u00eda jugar buena parte de la [&hellip;]<\/p>\n","protected":false},"author":1,"featured_media":-101101268039,"comment_status":"closed","ping_status":"closed","sticky":false,"template":"","format":"standard","meta":{"om_disable_all_campaigns":false,"push_articles_ronaldo":{"active":false,"canonical":0,"publish":false},"force_updates":null},"categories":[1],"tags":[299,257,1109,2565],"enet_tags":{"team":["8634","9885","9748"],"player":["303824"],"sport_events":[]},"yoast_head":"<!-- This site is optimized with the Yoast SEO plugin v18.3 - https:\/\/yoast.com\/wordpress\/plugins\/seo\/ -->\n<title>Depay no habla de su futuro en medio de inter\u00e9s del Barcelona y Juventus<\/title>\n<meta name=\"description\" content=\"El internacional holand\u00e9s est\u00e1 fuertemente vinculado a dejar el Lyon este verano, tras negarse a ampliar su contrato con el club.\" \/>\n<meta name=\"robots\" content=\"index, follow, max-snippet:-1, max-image-preview:large, max-video-preview:-1\" \/>\n<link rel=\"canonical\" href=\"https:\/\/acefootball.com\/es\/noticias-de-futbol\/depay-no-habla-de-su-futuro-en-medio-de-interes-del-barcelona-y-juventus\/\" \/>\n<meta property=\"og:locale\" content=\"es_ES\" \/>\n<meta property=\"og:type\" content=\"article\" \/>\n<meta property=\"og:title\" content=\"Depay no habla de su futuro en medio de inter\u00e9s del Barcelona y Juventus\" \/>\n<meta property=\"og:description\" content=\"El internacional holand\u00e9s est\u00e1 fuertemente vinculado a dejar el Lyon este verano, tras negarse a ampliar su contrato con el club.\" \/>\n<meta property=\"og:url\" content=\"https:\/\/acefootball.com\/es\/noticias-de-futbol\/depay-no-habla-de-su-futuro-en-medio-de-interes-del-barcelona-y-juventus\/\" \/>\n<meta property=\"og:site_name\" content=\"Ace Football Espa\u00f1ol\" \/>\n<meta property=\"article:published_time\" content=\"2021-06-10T22:05:16+00:00\" \/>\n<meta property=\"og:image\" content=\"https:\/\/acefootball.com\/es\/wp-content\/uploads\/2021\/06\/1073382636-1.jpg\" \/>\n\t<meta property=\"og:image:width\" content=\"1920\" \/>\n\t<meta property=\"og:image:height\" content=\"1262\" \/>\n<meta name=\"twitter:card\" content=\"summary_large_image\" \/>\n<meta name=\"twitter:image\" content=\"https:\/\/acefootball.com\/es\/wp-content\/uploads\/2021\/06\/1073382636-1.jpg\" \/>\n<meta name=\"twitter:label1\" content=\"Escrito por\" \/>\n\t<meta name=\"twitter:data1\" content=\"Team Acefootball\" \/>\n\t<meta name=\"twitter:label2\" content=\"Tiempo de lectura\" \/>\n\t<meta name=\"twitter:data2\" content=\"2 minutos\" \/>\n<script type=\"application\/ld+json\" class=\"yoast-schema-graph\">{\"@context\":\"https:\/\/schema.org\",\"@graph\":[{\"@type\":\"WebSite\",\"@id\":\"https:\/\/acefootball.com\/es\/#website\",\"url\":\"https:\/\/acefootball.com\/es\/\",\"name\":\"Ace Football Espa\u00f1ol\",\"description\":\"News, Betting and Livescore\",\"potentialAction\":[{\"@type\":\"SearchAction\",\"target\":{\"@type\":\"EntryPoint\",\"urlTemplate\":\"https:\/\/acefootball.com\/es\/?s={search_term_string}\"},\"query-input\":\"required name=search_term_string\"}],\"inLanguage\":\"es\"},{\"@type\":\"ImageObject\",\"@id\":\"https:\/\/acefootball.com\/es\/noticias-de-futbol\/depay-no-habla-de-su-futuro-en-medio-de-interes-del-barcelona-y-juventus\/#primaryimage\",\"inLanguage\":\"es\",\"url\":\"\",\"contentUrl\":\"\"},{\"@type\":\"WebPage\",\"@id\":\"https:\/\/acefootball.com\/es\/noticias-de-futbol\/depay-no-habla-de-su-futuro-en-medio-de-interes-del-barcelona-y-juventus\/#webpage\",\"url\":\"https:\/\/acefootball.com\/es\/noticias-de-futbol\/depay-no-habla-de-su-futuro-en-medio-de-interes-del-barcelona-y-juventus\/\",\"name\":\"Depay no habla de su futuro en medio de inter\u00e9s del Barcelona y Juventus\",\"isPartOf\":{\"@id\":\"https:\/\/acefootball.com\/es\/#website\"},\"primaryImageOfPage\":{\"@id\":\"https:\/\/acefootball.com\/es\/noticias-de-futbol\/depay-no-habla-de-su-futuro-en-medio-de-interes-del-barcelona-y-juventus\/#primaryimage\"},\"datePublished\":\"2021-06-10T22:05:16+00:00\",\"dateModified\":\"2021-06-10T22:05:16+00:00\",\"author\":{\"@id\":\"https:\/\/acefootball.com\/es\/#\/schema\/person\/9b4be16c64ad64ec1ef43b3fec19abcf\"},\"description\":\"El internacional holand\u00e9s est\u00e1 fuertemente vinculado a dejar el Lyon este verano, tras negarse a ampliar su contrato con el club.\",\"breadcrumb\":{\"@id\":\"https:\/\/acefootball.com\/es\/noticias-de-futbol\/depay-no-habla-de-su-futuro-en-medio-de-interes-del-barcelona-y-juventus\/#breadcrumb\"},\"inLanguage\":\"es\",\"potentialAction\":[{\"@type\":\"ReadAction\",\"target\":[\"https:\/\/acefootball.com\/es\/noticias-de-futbol\/depay-no-habla-de-su-futuro-en-medio-de-interes-del-barcelona-y-juventus\/\"]}]},{\"@type\":\"BreadcrumbList\",\"@id\":\"https:\/\/acefootball.com\/es\/noticias-de-futbol\/depay-no-habla-de-su-futuro-en-medio-de-interes-del-barcelona-y-juventus\/#breadcrumb\",\"itemListElement\":[{\"@type\":\"ListItem\",\"position\":1,\"name\":\"Home\",\"item\":\"https:\/\/acefootball.com\/es\/\"},{\"@type\":\"ListItem\",\"position\":2,\"name\":\"Depay no habla de su futuro en medio de inter\u00e9s del Barcelona y Juventus\"}]},{\"@type\":\"Person\",\"@id\":\"https:\/\/acefootball.com\/es\/#\/schema\/person\/9b4be16c64ad64ec1ef43b3fec19abcf\",\"name\":\"Team Acefootball\",\"image\":{\"@type\":\"ImageObject\",\"@id\":\"https:\/\/acefootball.com\/es\/#personlogo\",\"inLanguage\":\"es\",\"url\":\"https:\/\/secure.gravatar.com\/avatar\/19d749670aa1f01ecf6bba95169ecaf2?s=96&d=mm&r=g\",\"contentUrl\":\"https:\/\/secure.gravatar.com\/avatar\/19d749670aa1f01ecf6bba95169ecaf2?s=96&d=mm&r=g\",\"caption\":\"Team Acefootball\"},\"url\":\"https:\/\/acefootball.com\/es\/noticias-de-futbol\/author\/solrek\/\"}]}<\/script>\n<!-- \/ Yoast SEO plugin. -->","yoast_head_json":{"title":"Depay no habla de su futuro en medio de inter\u00e9s del Barcelona y Juventus","description":"El internacional holand\u00e9s est\u00e1 fuertemente vinculado a dejar el Lyon este verano, tras negarse a ampliar su contrato con el club.","robots":{"index":"index","follow":"follow","max-snippet":"max-snippet:-1","max-image-preview":"max-image-preview:large","max-video-preview":"max-video-preview:-1"},"canonical":"https:\/\/acefootball.com\/es\/noticias-de-futbol\/depay-no-habla-de-su-futuro-en-medio-de-interes-del-barcelona-y-juventus\/","og_locale":"es_ES","og_type":"article","og_title":"Depay no habla de su futuro en medio de inter\u00e9s del Barcelona y Juventus","og_description":"El internacional holand\u00e9s est\u00e1 fuertemente vinculado a dejar el Lyon este verano, tras negarse a ampliar su contrato con el club.","og_url":"https:\/\/acefootball.com\/es\/noticias-de-futbol\/depay-no-habla-de-su-futuro-en-medio-de-interes-del-barcelona-y-juventus\/","og_site_name":"Ace Football Espa\u00f1ol","article_published_time":"2021-06-10T22:05:16+00:00","og_image":[{"url":"https:\/\/acefootball.com\/es\/wp-content\/uploads\/2021\/06\/1073382636-1.jpg","height":1262,"width":1920}],"twitter_card":"summary_large_image","twitter_image":"https:\/\/acefootball.com\/es\/wp-content\/uploads\/2021\/06\/1073382636-1.jpg","twitter_misc":{"Escrito por":"Team Acefootball","Tiempo de lectura":"2 minutos"},"schema":{"@context":"https:\/\/schema.org","@graph":[{"@type":"WebSite","@id":"https:\/\/acefootball.com\/es\/#website","url":"https:\/\/acefootball.com\/es\/","name":"Ace Football Espa\u00f1ol","description":"News, Betting and Livescore","potentialAction":[{"@type":"SearchAction","target":{"@type":"EntryPoint","urlTemplate":"https:\/\/acefootball.com\/es\/?s={search_term_string}"},"query-input":"required name=search_term_string"}],"inLanguage":"es"},{"@type":"ImageObject","@id":"https:\/\/acefootball.com\/es\/noticias-de-futbol\/depay-no-habla-de-su-futuro-en-medio-de-interes-del-barcelona-y-juventus\/#primaryimage","inLanguage":"es","url":"","contentUrl":""},{"@type":"WebPage","@id":"https:\/\/acefootball.com\/es\/noticias-de-futbol\/depay-no-habla-de-su-futuro-en-medio-de-interes-del-barcelona-y-juventus\/#webpage","url":"https:\/\/acefootball.com\/es\/noticias-de-futbol\/depay-no-habla-de-su-futuro-en-medio-de-interes-del-barcelona-y-juventus\/","name":"Depay no habla de su futuro en medio de inter\u00e9s del Barcelona y Juventus","isPartOf":{"@id":"https:\/\/acefootball.com\/es\/#website"},"primaryImageOfPage":{"@id":"https:\/\/acefootball.com\/es\/noticias-de-futbol\/depay-no-habla-de-su-futuro-en-medio-de-interes-del-barcelona-y-juventus\/#primaryimage"},"datePublished":"2021-06-10T22:05:16+00:00","dateModified":"2021-06-10T22:05:16+00:00","author":{"@id":"https:\/\/acefootball.com\/es\/#\/schema\/person\/9b4be16c64ad64ec1ef43b3fec19abcf"},"description":"El internacional holand\u00e9s est\u00e1 fuertemente vinculado a dejar el Lyon este verano, tras negarse a ampliar su contrato con el club.","breadcrumb":{"@id":"https:\/\/acefootball.com\/es\/noticias-de-futbol\/depay-no-habla-de-su-futuro-en-medio-de-interes-del-barcelona-y-juventus\/#breadcrumb"},"inLanguage":"es","potentialAction":[{"@type":"ReadAction","target":["https:\/\/acefootball.com\/es\/noticias-de-futbol\/depay-no-habla-de-su-futuro-en-medio-de-interes-del-barcelona-y-juventus\/"]}]},{"@type":"BreadcrumbList","@id":"https:\/\/acefootball.com\/es\/noticias-de-futbol\/depay-no-habla-de-su-futuro-en-medio-de-interes-del-barcelona-y-juventus\/#breadcrumb","itemListElement":[{"@type":"ListItem","position":1,"name":"Home","item":"https:\/\/acefootball.com\/es\/"},{"@type":"ListItem","position":2,"name":"Depay no habla de su futuro en medio de inter\u00e9s del Barcelona y Juventus"}]},{"@type":"Person","@id":"https:\/\/acefootball.com\/es\/#\/schema\/person\/9b4be16c64ad64ec1ef43b3fec19abcf","name":"Team Acefootball","image":{"@type":"ImageObject","@id":"https:\/\/acefootball.com\/es\/#personlogo","inLanguage":"es","url":"https:\/\/secure.gravatar.com\/avatar\/19d749670aa1f01ecf6bba95169ecaf2?s=96&d=mm&r=g","contentUrl":"https:\/\/secure.gravatar.com\/avatar\/19d749670aa1f01ecf6bba95169ecaf2?s=96&d=mm&r=g","caption":"Team Acefootball"},"url":"https:\/\/acefootball.com\/es\/noticias-de-futbol\/author\/solrek\/"}]}},"fimg_url":"https:\/\/acefootball.com\/es\/wp-content\/uploads\/2021\/06\/1073382636-1.jpg","_links":{"self":[{"href":"https:\/\/acefootball.com\/es\/wp-json\/wp\/v2\/posts\/15764"}],"collection":[{"href":"https:\/\/acefootball.com\/es\/wp-json\/wp\/v2\/posts"}],"about":[{"href":"https:\/\/acefootball.com\/es\/wp-json\/wp\/v2\/types\/post"}],"author":[{"embeddable":true,"href":"https:\/\/acefootball.com\/es\/wp-json\/wp\/v2\/users\/1"}],"replies":[{"embeddable":true,"href":"https:\/\/acefootball.com\/es\/wp-json\/wp\/v2\/comments?post=15764"}],"version-history":[{"count":0,"href":"https:\/\/acefootball.com\/es\/wp-json\/wp\/v2\/posts\/15764\/revisions"}],"wp:featuredmedia":[{"embeddable":true,"href":"https:\/\/acefootball.com\/es\/wp-json\/wp\/v2\/media\/-101101268039"}],"wp:attachment":[{"href":"https:\/\/acefootball.com\/es\/wp-json\/wp\/v2\/media?parent=15764"}],"wp:term":[{"taxonomy":"category","embeddable":true,"href":"https:\/\/acefootball.com\/es\/wp-json\/wp\/v2\/categories?post=15764"},{"taxonomy":"post_tag","embeddable":true,"href":"https:\/\/acefootball.com\/es\/wp-json\/wp\/v2\/tags?post=15764"}],"curies":[{"name":"wp","href":"https:\/\/api.w.org\/{rel}","templated":true}]}}