{"id":15752,"date":"2021-06-09T23:58:40","date_gmt":"2021-06-09T21:58:40","guid":{"rendered":"https:\/\/acefootball.com\/es\/?p=15752"},"modified":"2021-06-09T23:58:40","modified_gmt":"2021-06-09T21:58:40","slug":"oficial-sarri-regresa-a-la-serie-a","status":"publish","type":"post","link":"https:\/\/acefootball.com\/es\/noticias-de-futbol\/oficial-sarri-regresa-a-la-serie-a\/","title":{"rendered":"Oficial: Sarri regresa a la Serie A"},"content":{"rendered":"\n<h2 id=\"h-despu-s-de-permanecer-sin-trabajo-durante-casi-un-a-o-tras-su-despido-de-la-juventus-el-t-cnico-de-62-a-os-ha-vuelto-a-los-banquillos\">Despu\u00e9s de permanecer sin trabajo durante casi un a\u00f1o tras su despido de la Juventus, el t\u00e9cnico de 62 a\u00f1os ha vuelto a los banquillos.<\/h2>\n\n\n\n<p>El Lazio ha confirmado el nombramiento de Maurizio Sarri como entrenador.<\/p>\n\n\n\n<p>Sarri sustituye a Simone Inzaghi, que dej\u00f3 el Lazio la semana pasada para hacerse cargo del campe\u00f3n de la Serie A, el Inter de Mil\u00e1n, tras la sorprendente marcha de Antonio Conte.<\/p>\n\n\n\n<p>Seg\u00fan las informaciones publicadas en Italia, el ex entrenador de la Juventus se ha comprometido a firmar un contrato de dos a\u00f1os con el Lazio, hasta junio de 2023, con la opci\u00f3n de prorrogarlo un a\u00f1o m\u00e1s. Al parecer, ganar\u00e1 3 millones de euros netos por temporada, adem\u00e1s de la Europa League y la Champions League, as\u00ed como una prima por el Scudetto.<\/p>\n\n\n\n<figure class=\"wp-block-embed is-type-rich is-provider-twitter wp-block-embed-twitter\"><div class=\"wp-block-embed__wrapper\">\n<blockquote class=\"twitter-tweet\" data-width=\"550\" data-dnt=\"true\"><p lang=\"it\" dir=\"ltr\">\ud835\ude50\ud835\ude41\ud835\ude41\ud835\ude44\ud835\ude3e\ud835\ude44\ud835\ude3c\ud835\ude47\ud835\ude40 \ud83e\udd1d<br>Maurizio Sarri \u00e8 il nuovo allenatore de <a href=\"https:\/\/twitter.com\/hashtag\/LaPrimaSquadraDellaCapitale?src=hash&amp;ref_src=twsrc%5Etfw\">#LaPrimaSquadraDellaCapitale<\/a> \u26aa\ufe0f\ud83d\udd35<br><br>\u27a1\ufe0f <a href=\"https:\/\/t.co\/rfiKjcRd4S\">https:\/\/t.co\/rfiKjcRd4S<\/a> <a href=\"https:\/\/t.co\/c13ZOstWmB\">pic.twitter.com\/c13ZOstWmB<\/a><\/p>&mdash; S.S.Lazio (@OfficialSSLazio) <a href=\"https:\/\/twitter.com\/OfficialSSLazio\/status\/1402642198055821314?ref_src=twsrc%5Etfw\">June 9, 2021<\/a><\/blockquote><script async src=\"https:\/\/platform.twitter.com\/widgets.js\" charset=\"utf-8\"><\/script>\n<\/div><\/figure>\n\n\n\n<p>Sarri fue destituido por la Juventus en la primera semana de agosto de 2020 a cuenta de los problemas europeos del equipo, ya que los bianconeri no hab\u00edan pasado de los octavos de final de la Liga de Campeones esa temporada, y desde entonces se hab\u00eda quedado sin trabajo.<\/p>\n\n\n\n<p>El t\u00e9cnico, de 62 a\u00f1os, hab\u00eda llegado al Juventus tras una exitosa etapa de un a\u00f1o en el\u00a0<em><a href=\"https:\/\/acefootball.com\/es\/premier-league\/chelsea\/\">Chelsea<\/a><\/em>, que gan\u00f3 la Europa League con \u00e9l al frente.<\/p>\n\n\n\n<p>Antes de asumir un reto al m\u00e1s alto nivel, el ex banquero se prob\u00f3 en la liga italiana inferior. Finalmente, ascendi\u00f3 al N\u00e1poles, donde gan\u00f3 la Panchina d&#8217;Oro en su primera temporada, el premio al mejor entrenador de la Serie A en su segunda campa\u00f1a y se qued\u00f3 a las puertas del t\u00edtulo de la Serie A en la \u00faltima.<\/p>\n","protected":false},"excerpt":{"rendered":"<p>Despu\u00e9s de permanecer sin trabajo durante casi un a\u00f1o tras su despido de la Juventus, el t\u00e9cnico de 62 a\u00f1os ha vuelto a los banquillos. El Lazio ha confirmado el nombramiento de Maurizio Sarri como entrenador. Sarri sustituye a Simone Inzaghi, que dej\u00f3 el Lazio la semana pasada para hacerse cargo del campe\u00f3n de la [&hellip;]<\/p>\n","protected":false},"author":1,"featured_media":-101101267966,"comment_status":"closed","ping_status":"closed","sticky":false,"template":"","format":"standard","meta":{"om_disable_all_campaigns":false,"push_articles_ronaldo":{"active":false,"canonical":0,"publish":false},"force_updates":null},"categories":[1],"tags":[2043,2586,81],"enet_tags":{"team":["8543"],"player":["557567"],"league":["55"],"sport_events":[]},"yoast_head":"<!-- This site is optimized with the Yoast SEO plugin v18.3 - https:\/\/yoast.com\/wordpress\/plugins\/seo\/ -->\n<title>Oficial: Sarri regresa a la Serie A<\/title>\n<meta name=\"description\" content=\"Despu\u00e9s de permanecer sin trabajo durante casi un a\u00f1o tras su despido de la Juventus, el t\u00e9cnico de 62 a\u00f1os ha vuelto a los banquillos.\" \/>\n<meta name=\"robots\" content=\"index, follow, max-snippet:-1, max-image-preview:large, max-video-preview:-1\" \/>\n<link rel=\"canonical\" href=\"https:\/\/acefootball.com\/es\/noticias-de-futbol\/oficial-sarri-regresa-a-la-serie-a\/\" \/>\n<meta property=\"og:locale\" content=\"es_ES\" \/>\n<meta property=\"og:type\" content=\"article\" \/>\n<meta property=\"og:title\" content=\"Oficial: Sarri regresa a la Serie A\" \/>\n<meta property=\"og:description\" content=\"Despu\u00e9s de permanecer sin trabajo durante casi un a\u00f1o tras su despido de la Juventus, el t\u00e9cnico de 62 a\u00f1os ha vuelto a los banquillos.\" \/>\n<meta property=\"og:url\" content=\"https:\/\/acefootball.com\/es\/noticias-de-futbol\/oficial-sarri-regresa-a-la-serie-a\/\" \/>\n<meta property=\"og:site_name\" content=\"Ace Football Espa\u00f1ol\" \/>\n<meta property=\"article:published_time\" content=\"2021-06-09T21:58:40+00:00\" \/>\n<meta property=\"og:image\" content=\"https:\/\/acefootball.com\/es\/wp-content\/uploads\/2021\/06\/GettyImages-1170056989-1.jpg\" \/>\n\t<meta property=\"og:image:width\" content=\"1024\" \/>\n\t<meta property=\"og:image:height\" content=\"784\" \/>\n<meta name=\"twitter:card\" content=\"summary_large_image\" \/>\n<meta name=\"twitter:image\" content=\"https:\/\/acefootball.com\/es\/wp-content\/uploads\/2021\/06\/GettyImages-1170056989-1.jpg\" \/>\n<meta name=\"twitter:label1\" content=\"Escrito por\" \/>\n\t<meta name=\"twitter:data1\" content=\"Team Acefootball\" \/>\n\t<meta name=\"twitter:label2\" content=\"Tiempo de lectura\" \/>\n\t<meta name=\"twitter:data2\" content=\"2 minutos\" \/>\n<script type=\"application\/ld+json\" class=\"yoast-schema-graph\">{\"@context\":\"https:\/\/schema.org\",\"@graph\":[{\"@type\":\"WebSite\",\"@id\":\"https:\/\/acefootball.com\/es\/#website\",\"url\":\"https:\/\/acefootball.com\/es\/\",\"name\":\"Ace Football Espa\u00f1ol\",\"description\":\"News, Betting and Livescore\",\"potentialAction\":[{\"@type\":\"SearchAction\",\"target\":{\"@type\":\"EntryPoint\",\"urlTemplate\":\"https:\/\/acefootball.com\/es\/?s={search_term_string}\"},\"query-input\":\"required name=search_term_string\"}],\"inLanguage\":\"es\"},{\"@type\":\"ImageObject\",\"@id\":\"https:\/\/acefootball.com\/es\/noticias-de-futbol\/oficial-sarri-regresa-a-la-serie-a\/#primaryimage\",\"inLanguage\":\"es\",\"url\":\"https:\/\/acefootball.com\/es\/wp-content\/uploads\/2021\/06\/GettyImages-1170056989-1.jpg\",\"contentUrl\":\"https:\/\/acefootball.com\/es\/wp-content\/uploads\/2021\/06\/GettyImages-1170056989-1.jpg\"},{\"@type\":\"WebPage\",\"@id\":\"https:\/\/acefootball.com\/es\/noticias-de-futbol\/oficial-sarri-regresa-a-la-serie-a\/#webpage\",\"url\":\"https:\/\/acefootball.com\/es\/noticias-de-futbol\/oficial-sarri-regresa-a-la-serie-a\/\",\"name\":\"Oficial: Sarri regresa a la Serie A\",\"isPartOf\":{\"@id\":\"https:\/\/acefootball.com\/es\/#website\"},\"primaryImageOfPage\":{\"@id\":\"https:\/\/acefootball.com\/es\/noticias-de-futbol\/oficial-sarri-regresa-a-la-serie-a\/#primaryimage\"},\"datePublished\":\"2021-06-09T21:58:40+00:00\",\"dateModified\":\"2021-06-09T21:58:40+00:00\",\"author\":{\"@id\":\"https:\/\/acefootball.com\/es\/#\/schema\/person\/9b4be16c64ad64ec1ef43b3fec19abcf\"},\"description\":\"Despu\u00e9s de permanecer sin trabajo durante casi un a\u00f1o tras su despido de la Juventus, el t\u00e9cnico de 62 a\u00f1os ha vuelto a los banquillos.\",\"breadcrumb\":{\"@id\":\"https:\/\/acefootball.com\/es\/noticias-de-futbol\/oficial-sarri-regresa-a-la-serie-a\/#breadcrumb\"},\"inLanguage\":\"es\",\"potentialAction\":[{\"@type\":\"ReadAction\",\"target\":[\"https:\/\/acefootball.com\/es\/noticias-de-futbol\/oficial-sarri-regresa-a-la-serie-a\/\"]}]},{\"@type\":\"BreadcrumbList\",\"@id\":\"https:\/\/acefootball.com\/es\/noticias-de-futbol\/oficial-sarri-regresa-a-la-serie-a\/#breadcrumb\",\"itemListElement\":[{\"@type\":\"ListItem\",\"position\":1,\"name\":\"Home\",\"item\":\"https:\/\/acefootball.com\/es\/\"},{\"@type\":\"ListItem\",\"position\":2,\"name\":\"Oficial: Sarri regresa a la Serie A\"}]},{\"@type\":\"Person\",\"@id\":\"https:\/\/acefootball.com\/es\/#\/schema\/person\/9b4be16c64ad64ec1ef43b3fec19abcf\",\"name\":\"Team Acefootball\",\"image\":{\"@type\":\"ImageObject\",\"@id\":\"https:\/\/acefootball.com\/es\/#personlogo\",\"inLanguage\":\"es\",\"url\":\"https:\/\/secure.gravatar.com\/avatar\/19d749670aa1f01ecf6bba95169ecaf2?s=96&d=mm&r=g\",\"contentUrl\":\"https:\/\/secure.gravatar.com\/avatar\/19d749670aa1f01ecf6bba95169ecaf2?s=96&d=mm&r=g\",\"caption\":\"Team Acefootball\"},\"url\":\"https:\/\/acefootball.com\/es\/noticias-de-futbol\/author\/solrek\/\"}]}<\/script>\n<!-- \/ Yoast SEO plugin. -->","yoast_head_json":{"title":"Oficial: Sarri regresa a la Serie A","description":"Despu\u00e9s de permanecer sin trabajo durante casi un a\u00f1o tras su despido de la Juventus, el t\u00e9cnico de 62 a\u00f1os ha vuelto a los banquillos.","robots":{"index":"index","follow":"follow","max-snippet":"max-snippet:-1","max-image-preview":"max-image-preview:large","max-video-preview":"max-video-preview:-1"},"canonical":"https:\/\/acefootball.com\/es\/noticias-de-futbol\/oficial-sarri-regresa-a-la-serie-a\/","og_locale":"es_ES","og_type":"article","og_title":"Oficial: Sarri regresa a la Serie A","og_description":"Despu\u00e9s de permanecer sin trabajo durante casi un a\u00f1o tras su despido de la Juventus, el t\u00e9cnico de 62 a\u00f1os ha vuelto a los banquillos.","og_url":"https:\/\/acefootball.com\/es\/noticias-de-futbol\/oficial-sarri-regresa-a-la-serie-a\/","og_site_name":"Ace Football Espa\u00f1ol","article_published_time":"2021-06-09T21:58:40+00:00","og_image":[{"url":"https:\/\/acefootball.com\/es\/wp-content\/uploads\/2021\/06\/GettyImages-1170056989-1.jpg","height":784,"width":1024}],"twitter_card":"summary_large_image","twitter_image":"https:\/\/acefootball.com\/es\/wp-content\/uploads\/2021\/06\/GettyImages-1170056989-1.jpg","twitter_misc":{"Escrito por":"Team Acefootball","Tiempo de lectura":"2 minutos"},"schema":{"@context":"https:\/\/schema.org","@graph":[{"@type":"WebSite","@id":"https:\/\/acefootball.com\/es\/#website","url":"https:\/\/acefootball.com\/es\/","name":"Ace Football Espa\u00f1ol","description":"News, Betting and Livescore","potentialAction":[{"@type":"SearchAction","target":{"@type":"EntryPoint","urlTemplate":"https:\/\/acefootball.com\/es\/?s={search_term_string}"},"query-input":"required name=search_term_string"}],"inLanguage":"es"},{"@type":"ImageObject","@id":"https:\/\/acefootball.com\/es\/noticias-de-futbol\/oficial-sarri-regresa-a-la-serie-a\/#primaryimage","inLanguage":"es","url":"https:\/\/acefootball.com\/es\/wp-content\/uploads\/2021\/06\/GettyImages-1170056989-1.jpg","contentUrl":"https:\/\/acefootball.com\/es\/wp-content\/uploads\/2021\/06\/GettyImages-1170056989-1.jpg"},{"@type":"WebPage","@id":"https:\/\/acefootball.com\/es\/noticias-de-futbol\/oficial-sarri-regresa-a-la-serie-a\/#webpage","url":"https:\/\/acefootball.com\/es\/noticias-de-futbol\/oficial-sarri-regresa-a-la-serie-a\/","name":"Oficial: Sarri regresa a la Serie A","isPartOf":{"@id":"https:\/\/acefootball.com\/es\/#website"},"primaryImageOfPage":{"@id":"https:\/\/acefootball.com\/es\/noticias-de-futbol\/oficial-sarri-regresa-a-la-serie-a\/#primaryimage"},"datePublished":"2021-06-09T21:58:40+00:00","dateModified":"2021-06-09T21:58:40+00:00","author":{"@id":"https:\/\/acefootball.com\/es\/#\/schema\/person\/9b4be16c64ad64ec1ef43b3fec19abcf"},"description":"Despu\u00e9s de permanecer sin trabajo durante casi un a\u00f1o tras su despido de la Juventus, el t\u00e9cnico de 62 a\u00f1os ha vuelto a los banquillos.","breadcrumb":{"@id":"https:\/\/acefootball.com\/es\/noticias-de-futbol\/oficial-sarri-regresa-a-la-serie-a\/#breadcrumb"},"inLanguage":"es","potentialAction":[{"@type":"ReadAction","target":["https:\/\/acefootball.com\/es\/noticias-de-futbol\/oficial-sarri-regresa-a-la-serie-a\/"]}]},{"@type":"BreadcrumbList","@id":"https:\/\/acefootball.com\/es\/noticias-de-futbol\/oficial-sarri-regresa-a-la-serie-a\/#breadcrumb","itemListElement":[{"@type":"ListItem","position":1,"name":"Home","item":"https:\/\/acefootball.com\/es\/"},{"@type":"ListItem","position":2,"name":"Oficial: Sarri regresa a la Serie A"}]},{"@type":"Person","@id":"https:\/\/acefootball.com\/es\/#\/schema\/person\/9b4be16c64ad64ec1ef43b3fec19abcf","name":"Team Acefootball","image":{"@type":"ImageObject","@id":"https:\/\/acefootball.com\/es\/#personlogo","inLanguage":"es","url":"https:\/\/secure.gravatar.com\/avatar\/19d749670aa1f01ecf6bba95169ecaf2?s=96&d=mm&r=g","contentUrl":"https:\/\/secure.gravatar.com\/avatar\/19d749670aa1f01ecf6bba95169ecaf2?s=96&d=mm&r=g","caption":"Team Acefootball"},"url":"https:\/\/acefootball.com\/es\/noticias-de-futbol\/author\/solrek\/"}]}},"fimg_url":"https:\/\/acefootball.com\/es\/wp-content\/uploads\/2021\/06\/GettyImages-1170056989-1.jpg","_links":{"self":[{"href":"https:\/\/acefootball.com\/es\/wp-json\/wp\/v2\/posts\/15752"}],"collection":[{"href":"https:\/\/acefootball.com\/es\/wp-json\/wp\/v2\/posts"}],"about":[{"href":"https:\/\/acefootball.com\/es\/wp-json\/wp\/v2\/types\/post"}],"author":[{"embeddable":true,"href":"https:\/\/acefootball.com\/es\/wp-json\/wp\/v2\/users\/1"}],"replies":[{"embeddable":true,"href":"https:\/\/acefootball.com\/es\/wp-json\/wp\/v2\/comments?post=15752"}],"version-history":[{"count":0,"href":"https:\/\/acefootball.com\/es\/wp-json\/wp\/v2\/posts\/15752\/revisions"}],"wp:featuredmedia":[{"embeddable":true,"href":"https:\/\/acefootball.com\/es\/wp-json\/wp\/v2\/media\/-101101267966"}],"wp:attachment":[{"href":"https:\/\/acefootball.com\/es\/wp-json\/wp\/v2\/media?parent=15752"}],"wp:term":[{"taxonomy":"category","embeddable":true,"href":"https:\/\/acefootball.com\/es\/wp-json\/wp\/v2\/categories?post=15752"},{"taxonomy":"post_tag","embeddable":true,"href":"https:\/\/acefootball.com\/es\/wp-json\/wp\/v2\/tags?post=15752"}],"curies":[{"name":"wp","href":"https:\/\/api.w.org\/{rel}","templated":true}]}}