{"id":15639,"date":"2021-05-21T21:21:43","date_gmt":"2021-05-21T19:21:43","guid":{"rendered":"https:\/\/acefootball.com\/es\/?p=15639"},"modified":"2021-05-21T21:21:43","modified_gmt":"2021-05-21T19:21:43","slug":"solskjaer-habla-de-los-planes-del-man-united-para-los-fichajes-de-verano","status":"publish","type":"post","link":"https:\/\/acefootball.com\/es\/noticias-de-futbol\/solskjaer-habla-de-los-planes-del-man-united-para-los-fichajes-de-verano\/","title":{"rendered":"Solskjaer habla de los planes del Man United para los fichajes de verano"},"content":{"rendered":"\n<h2 id=\"h-el-t-cnico-de-los-red-devils-quiere-reforzar-su-plantilla-ya-que-quiere-que-su-equipo-luche-por-el-t-tulo-de-liga-la-pr-xima-temporada\">El t\u00e9cnico de los Red Devils quiere reforzar su plantilla ya que quiere que su equipo luche por el t\u00edtulo de liga la pr\u00f3xima temporada.<\/h2>\n\n\n<p>El Manchester United podr\u00eda fichar a \u00abdos o tres jugadores\u00bb cuando se reabra el mercado de fichajes en verano, afirma Ole Gunnar Solskjaer al hablar de los planes de fichajes del club.<\/p>\n\n\n<p>Solskjaer se desprendi\u00f3 de varios jugadores del primer equipo del United antes de su primera temporada completa al frente del club. <em><a href=\"https:\/\/acefootball.com\/es\/serie-a\/inter-milan\/romelu-lukaku\/\" target=\"_blank\" rel=\"noreferrer noopener\">Romelu Lukaku<\/a><\/em>, Alexis S\u00e1nchez y Matteo Darmian, entre otros, fueron vendidos, mientras que Harry Maguire, Aaron Wan-Bissaka y Daniel James fueron incorporados.<\/p>\n\n\n<p>El t\u00e9cnico noruego, seg\u00fan los informes, continuar\u00e1 con el proceso de construcci\u00f3n de la plantilla este verano. Phil Jones, Sergio Romero y Juan Mata son los que sobran, mientras que Harry Kane y Jadon Sancho figuran en la lista de fichajes de los Diablos Rojos.<\/p>\n\n\n<p>\u00abEstamos planificando como lo hacemos normalmente. No es un final de temporada y ya veremos qu\u00e9 hacemos, es un proceso continuo\u00bb, dijo Solskjaer, v\u00eda\u00a0<em><a href=\"https:\/\/www.goal.com\/en-in\/news\/solskjaer-gives-update-on-man-united-summer-transfer-plans\/n9daxbxz0vbr1h15109wnabqt\" target=\"_blank\" rel=\"noreferrer noopener\">Goal<\/a><\/em>.<\/p>\n\n\n<p>\u00abEstamos analizando la plantilla, los jugadores que se van a quedar, los que podr\u00edan irse y espero que nos reforcemos con algunos.. dos o tres jugadores que definitivamente necesitamos para desafiar m\u00e1s arriba en la tabla\u00bb.<\/p>\n\n\n<p>\u00abTodav\u00eda estamos demasiado lejos como para pensar que va a venir solo\u00bb.<\/p>\n\n\n<p><\/p>\n","protected":false},"excerpt":{"rendered":"<p>El t\u00e9cnico de los Red Devils quiere reforzar su plantilla ya que quiere que su equipo luche por el t\u00edtulo de liga la pr\u00f3xima temporada. El Manchester United podr\u00eda fichar a \u00abdos o tres jugadores\u00bb cuando se reabra el mercado de fichajes en verano, afirma Ole Gunnar Solskjaer al hablar de los planes de fichajes [&hellip;]<\/p>\n","protected":false},"author":1,"featured_media":-101101266822,"comment_status":"closed","ping_status":"closed","sticky":false,"template":"","format":"standard","meta":{"om_disable_all_campaigns":false,"push_articles_ronaldo":{"active":false,"canonical":0,"publish":false},"force_updates":null},"categories":[1],"tags":[206,205],"enet_tags":{"team":["10260"],"player":["251827"],"sport_events":[]},"yoast_head":"<!-- This site is optimized with the Yoast SEO plugin v18.3 - https:\/\/yoast.com\/wordpress\/plugins\/seo\/ -->\n<title>Solskjaer habla de los planes del Man United para los fichajes de verano<\/title>\n<meta name=\"description\" content=\"El t\u00e9cnico de los Red Devils quiere reforzar su plantilla ya que quiere que su equipo luche por el t\u00edtulo de liga la pr\u00f3xima temporada.\" \/>\n<meta name=\"robots\" content=\"index, follow, max-snippet:-1, max-image-preview:large, max-video-preview:-1\" \/>\n<link rel=\"canonical\" href=\"https:\/\/acefootball.com\/es\/noticias-de-futbol\/solskjaer-habla-de-los-planes-del-man-united-para-los-fichajes-de-verano\/\" \/>\n<meta property=\"og:locale\" content=\"es_ES\" \/>\n<meta property=\"og:type\" content=\"article\" \/>\n<meta property=\"og:title\" content=\"Solskjaer habla de los planes del Man United para los fichajes de verano\" \/>\n<meta property=\"og:description\" content=\"El t\u00e9cnico de los Red Devils quiere reforzar su plantilla ya que quiere que su equipo luche por el t\u00edtulo de liga la pr\u00f3xima temporada.\" \/>\n<meta property=\"og:url\" content=\"https:\/\/acefootball.com\/es\/noticias-de-futbol\/solskjaer-habla-de-los-planes-del-man-united-para-los-fichajes-de-verano\/\" \/>\n<meta property=\"og:site_name\" content=\"Ace Football Espa\u00f1ol\" \/>\n<meta property=\"article:published_time\" content=\"2021-05-21T19:21:43+00:00\" \/>\n<meta property=\"og:image\" content=\"https:\/\/acefootball.com\/es\/wp-content\/uploads\/2021\/05\/GettyImages-1284395351-1-1.jpg\" \/>\n\t<meta property=\"og:image:width\" content=\"1024\" \/>\n\t<meta property=\"og:image:height\" content=\"683\" \/>\n<meta name=\"twitter:card\" content=\"summary_large_image\" \/>\n<meta name=\"twitter:image\" content=\"https:\/\/acefootball.com\/es\/wp-content\/uploads\/2021\/05\/GettyImages-1284395351-1-1.jpg\" \/>\n<meta name=\"twitter:label1\" content=\"Escrito por\" \/>\n\t<meta name=\"twitter:data1\" content=\"Team Acefootball\" \/>\n\t<meta name=\"twitter:label2\" content=\"Tiempo de lectura\" \/>\n\t<meta name=\"twitter:data2\" content=\"1 minuto\" \/>\n<script type=\"application\/ld+json\" class=\"yoast-schema-graph\">{\"@context\":\"https:\/\/schema.org\",\"@graph\":[{\"@type\":\"WebSite\",\"@id\":\"https:\/\/acefootball.com\/es\/#website\",\"url\":\"https:\/\/acefootball.com\/es\/\",\"name\":\"Ace Football Espa\u00f1ol\",\"description\":\"News, Betting and Livescore\",\"potentialAction\":[{\"@type\":\"SearchAction\",\"target\":{\"@type\":\"EntryPoint\",\"urlTemplate\":\"https:\/\/acefootball.com\/es\/?s={search_term_string}\"},\"query-input\":\"required name=search_term_string\"}],\"inLanguage\":\"es\"},{\"@type\":\"ImageObject\",\"@id\":\"https:\/\/acefootball.com\/es\/noticias-de-futbol\/solskjaer-habla-de-los-planes-del-man-united-para-los-fichajes-de-verano\/#primaryimage\",\"inLanguage\":\"es\",\"url\":\"\",\"contentUrl\":\"\"},{\"@type\":\"WebPage\",\"@id\":\"https:\/\/acefootball.com\/es\/noticias-de-futbol\/solskjaer-habla-de-los-planes-del-man-united-para-los-fichajes-de-verano\/#webpage\",\"url\":\"https:\/\/acefootball.com\/es\/noticias-de-futbol\/solskjaer-habla-de-los-planes-del-man-united-para-los-fichajes-de-verano\/\",\"name\":\"Solskjaer habla de los planes del Man United para los fichajes de verano\",\"isPartOf\":{\"@id\":\"https:\/\/acefootball.com\/es\/#website\"},\"primaryImageOfPage\":{\"@id\":\"https:\/\/acefootball.com\/es\/noticias-de-futbol\/solskjaer-habla-de-los-planes-del-man-united-para-los-fichajes-de-verano\/#primaryimage\"},\"datePublished\":\"2021-05-21T19:21:43+00:00\",\"dateModified\":\"2021-05-21T19:21:43+00:00\",\"author\":{\"@id\":\"https:\/\/acefootball.com\/es\/#\/schema\/person\/9b4be16c64ad64ec1ef43b3fec19abcf\"},\"description\":\"El t\u00e9cnico de los Red Devils quiere reforzar su plantilla ya que quiere que su equipo luche por el t\u00edtulo de liga la pr\u00f3xima temporada.\",\"breadcrumb\":{\"@id\":\"https:\/\/acefootball.com\/es\/noticias-de-futbol\/solskjaer-habla-de-los-planes-del-man-united-para-los-fichajes-de-verano\/#breadcrumb\"},\"inLanguage\":\"es\",\"potentialAction\":[{\"@type\":\"ReadAction\",\"target\":[\"https:\/\/acefootball.com\/es\/noticias-de-futbol\/solskjaer-habla-de-los-planes-del-man-united-para-los-fichajes-de-verano\/\"]}]},{\"@type\":\"BreadcrumbList\",\"@id\":\"https:\/\/acefootball.com\/es\/noticias-de-futbol\/solskjaer-habla-de-los-planes-del-man-united-para-los-fichajes-de-verano\/#breadcrumb\",\"itemListElement\":[{\"@type\":\"ListItem\",\"position\":1,\"name\":\"Home\",\"item\":\"https:\/\/acefootball.com\/es\/\"},{\"@type\":\"ListItem\",\"position\":2,\"name\":\"Solskjaer habla de los planes del Man United para los fichajes de verano\"}]},{\"@type\":\"Person\",\"@id\":\"https:\/\/acefootball.com\/es\/#\/schema\/person\/9b4be16c64ad64ec1ef43b3fec19abcf\",\"name\":\"Team Acefootball\",\"image\":{\"@type\":\"ImageObject\",\"@id\":\"https:\/\/acefootball.com\/es\/#personlogo\",\"inLanguage\":\"es\",\"url\":\"https:\/\/secure.gravatar.com\/avatar\/19d749670aa1f01ecf6bba95169ecaf2?s=96&d=mm&r=g\",\"contentUrl\":\"https:\/\/secure.gravatar.com\/avatar\/19d749670aa1f01ecf6bba95169ecaf2?s=96&d=mm&r=g\",\"caption\":\"Team Acefootball\"},\"url\":\"https:\/\/acefootball.com\/es\/noticias-de-futbol\/author\/solrek\/\"}]}<\/script>\n<!-- \/ Yoast SEO plugin. -->","yoast_head_json":{"title":"Solskjaer habla de los planes del Man United para los fichajes de verano","description":"El t\u00e9cnico de los Red Devils quiere reforzar su plantilla ya que quiere que su equipo luche por el t\u00edtulo de liga la pr\u00f3xima temporada.","robots":{"index":"index","follow":"follow","max-snippet":"max-snippet:-1","max-image-preview":"max-image-preview:large","max-video-preview":"max-video-preview:-1"},"canonical":"https:\/\/acefootball.com\/es\/noticias-de-futbol\/solskjaer-habla-de-los-planes-del-man-united-para-los-fichajes-de-verano\/","og_locale":"es_ES","og_type":"article","og_title":"Solskjaer habla de los planes del Man United para los fichajes de verano","og_description":"El t\u00e9cnico de los Red Devils quiere reforzar su plantilla ya que quiere que su equipo luche por el t\u00edtulo de liga la pr\u00f3xima temporada.","og_url":"https:\/\/acefootball.com\/es\/noticias-de-futbol\/solskjaer-habla-de-los-planes-del-man-united-para-los-fichajes-de-verano\/","og_site_name":"Ace Football Espa\u00f1ol","article_published_time":"2021-05-21T19:21:43+00:00","og_image":[{"url":"https:\/\/acefootball.com\/es\/wp-content\/uploads\/2021\/05\/GettyImages-1284395351-1-1.jpg","height":683,"width":1024}],"twitter_card":"summary_large_image","twitter_image":"https:\/\/acefootball.com\/es\/wp-content\/uploads\/2021\/05\/GettyImages-1284395351-1-1.jpg","twitter_misc":{"Escrito por":"Team Acefootball","Tiempo de lectura":"1 minuto"},"schema":{"@context":"https:\/\/schema.org","@graph":[{"@type":"WebSite","@id":"https:\/\/acefootball.com\/es\/#website","url":"https:\/\/acefootball.com\/es\/","name":"Ace Football Espa\u00f1ol","description":"News, Betting and Livescore","potentialAction":[{"@type":"SearchAction","target":{"@type":"EntryPoint","urlTemplate":"https:\/\/acefootball.com\/es\/?s={search_term_string}"},"query-input":"required name=search_term_string"}],"inLanguage":"es"},{"@type":"ImageObject","@id":"https:\/\/acefootball.com\/es\/noticias-de-futbol\/solskjaer-habla-de-los-planes-del-man-united-para-los-fichajes-de-verano\/#primaryimage","inLanguage":"es","url":"","contentUrl":""},{"@type":"WebPage","@id":"https:\/\/acefootball.com\/es\/noticias-de-futbol\/solskjaer-habla-de-los-planes-del-man-united-para-los-fichajes-de-verano\/#webpage","url":"https:\/\/acefootball.com\/es\/noticias-de-futbol\/solskjaer-habla-de-los-planes-del-man-united-para-los-fichajes-de-verano\/","name":"Solskjaer habla de los planes del Man United para los fichajes de verano","isPartOf":{"@id":"https:\/\/acefootball.com\/es\/#website"},"primaryImageOfPage":{"@id":"https:\/\/acefootball.com\/es\/noticias-de-futbol\/solskjaer-habla-de-los-planes-del-man-united-para-los-fichajes-de-verano\/#primaryimage"},"datePublished":"2021-05-21T19:21:43+00:00","dateModified":"2021-05-21T19:21:43+00:00","author":{"@id":"https:\/\/acefootball.com\/es\/#\/schema\/person\/9b4be16c64ad64ec1ef43b3fec19abcf"},"description":"El t\u00e9cnico de los Red Devils quiere reforzar su plantilla ya que quiere que su equipo luche por el t\u00edtulo de liga la pr\u00f3xima temporada.","breadcrumb":{"@id":"https:\/\/acefootball.com\/es\/noticias-de-futbol\/solskjaer-habla-de-los-planes-del-man-united-para-los-fichajes-de-verano\/#breadcrumb"},"inLanguage":"es","potentialAction":[{"@type":"ReadAction","target":["https:\/\/acefootball.com\/es\/noticias-de-futbol\/solskjaer-habla-de-los-planes-del-man-united-para-los-fichajes-de-verano\/"]}]},{"@type":"BreadcrumbList","@id":"https:\/\/acefootball.com\/es\/noticias-de-futbol\/solskjaer-habla-de-los-planes-del-man-united-para-los-fichajes-de-verano\/#breadcrumb","itemListElement":[{"@type":"ListItem","position":1,"name":"Home","item":"https:\/\/acefootball.com\/es\/"},{"@type":"ListItem","position":2,"name":"Solskjaer habla de los planes del Man United para los fichajes de verano"}]},{"@type":"Person","@id":"https:\/\/acefootball.com\/es\/#\/schema\/person\/9b4be16c64ad64ec1ef43b3fec19abcf","name":"Team Acefootball","image":{"@type":"ImageObject","@id":"https:\/\/acefootball.com\/es\/#personlogo","inLanguage":"es","url":"https:\/\/secure.gravatar.com\/avatar\/19d749670aa1f01ecf6bba95169ecaf2?s=96&d=mm&r=g","contentUrl":"https:\/\/secure.gravatar.com\/avatar\/19d749670aa1f01ecf6bba95169ecaf2?s=96&d=mm&r=g","caption":"Team Acefootball"},"url":"https:\/\/acefootball.com\/es\/noticias-de-futbol\/author\/solrek\/"}]}},"fimg_url":"https:\/\/acefootball.com\/es\/wp-content\/uploads\/2021\/05\/GettyImages-1284395351-1-1.jpg","_links":{"self":[{"href":"https:\/\/acefootball.com\/es\/wp-json\/wp\/v2\/posts\/15639"}],"collection":[{"href":"https:\/\/acefootball.com\/es\/wp-json\/wp\/v2\/posts"}],"about":[{"href":"https:\/\/acefootball.com\/es\/wp-json\/wp\/v2\/types\/post"}],"author":[{"embeddable":true,"href":"https:\/\/acefootball.com\/es\/wp-json\/wp\/v2\/users\/1"}],"replies":[{"embeddable":true,"href":"https:\/\/acefootball.com\/es\/wp-json\/wp\/v2\/comments?post=15639"}],"version-history":[{"count":0,"href":"https:\/\/acefootball.com\/es\/wp-json\/wp\/v2\/posts\/15639\/revisions"}],"wp:featuredmedia":[{"embeddable":true,"href":"https:\/\/acefootball.com\/es\/wp-json\/wp\/v2\/media\/-101101266822"}],"wp:attachment":[{"href":"https:\/\/acefootball.com\/es\/wp-json\/wp\/v2\/media?parent=15639"}],"wp:term":[{"taxonomy":"category","embeddable":true,"href":"https:\/\/acefootball.com\/es\/wp-json\/wp\/v2\/categories?post=15639"},{"taxonomy":"post_tag","embeddable":true,"href":"https:\/\/acefootball.com\/es\/wp-json\/wp\/v2\/tags?post=15639"}],"curies":[{"name":"wp","href":"https:\/\/api.w.org\/{rel}","templated":true}]}}