{"id":15589,"date":"2021-05-14T23:30:20","date_gmt":"2021-05-14T21:30:20","guid":{"rendered":"https:\/\/acefootball.com\/es\/?p=15589"},"modified":"2021-05-14T23:30:27","modified_gmt":"2021-05-14T21:30:27","slug":"video-ferran-torres-marco-el-gol-de-la-temporada-del-man-city","status":"publish","type":"post","link":"https:\/\/acefootball.com\/es\/noticias-de-futbol\/video-ferran-torres-marco-el-gol-de-la-temporada-del-man-city\/","title":{"rendered":"VIDEO: Ferr\u00e1n Torres marc\u00f3 el gol de la temporada del Man City"},"content":{"rendered":"\n<h2 id=\"h-como-broche-de-oro-a-la-temporada-del-man-city-ferr-n-torres-podr-a-haber-marcado-un-gol-de-la-temporada-ante-el-newcastle-united\">Como broche de oro a la temporada del Man City, Ferr\u00e1n Torres podr\u00eda haber marcado un gol de la temporada ante el Newcastle United.<\/h2>\n\n\n\n<p>Ferr\u00e1n Torres tiene que ser uno de los jugadores m\u00e1s infravalorados del Man City en estos momentos, el hombre siempre cumple cuando entra en el campo. Pep Guardiola tuvo una gran idea cuando trajo al joven del Valencia mientras pensaba en el futuro del club. Aparte de Kevin De Bruyne (40%) y Phil Foden (37%), Torres es el jugador con m\u00e1s participaci\u00f3n en los goles cuando est\u00e1 en el campo (36%). El d\u00eda de hoy era perfecto para que Pep Guardiola diera la oportunidad de brillar a algunos jugadores que no tienen mucho protagonismo.<\/p>\n\n\n\n<p>Torres est\u00e1 entre esos jugadores que definitivamente merecen jugar m\u00e1s en el Manchester City, pero hay una jerarqu\u00eda que seguir. El joven entiende perfectamente que a\u00fan no es su momento de ser titular, por lo que seguir\u00e1 siendo paciente. Sin embargo, la actuaci\u00f3n de hoy le sit\u00faa definitivamente en una gran posici\u00f3n para los planes de Guardiola en la pr\u00f3xima temporada. Con la salida de Sergio Ag\u00fcero del club este verano, los Citizens necesitan un jugador que pueda marcar muchos goles a lo largo del a\u00f1o.<\/p>\n\n\n\n<figure class=\"wp-block-embed is-type-rich is-provider-twitter wp-block-embed-twitter\"><div class=\"wp-block-embed__wrapper\">\n<blockquote class=\"twitter-tweet\" data-width=\"550\" data-dnt=\"true\"><p lang=\"en\" dir=\"ltr\">Goal Involvement for <a href=\"https:\/\/twitter.com\/ManCity?ref_src=twsrc%5Etfw\">@ManCity<\/a> this season (when on the pitch) <br><br>Kevin De Bruyne &#8211; 40%<br>Phil Foden &#8211; 37%<br>Ferran Torres &#8211; 36% \ud83c\udf1f<br>Raheem Sterling &#8211; 36%<br>Riyad Mahrez &#8211; 35%<a href=\"https:\/\/twitter.com\/hashtag\/FPL?src=hash&amp;ref_src=twsrc%5Etfw\">#FPL<\/a> <a href=\"https:\/\/twitter.com\/hashtag\/NEWMCI?src=hash&amp;ref_src=twsrc%5Etfw\">#NEWMCI<\/a> <a href=\"https:\/\/t.co\/CzFSlJ8GHS\">pic.twitter.com\/CzFSlJ8GHS<\/a><\/p>&mdash; Fantasy Premier League (@OfficialFPL) <a href=\"https:\/\/twitter.com\/OfficialFPL\/status\/1393295287029059587?ref_src=twsrc%5Etfw\">May 14, 2021<\/a><\/blockquote><script async src=\"https:\/\/platform.twitter.com\/widgets.js\" charset=\"utf-8\"><\/script>\n<\/div><\/figure>\n\n\n\n<h3 id=\"h-un-golazo-y-un-hat-trick\">Un golazo y un hat-trick.<\/h3>\n\n\n\n<p>Ante la imposibilidad de que Gabriel Jesus alcance la cuota de goles necesaria por temporada, <em><a href=\"https:\/\/acefootball.com\/es\/noticias-de-futbol\/pep-guardiola-reacciona-al-nuevo-titulo-del-manchester-city\/\">Pep Guardiola<\/a><\/em> pens\u00f3 que deb\u00eda comprar un delantero en la ventana de transferencias de verano. Pero veamos lo que ha hecho Ferran Torres esta temporada, \u00bfte parece? Con la selecci\u00f3n espa\u00f1ola, se present\u00f3 con un impresionante hat-trick contra Alemania. Ocurri\u00f3 durante el partido de la UEFA Nations League contra su hom\u00f3loga.<\/p>\n\n\n\n<p>Hoy, ha conseguido su primer triplete en la Premier League despu\u00e9s de haber jugado solo 23 partidos con el Manchester City. Para poner las cosas en perspectiva. Jugadores como Marcus Rashford, Gabriel Jesus o Alexandre Lacazette nunca han marcado un hat-trick en la\u00a0<em><a href=\"https:\/\/www.premierleague.com\/matchweek\/5699\/blog\" target=\"_blank\" rel=\"noreferrer noopener\">Premier League<\/a><\/em>. De todos esos goles que marc\u00f3 en la victoria de su equipo contra el Newcastle, el de tac\u00f3n fue sin duda el mejor de todos. Este tiene el potencial para ser nominado al gol de la temporada en el f\u00fatbol ingl\u00e9s. Fue as\u00ed de bueno. Por favor, m\u00edralo t\u00fa mismo.<\/p>\n\n\n\n<figure class=\"wp-block-embed is-type-rich is-provider-twitter wp-block-embed-twitter\"><div class=\"wp-block-embed__wrapper\">\n<blockquote class=\"twitter-tweet\" data-width=\"550\" data-dnt=\"true\"><p lang=\"en\" dir=\"ltr\">Another angle for that Ferran Torres goal \ud83d\udc89 <a href=\"https:\/\/t.co\/j045FNx0ZC\">pic.twitter.com\/j045FNx0ZC<\/a> <a href=\"https:\/\/t.co\/ggvP197X6x\">https:\/\/t.co\/ggvP197X6x<\/a><\/p>&mdash; \u2022 Kevin De Bruyne \u2022 (@Keevinem) <a href=\"https:\/\/twitter.com\/Keevinem\/status\/1393304185710514184?ref_src=twsrc%5Etfw\">May 14, 2021<\/a><\/blockquote><script async src=\"https:\/\/platform.twitter.com\/widgets.js\" charset=\"utf-8\"><\/script>\n<\/div><\/figure>\n","protected":false},"excerpt":{"rendered":"<p>Como broche de oro a la temporada del Man City, Ferr\u00e1n Torres podr\u00eda haber marcado un gol de la temporada ante el Newcastle United. Ferr\u00e1n Torres tiene que ser uno de los jugadores m\u00e1s infravalorados del Man City en estos momentos, el hombre siempre cumple cuando entra en el campo. Pep Guardiola tuvo una gran [&hellip;]<\/p>\n","protected":false},"author":1023,"featured_media":-101101266374,"comment_status":"closed","ping_status":"closed","sticky":false,"template":"","format":"standard","meta":{"om_disable_all_campaigns":false,"push_articles_ronaldo":{"active":false,"canonical":0,"publish":false},"force_updates":null},"categories":[76],"tags":[2005,888,2122],"enet_tags":{"player":["881771"],"team":["8456","10261"],"sport_events":[]},"yoast_head":"<!-- This site is optimized with the Yoast SEO plugin v18.3 - https:\/\/yoast.com\/wordpress\/plugins\/seo\/ -->\n<title>VIDEO: Ferr\u00e1n Torres marc\u00f3 el gol de la temporada del Man City<\/title>\n<meta name=\"description\" content=\"Como broche de oro a la temporada del Man City, Ferr\u00e1n Torres podr\u00eda haber marcado un gol de la temporada ante el Newcastle United.\" \/>\n<meta name=\"robots\" content=\"index, follow, max-snippet:-1, max-image-preview:large, max-video-preview:-1\" \/>\n<link rel=\"canonical\" href=\"https:\/\/acefootball.com\/es\/noticias-de-futbol\/video-ferran-torres-marco-el-gol-de-la-temporada-del-man-city\/\" \/>\n<meta property=\"og:locale\" content=\"es_ES\" \/>\n<meta property=\"og:type\" content=\"article\" \/>\n<meta property=\"og:title\" content=\"VIDEO: Ferr\u00e1n Torres marc\u00f3 el gol de la temporada del Man City\" \/>\n<meta property=\"og:description\" content=\"Como broche de oro a la temporada del Man City, Ferr\u00e1n Torres podr\u00eda haber marcado un gol de la temporada ante el Newcastle United.\" \/>\n<meta property=\"og:url\" content=\"https:\/\/acefootball.com\/es\/noticias-de-futbol\/video-ferran-torres-marco-el-gol-de-la-temporada-del-man-city\/\" \/>\n<meta property=\"og:site_name\" content=\"Ace Football Espa\u00f1ol\" \/>\n<meta property=\"article:published_time\" content=\"2021-05-14T21:30:20+00:00\" \/>\n<meta property=\"article:modified_time\" content=\"2021-05-14T21:30:27+00:00\" \/>\n<meta property=\"og:image\" content=\"https:\/\/acefootball.com\/es\/wp-content\/uploads\/2021\/05\/GettyImages-1318021022.jpg\" \/>\n\t<meta property=\"og:image:width\" content=\"1024\" \/>\n\t<meta property=\"og:image:height\" content=\"708\" \/>\n<meta name=\"twitter:card\" content=\"summary_large_image\" \/>\n<meta name=\"twitter:image\" content=\"https:\/\/acefootball.com\/es\/wp-content\/uploads\/2021\/05\/GettyImages-1318021022.jpg\" \/>\n<meta name=\"twitter:label1\" content=\"Escrito por\" \/>\n\t<meta name=\"twitter:data1\" content=\"\" \/>\n\t<meta name=\"twitter:label2\" content=\"Tiempo de lectura\" \/>\n\t<meta name=\"twitter:data2\" content=\"2 minutos\" \/>\n<script type=\"application\/ld+json\" class=\"yoast-schema-graph\">{\"@context\":\"https:\/\/schema.org\",\"@graph\":[{\"@type\":\"WebSite\",\"@id\":\"https:\/\/acefootball.com\/es\/#website\",\"url\":\"https:\/\/acefootball.com\/es\/\",\"name\":\"Ace Football Espa\u00f1ol\",\"description\":\"News, Betting and Livescore\",\"potentialAction\":[{\"@type\":\"SearchAction\",\"target\":{\"@type\":\"EntryPoint\",\"urlTemplate\":\"https:\/\/acefootball.com\/es\/?s={search_term_string}\"},\"query-input\":\"required name=search_term_string\"}],\"inLanguage\":\"es\"},{\"@type\":\"ImageObject\",\"@id\":\"https:\/\/acefootball.com\/es\/noticias-de-futbol\/video-ferran-torres-marco-el-gol-de-la-temporada-del-man-city\/#primaryimage\",\"inLanguage\":\"es\",\"url\":\"\",\"contentUrl\":\"\"},{\"@type\":\"WebPage\",\"@id\":\"https:\/\/acefootball.com\/es\/noticias-de-futbol\/video-ferran-torres-marco-el-gol-de-la-temporada-del-man-city\/#webpage\",\"url\":\"https:\/\/acefootball.com\/es\/noticias-de-futbol\/video-ferran-torres-marco-el-gol-de-la-temporada-del-man-city\/\",\"name\":\"VIDEO: Ferr\u00e1n Torres marc\u00f3 el gol de la temporada del Man City\",\"isPartOf\":{\"@id\":\"https:\/\/acefootball.com\/es\/#website\"},\"primaryImageOfPage\":{\"@id\":\"https:\/\/acefootball.com\/es\/noticias-de-futbol\/video-ferran-torres-marco-el-gol-de-la-temporada-del-man-city\/#primaryimage\"},\"datePublished\":\"2021-05-14T21:30:20+00:00\",\"dateModified\":\"2021-05-14T21:30:27+00:00\",\"author\":{\"@id\":\"\"},\"description\":\"Como broche de oro a la temporada del Man City, Ferr\u00e1n Torres podr\u00eda haber marcado un gol de la temporada ante el Newcastle United.\",\"breadcrumb\":{\"@id\":\"https:\/\/acefootball.com\/es\/noticias-de-futbol\/video-ferran-torres-marco-el-gol-de-la-temporada-del-man-city\/#breadcrumb\"},\"inLanguage\":\"es\",\"potentialAction\":[{\"@type\":\"ReadAction\",\"target\":[\"https:\/\/acefootball.com\/es\/noticias-de-futbol\/video-ferran-torres-marco-el-gol-de-la-temporada-del-man-city\/\"]}]},{\"@type\":\"BreadcrumbList\",\"@id\":\"https:\/\/acefootball.com\/es\/noticias-de-futbol\/video-ferran-torres-marco-el-gol-de-la-temporada-del-man-city\/#breadcrumb\",\"itemListElement\":[{\"@type\":\"ListItem\",\"position\":1,\"name\":\"Home\",\"item\":\"https:\/\/acefootball.com\/es\/\"},{\"@type\":\"ListItem\",\"position\":2,\"name\":\"VIDEO: Ferr\u00e1n Torres marc\u00f3 el gol de la temporada del Man City\"}]},{\"@type\":\"Person\",\"@id\":\"\",\"url\":\"https:\/\/acefootball.com\/es\/noticias-de-futbol\/author\/\"}]}<\/script>\n<!-- \/ Yoast SEO plugin. -->","yoast_head_json":{"title":"VIDEO: Ferr\u00e1n Torres marc\u00f3 el gol de la temporada del Man City","description":"Como broche de oro a la temporada del Man City, Ferr\u00e1n Torres podr\u00eda haber marcado un gol de la temporada ante el Newcastle United.","robots":{"index":"index","follow":"follow","max-snippet":"max-snippet:-1","max-image-preview":"max-image-preview:large","max-video-preview":"max-video-preview:-1"},"canonical":"https:\/\/acefootball.com\/es\/noticias-de-futbol\/video-ferran-torres-marco-el-gol-de-la-temporada-del-man-city\/","og_locale":"es_ES","og_type":"article","og_title":"VIDEO: Ferr\u00e1n Torres marc\u00f3 el gol de la temporada del Man City","og_description":"Como broche de oro a la temporada del Man City, Ferr\u00e1n Torres podr\u00eda haber marcado un gol de la temporada ante el Newcastle United.","og_url":"https:\/\/acefootball.com\/es\/noticias-de-futbol\/video-ferran-torres-marco-el-gol-de-la-temporada-del-man-city\/","og_site_name":"Ace Football Espa\u00f1ol","article_published_time":"2021-05-14T21:30:20+00:00","article_modified_time":"2021-05-14T21:30:27+00:00","og_image":[{"url":"https:\/\/acefootball.com\/es\/wp-content\/uploads\/2021\/05\/GettyImages-1318021022.jpg","height":708,"width":1024}],"twitter_card":"summary_large_image","twitter_image":"https:\/\/acefootball.com\/es\/wp-content\/uploads\/2021\/05\/GettyImages-1318021022.jpg","twitter_misc":{"Escrito por":"","Tiempo de lectura":"2 minutos"},"schema":{"@context":"https:\/\/schema.org","@graph":[{"@type":"WebSite","@id":"https:\/\/acefootball.com\/es\/#website","url":"https:\/\/acefootball.com\/es\/","name":"Ace Football Espa\u00f1ol","description":"News, Betting and Livescore","potentialAction":[{"@type":"SearchAction","target":{"@type":"EntryPoint","urlTemplate":"https:\/\/acefootball.com\/es\/?s={search_term_string}"},"query-input":"required name=search_term_string"}],"inLanguage":"es"},{"@type":"ImageObject","@id":"https:\/\/acefootball.com\/es\/noticias-de-futbol\/video-ferran-torres-marco-el-gol-de-la-temporada-del-man-city\/#primaryimage","inLanguage":"es","url":"","contentUrl":""},{"@type":"WebPage","@id":"https:\/\/acefootball.com\/es\/noticias-de-futbol\/video-ferran-torres-marco-el-gol-de-la-temporada-del-man-city\/#webpage","url":"https:\/\/acefootball.com\/es\/noticias-de-futbol\/video-ferran-torres-marco-el-gol-de-la-temporada-del-man-city\/","name":"VIDEO: Ferr\u00e1n Torres marc\u00f3 el gol de la temporada del Man City","isPartOf":{"@id":"https:\/\/acefootball.com\/es\/#website"},"primaryImageOfPage":{"@id":"https:\/\/acefootball.com\/es\/noticias-de-futbol\/video-ferran-torres-marco-el-gol-de-la-temporada-del-man-city\/#primaryimage"},"datePublished":"2021-05-14T21:30:20+00:00","dateModified":"2021-05-14T21:30:27+00:00","author":{"@id":""},"description":"Como broche de oro a la temporada del Man City, Ferr\u00e1n Torres podr\u00eda haber marcado un gol de la temporada ante el Newcastle United.","breadcrumb":{"@id":"https:\/\/acefootball.com\/es\/noticias-de-futbol\/video-ferran-torres-marco-el-gol-de-la-temporada-del-man-city\/#breadcrumb"},"inLanguage":"es","potentialAction":[{"@type":"ReadAction","target":["https:\/\/acefootball.com\/es\/noticias-de-futbol\/video-ferran-torres-marco-el-gol-de-la-temporada-del-man-city\/"]}]},{"@type":"BreadcrumbList","@id":"https:\/\/acefootball.com\/es\/noticias-de-futbol\/video-ferran-torres-marco-el-gol-de-la-temporada-del-man-city\/#breadcrumb","itemListElement":[{"@type":"ListItem","position":1,"name":"Home","item":"https:\/\/acefootball.com\/es\/"},{"@type":"ListItem","position":2,"name":"VIDEO: Ferr\u00e1n Torres marc\u00f3 el gol de la temporada del Man City"}]},{"@type":"Person","@id":"","url":"https:\/\/acefootball.com\/es\/noticias-de-futbol\/author\/"}]}},"fimg_url":"https:\/\/acefootball.com\/es\/wp-content\/uploads\/2021\/05\/GettyImages-1318021022.jpg","_links":{"self":[{"href":"https:\/\/acefootball.com\/es\/wp-json\/wp\/v2\/posts\/15589"}],"collection":[{"href":"https:\/\/acefootball.com\/es\/wp-json\/wp\/v2\/posts"}],"about":[{"href":"https:\/\/acefootball.com\/es\/wp-json\/wp\/v2\/types\/post"}],"author":[{"embeddable":true,"href":"https:\/\/acefootball.com\/es\/wp-json\/wp\/v2\/users\/1023"}],"replies":[{"embeddable":true,"href":"https:\/\/acefootball.com\/es\/wp-json\/wp\/v2\/comments?post=15589"}],"version-history":[{"count":0,"href":"https:\/\/acefootball.com\/es\/wp-json\/wp\/v2\/posts\/15589\/revisions"}],"wp:featuredmedia":[{"embeddable":true,"href":"https:\/\/acefootball.com\/es\/wp-json\/wp\/v2\/media\/-101101266374"}],"wp:attachment":[{"href":"https:\/\/acefootball.com\/es\/wp-json\/wp\/v2\/media?parent=15589"}],"wp:term":[{"taxonomy":"category","embeddable":true,"href":"https:\/\/acefootball.com\/es\/wp-json\/wp\/v2\/categories?post=15589"},{"taxonomy":"post_tag","embeddable":true,"href":"https:\/\/acefootball.com\/es\/wp-json\/wp\/v2\/tags?post=15589"}],"curies":[{"name":"wp","href":"https:\/\/api.w.org\/{rel}","templated":true}]}}