{"id":15563,"date":"2021-05-12T23:02:52","date_gmt":"2021-05-12T21:02:52","guid":{"rendered":"https:\/\/acefootball.com\/es\/?p=15563"},"modified":"2021-05-12T23:02:57","modified_gmt":"2021-05-12T21:02:57","slug":"adriano-se-sincera-sobre-su-caida-en-desgracia-en-el-futbol","status":"publish","type":"post","link":"https:\/\/acefootball.com\/es\/noticias-de-futbol\/adriano-se-sincera-sobre-su-caida-en-desgracia-en-el-futbol\/","title":{"rendered":"Adriano se sincera sobre su ca\u00edda en desgracia en el f\u00fatbol"},"content":{"rendered":"\n<h2 id=\"h-por-fin-pudimos-escuchar-al-propio-hombre-en-medio-de-la-turbulenta-vida-que-ha-vivido-adriano-leite-finalmente-se-sincer-sobre-su-ca-da-en-desgracia-en-el-f-tbol\">Por fin pudimos escuchar al propio hombre en medio de la turbulenta vida que ha vivido, Adriano Leite finalmente se sincer\u00f3 sobre su ca\u00edda en desgracia en el f\u00fatbol.<\/h2>\n\n\n\n<p>La ca\u00edda en desgracia de Adriano Leite en el f\u00fatbol es sin duda una de las historias m\u00e1s tristes que se recuerdan en los \u00faltimos tiempos. En a\u00f1os anteriores, escuchamos al propio Javier Zanetti hablar sobre el desgarrador momento en que recibi\u00f3 la noticia del fallecimiento de su padre. Aunque nunca escuchamos la historia contada de sus propios labios, finalmente lleg\u00f3 el momento. Todo ocurri\u00f3 justo despu\u00e9s de que el astro brasile\u00f1o tocara las estrellas durante la Copa Am\u00e9rica de 2004.<\/p>\n\n\n\n<p>Iba camino de convertirse en el digno heredero del trono de <em><a href=\"https:\/\/acefootball.com\/es\/noticias-de-futbol\/ronaldo-nazario-pide-disculpas-por-algo-que-ocurrio-en-2002\/\">Ronaldo Nazario<\/a><\/em>. La inmensa mayor\u00eda de los periodistas de todo el mundo estaban convencidos de que era el pr\u00f3ximo mejor jugador del mundo. Pero la tragedia le golpe\u00f3 solo nueve d\u00edas despu\u00e9s de aquel d\u00eda. Adriano escribi\u00f3 la historia interna de su carrera como uno de los mejores jugadores de Brasil en el siglo XXI.<\/p>\n\n\n\n<figure class=\"wp-block-embed is-type-rich is-provider-gestor-del-servicio wp-block-embed-gestor-del-servicio wp-embed-aspect-16-9 wp-has-aspect-ratio\"><div class=\"wp-block-embed__wrapper\">\n<iframe loading=\"lazy\" title=\"Adriano Has A Story to Tell | The Players&#039; Tribune\" width=\"640\" height=\"360\" src=\"https:\/\/www.youtube.com\/embed\/H4MUxaD6M6I?feature=oembed\" frameborder=\"0\" allow=\"accelerometer; autoplay; clipboard-write; encrypted-media; gyroscope; picture-in-picture\" allowfullscreen><\/iframe>\n<\/div><\/figure>\n\n\n\n<h3 id=\"h-adriano-se-abre-sobre-su-sufrimiento\">Adriano se abre sobre su sufrimiento.<\/h3>\n\n\n\n<p>Escrito en\u00a0<em><a href=\"https:\/\/www.theplayerstribune.com\/posts\/adriano-has-a-story-to-tell-soccer\" target=\"_blank\" rel=\"noreferrer noopener\">The Players\u2019 Tribune<\/a><\/em>, esto es lo que Adriano cont\u00f3 al mundo: \u00abNueve d\u00edas despu\u00e9s. Estaba de vuelta en Europa con el Inter. Recib\u00ed una llamada de casa. Me dijeron que mi padre hab\u00eda muerto. Un ataque al coraz\u00f3n. No quiero hablar de ello, pero te dir\u00e9 que despu\u00e9s de ese d\u00eda, mi amor por el f\u00fatbol nunca fue el mismo. \u00c9l amaba el juego, as\u00ed que yo amaba el juego. Era as\u00ed de simple. Era mi destino. Cuando jugaba al f\u00fatbol, lo hac\u00eda por mi familia.<\/p>\n\n\n\n<p>\u00abCuando marcaba, lo hac\u00eda por mi familia. As\u00ed que cuando mi padre muri\u00f3, el f\u00fatbol ya no fue lo mismo. Estaba al otro lado del oc\u00e9ano, en Italia, lejos de mi familia, y no pod\u00eda soportarlo. Me deprim\u00ed mucho. Empec\u00e9 a beber mucho. No quer\u00eda entrenar. No ten\u00eda nada que ver con el Inter. S\u00f3lo quer\u00eda volver a casa. Para ser sincero, aunque marqu\u00e9 muchos goles en la Serie A durante esos a\u00f1os, y aunque los aficionados me quer\u00edan mucho, mi alegr\u00eda se hab\u00eda esfumado. Era mi padre, \u00bfsabes? No pod\u00eda pulsar un interruptor y volver a sentirme yo mismo\u00bb.<\/p>\n\n\n\n<figure class=\"wp-block-embed is-type-rich is-provider-twitter wp-block-embed-twitter\"><div class=\"wp-block-embed__wrapper\">\n<blockquote class=\"twitter-tweet\" data-width=\"550\" data-dnt=\"true\"><p lang=\"en\" dir=\"ltr\">\u201cI think I am one of the most misunderstood footballers on the planet. People don\u2019t really understand what happened to me. They have the story all wrong.\u201d<a href=\"https:\/\/twitter.com\/A10imperador?ref_src=twsrc%5Etfw\">@A10imperador<\/a> in his own words.<br><br>Welcome to <a href=\"https:\/\/twitter.com\/TPT_Brasil?ref_src=twsrc%5Etfw\">@TPT_Brasil<\/a>.\u00a0\ud83c\udde7\ud83c\uddf7<a href=\"https:\/\/t.co\/ttNzPMHPQw\">https:\/\/t.co\/ttNzPMHPQw<\/a><\/p>&mdash; The Players&#39; Tribune (@PlayersTribune) <a href=\"https:\/\/twitter.com\/PlayersTribune\/status\/1392087298888675328?ref_src=twsrc%5Etfw\">May 11, 2021<\/a><\/blockquote><script async src=\"https:\/\/platform.twitter.com\/widgets.js\" charset=\"utf-8\"><\/script>\n<\/div><\/figure>\n","protected":false},"excerpt":{"rendered":"<p>Por fin pudimos escuchar al propio hombre en medio de la turbulenta vida que ha vivido, Adriano Leite finalmente se sincer\u00f3 sobre su ca\u00edda en desgracia en el f\u00fatbol. La ca\u00edda en desgracia de Adriano Leite en el f\u00fatbol es sin duda una de las historias m\u00e1s tristes que se recuerdan en los \u00faltimos tiempos. [&hellip;]<\/p>\n","protected":false},"author":1023,"featured_media":-101101266180,"comment_status":"closed","ping_status":"closed","sticky":false,"template":"","format":"standard","meta":{"om_disable_all_campaigns":false,"push_articles_ronaldo":{"active":false,"canonical":0,"publish":false},"force_updates":null},"categories":[73],"tags":[980,976],"enet_tags":{"team":["8256"],"sport_events":[]},"yoast_head":"<!-- This site is optimized with the Yoast SEO plugin v18.3 - https:\/\/yoast.com\/wordpress\/plugins\/seo\/ -->\n<title>Adriano se sincera sobre su ca\u00edda en desgracia en el f\u00fatbol<\/title>\n<meta name=\"description\" content=\"Por fin pudimos escucharlo en medio de la turbulenta vida que ha vivido, Adriano Leite se sincer\u00f3 sobre su ca\u00edda en desgracia en el f\u00fatbol.\" \/>\n<meta name=\"robots\" content=\"index, follow, max-snippet:-1, max-image-preview:large, max-video-preview:-1\" \/>\n<link rel=\"canonical\" href=\"https:\/\/acefootball.com\/es\/noticias-de-futbol\/adriano-se-sincera-sobre-su-caida-en-desgracia-en-el-futbol\/\" \/>\n<meta property=\"og:locale\" content=\"es_ES\" \/>\n<meta property=\"og:type\" content=\"article\" \/>\n<meta property=\"og:title\" content=\"Adriano se sincera sobre su ca\u00edda en desgracia en el f\u00fatbol\" \/>\n<meta property=\"og:description\" content=\"Por fin pudimos escucharlo en medio de la turbulenta vida que ha vivido, Adriano Leite se sincer\u00f3 sobre su ca\u00edda en desgracia en el f\u00fatbol.\" \/>\n<meta property=\"og:url\" content=\"https:\/\/acefootball.com\/es\/noticias-de-futbol\/adriano-se-sincera-sobre-su-caida-en-desgracia-en-el-futbol\/\" \/>\n<meta property=\"og:site_name\" content=\"Ace Football Espa\u00f1ol\" \/>\n<meta property=\"article:published_time\" content=\"2021-05-12T21:02:52+00:00\" \/>\n<meta property=\"article:modified_time\" content=\"2021-05-12T21:02:57+00:00\" \/>\n<meta property=\"og:image\" content=\"https:\/\/acefootball.com\/es\/wp-content\/uploads\/2021\/05\/GettyImages-84447430.jpg\" \/>\n\t<meta property=\"og:image:width\" content=\"1024\" \/>\n\t<meta property=\"og:image:height\" content=\"713\" \/>\n<meta name=\"twitter:card\" content=\"summary_large_image\" \/>\n<meta name=\"twitter:image\" content=\"https:\/\/acefootball.com\/es\/wp-content\/uploads\/2021\/05\/GettyImages-84447430.jpg\" \/>\n<meta name=\"twitter:label1\" content=\"Escrito por\" \/>\n\t<meta name=\"twitter:data1\" content=\"\" \/>\n\t<meta name=\"twitter:label2\" content=\"Tiempo de lectura\" \/>\n\t<meta name=\"twitter:data2\" content=\"2 minutos\" \/>\n<script type=\"application\/ld+json\" class=\"yoast-schema-graph\">{\"@context\":\"https:\/\/schema.org\",\"@graph\":[{\"@type\":\"WebSite\",\"@id\":\"https:\/\/acefootball.com\/es\/#website\",\"url\":\"https:\/\/acefootball.com\/es\/\",\"name\":\"Ace Football Espa\u00f1ol\",\"description\":\"News, Betting and Livescore\",\"potentialAction\":[{\"@type\":\"SearchAction\",\"target\":{\"@type\":\"EntryPoint\",\"urlTemplate\":\"https:\/\/acefootball.com\/es\/?s={search_term_string}\"},\"query-input\":\"required name=search_term_string\"}],\"inLanguage\":\"es\"},{\"@type\":\"ImageObject\",\"@id\":\"https:\/\/acefootball.com\/es\/noticias-de-futbol\/adriano-se-sincera-sobre-su-caida-en-desgracia-en-el-futbol\/#primaryimage\",\"inLanguage\":\"es\",\"url\":\"\",\"contentUrl\":\"\"},{\"@type\":\"WebPage\",\"@id\":\"https:\/\/acefootball.com\/es\/noticias-de-futbol\/adriano-se-sincera-sobre-su-caida-en-desgracia-en-el-futbol\/#webpage\",\"url\":\"https:\/\/acefootball.com\/es\/noticias-de-futbol\/adriano-se-sincera-sobre-su-caida-en-desgracia-en-el-futbol\/\",\"name\":\"Adriano se sincera sobre su ca\u00edda en desgracia en el f\u00fatbol\",\"isPartOf\":{\"@id\":\"https:\/\/acefootball.com\/es\/#website\"},\"primaryImageOfPage\":{\"@id\":\"https:\/\/acefootball.com\/es\/noticias-de-futbol\/adriano-se-sincera-sobre-su-caida-en-desgracia-en-el-futbol\/#primaryimage\"},\"datePublished\":\"2021-05-12T21:02:52+00:00\",\"dateModified\":\"2021-05-12T21:02:57+00:00\",\"author\":{\"@id\":\"\"},\"description\":\"Por fin pudimos escucharlo en medio de la turbulenta vida que ha vivido, Adriano Leite se sincer\u00f3 sobre su ca\u00edda en desgracia en el f\u00fatbol.\",\"breadcrumb\":{\"@id\":\"https:\/\/acefootball.com\/es\/noticias-de-futbol\/adriano-se-sincera-sobre-su-caida-en-desgracia-en-el-futbol\/#breadcrumb\"},\"inLanguage\":\"es\",\"potentialAction\":[{\"@type\":\"ReadAction\",\"target\":[\"https:\/\/acefootball.com\/es\/noticias-de-futbol\/adriano-se-sincera-sobre-su-caida-en-desgracia-en-el-futbol\/\"]}]},{\"@type\":\"BreadcrumbList\",\"@id\":\"https:\/\/acefootball.com\/es\/noticias-de-futbol\/adriano-se-sincera-sobre-su-caida-en-desgracia-en-el-futbol\/#breadcrumb\",\"itemListElement\":[{\"@type\":\"ListItem\",\"position\":1,\"name\":\"Home\",\"item\":\"https:\/\/acefootball.com\/es\/\"},{\"@type\":\"ListItem\",\"position\":2,\"name\":\"Adriano se sincera sobre su ca\u00edda en desgracia en el f\u00fatbol\"}]},{\"@type\":\"Person\",\"@id\":\"\",\"url\":\"https:\/\/acefootball.com\/es\/noticias-de-futbol\/author\/\"}]}<\/script>\n<!-- \/ Yoast SEO plugin. -->","yoast_head_json":{"title":"Adriano se sincera sobre su ca\u00edda en desgracia en el f\u00fatbol","description":"Por fin pudimos escucharlo en medio de la turbulenta vida que ha vivido, Adriano Leite se sincer\u00f3 sobre su ca\u00edda en desgracia en el f\u00fatbol.","robots":{"index":"index","follow":"follow","max-snippet":"max-snippet:-1","max-image-preview":"max-image-preview:large","max-video-preview":"max-video-preview:-1"},"canonical":"https:\/\/acefootball.com\/es\/noticias-de-futbol\/adriano-se-sincera-sobre-su-caida-en-desgracia-en-el-futbol\/","og_locale":"es_ES","og_type":"article","og_title":"Adriano se sincera sobre su ca\u00edda en desgracia en el f\u00fatbol","og_description":"Por fin pudimos escucharlo en medio de la turbulenta vida que ha vivido, Adriano Leite se sincer\u00f3 sobre su ca\u00edda en desgracia en el f\u00fatbol.","og_url":"https:\/\/acefootball.com\/es\/noticias-de-futbol\/adriano-se-sincera-sobre-su-caida-en-desgracia-en-el-futbol\/","og_site_name":"Ace Football Espa\u00f1ol","article_published_time":"2021-05-12T21:02:52+00:00","article_modified_time":"2021-05-12T21:02:57+00:00","og_image":[{"url":"https:\/\/acefootball.com\/es\/wp-content\/uploads\/2021\/05\/GettyImages-84447430.jpg","height":713,"width":1024}],"twitter_card":"summary_large_image","twitter_image":"https:\/\/acefootball.com\/es\/wp-content\/uploads\/2021\/05\/GettyImages-84447430.jpg","twitter_misc":{"Escrito por":"","Tiempo de lectura":"2 minutos"},"schema":{"@context":"https:\/\/schema.org","@graph":[{"@type":"WebSite","@id":"https:\/\/acefootball.com\/es\/#website","url":"https:\/\/acefootball.com\/es\/","name":"Ace Football Espa\u00f1ol","description":"News, Betting and Livescore","potentialAction":[{"@type":"SearchAction","target":{"@type":"EntryPoint","urlTemplate":"https:\/\/acefootball.com\/es\/?s={search_term_string}"},"query-input":"required name=search_term_string"}],"inLanguage":"es"},{"@type":"ImageObject","@id":"https:\/\/acefootball.com\/es\/noticias-de-futbol\/adriano-se-sincera-sobre-su-caida-en-desgracia-en-el-futbol\/#primaryimage","inLanguage":"es","url":"","contentUrl":""},{"@type":"WebPage","@id":"https:\/\/acefootball.com\/es\/noticias-de-futbol\/adriano-se-sincera-sobre-su-caida-en-desgracia-en-el-futbol\/#webpage","url":"https:\/\/acefootball.com\/es\/noticias-de-futbol\/adriano-se-sincera-sobre-su-caida-en-desgracia-en-el-futbol\/","name":"Adriano se sincera sobre su ca\u00edda en desgracia en el f\u00fatbol","isPartOf":{"@id":"https:\/\/acefootball.com\/es\/#website"},"primaryImageOfPage":{"@id":"https:\/\/acefootball.com\/es\/noticias-de-futbol\/adriano-se-sincera-sobre-su-caida-en-desgracia-en-el-futbol\/#primaryimage"},"datePublished":"2021-05-12T21:02:52+00:00","dateModified":"2021-05-12T21:02:57+00:00","author":{"@id":""},"description":"Por fin pudimos escucharlo en medio de la turbulenta vida que ha vivido, Adriano Leite se sincer\u00f3 sobre su ca\u00edda en desgracia en el f\u00fatbol.","breadcrumb":{"@id":"https:\/\/acefootball.com\/es\/noticias-de-futbol\/adriano-se-sincera-sobre-su-caida-en-desgracia-en-el-futbol\/#breadcrumb"},"inLanguage":"es","potentialAction":[{"@type":"ReadAction","target":["https:\/\/acefootball.com\/es\/noticias-de-futbol\/adriano-se-sincera-sobre-su-caida-en-desgracia-en-el-futbol\/"]}]},{"@type":"BreadcrumbList","@id":"https:\/\/acefootball.com\/es\/noticias-de-futbol\/adriano-se-sincera-sobre-su-caida-en-desgracia-en-el-futbol\/#breadcrumb","itemListElement":[{"@type":"ListItem","position":1,"name":"Home","item":"https:\/\/acefootball.com\/es\/"},{"@type":"ListItem","position":2,"name":"Adriano se sincera sobre su ca\u00edda en desgracia en el f\u00fatbol"}]},{"@type":"Person","@id":"","url":"https:\/\/acefootball.com\/es\/noticias-de-futbol\/author\/"}]}},"fimg_url":"https:\/\/acefootball.com\/es\/wp-content\/uploads\/2021\/05\/GettyImages-84447430.jpg","_links":{"self":[{"href":"https:\/\/acefootball.com\/es\/wp-json\/wp\/v2\/posts\/15563"}],"collection":[{"href":"https:\/\/acefootball.com\/es\/wp-json\/wp\/v2\/posts"}],"about":[{"href":"https:\/\/acefootball.com\/es\/wp-json\/wp\/v2\/types\/post"}],"author":[{"embeddable":true,"href":"https:\/\/acefootball.com\/es\/wp-json\/wp\/v2\/users\/1023"}],"replies":[{"embeddable":true,"href":"https:\/\/acefootball.com\/es\/wp-json\/wp\/v2\/comments?post=15563"}],"version-history":[{"count":0,"href":"https:\/\/acefootball.com\/es\/wp-json\/wp\/v2\/posts\/15563\/revisions"}],"wp:featuredmedia":[{"embeddable":true,"href":"https:\/\/acefootball.com\/es\/wp-json\/wp\/v2\/media\/-101101266180"}],"wp:attachment":[{"href":"https:\/\/acefootball.com\/es\/wp-json\/wp\/v2\/media?parent=15563"}],"wp:term":[{"taxonomy":"category","embeddable":true,"href":"https:\/\/acefootball.com\/es\/wp-json\/wp\/v2\/categories?post=15563"},{"taxonomy":"post_tag","embeddable":true,"href":"https:\/\/acefootball.com\/es\/wp-json\/wp\/v2\/tags?post=15563"}],"curies":[{"name":"wp","href":"https:\/\/api.w.org\/{rel}","templated":true}]}}