{"id":15345,"date":"2021-04-19T19:20:52","date_gmt":"2021-04-19T17:20:52","guid":{"rendered":"https:\/\/acefootball.com\/es\/?p=15345"},"modified":"2021-04-19T19:21:00","modified_gmt":"2021-04-19T17:21:00","slug":"tuchel-confia-en-que-el-chelsea-tome-la-decision-correcta","status":"publish","type":"post","link":"https:\/\/acefootball.com\/es\/noticias-de-futbol\/tuchel-confia-en-que-el-chelsea-tome-la-decision-correcta\/","title":{"rendered":"Tuchel conf\u00eda en que el Chelsea tome la decisi\u00f3n correcta"},"content":{"rendered":"\n<h2 id=\"h-thomas-tuchel-ha-respondido-a-las-conversaciones-sobre-la-superliga-europea-a-adiendo-que-conf-a-en-que-el-chelsea-tome-la-decisi-n-correcta\">Thomas Tuchel ha respondido a las conversaciones sobre la Superliga Europea, a\u00f1adiendo que conf\u00eda en que el Chelsea tome la decisi\u00f3n correcta.<\/h2>\n\n\n\n<p>Thomas Tuchel dice que conf\u00eda en que el Chelsea \u00abtome la decisi\u00f3n correcta\u00bb en lo que respecta a la Superliga Europea.<\/p>\n\n\n\n<p>Los Blues, junto con el resto de los \u00abseis grandes\u00bb de la Premier League, han optado por convertirse en miembro fundador.<\/p>\n\n\n\n<p>El anuncio ha provocado un gran revuelo entre los aficionados y los expertos, que lo califican de aventura para ganar dinero.<\/p>\n\n\n\n<p>El Chelsea juega ma\u00f1ana por la tarde contra el Brighton en la Premier League. En la rueda de prensa previa al partido, Tuchel fue preguntado por el Chelsea y su participaci\u00f3n en la SLE.<\/p>\n\n\n\n<p>Dijo a trav\u00e9s de\u00a0<em><a href=\"https:\/\/www.bbc.co.uk\/sport\/live\/football\/56797739https:\/\/www.bbc.co.uk\/sport\/live\/football\/56797739\" target=\"_blank\" rel=\"noreferrer noopener\">BBC Sport<\/a><\/em>: \u00abLo s\u00e9 desde ayer [domingo], pero estoy aqu\u00ed para estar en la competici\u00f3n m\u00e1s dura, es por lo que he venido, para jugar las competiciones m\u00e1s duras de Europa\u00bb.<\/p>\n\n\n\n<figure class=\"wp-block-embed is-type-rich is-provider-twitter wp-block-embed-twitter\"><div class=\"wp-block-embed__wrapper\">\n<blockquote class=\"twitter-tweet\" data-width=\"550\" data-dnt=\"true\"><p lang=\"en\" dir=\"ltr\">The Chelsea boss says it&#39;s too early to judge the European Super League.<\/p>&mdash; BBC Sport (@BBCSport) <a href=\"https:\/\/twitter.com\/BBCSport\/status\/1384150331055955972?ref_src=twsrc%5Etfw\">April 19, 2021<\/a><\/blockquote><script async src=\"https:\/\/platform.twitter.com\/widgets.js\" charset=\"utf-8\"><\/script>\n<\/div><\/figure>\n\n\n\n<p>\u00abComo sab\u00e9is, no me muevo por los temas que nos rodean. Esperaba hablar del Manchester City y del Brighton, pero no es el caso\u00bb.<\/p>\n\n\n\n<p>\u00abSoy parte de este club y conf\u00edo en \u00e9l para tomar las decisiones correctas. Creo que es demasiado pronto para juzgar todo y no es mi papel. En mi placa pone que cada uno tiene que desempe\u00f1ar su papel. Mi papel es entrenar, estar concentrado, y ma\u00f1ana tenemos otro partido\u00bb.<\/p>\n\n\n\n<p>Tambi\u00e9n se le pregunt\u00f3 a Tuchel si hablar\u00eda con sus jugadores sobre las propuestas. Dijo: \u00abQuiz\u00e1 s\u00ed, para ayudar a la situaci\u00f3n y que no nos afecte en nuestra preparaci\u00f3n. Los jugadores y yo confiamos en el club, somos empleados\u00bb.<\/p>\n\n\n\n<p>\u00abEs mejor que no nos metamos en la pol\u00edtica deportiva y en esta situaci\u00f3n. Est\u00e1 por encima de nuestras posibilidades\u00bb.<\/p>\n\n\n\n<p>Tuchel continu\u00f3: \u00abEs un tema importante, todo el mundo habla. Quiz\u00e1 sea imposible que los jugadores no se vean influenciados por ello, pero es demasiado pronto y hay muchas opiniones ah\u00ed fuera\u00bb.<\/p>\n\n\n\n<p>\u00abOjal\u00e1 podamos mantener la calma, influir en los jugadores para que no se distraigan, y ojal\u00e1 podamos llevar el rendimiento al partido de ma\u00f1ana\u00bb.<\/p>\n\n\n\n<p>\u00abNo est\u00e1 claro lo que supondr\u00e1 la SLE para la Champions League, aunque sus organizadores quieren que funcione junto a las ligas nacionales\u00bb.<\/p>\n\n\n\n<p>Por ahora, Tuchel y sus jugadores se centrar\u00e1n en conseguir un puesto entre los cuatro primeros y ganar t\u00edtulos. El s\u00e1bado alcanzaron la final de la FA Cup al vencer al Manchester City por<em><a href=\"https:\/\/acefootball.com\/football-news\/chelsea-1-0-manchester-city-fa-cup-player-ratings\/\" target=\"_blank\" rel=\"noreferrer noopener\">\u00a01-0<\/a><\/em>\u00a0en Wembley. Tambi\u00e9n se enfrentar\u00e1n al Real Madrid en la semifinal de la Champions League a finales de este mes.<\/p>\n","protected":false},"excerpt":{"rendered":"<p>Thomas Tuchel ha respondido a las conversaciones sobre la Superliga Europea, a\u00f1adiendo que conf\u00eda en que el Chelsea tome la decisi\u00f3n correcta. Thomas Tuchel dice que conf\u00eda en que el Chelsea \u00abtome la decisi\u00f3n correcta\u00bb en lo que respecta a la Superliga Europea. Los Blues, junto con el resto de los \u00abseis grandes\u00bb de la [&hellip;]<\/p>\n","protected":false},"author":1023,"featured_media":-101101263742,"comment_status":"closed","ping_status":"closed","sticky":false,"template":"","format":"standard","meta":{"om_disable_all_campaigns":false,"push_articles_ronaldo":{"active":false,"canonical":0,"publish":false},"force_updates":null},"categories":[1],"tags":[1365,2919],"enet_tags":{"team":["8455"],"player":["179347"],"sport_events":[]},"yoast_head":"<!-- This site is optimized with the Yoast SEO plugin v18.3 - https:\/\/yoast.com\/wordpress\/plugins\/seo\/ -->\n<title>Tuchel conf\u00eda en que el Chelsea tome la decisi\u00f3n correcta<\/title>\n<meta name=\"description\" content=\"Thomas Tuchel respondi\u00f3 a las conversaciones sobre la Superliga Europea, a\u00f1adiendo que conf\u00eda en que el Chelsea tome la decisi\u00f3n correcta.\" \/>\n<meta name=\"robots\" content=\"index, follow, max-snippet:-1, max-image-preview:large, max-video-preview:-1\" \/>\n<link rel=\"canonical\" href=\"https:\/\/acefootball.com\/es\/noticias-de-futbol\/tuchel-confia-en-que-el-chelsea-tome-la-decision-correcta\/\" \/>\n<meta property=\"og:locale\" content=\"es_ES\" \/>\n<meta property=\"og:type\" content=\"article\" \/>\n<meta property=\"og:title\" content=\"Tuchel conf\u00eda en que el Chelsea tome la decisi\u00f3n correcta\" \/>\n<meta property=\"og:description\" content=\"Thomas Tuchel respondi\u00f3 a las conversaciones sobre la Superliga Europea, a\u00f1adiendo que conf\u00eda en que el Chelsea tome la decisi\u00f3n correcta.\" \/>\n<meta property=\"og:url\" content=\"https:\/\/acefootball.com\/es\/noticias-de-futbol\/tuchel-confia-en-que-el-chelsea-tome-la-decision-correcta\/\" \/>\n<meta property=\"og:site_name\" content=\"Ace Football Espa\u00f1ol\" \/>\n<meta property=\"article:published_time\" content=\"2021-04-19T17:20:52+00:00\" \/>\n<meta property=\"article:modified_time\" content=\"2021-04-19T17:21:00+00:00\" \/>\n<meta property=\"og:image\" content=\"https:\/\/acefootball.com\/es\/wp-content\/uploads\/2021\/04\/GettyImages-1300885704.jpg\" \/>\n\t<meta property=\"og:image:width\" content=\"1024\" \/>\n\t<meta property=\"og:image:height\" content=\"683\" \/>\n<meta name=\"twitter:card\" content=\"summary_large_image\" \/>\n<meta name=\"twitter:image\" content=\"https:\/\/acefootball.com\/es\/wp-content\/uploads\/2021\/04\/GettyImages-1300885704.jpg\" \/>\n<meta name=\"twitter:label1\" content=\"Escrito por\" \/>\n\t<meta name=\"twitter:data1\" content=\"\" \/>\n\t<meta name=\"twitter:label2\" content=\"Tiempo de lectura\" \/>\n\t<meta name=\"twitter:data2\" content=\"2 minutos\" \/>\n<script type=\"application\/ld+json\" class=\"yoast-schema-graph\">{\"@context\":\"https:\/\/schema.org\",\"@graph\":[{\"@type\":\"WebSite\",\"@id\":\"https:\/\/acefootball.com\/es\/#website\",\"url\":\"https:\/\/acefootball.com\/es\/\",\"name\":\"Ace Football Espa\u00f1ol\",\"description\":\"News, Betting and Livescore\",\"potentialAction\":[{\"@type\":\"SearchAction\",\"target\":{\"@type\":\"EntryPoint\",\"urlTemplate\":\"https:\/\/acefootball.com\/es\/?s={search_term_string}\"},\"query-input\":\"required name=search_term_string\"}],\"inLanguage\":\"es\"},{\"@type\":\"ImageObject\",\"@id\":\"https:\/\/acefootball.com\/es\/noticias-de-futbol\/tuchel-confia-en-que-el-chelsea-tome-la-decision-correcta\/#primaryimage\",\"inLanguage\":\"es\",\"url\":\"\",\"contentUrl\":\"\"},{\"@type\":\"WebPage\",\"@id\":\"https:\/\/acefootball.com\/es\/noticias-de-futbol\/tuchel-confia-en-que-el-chelsea-tome-la-decision-correcta\/#webpage\",\"url\":\"https:\/\/acefootball.com\/es\/noticias-de-futbol\/tuchel-confia-en-que-el-chelsea-tome-la-decision-correcta\/\",\"name\":\"Tuchel conf\u00eda en que el Chelsea tome la decisi\u00f3n correcta\",\"isPartOf\":{\"@id\":\"https:\/\/acefootball.com\/es\/#website\"},\"primaryImageOfPage\":{\"@id\":\"https:\/\/acefootball.com\/es\/noticias-de-futbol\/tuchel-confia-en-que-el-chelsea-tome-la-decision-correcta\/#primaryimage\"},\"datePublished\":\"2021-04-19T17:20:52+00:00\",\"dateModified\":\"2021-04-19T17:21:00+00:00\",\"author\":{\"@id\":\"\"},\"description\":\"Thomas Tuchel respondi\u00f3 a las conversaciones sobre la Superliga Europea, a\u00f1adiendo que conf\u00eda en que el Chelsea tome la decisi\u00f3n correcta.\",\"breadcrumb\":{\"@id\":\"https:\/\/acefootball.com\/es\/noticias-de-futbol\/tuchel-confia-en-que-el-chelsea-tome-la-decision-correcta\/#breadcrumb\"},\"inLanguage\":\"es\",\"potentialAction\":[{\"@type\":\"ReadAction\",\"target\":[\"https:\/\/acefootball.com\/es\/noticias-de-futbol\/tuchel-confia-en-que-el-chelsea-tome-la-decision-correcta\/\"]}]},{\"@type\":\"BreadcrumbList\",\"@id\":\"https:\/\/acefootball.com\/es\/noticias-de-futbol\/tuchel-confia-en-que-el-chelsea-tome-la-decision-correcta\/#breadcrumb\",\"itemListElement\":[{\"@type\":\"ListItem\",\"position\":1,\"name\":\"Home\",\"item\":\"https:\/\/acefootball.com\/es\/\"},{\"@type\":\"ListItem\",\"position\":2,\"name\":\"Tuchel conf\u00eda en que el Chelsea tome la decisi\u00f3n correcta\"}]},{\"@type\":\"Person\",\"@id\":\"\",\"url\":\"https:\/\/acefootball.com\/es\/noticias-de-futbol\/author\/\"}]}<\/script>\n<!-- \/ Yoast SEO plugin. -->","yoast_head_json":{"title":"Tuchel conf\u00eda en que el Chelsea tome la decisi\u00f3n correcta","description":"Thomas Tuchel respondi\u00f3 a las conversaciones sobre la Superliga Europea, a\u00f1adiendo que conf\u00eda en que el Chelsea tome la decisi\u00f3n correcta.","robots":{"index":"index","follow":"follow","max-snippet":"max-snippet:-1","max-image-preview":"max-image-preview:large","max-video-preview":"max-video-preview:-1"},"canonical":"https:\/\/acefootball.com\/es\/noticias-de-futbol\/tuchel-confia-en-que-el-chelsea-tome-la-decision-correcta\/","og_locale":"es_ES","og_type":"article","og_title":"Tuchel conf\u00eda en que el Chelsea tome la decisi\u00f3n correcta","og_description":"Thomas Tuchel respondi\u00f3 a las conversaciones sobre la Superliga Europea, a\u00f1adiendo que conf\u00eda en que el Chelsea tome la decisi\u00f3n correcta.","og_url":"https:\/\/acefootball.com\/es\/noticias-de-futbol\/tuchel-confia-en-que-el-chelsea-tome-la-decision-correcta\/","og_site_name":"Ace Football Espa\u00f1ol","article_published_time":"2021-04-19T17:20:52+00:00","article_modified_time":"2021-04-19T17:21:00+00:00","og_image":[{"url":"https:\/\/acefootball.com\/es\/wp-content\/uploads\/2021\/04\/GettyImages-1300885704.jpg","height":683,"width":1024}],"twitter_card":"summary_large_image","twitter_image":"https:\/\/acefootball.com\/es\/wp-content\/uploads\/2021\/04\/GettyImages-1300885704.jpg","twitter_misc":{"Escrito por":"","Tiempo de lectura":"2 minutos"},"schema":{"@context":"https:\/\/schema.org","@graph":[{"@type":"WebSite","@id":"https:\/\/acefootball.com\/es\/#website","url":"https:\/\/acefootball.com\/es\/","name":"Ace Football Espa\u00f1ol","description":"News, Betting and Livescore","potentialAction":[{"@type":"SearchAction","target":{"@type":"EntryPoint","urlTemplate":"https:\/\/acefootball.com\/es\/?s={search_term_string}"},"query-input":"required name=search_term_string"}],"inLanguage":"es"},{"@type":"ImageObject","@id":"https:\/\/acefootball.com\/es\/noticias-de-futbol\/tuchel-confia-en-que-el-chelsea-tome-la-decision-correcta\/#primaryimage","inLanguage":"es","url":"","contentUrl":""},{"@type":"WebPage","@id":"https:\/\/acefootball.com\/es\/noticias-de-futbol\/tuchel-confia-en-que-el-chelsea-tome-la-decision-correcta\/#webpage","url":"https:\/\/acefootball.com\/es\/noticias-de-futbol\/tuchel-confia-en-que-el-chelsea-tome-la-decision-correcta\/","name":"Tuchel conf\u00eda en que el Chelsea tome la decisi\u00f3n correcta","isPartOf":{"@id":"https:\/\/acefootball.com\/es\/#website"},"primaryImageOfPage":{"@id":"https:\/\/acefootball.com\/es\/noticias-de-futbol\/tuchel-confia-en-que-el-chelsea-tome-la-decision-correcta\/#primaryimage"},"datePublished":"2021-04-19T17:20:52+00:00","dateModified":"2021-04-19T17:21:00+00:00","author":{"@id":""},"description":"Thomas Tuchel respondi\u00f3 a las conversaciones sobre la Superliga Europea, a\u00f1adiendo que conf\u00eda en que el Chelsea tome la decisi\u00f3n correcta.","breadcrumb":{"@id":"https:\/\/acefootball.com\/es\/noticias-de-futbol\/tuchel-confia-en-que-el-chelsea-tome-la-decision-correcta\/#breadcrumb"},"inLanguage":"es","potentialAction":[{"@type":"ReadAction","target":["https:\/\/acefootball.com\/es\/noticias-de-futbol\/tuchel-confia-en-que-el-chelsea-tome-la-decision-correcta\/"]}]},{"@type":"BreadcrumbList","@id":"https:\/\/acefootball.com\/es\/noticias-de-futbol\/tuchel-confia-en-que-el-chelsea-tome-la-decision-correcta\/#breadcrumb","itemListElement":[{"@type":"ListItem","position":1,"name":"Home","item":"https:\/\/acefootball.com\/es\/"},{"@type":"ListItem","position":2,"name":"Tuchel conf\u00eda en que el Chelsea tome la decisi\u00f3n correcta"}]},{"@type":"Person","@id":"","url":"https:\/\/acefootball.com\/es\/noticias-de-futbol\/author\/"}]}},"fimg_url":"https:\/\/acefootball.com\/es\/wp-content\/uploads\/2021\/04\/GettyImages-1300885704.jpg","_links":{"self":[{"href":"https:\/\/acefootball.com\/es\/wp-json\/wp\/v2\/posts\/15345"}],"collection":[{"href":"https:\/\/acefootball.com\/es\/wp-json\/wp\/v2\/posts"}],"about":[{"href":"https:\/\/acefootball.com\/es\/wp-json\/wp\/v2\/types\/post"}],"author":[{"embeddable":true,"href":"https:\/\/acefootball.com\/es\/wp-json\/wp\/v2\/users\/1023"}],"replies":[{"embeddable":true,"href":"https:\/\/acefootball.com\/es\/wp-json\/wp\/v2\/comments?post=15345"}],"version-history":[{"count":0,"href":"https:\/\/acefootball.com\/es\/wp-json\/wp\/v2\/posts\/15345\/revisions"}],"wp:featuredmedia":[{"embeddable":true,"href":"https:\/\/acefootball.com\/es\/wp-json\/wp\/v2\/media\/-101101263742"}],"wp:attachment":[{"href":"https:\/\/acefootball.com\/es\/wp-json\/wp\/v2\/media?parent=15345"}],"wp:term":[{"taxonomy":"category","embeddable":true,"href":"https:\/\/acefootball.com\/es\/wp-json\/wp\/v2\/categories?post=15345"},{"taxonomy":"post_tag","embeddable":true,"href":"https:\/\/acefootball.com\/es\/wp-json\/wp\/v2\/tags?post=15345"}],"curies":[{"name":"wp","href":"https:\/\/api.w.org\/{rel}","templated":true}]}}