{"id":15339,"date":"2021-04-16T23:55:34","date_gmt":"2021-04-16T21:55:34","guid":{"rendered":"https:\/\/acefootball.com\/es\/?p=15339"},"modified":"2021-04-16T23:55:35","modified_gmt":"2021-04-16T21:55:35","slug":"mourinho-reacciona-a-la-lesion-de-tobillo-de-harry-kane-contra-el-everton","status":"publish","type":"post","link":"https:\/\/acefootball.com\/es\/noticias-de-futbol\/mourinho-reacciona-a-la-lesion-de-tobillo-de-harry-kane-contra-el-everton\/","title":{"rendered":"Mourinho reacciona a la lesi\u00f3n de tobillo de Harry Kane contra el Everton"},"content":{"rendered":"\n<h2 id=\"h-tras-abandonar-el-terreno-de-juego-con-evidente-dolor-harry-kane-tuvo-una-sincera-reacci-n-de-jos-mourinho-justo-despu-s-del-empate-ante-el-everton\">Tras abandonar el terreno de juego con evidente dolor, Harry Kane tuvo una sincera reacci\u00f3n de Jos\u00e9 Mourinho justo despu\u00e9s del empate ante el Everton.<\/h2>\n\n\n\n<p>Jos\u00e9 Mourinho est\u00e1 tan preocupado como nosotros por la <em><a href=\"https:\/\/acefootball.com\/es\/noticias-de-futbol\/harry-kane-completa-otra-noche-de-record-contra-el-everton\/\">\u00faltima lesi\u00f3n<\/a><\/em> de Harry Kane, que acaba de volver a lesionarse el tobillo. Hist\u00f3ricamente, el internacional ingl\u00e9s ha sufrido de tobillos d\u00e9biles y ha tenido mala suerte con esta parte de sus piernas. Los futbolistas necesitan unos tobillos sanos para poder jugar al m\u00e1ximo de sus posibilidades. Lo que m\u00e1s preocupa a Mourinho es, ante todo, el bienestar de Harry Kane.<\/p>\n\n\n\n<p>Sin embargo, mentir\u00eda si no aceptara que no tener a su mejor jugador en la final de la Carabao Cup ser\u00eda un golpe devastador para el Tottenham. Durante los pr\u00f3ximos nueve d\u00edas, la estrella tendr\u00e1 que descansar y tratar de recuperarse a tiempo para llegar al crucial partido. Afortunadamente, Kane abandon\u00f3 el terreno de juego por su propio pie. Eso es se\u00f1al de un esguince evidente, pero no de una fractura o algo a\u00fan peor. Nuevas pruebas nos dir\u00e1n el alcance de la lesi\u00f3n de Kane y determinar\u00e1n el tiempo que tardar\u00e1 en recuperarse.<\/p>\n\n\n\n<figure class=\"wp-block-image\"><a href=\"https:\/\/t.co\/TN4k2t6u3I\"><img  title=\"Mourinho reacciona a la lesi\u00f3n de tobillo de Harry Kane contra el Everton\"src=\"https:\/\/s.w.org\/images\/core\/emoji\/13.0.1\/svg\/1f5e3.svg\" alt=\"\ud83d\udde3\" \/><\/a><\/figure>\n\n\n\n<h3 id=\"h-mourinho-quiere-seguir-siendo-paciente\">Mourinho quiere seguir siendo paciente.<\/h3>\n\n\n\n<p>Justo despu\u00e9s del partido, <em><a href=\"https:\/\/www.skysports.com\/football\" target=\"_blank\" rel=\"noreferrer noopener\">Sky Sports<\/a><\/em>\u00a0obtuvo la siguiente opini\u00f3n de Mourinho sobre la lesi\u00f3n de Kane y su rendimiento: \u00abCreo que es demasiado pronto para decir algo. Que abandone el terreno de juego con 2-2 a falta de un par de minutos demuestra que ha sentido algo, pero d\u00e9jenme ser optimista y creer que tiene tiempo para recuperarse, vamos a ver. Perm\u00edtanme ser optimista y creer que no es nada grave.<\/p>\n\n\n\n<p>\u00abEs obvio que es un jugador muy importante para nosotros. Es m\u00e1s que evidente. No puedo decir mucho ni especular. Gran remate y es el tipo de jugador que cuando ves el primer toque, ese control, como en el primer gol con el bal\u00f3n botando estamos acostumbrados a verlo en los entrenamientos. Es un remate fant\u00e1stico. Dos goles preciosos y no es una sorpresa para los que le ven hacer eso d\u00eda tras d\u00eda en los entrenamientos\u00bb.<\/p>\n","protected":false},"excerpt":{"rendered":"<p>Tras abandonar el terreno de juego con evidente dolor, Harry Kane tuvo una sincera reacci\u00f3n de Jos\u00e9 Mourinho justo despu\u00e9s del empate ante el Everton. Jos\u00e9 Mourinho est\u00e1 tan preocupado como nosotros por la \u00faltima lesi\u00f3n de Harry Kane, que acaba de volver a lesionarse el tobillo. Hist\u00f3ricamente, el internacional ingl\u00e9s ha sufrido de tobillos [&hellip;]<\/p>\n","protected":false},"author":1023,"featured_media":-101101263491,"comment_status":"closed","ping_status":"closed","sticky":false,"template":"","format":"standard","meta":{"om_disable_all_campaigns":false,"push_articles_ronaldo":{"active":false,"canonical":0,"publish":false},"force_updates":null},"categories":[73],"tags":[405,1330,297],"enet_tags":{"player":["194165","78719"],"team":["8586"],"sport_events":[]},"yoast_head":"<!-- This site is optimized with the Yoast SEO plugin v18.3 - https:\/\/yoast.com\/wordpress\/plugins\/seo\/ -->\n<title>Mourinho reacciona a la lesi\u00f3n de tobillo de Harry Kane contra el Everton<\/title>\n<meta name=\"description\" content=\"Tras abandonar la cancha con evidente dolor, Harry Kane tuvo una sincera reacci\u00f3n de Jos\u00e9 Mourinho justo despu\u00e9s del empate ante el Everton.\" \/>\n<meta name=\"robots\" content=\"index, follow, max-snippet:-1, max-image-preview:large, max-video-preview:-1\" \/>\n<link rel=\"canonical\" href=\"https:\/\/acefootball.com\/es\/noticias-de-futbol\/mourinho-reacciona-a-la-lesion-de-tobillo-de-harry-kane-contra-el-everton\/\" \/>\n<meta property=\"og:locale\" content=\"es_ES\" \/>\n<meta property=\"og:type\" content=\"article\" \/>\n<meta property=\"og:title\" content=\"Mourinho reacciona a la lesi\u00f3n de tobillo de Harry Kane contra el Everton\" \/>\n<meta property=\"og:description\" content=\"Tras abandonar la cancha con evidente dolor, Harry Kane tuvo una sincera reacci\u00f3n de Jos\u00e9 Mourinho justo despu\u00e9s del empate ante el Everton.\" \/>\n<meta property=\"og:url\" content=\"https:\/\/acefootball.com\/es\/noticias-de-futbol\/mourinho-reacciona-a-la-lesion-de-tobillo-de-harry-kane-contra-el-everton\/\" \/>\n<meta property=\"og:site_name\" content=\"Ace Football Espa\u00f1ol\" \/>\n<meta property=\"article:published_time\" content=\"2021-04-16T21:55:34+00:00\" \/>\n<meta property=\"article:modified_time\" content=\"2021-04-16T21:55:35+00:00\" \/>\n<meta property=\"og:image\" content=\"https:\/\/acefootball.com\/es\/wp-content\/uploads\/2021\/04\/GettyImages-1312862397.jpg\" \/>\n\t<meta property=\"og:image:width\" content=\"1024\" \/>\n\t<meta property=\"og:image:height\" content=\"719\" \/>\n<meta name=\"twitter:card\" content=\"summary_large_image\" \/>\n<meta name=\"twitter:image\" content=\"https:\/\/acefootball.com\/es\/wp-content\/uploads\/2021\/04\/GettyImages-1312862397.jpg\" \/>\n<meta name=\"twitter:label1\" content=\"Escrito por\" \/>\n\t<meta name=\"twitter:data1\" content=\"\" \/>\n\t<meta name=\"twitter:label2\" content=\"Tiempo de lectura\" \/>\n\t<meta name=\"twitter:data2\" content=\"2 minutos\" \/>\n<script type=\"application\/ld+json\" class=\"yoast-schema-graph\">{\"@context\":\"https:\/\/schema.org\",\"@graph\":[{\"@type\":\"WebSite\",\"@id\":\"https:\/\/acefootball.com\/es\/#website\",\"url\":\"https:\/\/acefootball.com\/es\/\",\"name\":\"Ace Football Espa\u00f1ol\",\"description\":\"News, Betting and Livescore\",\"potentialAction\":[{\"@type\":\"SearchAction\",\"target\":{\"@type\":\"EntryPoint\",\"urlTemplate\":\"https:\/\/acefootball.com\/es\/?s={search_term_string}\"},\"query-input\":\"required name=search_term_string\"}],\"inLanguage\":\"es\"},{\"@type\":\"ImageObject\",\"@id\":\"https:\/\/acefootball.com\/es\/noticias-de-futbol\/mourinho-reacciona-a-la-lesion-de-tobillo-de-harry-kane-contra-el-everton\/#primaryimage\",\"inLanguage\":\"es\",\"url\":\"\",\"contentUrl\":\"\"},{\"@type\":\"WebPage\",\"@id\":\"https:\/\/acefootball.com\/es\/noticias-de-futbol\/mourinho-reacciona-a-la-lesion-de-tobillo-de-harry-kane-contra-el-everton\/#webpage\",\"url\":\"https:\/\/acefootball.com\/es\/noticias-de-futbol\/mourinho-reacciona-a-la-lesion-de-tobillo-de-harry-kane-contra-el-everton\/\",\"name\":\"Mourinho reacciona a la lesi\u00f3n de tobillo de Harry Kane contra el Everton\",\"isPartOf\":{\"@id\":\"https:\/\/acefootball.com\/es\/#website\"},\"primaryImageOfPage\":{\"@id\":\"https:\/\/acefootball.com\/es\/noticias-de-futbol\/mourinho-reacciona-a-la-lesion-de-tobillo-de-harry-kane-contra-el-everton\/#primaryimage\"},\"datePublished\":\"2021-04-16T21:55:34+00:00\",\"dateModified\":\"2021-04-16T21:55:35+00:00\",\"author\":{\"@id\":\"\"},\"description\":\"Tras abandonar la cancha con evidente dolor, Harry Kane tuvo una sincera reacci\u00f3n de Jos\u00e9 Mourinho justo despu\u00e9s del empate ante el Everton.\",\"breadcrumb\":{\"@id\":\"https:\/\/acefootball.com\/es\/noticias-de-futbol\/mourinho-reacciona-a-la-lesion-de-tobillo-de-harry-kane-contra-el-everton\/#breadcrumb\"},\"inLanguage\":\"es\",\"potentialAction\":[{\"@type\":\"ReadAction\",\"target\":[\"https:\/\/acefootball.com\/es\/noticias-de-futbol\/mourinho-reacciona-a-la-lesion-de-tobillo-de-harry-kane-contra-el-everton\/\"]}]},{\"@type\":\"BreadcrumbList\",\"@id\":\"https:\/\/acefootball.com\/es\/noticias-de-futbol\/mourinho-reacciona-a-la-lesion-de-tobillo-de-harry-kane-contra-el-everton\/#breadcrumb\",\"itemListElement\":[{\"@type\":\"ListItem\",\"position\":1,\"name\":\"Home\",\"item\":\"https:\/\/acefootball.com\/es\/\"},{\"@type\":\"ListItem\",\"position\":2,\"name\":\"Mourinho reacciona a la lesi\u00f3n de tobillo de Harry Kane contra el Everton\"}]},{\"@type\":\"Person\",\"@id\":\"\",\"url\":\"https:\/\/acefootball.com\/es\/noticias-de-futbol\/author\/\"}]}<\/script>\n<!-- \/ Yoast SEO plugin. -->","yoast_head_json":{"title":"Mourinho reacciona a la lesi\u00f3n de tobillo de Harry Kane contra el Everton","description":"Tras abandonar la cancha con evidente dolor, Harry Kane tuvo una sincera reacci\u00f3n de Jos\u00e9 Mourinho justo despu\u00e9s del empate ante el Everton.","robots":{"index":"index","follow":"follow","max-snippet":"max-snippet:-1","max-image-preview":"max-image-preview:large","max-video-preview":"max-video-preview:-1"},"canonical":"https:\/\/acefootball.com\/es\/noticias-de-futbol\/mourinho-reacciona-a-la-lesion-de-tobillo-de-harry-kane-contra-el-everton\/","og_locale":"es_ES","og_type":"article","og_title":"Mourinho reacciona a la lesi\u00f3n de tobillo de Harry Kane contra el Everton","og_description":"Tras abandonar la cancha con evidente dolor, Harry Kane tuvo una sincera reacci\u00f3n de Jos\u00e9 Mourinho justo despu\u00e9s del empate ante el Everton.","og_url":"https:\/\/acefootball.com\/es\/noticias-de-futbol\/mourinho-reacciona-a-la-lesion-de-tobillo-de-harry-kane-contra-el-everton\/","og_site_name":"Ace Football Espa\u00f1ol","article_published_time":"2021-04-16T21:55:34+00:00","article_modified_time":"2021-04-16T21:55:35+00:00","og_image":[{"url":"https:\/\/acefootball.com\/es\/wp-content\/uploads\/2021\/04\/GettyImages-1312862397.jpg","height":719,"width":1024}],"twitter_card":"summary_large_image","twitter_image":"https:\/\/acefootball.com\/es\/wp-content\/uploads\/2021\/04\/GettyImages-1312862397.jpg","twitter_misc":{"Escrito por":"","Tiempo de lectura":"2 minutos"},"schema":{"@context":"https:\/\/schema.org","@graph":[{"@type":"WebSite","@id":"https:\/\/acefootball.com\/es\/#website","url":"https:\/\/acefootball.com\/es\/","name":"Ace Football Espa\u00f1ol","description":"News, Betting and Livescore","potentialAction":[{"@type":"SearchAction","target":{"@type":"EntryPoint","urlTemplate":"https:\/\/acefootball.com\/es\/?s={search_term_string}"},"query-input":"required name=search_term_string"}],"inLanguage":"es"},{"@type":"ImageObject","@id":"https:\/\/acefootball.com\/es\/noticias-de-futbol\/mourinho-reacciona-a-la-lesion-de-tobillo-de-harry-kane-contra-el-everton\/#primaryimage","inLanguage":"es","url":"","contentUrl":""},{"@type":"WebPage","@id":"https:\/\/acefootball.com\/es\/noticias-de-futbol\/mourinho-reacciona-a-la-lesion-de-tobillo-de-harry-kane-contra-el-everton\/#webpage","url":"https:\/\/acefootball.com\/es\/noticias-de-futbol\/mourinho-reacciona-a-la-lesion-de-tobillo-de-harry-kane-contra-el-everton\/","name":"Mourinho reacciona a la lesi\u00f3n de tobillo de Harry Kane contra el Everton","isPartOf":{"@id":"https:\/\/acefootball.com\/es\/#website"},"primaryImageOfPage":{"@id":"https:\/\/acefootball.com\/es\/noticias-de-futbol\/mourinho-reacciona-a-la-lesion-de-tobillo-de-harry-kane-contra-el-everton\/#primaryimage"},"datePublished":"2021-04-16T21:55:34+00:00","dateModified":"2021-04-16T21:55:35+00:00","author":{"@id":""},"description":"Tras abandonar la cancha con evidente dolor, Harry Kane tuvo una sincera reacci\u00f3n de Jos\u00e9 Mourinho justo despu\u00e9s del empate ante el Everton.","breadcrumb":{"@id":"https:\/\/acefootball.com\/es\/noticias-de-futbol\/mourinho-reacciona-a-la-lesion-de-tobillo-de-harry-kane-contra-el-everton\/#breadcrumb"},"inLanguage":"es","potentialAction":[{"@type":"ReadAction","target":["https:\/\/acefootball.com\/es\/noticias-de-futbol\/mourinho-reacciona-a-la-lesion-de-tobillo-de-harry-kane-contra-el-everton\/"]}]},{"@type":"BreadcrumbList","@id":"https:\/\/acefootball.com\/es\/noticias-de-futbol\/mourinho-reacciona-a-la-lesion-de-tobillo-de-harry-kane-contra-el-everton\/#breadcrumb","itemListElement":[{"@type":"ListItem","position":1,"name":"Home","item":"https:\/\/acefootball.com\/es\/"},{"@type":"ListItem","position":2,"name":"Mourinho reacciona a la lesi\u00f3n de tobillo de Harry Kane contra el Everton"}]},{"@type":"Person","@id":"","url":"https:\/\/acefootball.com\/es\/noticias-de-futbol\/author\/"}]}},"fimg_url":"https:\/\/acefootball.com\/es\/wp-content\/uploads\/2021\/04\/GettyImages-1312862397.jpg","_links":{"self":[{"href":"https:\/\/acefootball.com\/es\/wp-json\/wp\/v2\/posts\/15339"}],"collection":[{"href":"https:\/\/acefootball.com\/es\/wp-json\/wp\/v2\/posts"}],"about":[{"href":"https:\/\/acefootball.com\/es\/wp-json\/wp\/v2\/types\/post"}],"author":[{"embeddable":true,"href":"https:\/\/acefootball.com\/es\/wp-json\/wp\/v2\/users\/1023"}],"replies":[{"embeddable":true,"href":"https:\/\/acefootball.com\/es\/wp-json\/wp\/v2\/comments?post=15339"}],"version-history":[{"count":0,"href":"https:\/\/acefootball.com\/es\/wp-json\/wp\/v2\/posts\/15339\/revisions"}],"wp:featuredmedia":[{"embeddable":true,"href":"https:\/\/acefootball.com\/es\/wp-json\/wp\/v2\/media\/-101101263491"}],"wp:attachment":[{"href":"https:\/\/acefootball.com\/es\/wp-json\/wp\/v2\/media?parent=15339"}],"wp:term":[{"taxonomy":"category","embeddable":true,"href":"https:\/\/acefootball.com\/es\/wp-json\/wp\/v2\/categories?post=15339"},{"taxonomy":"post_tag","embeddable":true,"href":"https:\/\/acefootball.com\/es\/wp-json\/wp\/v2\/tags?post=15339"}],"curies":[{"name":"wp","href":"https:\/\/api.w.org\/{rel}","templated":true}]}}