{"id":15308,"date":"2021-04-16T09:59:09","date_gmt":"2021-04-16T07:59:09","guid":{"rendered":"https:\/\/acefootball.com\/es\/?p=15308"},"modified":"2021-04-16T09:59:10","modified_gmt":"2021-04-16T07:59:10","slug":"unai-emery-habla-del-reencuentro-con-el-arsenal-en-la-europa-league","status":"publish","type":"post","link":"https:\/\/acefootball.com\/es\/noticias-de-futbol\/unai-emery-habla-del-reencuentro-con-el-arsenal-en-la-europa-league\/","title":{"rendered":"Unai Emery habla del reencuentro con el Arsenal en la Europa League"},"content":{"rendered":"\n<h2 id=\"h-el-antiguo-entrenador-del-arsenal-se-enfrentar-a-su-sustituto-mikel-arteta-en-la-semifinal-de-la-europa-league-con-el-villarreal\">El antiguo entrenador del Arsenal se enfrentar\u00e1 a su sustituto, Mikel Arteta, en la semifinal de la Europa League con el Villarreal. <\/h2>\n\n\n\n<p>Unai Emery ha restado importancia a su historia con el Arsenal, ya que su principal objetivo es llevar al Villarreal a su primera gran final europea.<\/p>\n\n\n\n<p>El espa\u00f1ol se enfrenta ahora a su antiguo club en las semifinales de la Europa League despu\u00e9s de que el Villarreal se impusiera por <em><a href=\"https:\/\/acefootball.com\/es\/partido\/3557704\">2-1<\/a><\/em> al Dinamo de Zagreb el jueves, asegurando un triunfo por 3-1 en el global de los cuartos de final.<\/p>\n\n\n\n<p>El conjunto espa\u00f1ol ha llegado cuatro veces a las semifinales de una gran competici\u00f3n europea en la UEFA Champions, la Copa de la UEFA y la Europa League desde 2004.<\/p>\n\n\n\n<p>Pero fueron eliminados en las tres semifinales, incluyendo la de la Champions League de 2006 contra el Arsenal.<\/p>\n\n\n\n<figure class=\"wp-block-embed is-type-rich is-provider-twitter wp-block-embed-twitter\"><div class=\"wp-block-embed__wrapper\">\n<blockquote class=\"twitter-tweet\" data-width=\"550\" data-dnt=\"true\"><p lang=\"es\" dir=\"ltr\">\u00bfOtra vez t\u00fa \ud83d\ude06?<a href=\"https:\/\/twitter.com\/hashtag\/UEL?src=hash&amp;ref_src=twsrc%5Etfw\">#UEL<\/a> <a href=\"https:\/\/t.co\/qgMWjuYppI\">pic.twitter.com\/qgMWjuYppI<\/a><\/p>&mdash; Villarreal CF (@VillarrealCF) <a href=\"https:\/\/twitter.com\/VillarrealCF\/status\/1382807378320576518?ref_src=twsrc%5Etfw\">April 15, 2021<\/a><\/blockquote><script async src=\"https:\/\/platform.twitter.com\/widgets.js\" charset=\"utf-8\"><\/script>\n<\/div><\/figure>\n\n\n\n<p>\u00abEstamos contentos. Era un reto, pero la trayectoria en Europa League est\u00e1 siendo muy seria y cada vez respondemos a nivel m\u00e1s alto\u00bb, dijo Emery. [<em><a href=\"https:\/\/www.marca.com\/futbol\/villarreal\/2021\/04\/15\/6078adfd268e3e051b8b4617.html\" target=\"_blank\" rel=\"noreferrer noopener\">Marca<\/a><\/em>]<\/p>\n\n\n\n<p>\u00abHemos llevado el partido d\u00f3nde nos encontramos m\u00e1s c\u00f3modos. Le hemos desactivado tanto aqu\u00ed como en Zagreb\u00bb.<\/p>\n\n\n\n<p>Emery lider\u00f3 al Sevilla a tres t\u00edtulos de la Europa League consecutivos entre 2013 y 2016. En su primera temporada con el Arsenal, llev\u00f3 al club a la final en la 2018\/19 antes de que le despidieran en noviembre de 2019. <\/p>\n\n\n\n<p>As\u00ed, mientras que su reencuentro con el Arsenal en las semifinales probablemente dominar\u00e1 los titulares, Emery se centra en el Villarreal y en un cuarto t\u00edtulo de la Europa League.<\/p>\n\n\n\n<figure class=\"wp-block-embed is-type-rich is-provider-twitter wp-block-embed-twitter\"><div class=\"wp-block-embed__wrapper\">\n<blockquote class=\"twitter-tweet\" data-width=\"550\" data-dnt=\"true\"><p lang=\"en\" dir=\"ltr\">Unai Emery won the Europa League three times.<br><br>Then he took Arsenal to the Europa League final.<br><br>Then he was sacked by the Gunners after a Europa League game.<br><br>Of course he\u2019ll now face his former team with his new club, Villarreal\u2026 in the Europa League. <a href=\"https:\/\/t.co\/sh8chAy1Xm\">pic.twitter.com\/sh8chAy1Xm<\/a><\/p>&mdash; B\/R Football (@brfootball) <a href=\"https:\/\/twitter.com\/brfootball\/status\/1382801966842122241?ref_src=twsrc%5Etfw\">April 15, 2021<\/a><\/blockquote><script async src=\"https:\/\/platform.twitter.com\/widgets.js\" charset=\"utf-8\"><\/script>\n<\/div><\/figure>\n\n\n\n<p>\u00abEs un reto, algo que ya ha hecho el Villarreal\u00bb, continu\u00f3 diciendo.<\/p>\n\n\n\n<p>\u00abRomper la barrera de las semifinales es el gran reto.\u00a0La idea de llegar a la Champions por Europa League es muy importante para los rivales\u00bb.<\/p>\n\n\n\n<p>\u00abEsta competici\u00f3n cada vez es m\u00e1s importante. Cuando firm\u00e9 aqu\u00ed esto era un proceso m\u00e1s. Hay que vivir cada momento. Estamos recibiendo la ilusi\u00f3n de la gente. La ilusi\u00f3n aumenta\u00bb.<\/p>\n\n\n\n<p>\u00abMi pasado en el Arsenal es menos importante\u00bb.<\/p>\n\n\n\n<p>El partido de ida entre el Villarreal y el Arsenal se jugar\u00e1 el 29 de abril antes de que los dos clubes se enfrenten una semana despu\u00e9s el 6 de mayo en el partido de vuelta. <\/p>\n\n\n\n<p>La final contra el Manchester United o el AS Roma se jugar\u00e1 el 26 de mayo.<\/p>\n\n\n\n<figure class=\"wp-block-embed is-type-wp-embed is-provider-ace-football-espanol wp-block-embed-ace-football-espanol\"><div class=\"wp-block-embed__wrapper\">\n<blockquote class=\"wp-embedded-content\" data-secret=\"XL5iVwFfEg\"><a href=\"https:\/\/acefootball.com\/es\/noticias-de-futbol\/arteta-felicita-a-sus-jugadores-tras-el-partido-contra-el-salvia-de-praga\/\">Arteta felicita a sus jugadores tras el partido contra el Salvia de Praga<\/a><\/blockquote><iframe class=\"wp-embedded-content\" sandbox=\"allow-scripts\" security=\"restricted\" style=\"position: absolute; clip: rect(1px, 1px, 1px, 1px);\" title=\"\u00abArteta felicita a sus jugadores tras el partido contra el Salvia de Praga\u00bb \u2014 Ace Football Espa\u00f1ol\" src=\"https:\/\/acefootball.com\/es\/noticias-de-futbol\/arteta-felicita-a-sus-jugadores-tras-el-partido-contra-el-salvia-de-praga\/embed\/#?secret=XL5iVwFfEg\" data-secret=\"XL5iVwFfEg\" width=\"600\" height=\"338\" frameborder=\"0\" marginwidth=\"0\" marginheight=\"0\" scrolling=\"no\"><\/iframe>\n<\/div><\/figure>\n","protected":false},"excerpt":{"rendered":"<p>El antiguo entrenador del Arsenal se enfrentar\u00e1 a su sustituto, Mikel Arteta, en la semifinal de la Europa League con el Villarreal. <\/p>\n","protected":false},"author":1022,"featured_media":-101101263394,"comment_status":"open","ping_status":"closed","sticky":false,"template":"","format":"standard","meta":{"om_disable_all_campaigns":false,"push_articles_ronaldo":{"active":false,"canonical":0,"publish":false},"force_updates":null},"categories":[1],"tags":[520,83,1963],"enet_tags":{"team":["9825"],"league":["73"],"sport_events":[]},"yoast_head":"<!-- This site is optimized with the Yoast SEO plugin v18.3 - https:\/\/yoast.com\/wordpress\/plugins\/seo\/ -->\n<title>Unai Emery habla del reencuentro con el Arsenal en la Europa League<\/title>\n<meta name=\"description\" content=\"El antiguo entrenador del Arsenal se enfrentar\u00e1 a su sustituto, Mikel Arteta, en la semifinal de la Europa League con el Villarreal.\" \/>\n<meta name=\"robots\" content=\"index, follow, max-snippet:-1, max-image-preview:large, max-video-preview:-1\" \/>\n<link rel=\"canonical\" href=\"https:\/\/acefootball.com\/es\/noticias-de-futbol\/unai-emery-habla-del-reencuentro-con-el-arsenal-en-la-europa-league\/\" \/>\n<meta property=\"og:locale\" content=\"es_ES\" \/>\n<meta property=\"og:type\" content=\"article\" \/>\n<meta property=\"og:title\" content=\"Unai Emery habla del reencuentro con el Arsenal en la Europa League\" \/>\n<meta property=\"og:description\" content=\"El antiguo entrenador del Arsenal se enfrentar\u00e1 a su sustituto, Mikel Arteta, en la semifinal de la Europa League con el Villarreal.\" \/>\n<meta property=\"og:url\" content=\"https:\/\/acefootball.com\/es\/noticias-de-futbol\/unai-emery-habla-del-reencuentro-con-el-arsenal-en-la-europa-league\/\" \/>\n<meta property=\"og:site_name\" content=\"Ace Football Espa\u00f1ol\" \/>\n<meta property=\"article:published_time\" content=\"2021-04-16T07:59:09+00:00\" \/>\n<meta property=\"article:modified_time\" content=\"2021-04-16T07:59:10+00:00\" \/>\n<meta property=\"og:image\" content=\"https:\/\/acefootball.com\/es\/wp-content\/uploads\/2021\/04\/GettyImages-111976467-1312691707..jpg\" \/>\n\t<meta property=\"og:image:width\" content=\"1920\" \/>\n\t<meta property=\"og:image:height\" content=\"1262\" \/>\n<meta name=\"twitter:card\" content=\"summary_large_image\" \/>\n<meta name=\"twitter:image\" content=\"https:\/\/acefootball.com\/es\/wp-content\/uploads\/2021\/04\/GettyImages-111976467-1312691707..jpg\" \/>\n<meta name=\"twitter:label1\" content=\"Escrito por\" \/>\n\t<meta name=\"twitter:data1\" content=\"\" \/>\n\t<meta name=\"twitter:label2\" content=\"Tiempo de lectura\" \/>\n\t<meta name=\"twitter:data2\" content=\"2 minutos\" \/>\n<script type=\"application\/ld+json\" class=\"yoast-schema-graph\">{\"@context\":\"https:\/\/schema.org\",\"@graph\":[{\"@type\":\"WebSite\",\"@id\":\"https:\/\/acefootball.com\/es\/#website\",\"url\":\"https:\/\/acefootball.com\/es\/\",\"name\":\"Ace Football Espa\u00f1ol\",\"description\":\"News, Betting and Livescore\",\"potentialAction\":[{\"@type\":\"SearchAction\",\"target\":{\"@type\":\"EntryPoint\",\"urlTemplate\":\"https:\/\/acefootball.com\/es\/?s={search_term_string}\"},\"query-input\":\"required name=search_term_string\"}],\"inLanguage\":\"es\"},{\"@type\":\"ImageObject\",\"@id\":\"https:\/\/acefootball.com\/es\/noticias-de-futbol\/unai-emery-habla-del-reencuentro-con-el-arsenal-en-la-europa-league\/#primaryimage\",\"inLanguage\":\"es\",\"url\":\"https:\/\/acefootball.com\/es\/wp-content\/uploads\/2021\/04\/GettyImages-111976467-1312691707..jpg\",\"contentUrl\":\"https:\/\/acefootball.com\/es\/wp-content\/uploads\/2021\/04\/GettyImages-111976467-1312691707..jpg\"},{\"@type\":\"WebPage\",\"@id\":\"https:\/\/acefootball.com\/es\/noticias-de-futbol\/unai-emery-habla-del-reencuentro-con-el-arsenal-en-la-europa-league\/#webpage\",\"url\":\"https:\/\/acefootball.com\/es\/noticias-de-futbol\/unai-emery-habla-del-reencuentro-con-el-arsenal-en-la-europa-league\/\",\"name\":\"Unai Emery habla del reencuentro con el Arsenal en la Europa League\",\"isPartOf\":{\"@id\":\"https:\/\/acefootball.com\/es\/#website\"},\"primaryImageOfPage\":{\"@id\":\"https:\/\/acefootball.com\/es\/noticias-de-futbol\/unai-emery-habla-del-reencuentro-con-el-arsenal-en-la-europa-league\/#primaryimage\"},\"datePublished\":\"2021-04-16T07:59:09+00:00\",\"dateModified\":\"2021-04-16T07:59:10+00:00\",\"author\":{\"@id\":\"\"},\"description\":\"El antiguo entrenador del Arsenal se enfrentar\u00e1 a su sustituto, Mikel Arteta, en la semifinal de la Europa League con el Villarreal.\",\"breadcrumb\":{\"@id\":\"https:\/\/acefootball.com\/es\/noticias-de-futbol\/unai-emery-habla-del-reencuentro-con-el-arsenal-en-la-europa-league\/#breadcrumb\"},\"inLanguage\":\"es\",\"potentialAction\":[{\"@type\":\"ReadAction\",\"target\":[\"https:\/\/acefootball.com\/es\/noticias-de-futbol\/unai-emery-habla-del-reencuentro-con-el-arsenal-en-la-europa-league\/\"]}]},{\"@type\":\"BreadcrumbList\",\"@id\":\"https:\/\/acefootball.com\/es\/noticias-de-futbol\/unai-emery-habla-del-reencuentro-con-el-arsenal-en-la-europa-league\/#breadcrumb\",\"itemListElement\":[{\"@type\":\"ListItem\",\"position\":1,\"name\":\"Home\",\"item\":\"https:\/\/acefootball.com\/es\/\"},{\"@type\":\"ListItem\",\"position\":2,\"name\":\"Unai Emery habla del reencuentro con el Arsenal en la Europa League\"}]},{\"@type\":\"Person\",\"@id\":\"\",\"url\":\"https:\/\/acefootball.com\/es\/noticias-de-futbol\/author\/\"}]}<\/script>\n<!-- \/ Yoast SEO plugin. -->","yoast_head_json":{"title":"Unai Emery habla del reencuentro con el Arsenal en la Europa League","description":"El antiguo entrenador del Arsenal se enfrentar\u00e1 a su sustituto, Mikel Arteta, en la semifinal de la Europa League con el Villarreal.","robots":{"index":"index","follow":"follow","max-snippet":"max-snippet:-1","max-image-preview":"max-image-preview:large","max-video-preview":"max-video-preview:-1"},"canonical":"https:\/\/acefootball.com\/es\/noticias-de-futbol\/unai-emery-habla-del-reencuentro-con-el-arsenal-en-la-europa-league\/","og_locale":"es_ES","og_type":"article","og_title":"Unai Emery habla del reencuentro con el Arsenal en la Europa League","og_description":"El antiguo entrenador del Arsenal se enfrentar\u00e1 a su sustituto, Mikel Arteta, en la semifinal de la Europa League con el Villarreal.","og_url":"https:\/\/acefootball.com\/es\/noticias-de-futbol\/unai-emery-habla-del-reencuentro-con-el-arsenal-en-la-europa-league\/","og_site_name":"Ace Football Espa\u00f1ol","article_published_time":"2021-04-16T07:59:09+00:00","article_modified_time":"2021-04-16T07:59:10+00:00","og_image":[{"url":"https:\/\/acefootball.com\/es\/wp-content\/uploads\/2021\/04\/GettyImages-111976467-1312691707..jpg","height":1262,"width":1920}],"twitter_card":"summary_large_image","twitter_image":"https:\/\/acefootball.com\/es\/wp-content\/uploads\/2021\/04\/GettyImages-111976467-1312691707..jpg","twitter_misc":{"Escrito por":"","Tiempo de lectura":"2 minutos"},"schema":{"@context":"https:\/\/schema.org","@graph":[{"@type":"WebSite","@id":"https:\/\/acefootball.com\/es\/#website","url":"https:\/\/acefootball.com\/es\/","name":"Ace Football Espa\u00f1ol","description":"News, Betting and Livescore","potentialAction":[{"@type":"SearchAction","target":{"@type":"EntryPoint","urlTemplate":"https:\/\/acefootball.com\/es\/?s={search_term_string}"},"query-input":"required name=search_term_string"}],"inLanguage":"es"},{"@type":"ImageObject","@id":"https:\/\/acefootball.com\/es\/noticias-de-futbol\/unai-emery-habla-del-reencuentro-con-el-arsenal-en-la-europa-league\/#primaryimage","inLanguage":"es","url":"https:\/\/acefootball.com\/es\/wp-content\/uploads\/2021\/04\/GettyImages-111976467-1312691707..jpg","contentUrl":"https:\/\/acefootball.com\/es\/wp-content\/uploads\/2021\/04\/GettyImages-111976467-1312691707..jpg"},{"@type":"WebPage","@id":"https:\/\/acefootball.com\/es\/noticias-de-futbol\/unai-emery-habla-del-reencuentro-con-el-arsenal-en-la-europa-league\/#webpage","url":"https:\/\/acefootball.com\/es\/noticias-de-futbol\/unai-emery-habla-del-reencuentro-con-el-arsenal-en-la-europa-league\/","name":"Unai Emery habla del reencuentro con el Arsenal en la Europa League","isPartOf":{"@id":"https:\/\/acefootball.com\/es\/#website"},"primaryImageOfPage":{"@id":"https:\/\/acefootball.com\/es\/noticias-de-futbol\/unai-emery-habla-del-reencuentro-con-el-arsenal-en-la-europa-league\/#primaryimage"},"datePublished":"2021-04-16T07:59:09+00:00","dateModified":"2021-04-16T07:59:10+00:00","author":{"@id":""},"description":"El antiguo entrenador del Arsenal se enfrentar\u00e1 a su sustituto, Mikel Arteta, en la semifinal de la Europa League con el Villarreal.","breadcrumb":{"@id":"https:\/\/acefootball.com\/es\/noticias-de-futbol\/unai-emery-habla-del-reencuentro-con-el-arsenal-en-la-europa-league\/#breadcrumb"},"inLanguage":"es","potentialAction":[{"@type":"ReadAction","target":["https:\/\/acefootball.com\/es\/noticias-de-futbol\/unai-emery-habla-del-reencuentro-con-el-arsenal-en-la-europa-league\/"]}]},{"@type":"BreadcrumbList","@id":"https:\/\/acefootball.com\/es\/noticias-de-futbol\/unai-emery-habla-del-reencuentro-con-el-arsenal-en-la-europa-league\/#breadcrumb","itemListElement":[{"@type":"ListItem","position":1,"name":"Home","item":"https:\/\/acefootball.com\/es\/"},{"@type":"ListItem","position":2,"name":"Unai Emery habla del reencuentro con el Arsenal en la Europa League"}]},{"@type":"Person","@id":"","url":"https:\/\/acefootball.com\/es\/noticias-de-futbol\/author\/"}]}},"fimg_url":"https:\/\/acefootball.com\/es\/wp-content\/uploads\/2021\/04\/GettyImages-111976467-1312691707..jpg","_links":{"self":[{"href":"https:\/\/acefootball.com\/es\/wp-json\/wp\/v2\/posts\/15308"}],"collection":[{"href":"https:\/\/acefootball.com\/es\/wp-json\/wp\/v2\/posts"}],"about":[{"href":"https:\/\/acefootball.com\/es\/wp-json\/wp\/v2\/types\/post"}],"author":[{"embeddable":true,"href":"https:\/\/acefootball.com\/es\/wp-json\/wp\/v2\/users\/1022"}],"replies":[{"embeddable":true,"href":"https:\/\/acefootball.com\/es\/wp-json\/wp\/v2\/comments?post=15308"}],"version-history":[{"count":0,"href":"https:\/\/acefootball.com\/es\/wp-json\/wp\/v2\/posts\/15308\/revisions"}],"wp:featuredmedia":[{"embeddable":true,"href":"https:\/\/acefootball.com\/es\/wp-json\/wp\/v2\/media\/-101101263394"}],"wp:attachment":[{"href":"https:\/\/acefootball.com\/es\/wp-json\/wp\/v2\/media?parent=15308"}],"wp:term":[{"taxonomy":"category","embeddable":true,"href":"https:\/\/acefootball.com\/es\/wp-json\/wp\/v2\/categories?post=15308"},{"taxonomy":"post_tag","embeddable":true,"href":"https:\/\/acefootball.com\/es\/wp-json\/wp\/v2\/tags?post=15308"}],"curies":[{"name":"wp","href":"https:\/\/api.w.org\/{rel}","templated":true}]}}