{"id":15149,"date":"2021-04-12T12:05:35","date_gmt":"2021-04-12T10:05:35","guid":{"rendered":"https:\/\/acefootball.com\/es\/?p=15149"},"modified":"2021-04-12T12:05:36","modified_gmt":"2021-04-12T10:05:36","slug":"buenas-noticias-para-el-arsenal-sobre-martinelli","status":"publish","type":"post","link":"https:\/\/acefootball.com\/es\/noticias-de-futbol\/buenas-noticias-para-el-arsenal-sobre-martinelli\/","title":{"rendered":"Buenas noticias para el Arsenal sobre Martinelli"},"content":{"rendered":"\n<h2 id=\"h-el-brasile-o-regres-al-campo-recientemente-tras-una-lesi-n-y-se-tem-a-que-tuviera-que-volver-a-estar-de-baja\">El brasile\u00f1o regres\u00f3 al campo recientemente tras una lesi\u00f3n y se tem\u00eda que tuviera que volver a estar de baja.<\/h2>\n\n\n\n<p>Gabriel Martinelli ha calmado los temores sobre su nueva lesi\u00f3n al declarar que est\u00e1 \u00abbien para jugar\u00bb en el partido de la Europa League del Arsenal contra el Slavia de Praga a mediados de semana.<\/p>\n\n\n\n<p>Martinelli fue titular por primera vez con el Arsenal desde finales de enero en el partido de la Premier League contra el Sheffield United el domingo.<\/p>\n\n\n\n<p>El delantero puso fin a su sequ\u00eda goleadora de casi 15 meses y contribuy\u00f3 a la contundente victoria por <em><a href=\"https:\/\/acefootball.com\/football-news\/sheffield-united-0-3-arsenal-premier-league-player-ratings\/\">3-0<\/a><\/em> de su equipo en Bramall Lane.<\/p>\n\n\n\n<div class=\"wp-block-si-widget wp-block-si-widget--center\"><si-lb-widget widget-id=\"PlayerSeasonProfile\" width=\"100%\" data-player-id=\"1021586\" data-theme-appearance=\"dark\"><\/si-lb-widget><\/div>\n\n\n\n<p>En los \u00faltimos 10 minutos, Martinelli fue retirado tras recibir supuestamente un golpe en el tobillo. Su suplencia hizo temer que pudiera sufrir un nuevo rev\u00e9s, poco despu\u00e9s de su problema de rodilla de larga duraci\u00f3n, y que pudiera perderse el crucial partido de vuelta de los cuartos de final de la Europa League.<\/p>\n\n\n\n<p>\u00abNo, estoy bien para jugar el jueves\u00bb, dijo Martinelli en la <em><a href=\"https:\/\/www.arsenal.com\/news\/martinelli-im-tired-so-happy\" target=\"_blank\" rel=\"noreferrer noopener\">web del club<\/a><\/em>.<\/p>\n\n\n\n<p>\u00abEstoy un poco cansado pero contento con el gol e incluso m\u00e1s contento con la victoria y los tres puntos\u00bb.<\/p>\n\n\n\n<p>\u00abTrabajo todos los d\u00edas en los entrenamientos, tienes que prepararte porque cuando Arteta te necesita, necesitas estar ah\u00ed para jugar y demostrar que vales\u00bb.<\/p>\n\n\n\n<figure class=\"wp-block-embed is-type-wp-embed is-provider-ace-football-espanol wp-block-embed-ace-football-espanol\"><div class=\"wp-block-embed__wrapper\">\n<blockquote class=\"wp-embedded-content\" data-secret=\"3pynra5mwT\"><a href=\"https:\/\/acefootball.com\/es\/noticias-de-futbol\/arteta-confirma-el-final-de-la-temporada-para-uno-de-sus-jugadores\/\">Arteta confirma el final de la temporada para uno de sus jugadores<\/a><\/blockquote><iframe class=\"wp-embedded-content\" sandbox=\"allow-scripts\" security=\"restricted\" style=\"position: absolute; clip: rect(1px, 1px, 1px, 1px);\" title=\"\u00abArteta confirma el final de la temporada para uno de sus jugadores\u00bb \u2014 Ace Football Espa\u00f1ol\" src=\"https:\/\/acefootball.com\/es\/noticias-de-futbol\/arteta-confirma-el-final-de-la-temporada-para-uno-de-sus-jugadores\/embed\/#?secret=3pynra5mwT\" data-secret=\"3pynra5mwT\" width=\"600\" height=\"338\" frameborder=\"0\" marginwidth=\"0\" marginheight=\"0\" scrolling=\"no\"><\/iframe>\n<\/div><\/figure>\n","protected":false},"excerpt":{"rendered":"<p>El brasile\u00f1o regres\u00f3 al campo recientemente tras una lesi\u00f3n y se tem\u00eda que tuviera que volver a estar de baja.<\/p>\n","protected":false},"author":1022,"featured_media":-101101262870,"comment_status":"open","ping_status":"closed","sticky":false,"template":"","format":"standard","meta":{"om_disable_all_campaigns":false,"push_articles_ronaldo":{"active":false,"canonical":0,"publish":false},"force_updates":null},"categories":[1],"tags":[520,6962],"enet_tags":{"team":["9825"],"player":["1021586"],"sport_events":[]},"yoast_head":"<!-- This site is optimized with the Yoast SEO plugin v18.3 - https:\/\/yoast.com\/wordpress\/plugins\/seo\/ -->\n<title>Buenas noticias para el Arsenal sobre Martinelli<\/title>\n<meta name=\"description\" content=\"El brasile\u00f1o regres\u00f3 al campo recientemente tras una lesi\u00f3n y se tem\u00eda que tuviera que volver a estar de baja.\" \/>\n<meta name=\"robots\" content=\"index, follow, max-snippet:-1, max-image-preview:large, max-video-preview:-1\" \/>\n<link rel=\"canonical\" href=\"https:\/\/acefootball.com\/es\/noticias-de-futbol\/buenas-noticias-para-el-arsenal-sobre-martinelli\/\" \/>\n<meta property=\"og:locale\" content=\"es_ES\" \/>\n<meta property=\"og:type\" content=\"article\" \/>\n<meta property=\"og:title\" content=\"Buenas noticias para el Arsenal sobre Martinelli\" \/>\n<meta property=\"og:description\" content=\"El brasile\u00f1o regres\u00f3 al campo recientemente tras una lesi\u00f3n y se tem\u00eda que tuviera que volver a estar de baja.\" \/>\n<meta property=\"og:url\" content=\"https:\/\/acefootball.com\/es\/noticias-de-futbol\/buenas-noticias-para-el-arsenal-sobre-martinelli\/\" \/>\n<meta property=\"og:site_name\" content=\"Ace Football Espa\u00f1ol\" \/>\n<meta property=\"article:published_time\" content=\"2021-04-12T10:05:35+00:00\" \/>\n<meta property=\"article:modified_time\" content=\"2021-04-12T10:05:36+00:00\" \/>\n<meta property=\"og:image\" content=\"https:\/\/acefootball.com\/es\/wp-content\/uploads\/2021\/04\/1290169812.jpg\" \/>\n\t<meta property=\"og:image:width\" content=\"1920\" \/>\n\t<meta property=\"og:image:height\" content=\"1262\" \/>\n<meta name=\"twitter:card\" content=\"summary_large_image\" \/>\n<meta name=\"twitter:image\" content=\"https:\/\/acefootball.com\/es\/wp-content\/uploads\/2021\/04\/1290169812.jpg\" \/>\n<meta name=\"twitter:label1\" content=\"Escrito por\" \/>\n\t<meta name=\"twitter:data1\" content=\"\" \/>\n\t<meta name=\"twitter:label2\" content=\"Tiempo de lectura\" \/>\n\t<meta name=\"twitter:data2\" content=\"1 minuto\" \/>\n<script type=\"application\/ld+json\" class=\"yoast-schema-graph\">{\"@context\":\"https:\/\/schema.org\",\"@graph\":[{\"@type\":\"WebSite\",\"@id\":\"https:\/\/acefootball.com\/es\/#website\",\"url\":\"https:\/\/acefootball.com\/es\/\",\"name\":\"Ace Football Espa\u00f1ol\",\"description\":\"News, Betting and Livescore\",\"potentialAction\":[{\"@type\":\"SearchAction\",\"target\":{\"@type\":\"EntryPoint\",\"urlTemplate\":\"https:\/\/acefootball.com\/es\/?s={search_term_string}\"},\"query-input\":\"required name=search_term_string\"}],\"inLanguage\":\"es\"},{\"@type\":\"ImageObject\",\"@id\":\"https:\/\/acefootball.com\/es\/noticias-de-futbol\/buenas-noticias-para-el-arsenal-sobre-martinelli\/#primaryimage\",\"inLanguage\":\"es\",\"url\":\"https:\/\/acefootball.com\/es\/wp-content\/uploads\/2021\/04\/1290169812.jpg\",\"contentUrl\":\"https:\/\/acefootball.com\/es\/wp-content\/uploads\/2021\/04\/1290169812.jpg\"},{\"@type\":\"WebPage\",\"@id\":\"https:\/\/acefootball.com\/es\/noticias-de-futbol\/buenas-noticias-para-el-arsenal-sobre-martinelli\/#webpage\",\"url\":\"https:\/\/acefootball.com\/es\/noticias-de-futbol\/buenas-noticias-para-el-arsenal-sobre-martinelli\/\",\"name\":\"Buenas noticias para el Arsenal sobre Martinelli\",\"isPartOf\":{\"@id\":\"https:\/\/acefootball.com\/es\/#website\"},\"primaryImageOfPage\":{\"@id\":\"https:\/\/acefootball.com\/es\/noticias-de-futbol\/buenas-noticias-para-el-arsenal-sobre-martinelli\/#primaryimage\"},\"datePublished\":\"2021-04-12T10:05:35+00:00\",\"dateModified\":\"2021-04-12T10:05:36+00:00\",\"author\":{\"@id\":\"\"},\"description\":\"El brasile\u00f1o regres\u00f3 al campo recientemente tras una lesi\u00f3n y se tem\u00eda que tuviera que volver a estar de baja.\",\"breadcrumb\":{\"@id\":\"https:\/\/acefootball.com\/es\/noticias-de-futbol\/buenas-noticias-para-el-arsenal-sobre-martinelli\/#breadcrumb\"},\"inLanguage\":\"es\",\"potentialAction\":[{\"@type\":\"ReadAction\",\"target\":[\"https:\/\/acefootball.com\/es\/noticias-de-futbol\/buenas-noticias-para-el-arsenal-sobre-martinelli\/\"]}]},{\"@type\":\"BreadcrumbList\",\"@id\":\"https:\/\/acefootball.com\/es\/noticias-de-futbol\/buenas-noticias-para-el-arsenal-sobre-martinelli\/#breadcrumb\",\"itemListElement\":[{\"@type\":\"ListItem\",\"position\":1,\"name\":\"Home\",\"item\":\"https:\/\/acefootball.com\/es\/\"},{\"@type\":\"ListItem\",\"position\":2,\"name\":\"Buenas noticias para el Arsenal sobre Martinelli\"}]},{\"@type\":\"Person\",\"@id\":\"\",\"url\":\"https:\/\/acefootball.com\/es\/noticias-de-futbol\/author\/\"}]}<\/script>\n<!-- \/ Yoast SEO plugin. -->","yoast_head_json":{"title":"Buenas noticias para el Arsenal sobre Martinelli","description":"El brasile\u00f1o regres\u00f3 al campo recientemente tras una lesi\u00f3n y se tem\u00eda que tuviera que volver a estar de baja.","robots":{"index":"index","follow":"follow","max-snippet":"max-snippet:-1","max-image-preview":"max-image-preview:large","max-video-preview":"max-video-preview:-1"},"canonical":"https:\/\/acefootball.com\/es\/noticias-de-futbol\/buenas-noticias-para-el-arsenal-sobre-martinelli\/","og_locale":"es_ES","og_type":"article","og_title":"Buenas noticias para el Arsenal sobre Martinelli","og_description":"El brasile\u00f1o regres\u00f3 al campo recientemente tras una lesi\u00f3n y se tem\u00eda que tuviera que volver a estar de baja.","og_url":"https:\/\/acefootball.com\/es\/noticias-de-futbol\/buenas-noticias-para-el-arsenal-sobre-martinelli\/","og_site_name":"Ace Football Espa\u00f1ol","article_published_time":"2021-04-12T10:05:35+00:00","article_modified_time":"2021-04-12T10:05:36+00:00","og_image":[{"url":"https:\/\/acefootball.com\/es\/wp-content\/uploads\/2021\/04\/1290169812.jpg","height":1262,"width":1920}],"twitter_card":"summary_large_image","twitter_image":"https:\/\/acefootball.com\/es\/wp-content\/uploads\/2021\/04\/1290169812.jpg","twitter_misc":{"Escrito por":"","Tiempo de lectura":"1 minuto"},"schema":{"@context":"https:\/\/schema.org","@graph":[{"@type":"WebSite","@id":"https:\/\/acefootball.com\/es\/#website","url":"https:\/\/acefootball.com\/es\/","name":"Ace Football Espa\u00f1ol","description":"News, Betting and Livescore","potentialAction":[{"@type":"SearchAction","target":{"@type":"EntryPoint","urlTemplate":"https:\/\/acefootball.com\/es\/?s={search_term_string}"},"query-input":"required name=search_term_string"}],"inLanguage":"es"},{"@type":"ImageObject","@id":"https:\/\/acefootball.com\/es\/noticias-de-futbol\/buenas-noticias-para-el-arsenal-sobre-martinelli\/#primaryimage","inLanguage":"es","url":"https:\/\/acefootball.com\/es\/wp-content\/uploads\/2021\/04\/1290169812.jpg","contentUrl":"https:\/\/acefootball.com\/es\/wp-content\/uploads\/2021\/04\/1290169812.jpg"},{"@type":"WebPage","@id":"https:\/\/acefootball.com\/es\/noticias-de-futbol\/buenas-noticias-para-el-arsenal-sobre-martinelli\/#webpage","url":"https:\/\/acefootball.com\/es\/noticias-de-futbol\/buenas-noticias-para-el-arsenal-sobre-martinelli\/","name":"Buenas noticias para el Arsenal sobre Martinelli","isPartOf":{"@id":"https:\/\/acefootball.com\/es\/#website"},"primaryImageOfPage":{"@id":"https:\/\/acefootball.com\/es\/noticias-de-futbol\/buenas-noticias-para-el-arsenal-sobre-martinelli\/#primaryimage"},"datePublished":"2021-04-12T10:05:35+00:00","dateModified":"2021-04-12T10:05:36+00:00","author":{"@id":""},"description":"El brasile\u00f1o regres\u00f3 al campo recientemente tras una lesi\u00f3n y se tem\u00eda que tuviera que volver a estar de baja.","breadcrumb":{"@id":"https:\/\/acefootball.com\/es\/noticias-de-futbol\/buenas-noticias-para-el-arsenal-sobre-martinelli\/#breadcrumb"},"inLanguage":"es","potentialAction":[{"@type":"ReadAction","target":["https:\/\/acefootball.com\/es\/noticias-de-futbol\/buenas-noticias-para-el-arsenal-sobre-martinelli\/"]}]},{"@type":"BreadcrumbList","@id":"https:\/\/acefootball.com\/es\/noticias-de-futbol\/buenas-noticias-para-el-arsenal-sobre-martinelli\/#breadcrumb","itemListElement":[{"@type":"ListItem","position":1,"name":"Home","item":"https:\/\/acefootball.com\/es\/"},{"@type":"ListItem","position":2,"name":"Buenas noticias para el Arsenal sobre Martinelli"}]},{"@type":"Person","@id":"","url":"https:\/\/acefootball.com\/es\/noticias-de-futbol\/author\/"}]}},"fimg_url":"https:\/\/acefootball.com\/es\/wp-content\/uploads\/2021\/04\/1290169812.jpg","_links":{"self":[{"href":"https:\/\/acefootball.com\/es\/wp-json\/wp\/v2\/posts\/15149"}],"collection":[{"href":"https:\/\/acefootball.com\/es\/wp-json\/wp\/v2\/posts"}],"about":[{"href":"https:\/\/acefootball.com\/es\/wp-json\/wp\/v2\/types\/post"}],"author":[{"embeddable":true,"href":"https:\/\/acefootball.com\/es\/wp-json\/wp\/v2\/users\/1022"}],"replies":[{"embeddable":true,"href":"https:\/\/acefootball.com\/es\/wp-json\/wp\/v2\/comments?post=15149"}],"version-history":[{"count":0,"href":"https:\/\/acefootball.com\/es\/wp-json\/wp\/v2\/posts\/15149\/revisions"}],"wp:featuredmedia":[{"embeddable":true,"href":"https:\/\/acefootball.com\/es\/wp-json\/wp\/v2\/media\/-101101262870"}],"wp:attachment":[{"href":"https:\/\/acefootball.com\/es\/wp-json\/wp\/v2\/media?parent=15149"}],"wp:term":[{"taxonomy":"category","embeddable":true,"href":"https:\/\/acefootball.com\/es\/wp-json\/wp\/v2\/categories?post=15149"},{"taxonomy":"post_tag","embeddable":true,"href":"https:\/\/acefootball.com\/es\/wp-json\/wp\/v2\/tags?post=15149"}],"curies":[{"name":"wp","href":"https:\/\/api.w.org\/{rel}","templated":true}]}}