{"id":14976,"date":"2021-04-09T13:07:05","date_gmt":"2021-04-09T11:07:05","guid":{"rendered":"https:\/\/acefootball.com\/es\/?p=14976"},"modified":"2021-04-09T17:16:23","modified_gmt":"2021-04-09T15:16:23","slug":"el-aston-villa-sufre-un-importante-contratiempo-con-jack-grealish","status":"publish","type":"post","link":"https:\/\/acefootball.com\/es\/noticias-de-futbol\/el-aston-villa-sufre-un-importante-contratiempo-con-jack-grealish\/","title":{"rendered":"El Aston Villa sufre un importante contratiempo con Jack Grealish"},"content":{"rendered":"\n<h2 id=\"h-el-capit-n-del-aston-villa-jack-grealish-estar-de-baja-otras-dos-semanas-tras-sufrir-un-rev-s-en-su-regreso-a-la-competici-n\">El capit\u00e1n del Aston Villa, Jack Grealish, estar\u00e1 de baja otras dos semanas tras sufrir un rev\u00e9s en su regreso a la competici\u00f3n.<\/h2>\n\n\n\n<p>El centrocampista se ha perdido siete partidos de la Premier League por un problema en la espinilla, as\u00ed como los \u00faltimos partidos de clasificaci\u00f3n de Inglaterra para el Mundial.<\/p>\n\n\n\n<p>Sin embargo, el entrenador del Villa, Dean Smith, insiste en que la lesi\u00f3n de su capit\u00e1n no es un problema \u00aba largo plazo\u00bb.<\/p>\n\n\n\n<p>Grealish <em><a href=\"https:\/\/acefootball.com\/es\/noticias-de-futbol\/aston-villa-publica-una-actualizacion-positiva-de-la-lesion-de-jack-grealish\/\">se reincorpor\u00f3<\/a><\/em> recientemente a los entrenamientos y se esperaba que participara en el partido del domingo contra el Liverpool.<\/p>\n\n\n\n<figure class=\"wp-block-embed is-type-rich is-provider-twitter wp-block-embed-twitter\"><div class=\"wp-block-embed__wrapper\">\n<blockquote class=\"twitter-tweet\" data-width=\"550\" data-dnt=\"true\"><p lang=\"en\" dir=\"ltr\">Our captain, <a href=\"https:\/\/twitter.com\/JackGrealish?ref_src=twsrc%5Etfw\">@jackgrealish<\/a>, returned to first-team training at Bodymoor Heath on Monday. \ud83d\ude4c <a href=\"https:\/\/t.co\/bRmg7WyXci\">pic.twitter.com\/bRmg7WyXci<\/a><\/p>&mdash; Aston Villa (@AVFCOfficial) <a href=\"https:\/\/twitter.com\/AVFCOfficial\/status\/1376541962497626114?ref_src=twsrc%5Etfw\">March 29, 2021<\/a><\/blockquote><script async src=\"https:\/\/platform.twitter.com\/widgets.js\" charset=\"utf-8\"><\/script>\n<\/div><\/figure>\n\n\n\n<p>Sin embargo, el jugador de 25 a\u00f1os ha sufrido un rev\u00e9s durante el encuentro con el vigente campe\u00f3n y se encuentra de nuevo de baja.<\/p>\n\n\n\n<p>El entrenador del Villa dijo en la <em><a href=\"https:\/\/www.avfc.co.uk\/news\/2021\/april\/The-Presser-Smith-looks-ahead-to-Liverpool\/\" target=\"_blank\" rel=\"noreferrer noopener\">web del club<\/a><\/em>: \u00abJack sufri\u00f3 un contratiempo la semana pasada, y fuimos demasiado optimistas al intentar recuperarlo\u00bb.<\/p>\n\n\n\n<p>\u00abQuer\u00eda estar de vuelta para el partido del Tottenham y tratamos de presionarle para el partido del Fulham, pero ha sufrido un rev\u00e9s que le mantendr\u00e1 fuera unas cuantas semanas m\u00e1s. Tiene que descansar\u00bb.<\/p>\n\n\n\n<p>\u00abLa buena noticia es que no es una lesi\u00f3n de larga duraci\u00f3n. Est\u00e1 bastante tranquilo y sabemos que volver\u00e1 antes del final de la temporada. Es lo que es\u00bb.<\/p>\n\n\n\n<p>Esto hace mella en la b\u00fasqueda del Aston Villa de una plaza europea la pr\u00f3xima temporada. Para Grealish es un golpe importante, ya que esto podr\u00eda limitar ahora sus posibilidades de llegar a tiempo para formar parte de la plantilla de Gareth Southgate para la Eurocopa.<\/p>\n","protected":false},"excerpt":{"rendered":"<p>El capit\u00e1n del Aston Villa, Jack Grealish, estar\u00e1 de baja otras dos semanas tras sufrir un rev\u00e9s en su regreso a la competici\u00f3n.<\/p>\n","protected":false},"author":1022,"featured_media":-101101262585,"comment_status":"open","ping_status":"closed","sticky":false,"template":"","format":"standard","meta":{"om_disable_all_campaigns":false,"push_articles_ronaldo":{"active":false,"canonical":0,"publish":false},"force_updates":null},"categories":[1],"tags":[1903,1224,77],"enet_tags":{"team":["10252"],"player":["312765"],"league":["47"],"sport_events":[]},"yoast_head":"<!-- This site is optimized with the Yoast SEO plugin v18.3 - https:\/\/yoast.com\/wordpress\/plugins\/seo\/ -->\n<title>El Aston Villa sufre un importante contratiempo con Jack Grealish<\/title>\n<meta name=\"description\" content=\"El capit\u00e1n del Aston Villa, Jack Grealish, estar\u00e1 de baja otras dos semanas tras sufrir un rev\u00e9s en su regreso a la competici\u00f3n.\" \/>\n<meta name=\"robots\" content=\"index, follow, max-snippet:-1, max-image-preview:large, max-video-preview:-1\" \/>\n<link rel=\"canonical\" href=\"https:\/\/acefootball.com\/es\/noticias-de-futbol\/el-aston-villa-sufre-un-importante-contratiempo-con-jack-grealish\/\" \/>\n<meta property=\"og:locale\" content=\"es_ES\" \/>\n<meta property=\"og:type\" content=\"article\" \/>\n<meta property=\"og:title\" content=\"El Aston Villa sufre un importante contratiempo con Jack Grealish\" \/>\n<meta property=\"og:description\" content=\"El capit\u00e1n del Aston Villa, Jack Grealish, estar\u00e1 de baja otras dos semanas tras sufrir un rev\u00e9s en su regreso a la competici\u00f3n.\" \/>\n<meta property=\"og:url\" content=\"https:\/\/acefootball.com\/es\/noticias-de-futbol\/el-aston-villa-sufre-un-importante-contratiempo-con-jack-grealish\/\" \/>\n<meta property=\"og:site_name\" content=\"Ace Football Espa\u00f1ol\" \/>\n<meta property=\"article:published_time\" content=\"2021-04-09T11:07:05+00:00\" \/>\n<meta property=\"article:modified_time\" content=\"2021-04-09T15:16:23+00:00\" \/>\n<meta property=\"og:image\" content=\"https:\/\/acefootball.com\/es\/wp-content\/uploads\/2021\/04\/GettyImages-1294052547.jpg\" \/>\n\t<meta property=\"og:image:width\" content=\"1024\" \/>\n\t<meta property=\"og:image:height\" content=\"681\" \/>\n<meta name=\"twitter:card\" content=\"summary_large_image\" \/>\n<meta name=\"twitter:image\" content=\"https:\/\/acefootball.com\/es\/wp-content\/uploads\/2021\/04\/GettyImages-1294052547.jpg\" \/>\n<meta name=\"twitter:label1\" content=\"Escrito por\" \/>\n\t<meta name=\"twitter:data1\" content=\"\" \/>\n\t<meta name=\"twitter:label2\" content=\"Tiempo de lectura\" \/>\n\t<meta name=\"twitter:data2\" content=\"2 minutos\" \/>\n<script type=\"application\/ld+json\" class=\"yoast-schema-graph\">{\"@context\":\"https:\/\/schema.org\",\"@graph\":[{\"@type\":\"WebSite\",\"@id\":\"https:\/\/acefootball.com\/es\/#website\",\"url\":\"https:\/\/acefootball.com\/es\/\",\"name\":\"Ace Football Espa\u00f1ol\",\"description\":\"News, Betting and Livescore\",\"potentialAction\":[{\"@type\":\"SearchAction\",\"target\":{\"@type\":\"EntryPoint\",\"urlTemplate\":\"https:\/\/acefootball.com\/es\/?s={search_term_string}\"},\"query-input\":\"required name=search_term_string\"}],\"inLanguage\":\"es\"},{\"@type\":\"ImageObject\",\"@id\":\"https:\/\/acefootball.com\/es\/noticias-de-futbol\/el-aston-villa-sufre-un-importante-contratiempo-con-jack-grealish\/#primaryimage\",\"inLanguage\":\"es\",\"url\":\"https:\/\/acefootball.com\/es\/wp-content\/uploads\/2021\/04\/GettyImages-1294052547.jpg\",\"contentUrl\":\"https:\/\/acefootball.com\/es\/wp-content\/uploads\/2021\/04\/GettyImages-1294052547.jpg\"},{\"@type\":\"WebPage\",\"@id\":\"https:\/\/acefootball.com\/es\/noticias-de-futbol\/el-aston-villa-sufre-un-importante-contratiempo-con-jack-grealish\/#webpage\",\"url\":\"https:\/\/acefootball.com\/es\/noticias-de-futbol\/el-aston-villa-sufre-un-importante-contratiempo-con-jack-grealish\/\",\"name\":\"El Aston Villa sufre un importante contratiempo con Jack Grealish\",\"isPartOf\":{\"@id\":\"https:\/\/acefootball.com\/es\/#website\"},\"primaryImageOfPage\":{\"@id\":\"https:\/\/acefootball.com\/es\/noticias-de-futbol\/el-aston-villa-sufre-un-importante-contratiempo-con-jack-grealish\/#primaryimage\"},\"datePublished\":\"2021-04-09T11:07:05+00:00\",\"dateModified\":\"2021-04-09T15:16:23+00:00\",\"author\":{\"@id\":\"\"},\"description\":\"El capit\u00e1n del Aston Villa, Jack Grealish, estar\u00e1 de baja otras dos semanas tras sufrir un rev\u00e9s en su regreso a la competici\u00f3n.\",\"breadcrumb\":{\"@id\":\"https:\/\/acefootball.com\/es\/noticias-de-futbol\/el-aston-villa-sufre-un-importante-contratiempo-con-jack-grealish\/#breadcrumb\"},\"inLanguage\":\"es\",\"potentialAction\":[{\"@type\":\"ReadAction\",\"target\":[\"https:\/\/acefootball.com\/es\/noticias-de-futbol\/el-aston-villa-sufre-un-importante-contratiempo-con-jack-grealish\/\"]}]},{\"@type\":\"BreadcrumbList\",\"@id\":\"https:\/\/acefootball.com\/es\/noticias-de-futbol\/el-aston-villa-sufre-un-importante-contratiempo-con-jack-grealish\/#breadcrumb\",\"itemListElement\":[{\"@type\":\"ListItem\",\"position\":1,\"name\":\"Home\",\"item\":\"https:\/\/acefootball.com\/es\/\"},{\"@type\":\"ListItem\",\"position\":2,\"name\":\"El Aston Villa sufre un importante contratiempo con Jack Grealish\"}]},{\"@type\":\"Person\",\"@id\":\"\",\"url\":\"https:\/\/acefootball.com\/es\/noticias-de-futbol\/author\/\"}]}<\/script>\n<!-- \/ Yoast SEO plugin. -->","yoast_head_json":{"title":"El Aston Villa sufre un importante contratiempo con Jack Grealish","description":"El capit\u00e1n del Aston Villa, Jack Grealish, estar\u00e1 de baja otras dos semanas tras sufrir un rev\u00e9s en su regreso a la competici\u00f3n.","robots":{"index":"index","follow":"follow","max-snippet":"max-snippet:-1","max-image-preview":"max-image-preview:large","max-video-preview":"max-video-preview:-1"},"canonical":"https:\/\/acefootball.com\/es\/noticias-de-futbol\/el-aston-villa-sufre-un-importante-contratiempo-con-jack-grealish\/","og_locale":"es_ES","og_type":"article","og_title":"El Aston Villa sufre un importante contratiempo con Jack Grealish","og_description":"El capit\u00e1n del Aston Villa, Jack Grealish, estar\u00e1 de baja otras dos semanas tras sufrir un rev\u00e9s en su regreso a la competici\u00f3n.","og_url":"https:\/\/acefootball.com\/es\/noticias-de-futbol\/el-aston-villa-sufre-un-importante-contratiempo-con-jack-grealish\/","og_site_name":"Ace Football Espa\u00f1ol","article_published_time":"2021-04-09T11:07:05+00:00","article_modified_time":"2021-04-09T15:16:23+00:00","og_image":[{"url":"https:\/\/acefootball.com\/es\/wp-content\/uploads\/2021\/04\/GettyImages-1294052547.jpg","height":681,"width":1024}],"twitter_card":"summary_large_image","twitter_image":"https:\/\/acefootball.com\/es\/wp-content\/uploads\/2021\/04\/GettyImages-1294052547.jpg","twitter_misc":{"Escrito por":"","Tiempo de lectura":"2 minutos"},"schema":{"@context":"https:\/\/schema.org","@graph":[{"@type":"WebSite","@id":"https:\/\/acefootball.com\/es\/#website","url":"https:\/\/acefootball.com\/es\/","name":"Ace Football Espa\u00f1ol","description":"News, Betting and Livescore","potentialAction":[{"@type":"SearchAction","target":{"@type":"EntryPoint","urlTemplate":"https:\/\/acefootball.com\/es\/?s={search_term_string}"},"query-input":"required name=search_term_string"}],"inLanguage":"es"},{"@type":"ImageObject","@id":"https:\/\/acefootball.com\/es\/noticias-de-futbol\/el-aston-villa-sufre-un-importante-contratiempo-con-jack-grealish\/#primaryimage","inLanguage":"es","url":"https:\/\/acefootball.com\/es\/wp-content\/uploads\/2021\/04\/GettyImages-1294052547.jpg","contentUrl":"https:\/\/acefootball.com\/es\/wp-content\/uploads\/2021\/04\/GettyImages-1294052547.jpg"},{"@type":"WebPage","@id":"https:\/\/acefootball.com\/es\/noticias-de-futbol\/el-aston-villa-sufre-un-importante-contratiempo-con-jack-grealish\/#webpage","url":"https:\/\/acefootball.com\/es\/noticias-de-futbol\/el-aston-villa-sufre-un-importante-contratiempo-con-jack-grealish\/","name":"El Aston Villa sufre un importante contratiempo con Jack Grealish","isPartOf":{"@id":"https:\/\/acefootball.com\/es\/#website"},"primaryImageOfPage":{"@id":"https:\/\/acefootball.com\/es\/noticias-de-futbol\/el-aston-villa-sufre-un-importante-contratiempo-con-jack-grealish\/#primaryimage"},"datePublished":"2021-04-09T11:07:05+00:00","dateModified":"2021-04-09T15:16:23+00:00","author":{"@id":""},"description":"El capit\u00e1n del Aston Villa, Jack Grealish, estar\u00e1 de baja otras dos semanas tras sufrir un rev\u00e9s en su regreso a la competici\u00f3n.","breadcrumb":{"@id":"https:\/\/acefootball.com\/es\/noticias-de-futbol\/el-aston-villa-sufre-un-importante-contratiempo-con-jack-grealish\/#breadcrumb"},"inLanguage":"es","potentialAction":[{"@type":"ReadAction","target":["https:\/\/acefootball.com\/es\/noticias-de-futbol\/el-aston-villa-sufre-un-importante-contratiempo-con-jack-grealish\/"]}]},{"@type":"BreadcrumbList","@id":"https:\/\/acefootball.com\/es\/noticias-de-futbol\/el-aston-villa-sufre-un-importante-contratiempo-con-jack-grealish\/#breadcrumb","itemListElement":[{"@type":"ListItem","position":1,"name":"Home","item":"https:\/\/acefootball.com\/es\/"},{"@type":"ListItem","position":2,"name":"El Aston Villa sufre un importante contratiempo con Jack Grealish"}]},{"@type":"Person","@id":"","url":"https:\/\/acefootball.com\/es\/noticias-de-futbol\/author\/"}]}},"fimg_url":"https:\/\/acefootball.com\/es\/wp-content\/uploads\/2021\/04\/GettyImages-1294052547.jpg","_links":{"self":[{"href":"https:\/\/acefootball.com\/es\/wp-json\/wp\/v2\/posts\/14976"}],"collection":[{"href":"https:\/\/acefootball.com\/es\/wp-json\/wp\/v2\/posts"}],"about":[{"href":"https:\/\/acefootball.com\/es\/wp-json\/wp\/v2\/types\/post"}],"author":[{"embeddable":true,"href":"https:\/\/acefootball.com\/es\/wp-json\/wp\/v2\/users\/1022"}],"replies":[{"embeddable":true,"href":"https:\/\/acefootball.com\/es\/wp-json\/wp\/v2\/comments?post=14976"}],"version-history":[{"count":0,"href":"https:\/\/acefootball.com\/es\/wp-json\/wp\/v2\/posts\/14976\/revisions"}],"wp:featuredmedia":[{"embeddable":true,"href":"https:\/\/acefootball.com\/es\/wp-json\/wp\/v2\/media\/-101101262585"}],"wp:attachment":[{"href":"https:\/\/acefootball.com\/es\/wp-json\/wp\/v2\/media?parent=14976"}],"wp:term":[{"taxonomy":"category","embeddable":true,"href":"https:\/\/acefootball.com\/es\/wp-json\/wp\/v2\/categories?post=14976"},{"taxonomy":"post_tag","embeddable":true,"href":"https:\/\/acefootball.com\/es\/wp-json\/wp\/v2\/tags?post=14976"}],"curies":[{"name":"wp","href":"https:\/\/api.w.org\/{rel}","templated":true}]}}