{"id":14715,"date":"2021-04-05T19:43:56","date_gmt":"2021-04-05T17:43:56","guid":{"rendered":"https:\/\/acefootball.com\/es\/?p=14715"},"modified":"2021-04-05T19:44:30","modified_gmt":"2021-04-05T17:44:30","slug":"el-valencia-emite-un-comunicado-tras-el-racismo-de-mouctar-diakhaby","status":"publish","type":"post","link":"https:\/\/acefootball.com\/es\/noticias-de-futbol\/el-valencia-emite-un-comunicado-tras-el-racismo-de-mouctar-diakhaby\/","title":{"rendered":"El Valencia emite un comunicado tras el racismo de Mouctar Diakhaby"},"content":{"rendered":"\n<h2 id=\"h-el-valencia-ha-emitido-un-comunicado-en-el-que-insiste-en-que-defender-al-m-ximo-a-mouctar-diakhaby-tras-una-acusaci-n-de-abuso-racista\">El Valencia ha emitido un comunicado en el que insiste en que defender\u00e1 al m\u00e1ximo a Mouctar Diakhaby tras una acusaci\u00f3n de abuso racista.<\/h2>\n\n\n\n<p>El Valencia apoyar\u00e1 al m\u00e1ximo a Mouctar Diakhaby tras la denuncia de abusos racistas.<\/p>\n\n\n\n<p>El equipo de La Liga abandon\u00f3 el terreno de juego en se\u00f1al de protesta durante la victoria por 2-1 sobre el C\u00e1diz, despu\u00e9s de que Diakhaby reaccionara con furia tras un encuentro con el jugador del C\u00e1diz, Juan Cala.<\/p>\n\n\n\n<p>El jugador de 24 a\u00f1os dijo que hab\u00eda recibido un insulto racista.<\/p>\n\n\n\n<p>El Valencia abandon\u00f3 el terreno de juego antes de volver sin Diakhaby, que fue sustituido, ya que el capit\u00e1n del club, Jos\u00e9 Gay\u00e1, afirm\u00f3 que su equipo deb\u00eda reanudar el juego o arriesgarse a una deducci\u00f3n de puntos. La plantilla ya ha mostrado todo su <em><a href=\"https:\/\/acefootball.com\/es\/noticias-de-futbol\/todos-contigo-mouctar-el-valencia-apoya-a-diakhaby\/\">apoyo<\/a><\/em> a su compa\u00f1ero.<\/p>\n\n\n\n<p>\u00abDiakhaby nos pidi\u00f3 que sigui\u00e9ramos jugando. No lo habr\u00edamos hecho si \u00e9l no lo hubiera hecho\u00bb, dijo. \u00abDijo que no estaba en el estado de \u00e1nimo adecuado para seguir jugando. Est\u00e1 destrozado\u00bb, dijo el capit\u00e1n Jos\u00e9 Gay\u00e1.<\/p>\n\n\n\n<p>El club ha emitido ahora un <em><a href=\"https:\/\/www.valenciacf.com\/es\/article\/es-anil-murthy-el-valencia-cf-va-a-ir-hasta-el-final-en-apoyo-de-su-jugador-y-en-contra-del-racismo-2021-04-05\" target=\"_blank\" rel=\"noreferrer noopener\">comunicado<\/a><\/em>: \u00abQue a nadie le quepa la menor duda de que el Valencia CF va a llegar hasta el final para defender a Diakhaby y luchar para que nunca m\u00e1s se repitan estos hechos tan lamentables.\u00bb.<\/p>\n\n\n\n<p>El presidente del Valencia ha comentado el incidente con La Liga y ha pedido que se investigue a fondo.<\/p>\n\n\n\n<figure class=\"wp-block-embed is-type-rich is-provider-twitter wp-block-embed-twitter\"><div class=\"wp-block-embed__wrapper\">\n<blockquote class=\"twitter-tweet\" data-width=\"550\" data-dnt=\"true\"><p lang=\"es\" dir=\"ltr\">\ud83d\udcac Anil Murthy: &quot;El <a href=\"https:\/\/twitter.com\/valenciacf?ref_src=twsrc%5Etfw\">@valenciacf<\/a> va a ir hasta el final en apoyo de su jugador y en contra del racismo&quot;<a href=\"https:\/\/twitter.com\/hashtag\/JuntsAnemAMUNT?src=hash&amp;ref_src=twsrc%5Etfw\">#JuntsAnemAMUNT<\/a>!<a href=\"https:\/\/twitter.com\/hashtag\/AllToPlayFor?src=hash&amp;ref_src=twsrc%5Etfw\">#AllToPlayFor<\/a><\/p>&mdash; Valencia CF \ud83e\udd87\ud83c\udf4a\ud83c\udf0a (@valenciacf) <a href=\"https:\/\/twitter.com\/valenciacf\/status\/1379058792881659910?ref_src=twsrc%5Etfw\">April 5, 2021<\/a><\/blockquote><script async src=\"https:\/\/platform.twitter.com\/widgets.js\" charset=\"utf-8\"><\/script>\n<\/div><\/figure>\n\n\n\n<p>El club dijo: \u00abEsta ma\u00f1ana hemos hablado con LaLiga para instarle a que vayan tambi\u00e9n hasta el final en la investigaci\u00f3n sobre lo sucedido.\u00bb.<\/p>\n\n\n\n<p>\u00abEsto no puede quedar ah\u00ed y no puede volver a pasar con ning\u00fan jugador de ning\u00fan equipo\u00bb.<\/p>\n\n\n\n<p>\u00abLamentamos que tras el incidente no hubiera ninguna reacci\u00f3n para detener el partido y que tuvieran que ser nuestros jugadores quienes se plantaran para abandonar en bloque el terreno de juego\u00bb.<\/p>\n\n\n\n<p>\u00abAnte este tipo de situaciones no puede haber inacci\u00f3n\u00bb.<\/p>\n\n\n\n<p>\u00abA partir de ahora queremos ver una reacci\u00f3n para cambiar estos protocolos, para proteger los vulnerables\u00bb.<\/p>\n\n\n\n<p>\u00abPorque si no cambiamos esto, vamos a dar un mal ejemplo a todo el mundo\u00bb.<\/p>\n\n\n\n<figure class=\"wp-block-embed is-type-wp-embed is-provider-ace-football-espanol wp-block-embed-ace-football-espanol\"><div class=\"wp-block-embed__wrapper\">\n<blockquote class=\"wp-embedded-content\" data-secret=\"LQnDcxJ8Fy\"><a href=\"https:\/\/acefootball.com\/es\/noticias-de-futbol\/todos-contigo-mouctar-el-valencia-apoya-a-diakhaby\/\">\u00abTodos contigo, Mouctar\u00bb El Valencia apoya a Diakhaby<\/a><\/blockquote><iframe class=\"wp-embedded-content\" sandbox=\"allow-scripts\" security=\"restricted\" style=\"position: absolute; clip: rect(1px, 1px, 1px, 1px);\" title=\"\u00ab\u00abTodos contigo, Mouctar\u00bb El Valencia apoya a Diakhaby\u00bb \u2014 Ace Football Espa\u00f1ol\" src=\"https:\/\/acefootball.com\/es\/noticias-de-futbol\/todos-contigo-mouctar-el-valencia-apoya-a-diakhaby\/embed\/#?secret=LQnDcxJ8Fy\" data-secret=\"LQnDcxJ8Fy\" width=\"600\" height=\"338\" frameborder=\"0\" marginwidth=\"0\" marginheight=\"0\" scrolling=\"no\"><\/iframe>\n<\/div><\/figure>\n","protected":false},"excerpt":{"rendered":"<p>El Valencia ha emitido un comunicado en el que insiste en que defender\u00e1 al m\u00e1ximo a Mouctar Diakhaby tras una acusaci\u00f3n de abuso racista. El Valencia apoyar\u00e1 al m\u00e1ximo a Mouctar Diakhaby tras la denuncia de abusos racistas. El equipo de La Liga abandon\u00f3 el terreno de juego en se\u00f1al de protesta durante la victoria [&hellip;]<\/p>\n","protected":false},"author":1023,"featured_media":-101101262089,"comment_status":"closed","ping_status":"closed","sticky":false,"template":"","format":"standard","meta":{"om_disable_all_campaigns":false,"push_articles_ronaldo":{"active":false,"canonical":0,"publish":false},"force_updates":null},"categories":[1],"tags":[78,1667],"enet_tags":{"league":["87"],"team":["10267"],"sport_events":[]},"yoast_head":"<!-- This site is optimized with the Yoast SEO plugin v18.3 - https:\/\/yoast.com\/wordpress\/plugins\/seo\/ -->\n<title>El Valencia emite un comunicado tras el racismo de Mouctar Diakhaby<\/title>\n<meta name=\"description\" content=\"El Valencia ha emitido un comunicado en el que insiste en que defender\u00e1 al m\u00e1ximo a Mouctar Diakhaby tras una acusaci\u00f3n de abuso racista.\" \/>\n<meta name=\"robots\" content=\"index, follow, max-snippet:-1, max-image-preview:large, max-video-preview:-1\" \/>\n<link rel=\"canonical\" href=\"https:\/\/acefootball.com\/es\/noticias-de-futbol\/el-valencia-emite-un-comunicado-tras-el-racismo-de-mouctar-diakhaby\/\" \/>\n<meta property=\"og:locale\" content=\"es_ES\" \/>\n<meta property=\"og:type\" content=\"article\" \/>\n<meta property=\"og:title\" content=\"El Valencia emite un comunicado tras el racismo de Mouctar Diakhaby\" \/>\n<meta property=\"og:description\" content=\"El Valencia ha emitido un comunicado en el que insiste en que defender\u00e1 al m\u00e1ximo a Mouctar Diakhaby tras una acusaci\u00f3n de abuso racista.\" \/>\n<meta property=\"og:url\" content=\"https:\/\/acefootball.com\/es\/noticias-de-futbol\/el-valencia-emite-un-comunicado-tras-el-racismo-de-mouctar-diakhaby\/\" \/>\n<meta property=\"og:site_name\" content=\"Ace Football Espa\u00f1ol\" \/>\n<meta property=\"article:published_time\" content=\"2021-04-05T17:43:56+00:00\" \/>\n<meta property=\"article:modified_time\" content=\"2021-04-05T17:44:30+00:00\" \/>\n<meta property=\"og:image\" content=\"https:\/\/acefootball.com\/es\/wp-content\/uploads\/2021\/04\/GettyImages-1297676689-1.jpg\" \/>\n\t<meta property=\"og:image:width\" content=\"1024\" \/>\n\t<meta property=\"og:image:height\" content=\"683\" \/>\n<meta name=\"twitter:card\" content=\"summary_large_image\" \/>\n<meta name=\"twitter:image\" content=\"https:\/\/acefootball.com\/es\/wp-content\/uploads\/2021\/04\/GettyImages-1297676689-1.jpg\" \/>\n<meta name=\"twitter:label1\" content=\"Escrito por\" \/>\n\t<meta name=\"twitter:data1\" content=\"\" \/>\n\t<meta name=\"twitter:label2\" content=\"Tiempo de lectura\" \/>\n\t<meta name=\"twitter:data2\" content=\"2 minutos\" \/>\n<script type=\"application\/ld+json\" class=\"yoast-schema-graph\">{\"@context\":\"https:\/\/schema.org\",\"@graph\":[{\"@type\":\"WebSite\",\"@id\":\"https:\/\/acefootball.com\/es\/#website\",\"url\":\"https:\/\/acefootball.com\/es\/\",\"name\":\"Ace Football Espa\u00f1ol\",\"description\":\"News, Betting and Livescore\",\"potentialAction\":[{\"@type\":\"SearchAction\",\"target\":{\"@type\":\"EntryPoint\",\"urlTemplate\":\"https:\/\/acefootball.com\/es\/?s={search_term_string}\"},\"query-input\":\"required name=search_term_string\"}],\"inLanguage\":\"es\"},{\"@type\":\"ImageObject\",\"@id\":\"https:\/\/acefootball.com\/es\/noticias-de-futbol\/el-valencia-emite-un-comunicado-tras-el-racismo-de-mouctar-diakhaby\/#primaryimage\",\"inLanguage\":\"es\",\"url\":\"\",\"contentUrl\":\"\"},{\"@type\":\"WebPage\",\"@id\":\"https:\/\/acefootball.com\/es\/noticias-de-futbol\/el-valencia-emite-un-comunicado-tras-el-racismo-de-mouctar-diakhaby\/#webpage\",\"url\":\"https:\/\/acefootball.com\/es\/noticias-de-futbol\/el-valencia-emite-un-comunicado-tras-el-racismo-de-mouctar-diakhaby\/\",\"name\":\"El Valencia emite un comunicado tras el racismo de Mouctar Diakhaby\",\"isPartOf\":{\"@id\":\"https:\/\/acefootball.com\/es\/#website\"},\"primaryImageOfPage\":{\"@id\":\"https:\/\/acefootball.com\/es\/noticias-de-futbol\/el-valencia-emite-un-comunicado-tras-el-racismo-de-mouctar-diakhaby\/#primaryimage\"},\"datePublished\":\"2021-04-05T17:43:56+00:00\",\"dateModified\":\"2021-04-05T17:44:30+00:00\",\"author\":{\"@id\":\"\"},\"description\":\"El Valencia ha emitido un comunicado en el que insiste en que defender\u00e1 al m\u00e1ximo a Mouctar Diakhaby tras una acusaci\u00f3n de abuso racista.\",\"breadcrumb\":{\"@id\":\"https:\/\/acefootball.com\/es\/noticias-de-futbol\/el-valencia-emite-un-comunicado-tras-el-racismo-de-mouctar-diakhaby\/#breadcrumb\"},\"inLanguage\":\"es\",\"potentialAction\":[{\"@type\":\"ReadAction\",\"target\":[\"https:\/\/acefootball.com\/es\/noticias-de-futbol\/el-valencia-emite-un-comunicado-tras-el-racismo-de-mouctar-diakhaby\/\"]}]},{\"@type\":\"BreadcrumbList\",\"@id\":\"https:\/\/acefootball.com\/es\/noticias-de-futbol\/el-valencia-emite-un-comunicado-tras-el-racismo-de-mouctar-diakhaby\/#breadcrumb\",\"itemListElement\":[{\"@type\":\"ListItem\",\"position\":1,\"name\":\"Home\",\"item\":\"https:\/\/acefootball.com\/es\/\"},{\"@type\":\"ListItem\",\"position\":2,\"name\":\"El Valencia emite un comunicado tras el racismo de Mouctar Diakhaby\"}]},{\"@type\":\"Person\",\"@id\":\"\",\"url\":\"https:\/\/acefootball.com\/es\/noticias-de-futbol\/author\/\"}]}<\/script>\n<!-- \/ Yoast SEO plugin. -->","yoast_head_json":{"title":"El Valencia emite un comunicado tras el racismo de Mouctar Diakhaby","description":"El Valencia ha emitido un comunicado en el que insiste en que defender\u00e1 al m\u00e1ximo a Mouctar Diakhaby tras una acusaci\u00f3n de abuso racista.","robots":{"index":"index","follow":"follow","max-snippet":"max-snippet:-1","max-image-preview":"max-image-preview:large","max-video-preview":"max-video-preview:-1"},"canonical":"https:\/\/acefootball.com\/es\/noticias-de-futbol\/el-valencia-emite-un-comunicado-tras-el-racismo-de-mouctar-diakhaby\/","og_locale":"es_ES","og_type":"article","og_title":"El Valencia emite un comunicado tras el racismo de Mouctar Diakhaby","og_description":"El Valencia ha emitido un comunicado en el que insiste en que defender\u00e1 al m\u00e1ximo a Mouctar Diakhaby tras una acusaci\u00f3n de abuso racista.","og_url":"https:\/\/acefootball.com\/es\/noticias-de-futbol\/el-valencia-emite-un-comunicado-tras-el-racismo-de-mouctar-diakhaby\/","og_site_name":"Ace Football Espa\u00f1ol","article_published_time":"2021-04-05T17:43:56+00:00","article_modified_time":"2021-04-05T17:44:30+00:00","og_image":[{"url":"https:\/\/acefootball.com\/es\/wp-content\/uploads\/2021\/04\/GettyImages-1297676689-1.jpg","height":683,"width":1024}],"twitter_card":"summary_large_image","twitter_image":"https:\/\/acefootball.com\/es\/wp-content\/uploads\/2021\/04\/GettyImages-1297676689-1.jpg","twitter_misc":{"Escrito por":"","Tiempo de lectura":"2 minutos"},"schema":{"@context":"https:\/\/schema.org","@graph":[{"@type":"WebSite","@id":"https:\/\/acefootball.com\/es\/#website","url":"https:\/\/acefootball.com\/es\/","name":"Ace Football Espa\u00f1ol","description":"News, Betting and Livescore","potentialAction":[{"@type":"SearchAction","target":{"@type":"EntryPoint","urlTemplate":"https:\/\/acefootball.com\/es\/?s={search_term_string}"},"query-input":"required name=search_term_string"}],"inLanguage":"es"},{"@type":"ImageObject","@id":"https:\/\/acefootball.com\/es\/noticias-de-futbol\/el-valencia-emite-un-comunicado-tras-el-racismo-de-mouctar-diakhaby\/#primaryimage","inLanguage":"es","url":"","contentUrl":""},{"@type":"WebPage","@id":"https:\/\/acefootball.com\/es\/noticias-de-futbol\/el-valencia-emite-un-comunicado-tras-el-racismo-de-mouctar-diakhaby\/#webpage","url":"https:\/\/acefootball.com\/es\/noticias-de-futbol\/el-valencia-emite-un-comunicado-tras-el-racismo-de-mouctar-diakhaby\/","name":"El Valencia emite un comunicado tras el racismo de Mouctar Diakhaby","isPartOf":{"@id":"https:\/\/acefootball.com\/es\/#website"},"primaryImageOfPage":{"@id":"https:\/\/acefootball.com\/es\/noticias-de-futbol\/el-valencia-emite-un-comunicado-tras-el-racismo-de-mouctar-diakhaby\/#primaryimage"},"datePublished":"2021-04-05T17:43:56+00:00","dateModified":"2021-04-05T17:44:30+00:00","author":{"@id":""},"description":"El Valencia ha emitido un comunicado en el que insiste en que defender\u00e1 al m\u00e1ximo a Mouctar Diakhaby tras una acusaci\u00f3n de abuso racista.","breadcrumb":{"@id":"https:\/\/acefootball.com\/es\/noticias-de-futbol\/el-valencia-emite-un-comunicado-tras-el-racismo-de-mouctar-diakhaby\/#breadcrumb"},"inLanguage":"es","potentialAction":[{"@type":"ReadAction","target":["https:\/\/acefootball.com\/es\/noticias-de-futbol\/el-valencia-emite-un-comunicado-tras-el-racismo-de-mouctar-diakhaby\/"]}]},{"@type":"BreadcrumbList","@id":"https:\/\/acefootball.com\/es\/noticias-de-futbol\/el-valencia-emite-un-comunicado-tras-el-racismo-de-mouctar-diakhaby\/#breadcrumb","itemListElement":[{"@type":"ListItem","position":1,"name":"Home","item":"https:\/\/acefootball.com\/es\/"},{"@type":"ListItem","position":2,"name":"El Valencia emite un comunicado tras el racismo de Mouctar Diakhaby"}]},{"@type":"Person","@id":"","url":"https:\/\/acefootball.com\/es\/noticias-de-futbol\/author\/"}]}},"fimg_url":"https:\/\/acefootball.com\/es\/wp-content\/uploads\/2021\/04\/GettyImages-1297676689-1.jpg","_links":{"self":[{"href":"https:\/\/acefootball.com\/es\/wp-json\/wp\/v2\/posts\/14715"}],"collection":[{"href":"https:\/\/acefootball.com\/es\/wp-json\/wp\/v2\/posts"}],"about":[{"href":"https:\/\/acefootball.com\/es\/wp-json\/wp\/v2\/types\/post"}],"author":[{"embeddable":true,"href":"https:\/\/acefootball.com\/es\/wp-json\/wp\/v2\/users\/1023"}],"replies":[{"embeddable":true,"href":"https:\/\/acefootball.com\/es\/wp-json\/wp\/v2\/comments?post=14715"}],"version-history":[{"count":0,"href":"https:\/\/acefootball.com\/es\/wp-json\/wp\/v2\/posts\/14715\/revisions"}],"wp:featuredmedia":[{"embeddable":true,"href":"https:\/\/acefootball.com\/es\/wp-json\/wp\/v2\/media\/-101101262089"}],"wp:attachment":[{"href":"https:\/\/acefootball.com\/es\/wp-json\/wp\/v2\/media?parent=14715"}],"wp:term":[{"taxonomy":"category","embeddable":true,"href":"https:\/\/acefootball.com\/es\/wp-json\/wp\/v2\/categories?post=14715"},{"taxonomy":"post_tag","embeddable":true,"href":"https:\/\/acefootball.com\/es\/wp-json\/wp\/v2\/tags?post=14715"}],"curies":[{"name":"wp","href":"https:\/\/api.w.org\/{rel}","templated":true}]}}