{"id":14696,"date":"2021-04-05T09:59:42","date_gmt":"2021-04-05T07:59:42","guid":{"rendered":"https:\/\/acefootball.com\/es\/?p=14696"},"modified":"2021-04-09T19:34:26","modified_gmt":"2021-04-09T17:34:26","slug":"todos-contigo-mouctar-el-valencia-apoya-a-diakhaby","status":"publish","type":"post","link":"https:\/\/acefootball.com\/es\/noticias-de-futbol\/todos-contigo-mouctar-el-valencia-apoya-a-diakhaby\/","title":{"rendered":"\u00abTodos contigo, Mouctar\u00bb El Valencia apoya a Diakhaby"},"content":{"rendered":"\n<h2 id=\"h-la-plantilla-del-valencia-abandon-el-campo-apoyando-al-defensa-despu-s-de-varios-comentarios-racistas-de-un-jugador-del-c-diz\">La plantilla del Valencia abandon\u00f3 el campo apoyando al defensa despu\u00e9s de varios comentarios racistas de un jugador del C\u00e1diz.<\/h2>\n\n\n\n<p>El Valencia abandon\u00f3 el terreno de juego durante el partido de Liga del domingo contra el C\u00e1diz despu\u00e9s de que Mouctar Diakhaby denunciara que Juan Cala le hab\u00eda agredido racialmente. <\/p>\n\n\n\n<p>El incidente se produjo en la primera parte, cuando Diakhaby reaccion\u00f3 con furia en un altercado con el defensa del C\u00e1diz, Cala. El partido se detuvo mientras los dos discut\u00edan. El \u00e1rbitro intent\u00f3 separar la disputa antes de que los dem\u00e1s jugadores se involucraran.<\/p>\n\n\n\n<p>Sin embargo, varios jugadores del Valencia se encararon con Cala despu\u00e9s, antes de que toda la plantilla abandonara el campo para apoyar a su compa\u00f1ero.<\/p>\n\n\n\n<figure class=\"wp-block-embed is-type-video is-provider-youtube wp-block-embed-youtube wp-embed-aspect-16-9 wp-has-aspect-ratio\"><div class=\"wp-block-embed__wrapper\">\n<iframe loading=\"lazy\" title=\"Football racism | Diakhaby Valencia players leave the field after allegations of racist harass\" width=\"640\" height=\"360\" src=\"https:\/\/www.youtube.com\/embed\/9rnckwoXxqI?feature=oembed\" frameborder=\"0\" allow=\"accelerometer; autoplay; clipboard-write; encrypted-media; gyroscope; picture-in-picture\" allowfullscreen><\/iframe>\n<\/div><\/figure>\n\n\n\n<p>El club respald\u00f3 a su compa\u00f1ero en las redes sociales: \u00abTODOS CONTIGO, MOUCTAR\u00bb.<\/p>\n\n\n\n<figure class=\"wp-block-embed is-type-rich is-provider-twitter wp-block-embed-twitter\"><div class=\"wp-block-embed__wrapper\">\n<blockquote class=\"twitter-tweet\" data-width=\"550\" data-dnt=\"true\"><p lang=\"es\" dir=\"ltr\">Nuestro TOTAL APOYO a <a href=\"https:\/\/twitter.com\/Diakhaby_5?ref_src=twsrc%5Etfw\">@Diakhaby_5<\/a> <br><br>\ud835\udde1\ud835\udde2 \ud835\uddd4\ud835\udddf \ud835\udde5\ud835\uddd4\ud835\uddd6\ud835\udddc\ud835\udde6\ud835\udde0\ud835\udde2<br><br>El jugador, que ha recibido un insulto racista, ha pedido a sus compa\u00f1eros que vuelvan al campo a luchar.<br><br>TODOS CONTIGO, MOUCTAR <a href=\"https:\/\/twitter.com\/hashtag\/JuntsAnemAMUNT?src=hash&amp;ref_src=twsrc%5Etfw\">#JuntsAnemAMUNT<\/a><a href=\"https:\/\/twitter.com\/hashtag\/AllToPlayFor?src=hash&amp;ref_src=twsrc%5Etfw\">#AllToPlayFor<\/a> <a href=\"https:\/\/t.co\/GQzpuO4I2w\">pic.twitter.com\/GQzpuO4I2w<\/a><\/p>&mdash; Valencia CF \ud83e\udd87\ud83c\udf4a\ud83c\udf0a (@valenciacf) <a href=\"https:\/\/twitter.com\/valenciacf\/status\/1378761763018137608?ref_src=twsrc%5Etfw\">April 4, 2021<\/a><\/blockquote><script async src=\"https:\/\/platform.twitter.com\/widgets.js\" charset=\"utf-8\"><\/script>\n<\/div><\/figure>\n\n\n\n<p>Tras 15 minutos, y la insistencia de Diakhaby, el Valencia volvi\u00f3 al campo para terminar el partido. Sin embargo lo hicieron sin Diakhaby, al cual sustituy\u00f3 Hugo Guillamon mientras que Cala jug\u00f3 hasta el final. <\/p>\n\n\n\n<p>\u00abDiakhaby nos ha dicho que lo han insultado de forma racista. Lo condenamos\u00bb, <em><a href=\"https:\/\/depor.com\/futbol-internacional\/espana\/mouctar-diakhaby-jose-luis-gaya-capitan-del-valencia-diakhaby-estaba-hundido-estamos-con-el-a-muerte-laliga-santander-espana-racismo-nczd-noticia\/\" target=\"_blank\" rel=\"noreferrer noopener\">dijo<\/a><\/em> Jos\u00e9 Gaya. <\/p>\n\n\n\n<p>\u00abHemos salido a jugar porque nos han dicho que nos podr\u00edan quitar los 3 puntos y alguno m\u00e1s. \u00c9l nos pidi\u00f3 que sali\u00e9ramos, nos ha dado permiso\u00bb.<\/p>\n\n\n\n<p>\u00abEstaba hundido. Es un insulto muy feo. No voy a reproducir lo que le ha dicho. Si estaba as\u00ed de hundido es porque le ha dicho algo. Ha sido el partido m\u00e1s raro de mi vida. Estamos con \u00e9l a muerte\u00bb.<\/p>\n\n\n\n<p>El C\u00e1diz acab\u00f3 ganando el partido por 2-1 tras el gol de Marcos Mauro en el minuto 88 y se situ\u00f3 a un solo punto del Valencia, <em><a href=\"https:\/\/acefootball.com\/es\/la-liga\/valencia\/#tablas-de-posiciones\">duod\u00e9cimo en la clasificaci\u00f3n de la Liga<\/a><\/em>, en el puesto 13.<\/p>\n\n\n\n<figure class=\"wp-block-embed is-type-rich is-provider-twitter wp-block-embed-twitter\"><div class=\"wp-block-embed__wrapper\">\n<blockquote class=\"twitter-tweet\" data-width=\"550\" data-dnt=\"true\"><p lang=\"es\" dir=\"ltr\">\ud83d\udcac <a href=\"https:\/\/twitter.com\/jose_gaya?ref_src=twsrc%5Etfw\">@jose_gaya<\/a>: &quot;Hemos apoyado a <a href=\"https:\/\/twitter.com\/Diakhaby_5?ref_src=twsrc%5Etfw\">@Diakhaby_5<\/a> en todo momento&quot;<a href=\"https:\/\/twitter.com\/hashtag\/JuntsAnemAMUNT?src=hash&amp;ref_src=twsrc%5Etfw\">#JuntsAnemAMUNT<\/a><a href=\"https:\/\/twitter.com\/hashtag\/AllToPlayFor?src=hash&amp;ref_src=twsrc%5Etfw\">#AllToPlayFor<\/a><\/p>&mdash; Valencia CF \ud83e\udd87\ud83c\udf4a\ud83c\udf0a (@valenciacf) <a href=\"https:\/\/twitter.com\/valenciacf\/status\/1378814632832299010?ref_src=twsrc%5Etfw\">April 4, 2021<\/a><\/blockquote><script async src=\"https:\/\/platform.twitter.com\/widgets.js\" charset=\"utf-8\"><\/script>\n<\/div><\/figure>\n","protected":false},"excerpt":{"rendered":"<p>La plantilla del Valencia abandon\u00f3 el campo apoyando al defensa despu\u00e9s de varios comentarios racistas de un jugador del C\u00e1diz.<\/p>\n","protected":false},"author":1022,"featured_media":-101101262020,"comment_status":"open","ping_status":"closed","sticky":false,"template":"","format":"standard","meta":{"om_disable_all_campaigns":false,"push_articles_ronaldo":{"active":false,"canonical":0,"publish":false},"force_updates":null},"categories":[1],"tags":[78,1667],"enet_tags":{"league":["87"],"team":["10267"],"sport_events":[]},"yoast_head":"<!-- This site is optimized with the Yoast SEO plugin v18.3 - https:\/\/yoast.com\/wordpress\/plugins\/seo\/ -->\n<title>\u00abTodos contigo, Mouctar\u00bb El Valencia apoya a Diakhaby<\/title>\n<meta name=\"description\" content=\"La plantilla del Valencia abandon\u00f3 el campo apoyando al defensa despu\u00e9s de varios comentarios racistas de un jugador del C\u00e1diz.\" \/>\n<meta name=\"robots\" content=\"index, follow, max-snippet:-1, max-image-preview:large, max-video-preview:-1\" \/>\n<link rel=\"canonical\" href=\"https:\/\/acefootball.com\/es\/noticias-de-futbol\/todos-contigo-mouctar-el-valencia-apoya-a-diakhaby\/\" \/>\n<meta property=\"og:locale\" content=\"es_ES\" \/>\n<meta property=\"og:type\" content=\"article\" \/>\n<meta property=\"og:title\" content=\"\u00abTodos contigo, Mouctar\u00bb El Valencia apoya a Diakhaby\" \/>\n<meta property=\"og:description\" content=\"La plantilla del Valencia abandon\u00f3 el campo apoyando al defensa despu\u00e9s de varios comentarios racistas de un jugador del C\u00e1diz.\" \/>\n<meta property=\"og:url\" content=\"https:\/\/acefootball.com\/es\/noticias-de-futbol\/todos-contigo-mouctar-el-valencia-apoya-a-diakhaby\/\" \/>\n<meta property=\"og:site_name\" content=\"Ace Football Espa\u00f1ol\" \/>\n<meta property=\"article:published_time\" content=\"2021-04-05T07:59:42+00:00\" \/>\n<meta property=\"article:modified_time\" content=\"2021-04-09T17:34:26+00:00\" \/>\n<meta property=\"og:image\" content=\"https:\/\/acefootball.com\/es\/wp-content\/uploads\/2021\/04\/GettyImages-1297676689.jpg\" \/>\n\t<meta property=\"og:image:width\" content=\"1024\" \/>\n\t<meta property=\"og:image:height\" content=\"683\" \/>\n<meta name=\"twitter:card\" content=\"summary_large_image\" \/>\n<meta name=\"twitter:image\" content=\"https:\/\/acefootball.com\/es\/wp-content\/uploads\/2021\/04\/GettyImages-1297676689.jpg\" \/>\n<meta name=\"twitter:label1\" content=\"Escrito por\" \/>\n\t<meta name=\"twitter:data1\" content=\"\" \/>\n\t<meta name=\"twitter:label2\" content=\"Tiempo de lectura\" \/>\n\t<meta name=\"twitter:data2\" content=\"2 minutos\" \/>\n<script type=\"application\/ld+json\" class=\"yoast-schema-graph\">{\"@context\":\"https:\/\/schema.org\",\"@graph\":[{\"@type\":\"WebSite\",\"@id\":\"https:\/\/acefootball.com\/es\/#website\",\"url\":\"https:\/\/acefootball.com\/es\/\",\"name\":\"Ace Football Espa\u00f1ol\",\"description\":\"News, Betting and Livescore\",\"potentialAction\":[{\"@type\":\"SearchAction\",\"target\":{\"@type\":\"EntryPoint\",\"urlTemplate\":\"https:\/\/acefootball.com\/es\/?s={search_term_string}\"},\"query-input\":\"required name=search_term_string\"}],\"inLanguage\":\"es\"},{\"@type\":\"ImageObject\",\"@id\":\"https:\/\/acefootball.com\/es\/noticias-de-futbol\/todos-contigo-mouctar-el-valencia-apoya-a-diakhaby\/#primaryimage\",\"inLanguage\":\"es\",\"url\":\"https:\/\/acefootball.com\/es\/wp-content\/uploads\/2021\/04\/GettyImages-1297676689.jpg\",\"contentUrl\":\"https:\/\/acefootball.com\/es\/wp-content\/uploads\/2021\/04\/GettyImages-1297676689.jpg\"},{\"@type\":\"WebPage\",\"@id\":\"https:\/\/acefootball.com\/es\/noticias-de-futbol\/todos-contigo-mouctar-el-valencia-apoya-a-diakhaby\/#webpage\",\"url\":\"https:\/\/acefootball.com\/es\/noticias-de-futbol\/todos-contigo-mouctar-el-valencia-apoya-a-diakhaby\/\",\"name\":\"\u00abTodos contigo, Mouctar\u00bb El Valencia apoya a Diakhaby\",\"isPartOf\":{\"@id\":\"https:\/\/acefootball.com\/es\/#website\"},\"primaryImageOfPage\":{\"@id\":\"https:\/\/acefootball.com\/es\/noticias-de-futbol\/todos-contigo-mouctar-el-valencia-apoya-a-diakhaby\/#primaryimage\"},\"datePublished\":\"2021-04-05T07:59:42+00:00\",\"dateModified\":\"2021-04-09T17:34:26+00:00\",\"author\":{\"@id\":\"\"},\"description\":\"La plantilla del Valencia abandon\u00f3 el campo apoyando al defensa despu\u00e9s de varios comentarios racistas de un jugador del C\u00e1diz.\",\"breadcrumb\":{\"@id\":\"https:\/\/acefootball.com\/es\/noticias-de-futbol\/todos-contigo-mouctar-el-valencia-apoya-a-diakhaby\/#breadcrumb\"},\"inLanguage\":\"es\",\"potentialAction\":[{\"@type\":\"ReadAction\",\"target\":[\"https:\/\/acefootball.com\/es\/noticias-de-futbol\/todos-contigo-mouctar-el-valencia-apoya-a-diakhaby\/\"]}]},{\"@type\":\"BreadcrumbList\",\"@id\":\"https:\/\/acefootball.com\/es\/noticias-de-futbol\/todos-contigo-mouctar-el-valencia-apoya-a-diakhaby\/#breadcrumb\",\"itemListElement\":[{\"@type\":\"ListItem\",\"position\":1,\"name\":\"Home\",\"item\":\"https:\/\/acefootball.com\/es\/\"},{\"@type\":\"ListItem\",\"position\":2,\"name\":\"\u00abTodos contigo, Mouctar\u00bb El Valencia apoya a Diakhaby\"}]},{\"@type\":\"Person\",\"@id\":\"\",\"url\":\"https:\/\/acefootball.com\/es\/noticias-de-futbol\/author\/\"}]}<\/script>\n<!-- \/ Yoast SEO plugin. -->","yoast_head_json":{"title":"\u00abTodos contigo, Mouctar\u00bb El Valencia apoya a Diakhaby","description":"La plantilla del Valencia abandon\u00f3 el campo apoyando al defensa despu\u00e9s de varios comentarios racistas de un jugador del C\u00e1diz.","robots":{"index":"index","follow":"follow","max-snippet":"max-snippet:-1","max-image-preview":"max-image-preview:large","max-video-preview":"max-video-preview:-1"},"canonical":"https:\/\/acefootball.com\/es\/noticias-de-futbol\/todos-contigo-mouctar-el-valencia-apoya-a-diakhaby\/","og_locale":"es_ES","og_type":"article","og_title":"\u00abTodos contigo, Mouctar\u00bb El Valencia apoya a Diakhaby","og_description":"La plantilla del Valencia abandon\u00f3 el campo apoyando al defensa despu\u00e9s de varios comentarios racistas de un jugador del C\u00e1diz.","og_url":"https:\/\/acefootball.com\/es\/noticias-de-futbol\/todos-contigo-mouctar-el-valencia-apoya-a-diakhaby\/","og_site_name":"Ace Football Espa\u00f1ol","article_published_time":"2021-04-05T07:59:42+00:00","article_modified_time":"2021-04-09T17:34:26+00:00","og_image":[{"url":"https:\/\/acefootball.com\/es\/wp-content\/uploads\/2021\/04\/GettyImages-1297676689.jpg","height":683,"width":1024}],"twitter_card":"summary_large_image","twitter_image":"https:\/\/acefootball.com\/es\/wp-content\/uploads\/2021\/04\/GettyImages-1297676689.jpg","twitter_misc":{"Escrito por":"","Tiempo de lectura":"2 minutos"},"schema":{"@context":"https:\/\/schema.org","@graph":[{"@type":"WebSite","@id":"https:\/\/acefootball.com\/es\/#website","url":"https:\/\/acefootball.com\/es\/","name":"Ace Football Espa\u00f1ol","description":"News, Betting and Livescore","potentialAction":[{"@type":"SearchAction","target":{"@type":"EntryPoint","urlTemplate":"https:\/\/acefootball.com\/es\/?s={search_term_string}"},"query-input":"required name=search_term_string"}],"inLanguage":"es"},{"@type":"ImageObject","@id":"https:\/\/acefootball.com\/es\/noticias-de-futbol\/todos-contigo-mouctar-el-valencia-apoya-a-diakhaby\/#primaryimage","inLanguage":"es","url":"https:\/\/acefootball.com\/es\/wp-content\/uploads\/2021\/04\/GettyImages-1297676689.jpg","contentUrl":"https:\/\/acefootball.com\/es\/wp-content\/uploads\/2021\/04\/GettyImages-1297676689.jpg"},{"@type":"WebPage","@id":"https:\/\/acefootball.com\/es\/noticias-de-futbol\/todos-contigo-mouctar-el-valencia-apoya-a-diakhaby\/#webpage","url":"https:\/\/acefootball.com\/es\/noticias-de-futbol\/todos-contigo-mouctar-el-valencia-apoya-a-diakhaby\/","name":"\u00abTodos contigo, Mouctar\u00bb El Valencia apoya a Diakhaby","isPartOf":{"@id":"https:\/\/acefootball.com\/es\/#website"},"primaryImageOfPage":{"@id":"https:\/\/acefootball.com\/es\/noticias-de-futbol\/todos-contigo-mouctar-el-valencia-apoya-a-diakhaby\/#primaryimage"},"datePublished":"2021-04-05T07:59:42+00:00","dateModified":"2021-04-09T17:34:26+00:00","author":{"@id":""},"description":"La plantilla del Valencia abandon\u00f3 el campo apoyando al defensa despu\u00e9s de varios comentarios racistas de un jugador del C\u00e1diz.","breadcrumb":{"@id":"https:\/\/acefootball.com\/es\/noticias-de-futbol\/todos-contigo-mouctar-el-valencia-apoya-a-diakhaby\/#breadcrumb"},"inLanguage":"es","potentialAction":[{"@type":"ReadAction","target":["https:\/\/acefootball.com\/es\/noticias-de-futbol\/todos-contigo-mouctar-el-valencia-apoya-a-diakhaby\/"]}]},{"@type":"BreadcrumbList","@id":"https:\/\/acefootball.com\/es\/noticias-de-futbol\/todos-contigo-mouctar-el-valencia-apoya-a-diakhaby\/#breadcrumb","itemListElement":[{"@type":"ListItem","position":1,"name":"Home","item":"https:\/\/acefootball.com\/es\/"},{"@type":"ListItem","position":2,"name":"\u00abTodos contigo, Mouctar\u00bb El Valencia apoya a Diakhaby"}]},{"@type":"Person","@id":"","url":"https:\/\/acefootball.com\/es\/noticias-de-futbol\/author\/"}]}},"fimg_url":"https:\/\/acefootball.com\/es\/wp-content\/uploads\/2021\/04\/GettyImages-1297676689.jpg","_links":{"self":[{"href":"https:\/\/acefootball.com\/es\/wp-json\/wp\/v2\/posts\/14696"}],"collection":[{"href":"https:\/\/acefootball.com\/es\/wp-json\/wp\/v2\/posts"}],"about":[{"href":"https:\/\/acefootball.com\/es\/wp-json\/wp\/v2\/types\/post"}],"author":[{"embeddable":true,"href":"https:\/\/acefootball.com\/es\/wp-json\/wp\/v2\/users\/1022"}],"replies":[{"embeddable":true,"href":"https:\/\/acefootball.com\/es\/wp-json\/wp\/v2\/comments?post=14696"}],"version-history":[{"count":0,"href":"https:\/\/acefootball.com\/es\/wp-json\/wp\/v2\/posts\/14696\/revisions"}],"wp:featuredmedia":[{"embeddable":true,"href":"https:\/\/acefootball.com\/es\/wp-json\/wp\/v2\/media\/-101101262020"}],"wp:attachment":[{"href":"https:\/\/acefootball.com\/es\/wp-json\/wp\/v2\/media?parent=14696"}],"wp:term":[{"taxonomy":"category","embeddable":true,"href":"https:\/\/acefootball.com\/es\/wp-json\/wp\/v2\/categories?post=14696"},{"taxonomy":"post_tag","embeddable":true,"href":"https:\/\/acefootball.com\/es\/wp-json\/wp\/v2\/tags?post=14696"}],"curies":[{"name":"wp","href":"https:\/\/api.w.org\/{rel}","templated":true}]}}