{"id":14654,"date":"2021-03-31T16:17:03","date_gmt":"2021-03-31T14:17:03","guid":{"rendered":"https:\/\/acefootball.com\/es\/?p=14654"},"modified":"2021-03-31T16:17:04","modified_gmt":"2021-03-31T14:17:04","slug":"tuchel-deberia-dar-descanso-a-tres-jugadores-de-cara-al-choque-con-el-oporto","status":"publish","type":"post","link":"https:\/\/acefootball.com\/es\/noticias-de-futbol\/tuchel-deberia-dar-descanso-a-tres-jugadores-de-cara-al-choque-con-el-oporto\/","title":{"rendered":"Tuchel deber\u00eda dar descanso a tres jugadores de cara al choque con el Oporto"},"content":{"rendered":"\n<h2 id=\"h-el-t-cnico-deber-a-dejar-descansar-a-algunos-jugadores-en-el-partido-contra-el-west-brom-de-cara-al-encuentro-con-el-oporto\">El t\u00e9cnico deber\u00eda dejar descansar a algunos jugadores en el partido contra el West Brom, de cara al encuentro con el Oporto.<\/h2>\n\n\n\n<p>El Chelsea vuelve a la acci\u00f3n en la Premier League el s\u00e1bado cuando se enfrente al West Bromwich Albion en Stamford Bridge. <\/p>\n\n\n\n<p>Antes del par\u00f3n internacional, los <em>Blues<\/em> se encontraban entre los equipos m\u00e1s en forma de la liga y tratar\u00e1n de prolongar esa racha al entrar en los dos \u00faltimos meses de la temporada.<\/p>\n\n\n\n<p>El West Brom solo ha conseguido tres victorias en toda la temporada, por lo que se espera que Thomas Tuchel ampl\u00ede su racha de imbatibilidad como entrenador del Chelsea a 15 partidos contra los <em>Baggies<\/em>.<\/p>\n\n\n\n<p>Sin embargo, los <em>Blues<\/em> tienen una gran semana por delante, ya que tambi\u00e9n viajan a Sevilla para enfrentarse al Oporto en el partido de ida de los cuartos de final de la <em><a href=\"https:\/\/acefootball.com\/es\/champions-league\/\">Liga de Campeones<\/a><\/em> el pr\u00f3ximo mi\u00e9rcoles. El Chelsea tiene una oportunidad de avanzar contra el equipo portugu\u00e9s, pero no hay que subestimarlo.<\/p>\n\n\n\n<p>En este sentido, ser\u00eda l\u00f3gico que Tuchel dejara descansar a algunos jugadores clave de cara al crucial partido contra el Oporto del pr\u00f3ximo mi\u00e9rcoles. Hay tres jugadores que creemos que deber\u00edan descansar antes del viaje a Sevilla.<\/p>\n\n\n\n<h3 id=\"h-n-golo-kant\">N&#8217;Golo Kant\u00e9<\/h3>\n\n\n\n<p>El centrocampista franc\u00e9s podr\u00eda estar descartado para el partido contra el West Brom de todos modos, ya que regres\u00f3 antes de tiempo del par\u00f3n internacional tras sufrir una lesi\u00f3n. Tuchel informar\u00e1 sobre el estado f\u00edsico de Kant\u00e9 a finales de esta semana.<\/p>\n\n\n\n<figure class=\"wp-block-embed is-type-rich is-provider-twitter wp-block-embed-twitter\"><div class=\"wp-block-embed__wrapper\">\n<blockquote class=\"twitter-tweet\" data-width=\"550\" data-dnt=\"true\"><p lang=\"en\" dir=\"ltr\">N&#39;Golo Kante sustained a hamstring injury during international duty and will miss the France\u2019s next two games.<br><br>Honestly hate international breaks. Every time \ud83d\ude21 <a href=\"https:\/\/twitter.com\/hashtag\/CFC?src=hash&amp;ref_src=twsrc%5Etfw\">#CFC<\/a> <a href=\"https:\/\/t.co\/isbUD4fPEt\">pic.twitter.com\/isbUD4fPEt<\/a><\/p>&mdash; CFC-Blues (@CFCBlues_com) <a href=\"https:\/\/twitter.com\/CFCBlues_com\/status\/1375368927056957444?ref_src=twsrc%5Etfw\">March 26, 2021<\/a><\/blockquote><script async src=\"https:\/\/platform.twitter.com\/widgets.js\" charset=\"utf-8\"><\/script>\n<\/div><\/figure>\n\n\n\n<p>Sin embargo, aunque est\u00e9 en condiciones de jugar el s\u00e1bado, el centrocampista deber\u00eda tener la tarde libre en la Premier League para intentar mantenerse fresco para el Oporto.<\/p>\n\n\n\n<p>Los <em>Blues<\/em> cruzar\u00e1n los dedos para que la lesi\u00f3n que sufri\u00f3 con la selecci\u00f3n francesa no sea demasiado grave y est\u00e9 de vuelta para el partido de ida en Sevilla la pr\u00f3xima semana.<\/p>\n\n\n\n<h3 id=\"h-mason-mount\">Mason Mount<\/h3>\n\n\n\n<p>Hubo cierta preocupaci\u00f3n por el centrocampista del Chelsea cuando la selecci\u00f3n inglesa inform\u00f3 de que Mount se estaba entrenando en el interior y al margen del grupo antes del <em><a href=\"https:\/\/acefootball.com\/es\/noticias-de-futbol\/inglaterra-vs-polonia-los-ingleses-lo-tienen-todo-consigo-para-ganar\/\">partido de clasificaci\u00f3n para el Mundial contra Polonia<\/a><\/em> el mi\u00e9rcoles por la tarde.<\/p>\n\n\n\n<p>Sin embargo, el seleccionador Gareth Southgate confirm\u00f3 que Mount \u00abdeber\u00eda estar bien\u00bb para el partido, si es convocado. Mount ha jugado en los dos partidos de Inglaterra durante el par\u00f3n y podr\u00eda entrar en el once para Polonia.<\/p>\n\n\n\n<figure class=\"wp-block-embed is-type-rich is-provider-twitter wp-block-embed-twitter\"><div class=\"wp-block-embed__wrapper\">\n<blockquote class=\"twitter-tweet\" data-width=\"550\" data-dnt=\"true\"><p lang=\"en\" dir=\"ltr\">\ud83d\udde3&quot;I&#39;ve just got to keep working hard.&quot;<br><br>Chelsea&#39;s Mason Mount says all he can do is keep working hard to maintain a starting spot in the England team <a href=\"https:\/\/t.co\/FKUGfxBPmy\">pic.twitter.com\/FKUGfxBPmy<\/a><\/p>&mdash; Football Daily (@footballdaily) <a href=\"https:\/\/twitter.com\/footballdaily\/status\/1376449989514235904?ref_src=twsrc%5Etfw\">March 29, 2021<\/a><\/blockquote><script async src=\"https:\/\/platform.twitter.com\/widgets.js\" charset=\"utf-8\"><\/script>\n<\/div><\/figure>\n\n\n\n<p>Despu\u00e9s de haber jugado tres partidos en una semana con su pa\u00eds, y con su importancia en el equipo del Chelsea, podr\u00eda ser prudente que Tuchel dejara descansar a Mount el s\u00e1bado ante el West Brom para mantenerlo en condiciones para el Oporto.<\/p>\n\n\n\n<h3 id=\"h-antonio-rudiger\">Antonio Rudiger<\/h3>\n\n\n\n<p>Si el defensa es convocado con Alemania en su partido de clasificaci\u00f3n para el Mundial contra Macedonia del Norte el mi\u00e9rcoles, habr\u00e1 sido titular en los tres partidos del equipo de Joachim L\u00f6w durante el par\u00f3n internacional.<\/p>\n\n\n\n<p>Los <em>Blues<\/em> ya han recuperado a Thiago Silva para el partido contra el West Bromwich Albion, y Kurt Zouma, mucho m\u00e1s fresco, est\u00e1 a punto de regresar de su participaci\u00f3n en Francia.<\/p>\n\n\n\n<p>Rudiger ha sido una pieza clave en la excelente defensa de Tuchel desde que lleg\u00f3 al club.<\/p>\n\n\n\n<figure class=\"wp-block-embed is-type-rich is-provider-twitter wp-block-embed-twitter\"><div class=\"wp-block-embed__wrapper\">\n<blockquote class=\"twitter-tweet\" data-width=\"550\" data-dnt=\"true\"><p lang=\"en\" dir=\"ltr\">Rudiger went from public enemy number one to being loved by nearly every Chelsea fan for good reason. He really silenced so many Chelsea fans..<\/p>&mdash; Conn (@ConnCFC) <a href=\"https:\/\/twitter.com\/ConnCFC\/status\/1375516988731105282?ref_src=twsrc%5Etfw\">March 26, 2021<\/a><\/blockquote><script async src=\"https:\/\/platform.twitter.com\/widgets.js\" charset=\"utf-8\"><\/script>\n<\/div><\/figure>\n\n\n\n<p>Teniendo en cuenta la impresionante actuaci\u00f3n del alem\u00e1n contra el Atl\u00e9tico de Madrid en los octavos de final de la Liga de Campeones, podr\u00eda ser otro de los jugadores retenidos para enfrentarse al Oporto la pr\u00f3xima semana.<\/p>\n","protected":false},"excerpt":{"rendered":"<p>El t\u00e9cnico deber\u00eda dejar descansar a algunos jugadores en el partido contra el West Brom, de cara al encuentro con el Oporto.<\/p>\n","protected":false},"author":1022,"featured_media":-101101261656,"comment_status":"open","ping_status":"closed","sticky":false,"template":"","format":"standard","meta":{"om_disable_all_campaigns":false,"push_articles_ronaldo":{"active":false,"canonical":0,"publish":false},"force_updates":null},"categories":[65],"tags":[8088,82,1365,1254,4450,77,2919,4584],"enet_tags":{"player":["276738","750032","319300","179347"],"league":["42","47"],"team":["8455","8659"],"sport_events":[]},"yoast_head":"<!-- This site is optimized with the Yoast SEO plugin v18.3 - https:\/\/yoast.com\/wordpress\/plugins\/seo\/ -->\n<title>Tuchel deber\u00eda dar descanso a tres jugadores de cara al choque con el Oporto<\/title>\n<meta name=\"description\" content=\"El t\u00e9cnico deber\u00eda dejar descansar a algunos jugadores en el partido contra el West Brom, de cara al encuentro con el Oporto.\" \/>\n<meta name=\"robots\" content=\"index, follow, max-snippet:-1, max-image-preview:large, max-video-preview:-1\" \/>\n<link rel=\"canonical\" href=\"https:\/\/acefootball.com\/es\/noticias-de-futbol\/tuchel-deberia-dar-descanso-a-tres-jugadores-de-cara-al-choque-con-el-oporto\/\" \/>\n<meta property=\"og:locale\" content=\"es_ES\" \/>\n<meta property=\"og:type\" content=\"article\" \/>\n<meta property=\"og:title\" content=\"Tuchel deber\u00eda dar descanso a tres jugadores de cara al choque con el Oporto\" \/>\n<meta property=\"og:description\" content=\"El t\u00e9cnico deber\u00eda dejar descansar a algunos jugadores en el partido contra el West Brom, de cara al encuentro con el Oporto.\" \/>\n<meta property=\"og:url\" content=\"https:\/\/acefootball.com\/es\/noticias-de-futbol\/tuchel-deberia-dar-descanso-a-tres-jugadores-de-cara-al-choque-con-el-oporto\/\" \/>\n<meta property=\"og:site_name\" content=\"Ace Football Espa\u00f1ol\" \/>\n<meta property=\"article:published_time\" content=\"2021-03-31T14:17:03+00:00\" \/>\n<meta property=\"article:modified_time\" content=\"2021-03-31T14:17:04+00:00\" \/>\n<meta property=\"og:image\" content=\"https:\/\/acefootball.com\/es\/wp-content\/uploads\/2021\/03\/GettyImages-1300884538.jpg\" \/>\n\t<meta property=\"og:image:width\" content=\"1024\" \/>\n\t<meta property=\"og:image:height\" content=\"681\" \/>\n<meta name=\"twitter:card\" content=\"summary_large_image\" \/>\n<meta name=\"twitter:image\" content=\"https:\/\/acefootball.com\/es\/wp-content\/uploads\/2021\/03\/GettyImages-1300884538.jpg\" \/>\n<meta name=\"twitter:label1\" content=\"Escrito por\" \/>\n\t<meta name=\"twitter:data1\" content=\"\" \/>\n\t<meta name=\"twitter:label2\" content=\"Tiempo de lectura\" \/>\n\t<meta name=\"twitter:data2\" content=\"3 minutos\" \/>\n<script type=\"application\/ld+json\" class=\"yoast-schema-graph\">{\"@context\":\"https:\/\/schema.org\",\"@graph\":[{\"@type\":\"WebSite\",\"@id\":\"https:\/\/acefootball.com\/es\/#website\",\"url\":\"https:\/\/acefootball.com\/es\/\",\"name\":\"Ace Football Espa\u00f1ol\",\"description\":\"News, Betting and Livescore\",\"potentialAction\":[{\"@type\":\"SearchAction\",\"target\":{\"@type\":\"EntryPoint\",\"urlTemplate\":\"https:\/\/acefootball.com\/es\/?s={search_term_string}\"},\"query-input\":\"required name=search_term_string\"}],\"inLanguage\":\"es\"},{\"@type\":\"ImageObject\",\"@id\":\"https:\/\/acefootball.com\/es\/noticias-de-futbol\/tuchel-deberia-dar-descanso-a-tres-jugadores-de-cara-al-choque-con-el-oporto\/#primaryimage\",\"inLanguage\":\"es\",\"url\":\"https:\/\/acefootball.com\/es\/wp-content\/uploads\/2021\/03\/GettyImages-1300884538.jpg\",\"contentUrl\":\"https:\/\/acefootball.com\/es\/wp-content\/uploads\/2021\/03\/GettyImages-1300884538.jpg\"},{\"@type\":\"WebPage\",\"@id\":\"https:\/\/acefootball.com\/es\/noticias-de-futbol\/tuchel-deberia-dar-descanso-a-tres-jugadores-de-cara-al-choque-con-el-oporto\/#webpage\",\"url\":\"https:\/\/acefootball.com\/es\/noticias-de-futbol\/tuchel-deberia-dar-descanso-a-tres-jugadores-de-cara-al-choque-con-el-oporto\/\",\"name\":\"Tuchel deber\u00eda dar descanso a tres jugadores de cara al choque con el Oporto\",\"isPartOf\":{\"@id\":\"https:\/\/acefootball.com\/es\/#website\"},\"primaryImageOfPage\":{\"@id\":\"https:\/\/acefootball.com\/es\/noticias-de-futbol\/tuchel-deberia-dar-descanso-a-tres-jugadores-de-cara-al-choque-con-el-oporto\/#primaryimage\"},\"datePublished\":\"2021-03-31T14:17:03+00:00\",\"dateModified\":\"2021-03-31T14:17:04+00:00\",\"author\":{\"@id\":\"\"},\"description\":\"El t\u00e9cnico deber\u00eda dejar descansar a algunos jugadores en el partido contra el West Brom, de cara al encuentro con el Oporto.\",\"breadcrumb\":{\"@id\":\"https:\/\/acefootball.com\/es\/noticias-de-futbol\/tuchel-deberia-dar-descanso-a-tres-jugadores-de-cara-al-choque-con-el-oporto\/#breadcrumb\"},\"inLanguage\":\"es\",\"potentialAction\":[{\"@type\":\"ReadAction\",\"target\":[\"https:\/\/acefootball.com\/es\/noticias-de-futbol\/tuchel-deberia-dar-descanso-a-tres-jugadores-de-cara-al-choque-con-el-oporto\/\"]}]},{\"@type\":\"BreadcrumbList\",\"@id\":\"https:\/\/acefootball.com\/es\/noticias-de-futbol\/tuchel-deberia-dar-descanso-a-tres-jugadores-de-cara-al-choque-con-el-oporto\/#breadcrumb\",\"itemListElement\":[{\"@type\":\"ListItem\",\"position\":1,\"name\":\"Home\",\"item\":\"https:\/\/acefootball.com\/es\/\"},{\"@type\":\"ListItem\",\"position\":2,\"name\":\"Tuchel deber\u00eda dar descanso a tres jugadores de cara al choque con el Oporto\"}]},{\"@type\":\"Person\",\"@id\":\"\",\"url\":\"https:\/\/acefootball.com\/es\/noticias-de-futbol\/author\/\"}]}<\/script>\n<!-- \/ Yoast SEO plugin. -->","yoast_head_json":{"title":"Tuchel deber\u00eda dar descanso a tres jugadores de cara al choque con el Oporto","description":"El t\u00e9cnico deber\u00eda dejar descansar a algunos jugadores en el partido contra el West Brom, de cara al encuentro con el Oporto.","robots":{"index":"index","follow":"follow","max-snippet":"max-snippet:-1","max-image-preview":"max-image-preview:large","max-video-preview":"max-video-preview:-1"},"canonical":"https:\/\/acefootball.com\/es\/noticias-de-futbol\/tuchel-deberia-dar-descanso-a-tres-jugadores-de-cara-al-choque-con-el-oporto\/","og_locale":"es_ES","og_type":"article","og_title":"Tuchel deber\u00eda dar descanso a tres jugadores de cara al choque con el Oporto","og_description":"El t\u00e9cnico deber\u00eda dejar descansar a algunos jugadores en el partido contra el West Brom, de cara al encuentro con el Oporto.","og_url":"https:\/\/acefootball.com\/es\/noticias-de-futbol\/tuchel-deberia-dar-descanso-a-tres-jugadores-de-cara-al-choque-con-el-oporto\/","og_site_name":"Ace Football Espa\u00f1ol","article_published_time":"2021-03-31T14:17:03+00:00","article_modified_time":"2021-03-31T14:17:04+00:00","og_image":[{"url":"https:\/\/acefootball.com\/es\/wp-content\/uploads\/2021\/03\/GettyImages-1300884538.jpg","height":681,"width":1024}],"twitter_card":"summary_large_image","twitter_image":"https:\/\/acefootball.com\/es\/wp-content\/uploads\/2021\/03\/GettyImages-1300884538.jpg","twitter_misc":{"Escrito por":"","Tiempo de lectura":"3 minutos"},"schema":{"@context":"https:\/\/schema.org","@graph":[{"@type":"WebSite","@id":"https:\/\/acefootball.com\/es\/#website","url":"https:\/\/acefootball.com\/es\/","name":"Ace Football Espa\u00f1ol","description":"News, Betting and Livescore","potentialAction":[{"@type":"SearchAction","target":{"@type":"EntryPoint","urlTemplate":"https:\/\/acefootball.com\/es\/?s={search_term_string}"},"query-input":"required name=search_term_string"}],"inLanguage":"es"},{"@type":"ImageObject","@id":"https:\/\/acefootball.com\/es\/noticias-de-futbol\/tuchel-deberia-dar-descanso-a-tres-jugadores-de-cara-al-choque-con-el-oporto\/#primaryimage","inLanguage":"es","url":"https:\/\/acefootball.com\/es\/wp-content\/uploads\/2021\/03\/GettyImages-1300884538.jpg","contentUrl":"https:\/\/acefootball.com\/es\/wp-content\/uploads\/2021\/03\/GettyImages-1300884538.jpg"},{"@type":"WebPage","@id":"https:\/\/acefootball.com\/es\/noticias-de-futbol\/tuchel-deberia-dar-descanso-a-tres-jugadores-de-cara-al-choque-con-el-oporto\/#webpage","url":"https:\/\/acefootball.com\/es\/noticias-de-futbol\/tuchel-deberia-dar-descanso-a-tres-jugadores-de-cara-al-choque-con-el-oporto\/","name":"Tuchel deber\u00eda dar descanso a tres jugadores de cara al choque con el Oporto","isPartOf":{"@id":"https:\/\/acefootball.com\/es\/#website"},"primaryImageOfPage":{"@id":"https:\/\/acefootball.com\/es\/noticias-de-futbol\/tuchel-deberia-dar-descanso-a-tres-jugadores-de-cara-al-choque-con-el-oporto\/#primaryimage"},"datePublished":"2021-03-31T14:17:03+00:00","dateModified":"2021-03-31T14:17:04+00:00","author":{"@id":""},"description":"El t\u00e9cnico deber\u00eda dejar descansar a algunos jugadores en el partido contra el West Brom, de cara al encuentro con el Oporto.","breadcrumb":{"@id":"https:\/\/acefootball.com\/es\/noticias-de-futbol\/tuchel-deberia-dar-descanso-a-tres-jugadores-de-cara-al-choque-con-el-oporto\/#breadcrumb"},"inLanguage":"es","potentialAction":[{"@type":"ReadAction","target":["https:\/\/acefootball.com\/es\/noticias-de-futbol\/tuchel-deberia-dar-descanso-a-tres-jugadores-de-cara-al-choque-con-el-oporto\/"]}]},{"@type":"BreadcrumbList","@id":"https:\/\/acefootball.com\/es\/noticias-de-futbol\/tuchel-deberia-dar-descanso-a-tres-jugadores-de-cara-al-choque-con-el-oporto\/#breadcrumb","itemListElement":[{"@type":"ListItem","position":1,"name":"Home","item":"https:\/\/acefootball.com\/es\/"},{"@type":"ListItem","position":2,"name":"Tuchel deber\u00eda dar descanso a tres jugadores de cara al choque con el Oporto"}]},{"@type":"Person","@id":"","url":"https:\/\/acefootball.com\/es\/noticias-de-futbol\/author\/"}]}},"fimg_url":"https:\/\/acefootball.com\/es\/wp-content\/uploads\/2021\/03\/GettyImages-1300884538.jpg","_links":{"self":[{"href":"https:\/\/acefootball.com\/es\/wp-json\/wp\/v2\/posts\/14654"}],"collection":[{"href":"https:\/\/acefootball.com\/es\/wp-json\/wp\/v2\/posts"}],"about":[{"href":"https:\/\/acefootball.com\/es\/wp-json\/wp\/v2\/types\/post"}],"author":[{"embeddable":true,"href":"https:\/\/acefootball.com\/es\/wp-json\/wp\/v2\/users\/1022"}],"replies":[{"embeddable":true,"href":"https:\/\/acefootball.com\/es\/wp-json\/wp\/v2\/comments?post=14654"}],"version-history":[{"count":0,"href":"https:\/\/acefootball.com\/es\/wp-json\/wp\/v2\/posts\/14654\/revisions"}],"wp:featuredmedia":[{"embeddable":true,"href":"https:\/\/acefootball.com\/es\/wp-json\/wp\/v2\/media\/-101101261656"}],"wp:attachment":[{"href":"https:\/\/acefootball.com\/es\/wp-json\/wp\/v2\/media?parent=14654"}],"wp:term":[{"taxonomy":"category","embeddable":true,"href":"https:\/\/acefootball.com\/es\/wp-json\/wp\/v2\/categories?post=14654"},{"taxonomy":"post_tag","embeddable":true,"href":"https:\/\/acefootball.com\/es\/wp-json\/wp\/v2\/tags?post=14654"}],"curies":[{"name":"wp","href":"https:\/\/api.w.org\/{rel}","templated":true}]}}