{"id":14653,"date":"2021-03-31T16:03:41","date_gmt":"2021-03-31T14:03:41","guid":{"rendered":"https:\/\/acefootball.com\/es\/?p=14653"},"modified":"2021-03-31T16:03:42","modified_gmt":"2021-03-31T14:03:42","slug":"no-puede-estar-satisfecho-deschamps-da-un-toque-de-atencion","status":"publish","type":"post","link":"https:\/\/acefootball.com\/es\/noticias-de-futbol\/no-puede-estar-satisfecho-deschamps-da-un-toque-de-atencion\/","title":{"rendered":"\u00abNo puede estar satisfecho\u00bb Deschamps da un toque de atenci\u00f3n"},"content":{"rendered":"\n<h2 id=\"h-en-v-speras-del-partido-francia-vs-bosnia-herzegovina-didier-deschamps-tiene-una-tarea-para-kylian-mbapp-que-no-est-en-forma\">En v\u00edsperas del partido Francia vs Bosnia-Herzegovina, Didier Deschamps tiene una tarea para Kylian Mbapp\u00e9, que no est\u00e1 en forma.<\/h2>\n\n\n\n<p>El seleccionador franc\u00e9s le ha dado un toque de atenci\u00f3n al Kylian Mbapp\u00e9, exigi\u00e9ndole que mejore ya que durante lo \u00faltimos partidos, el jugador no ha estado a la altura de su nivel en la escena internacional.<\/p>\n\n\n\n<p><em><a href=\"https:\/\/acefootball.com\/es\/noticias-de-futbol\/francia-1-1-ucrania-valoracion-del-partido-clasificatorio-al-mundial\/\">Mbapp\u00e9 no consigui\u00f3 lucirse<\/a><\/em> cuando Francia se enfrent\u00f3 a Ucrania en su primer partido de la clasificaci\u00f3n para el Mundial de 2022, que termin\u00f3 en empate a uno.<\/p>\n\n\n\n<p>Cuatro d\u00edas m\u00e1s tarde, el jugador del PSG empez\u00f3 en la banda contra Kazajist\u00e1n y fall\u00f3 un penalti durante la segunda parte. Por todo ello, Deschamps quiere que Mbapp\u00e9 enmiende sus errores en el pr\u00f3ximo partido.<\/p>\n\n\n\n<figure class=\"wp-block-embed is-type-rich is-provider-twitter wp-block-embed-twitter\"><div class=\"wp-block-embed__wrapper\">\n<blockquote class=\"twitter-tweet\" data-width=\"550\" data-dnt=\"true\"><p lang=\"pt\" dir=\"ltr\">M\u00e9rito do guarda-redes ou displic\u00eancia de <a href=\"https:\/\/twitter.com\/KMbappe?ref_src=twsrc%5Etfw\">@KMbappe<\/a>?<a href=\"https:\/\/twitter.com\/hashtag\/sporttvportugal?src=hash&amp;ref_src=twsrc%5Etfw\">#sporttvportugal<\/a>\u00a0<a href=\"https:\/\/twitter.com\/hashtag\/UEFA?src=hash&amp;ref_src=twsrc%5Etfw\">#UEFA<\/a>\u00a0<a href=\"https:\/\/twitter.com\/hashtag\/FIFA?src=hash&amp;ref_src=twsrc%5Etfw\">#FIFA<\/a>\u00a0<a href=\"https:\/\/twitter.com\/hashtag\/WorldCup?src=hash&amp;ref_src=twsrc%5Etfw\">#WorldCup<\/a>\u00a0<a href=\"https:\/\/twitter.com\/hashtag\/Qatar2022?src=hash&amp;ref_src=twsrc%5Etfw\">#Qatar2022<\/a>\u00a0<a href=\"https:\/\/twitter.com\/hashtag\/WCQ?src=hash&amp;ref_src=twsrc%5Etfw\">#WCQ<\/a> <a href=\"https:\/\/twitter.com\/hashtag\/France?src=hash&amp;ref_src=twsrc%5Etfw\">#France<\/a> <a href=\"https:\/\/twitter.com\/hashtag\/Kazakhstan?src=hash&amp;ref_src=twsrc%5Etfw\">#Kazakhstan<\/a> <a href=\"https:\/\/twitter.com\/hashtag\/Mbapp%C3%A9?src=hash&amp;ref_src=twsrc%5Etfw\">#Mbapp\u00e9<\/a> <a href=\"https:\/\/twitter.com\/hashtag\/Mokin?src=hash&amp;ref_src=twsrc%5Etfw\">#Mokin<\/a> <a href=\"https:\/\/t.co\/PKKZ5LZsoY\">pic.twitter.com\/PKKZ5LZsoY<\/a><\/p>&mdash; SPORT TV (@SPORTTVPortugal) <a href=\"https:\/\/twitter.com\/SPORTTVPortugal\/status\/1376498753776070658?ref_src=twsrc%5Etfw\">March 29, 2021<\/a><\/blockquote><script async src=\"https:\/\/platform.twitter.com\/widgets.js\" charset=\"utf-8\"><\/script>\n<\/div><\/figure>\n\n\n\n<p>Antes del partido contra el Bosnia-Herzegovina, Deschamps <em><a href=\"https:\/\/as.com\/futbol\/2021\/03\/30\/mundial\/1617131126_495112.html\" target=\"_blank\" rel=\"noreferrer noopener\">compadeci\u00f3 a los medios<\/a><\/em> y dej\u00f3 muy clara su opini\u00f3n: \u00abNo puede estar satisfecho con lo que ha hecho hasta ahora\u00bb.<\/p>\n\n\n\n<p>\u00abNo estuvo muy bien de piernas en el primer partido. Estuvo mucho mejor contra Kazajist\u00e1n y tuvo ocasiones. Por supuesto que quiere marcar m\u00e1s goles y crearlos\u00bb.<\/p>\n\n\n\n<p>Tambi\u00e9n le preguntaron sobre el penalti que fall\u00f3 y si le afect\u00f3 mentalmente: \u00abNo creo que lo haya hecho. Le pasa a todos\u00bb.<\/p>\n\n\n\n<p>\u00abConozco bien a Kylian. \u00c9l puede, durante un partido o un per\u00edodo de tiempo, tener un momento de eficiencia que sea un poco menos bueno de lo habitual\u00bb<\/p>\n\n\n\n<figure class=\"wp-block-embed is-type-rich is-provider-twitter wp-block-embed-twitter\"><div class=\"wp-block-embed__wrapper\">\n<blockquote class=\"twitter-tweet\" data-width=\"550\" data-dnt=\"true\"><p lang=\"fr\" dir=\"ltr\">\ud83d\udcac Didier Deschamps sur Kylian Mbapp\u00e9 : \u00ab Je ne le sens pas du tout affect\u00e9, \u00e7a arrive \u00e0 tout le monde \u00bb<a href=\"https:\/\/twitter.com\/hashtag\/BOSFRA?src=hash&amp;ref_src=twsrc%5Etfw\">#BOSFRA<\/a> <a href=\"https:\/\/t.co\/LtD3R1rtEk\">pic.twitter.com\/LtD3R1rtEk<\/a><\/p>&mdash; L&#39;\u00c9QUIPE (@lequipe) <a href=\"https:\/\/twitter.com\/lequipe\/status\/1376922778121687042?ref_src=twsrc%5Etfw\">March 30, 2021<\/a><\/blockquote><script async src=\"https:\/\/platform.twitter.com\/widgets.js\" charset=\"utf-8\"><\/script>\n<\/div><\/figure>\n","protected":false},"excerpt":{"rendered":"<p>En v\u00edsperas del partido Francia vs Bosnia-Herzegovina, Didier Deschamps tiene una tarea para Kylian Mbapp\u00e9, que no est\u00e1 en forma.<\/p>\n","protected":false},"author":1022,"featured_media":-101101261659,"comment_status":"open","ping_status":"closed","sticky":false,"template":"","format":"standard","meta":{"om_disable_all_campaigns":false,"push_articles_ronaldo":{"active":false,"canonical":0,"publish":false},"force_updates":null},"categories":[1],"tags":[1131,2814,796,1675],"enet_tags":{"league":["77"],"player":["78624","701154"],"team":["6723"],"sport_events":[]},"yoast_head":"<!-- This site is optimized with the Yoast SEO plugin v18.3 - https:\/\/yoast.com\/wordpress\/plugins\/seo\/ -->\n<title>\u00abNo puede estar satisfecho\u00bb Deschamps da un toque de atenci\u00f3n<\/title>\n<meta name=\"description\" content=\"En v\u00edsperas del partido Francia vs Bosnia-Herzegovina, Didier Deschamps tiene una tarea para Kylian Mbapp\u00e9, que no est\u00e1 en forma.\" \/>\n<meta name=\"robots\" content=\"index, follow, max-snippet:-1, max-image-preview:large, max-video-preview:-1\" \/>\n<link rel=\"canonical\" href=\"https:\/\/acefootball.com\/es\/noticias-de-futbol\/no-puede-estar-satisfecho-deschamps-da-un-toque-de-atencion\/\" \/>\n<meta property=\"og:locale\" content=\"es_ES\" \/>\n<meta property=\"og:type\" content=\"article\" \/>\n<meta property=\"og:title\" content=\"\u00abNo puede estar satisfecho\u00bb Deschamps da un toque de atenci\u00f3n\" \/>\n<meta property=\"og:description\" content=\"En v\u00edsperas del partido Francia vs Bosnia-Herzegovina, Didier Deschamps tiene una tarea para Kylian Mbapp\u00e9, que no est\u00e1 en forma.\" \/>\n<meta property=\"og:url\" content=\"https:\/\/acefootball.com\/es\/noticias-de-futbol\/no-puede-estar-satisfecho-deschamps-da-un-toque-de-atencion\/\" \/>\n<meta property=\"og:site_name\" content=\"Ace Football Espa\u00f1ol\" \/>\n<meta property=\"article:published_time\" content=\"2021-03-31T14:03:41+00:00\" \/>\n<meta property=\"article:modified_time\" content=\"2021-03-31T14:03:42+00:00\" \/>\n<meta property=\"og:image\" content=\"https:\/\/acefootball.com\/es\/wp-content\/uploads\/2021\/03\/GettyImages-1308958029.jpg\" \/>\n\t<meta property=\"og:image:width\" content=\"1024\" \/>\n\t<meta property=\"og:image:height\" content=\"683\" \/>\n<meta name=\"twitter:card\" content=\"summary_large_image\" \/>\n<meta name=\"twitter:image\" content=\"https:\/\/acefootball.com\/es\/wp-content\/uploads\/2021\/03\/GettyImages-1308958029.jpg\" \/>\n<meta name=\"twitter:label1\" content=\"Escrito por\" \/>\n\t<meta name=\"twitter:data1\" content=\"\" \/>\n\t<meta name=\"twitter:label2\" content=\"Tiempo de lectura\" \/>\n\t<meta name=\"twitter:data2\" content=\"2 minutos\" \/>\n<script type=\"application\/ld+json\" class=\"yoast-schema-graph\">{\"@context\":\"https:\/\/schema.org\",\"@graph\":[{\"@type\":\"WebSite\",\"@id\":\"https:\/\/acefootball.com\/es\/#website\",\"url\":\"https:\/\/acefootball.com\/es\/\",\"name\":\"Ace Football Espa\u00f1ol\",\"description\":\"News, Betting and Livescore\",\"potentialAction\":[{\"@type\":\"SearchAction\",\"target\":{\"@type\":\"EntryPoint\",\"urlTemplate\":\"https:\/\/acefootball.com\/es\/?s={search_term_string}\"},\"query-input\":\"required name=search_term_string\"}],\"inLanguage\":\"es\"},{\"@type\":\"ImageObject\",\"@id\":\"https:\/\/acefootball.com\/es\/noticias-de-futbol\/no-puede-estar-satisfecho-deschamps-da-un-toque-de-atencion\/#primaryimage\",\"inLanguage\":\"es\",\"url\":\"https:\/\/acefootball.com\/es\/wp-content\/uploads\/2021\/03\/GettyImages-1308958029.jpg\",\"contentUrl\":\"https:\/\/acefootball.com\/es\/wp-content\/uploads\/2021\/03\/GettyImages-1308958029.jpg\"},{\"@type\":\"WebPage\",\"@id\":\"https:\/\/acefootball.com\/es\/noticias-de-futbol\/no-puede-estar-satisfecho-deschamps-da-un-toque-de-atencion\/#webpage\",\"url\":\"https:\/\/acefootball.com\/es\/noticias-de-futbol\/no-puede-estar-satisfecho-deschamps-da-un-toque-de-atencion\/\",\"name\":\"\u00abNo puede estar satisfecho\u00bb Deschamps da un toque de atenci\u00f3n\",\"isPartOf\":{\"@id\":\"https:\/\/acefootball.com\/es\/#website\"},\"primaryImageOfPage\":{\"@id\":\"https:\/\/acefootball.com\/es\/noticias-de-futbol\/no-puede-estar-satisfecho-deschamps-da-un-toque-de-atencion\/#primaryimage\"},\"datePublished\":\"2021-03-31T14:03:41+00:00\",\"dateModified\":\"2021-03-31T14:03:42+00:00\",\"author\":{\"@id\":\"\"},\"description\":\"En v\u00edsperas del partido Francia vs Bosnia-Herzegovina, Didier Deschamps tiene una tarea para Kylian Mbapp\u00e9, que no est\u00e1 en forma.\",\"breadcrumb\":{\"@id\":\"https:\/\/acefootball.com\/es\/noticias-de-futbol\/no-puede-estar-satisfecho-deschamps-da-un-toque-de-atencion\/#breadcrumb\"},\"inLanguage\":\"es\",\"potentialAction\":[{\"@type\":\"ReadAction\",\"target\":[\"https:\/\/acefootball.com\/es\/noticias-de-futbol\/no-puede-estar-satisfecho-deschamps-da-un-toque-de-atencion\/\"]}]},{\"@type\":\"BreadcrumbList\",\"@id\":\"https:\/\/acefootball.com\/es\/noticias-de-futbol\/no-puede-estar-satisfecho-deschamps-da-un-toque-de-atencion\/#breadcrumb\",\"itemListElement\":[{\"@type\":\"ListItem\",\"position\":1,\"name\":\"Home\",\"item\":\"https:\/\/acefootball.com\/es\/\"},{\"@type\":\"ListItem\",\"position\":2,\"name\":\"\u00abNo puede estar satisfecho\u00bb Deschamps da un toque de atenci\u00f3n\"}]},{\"@type\":\"Person\",\"@id\":\"\",\"url\":\"https:\/\/acefootball.com\/es\/noticias-de-futbol\/author\/\"}]}<\/script>\n<!-- \/ Yoast SEO plugin. -->","yoast_head_json":{"title":"\u00abNo puede estar satisfecho\u00bb Deschamps da un toque de atenci\u00f3n","description":"En v\u00edsperas del partido Francia vs Bosnia-Herzegovina, Didier Deschamps tiene una tarea para Kylian Mbapp\u00e9, que no est\u00e1 en forma.","robots":{"index":"index","follow":"follow","max-snippet":"max-snippet:-1","max-image-preview":"max-image-preview:large","max-video-preview":"max-video-preview:-1"},"canonical":"https:\/\/acefootball.com\/es\/noticias-de-futbol\/no-puede-estar-satisfecho-deschamps-da-un-toque-de-atencion\/","og_locale":"es_ES","og_type":"article","og_title":"\u00abNo puede estar satisfecho\u00bb Deschamps da un toque de atenci\u00f3n","og_description":"En v\u00edsperas del partido Francia vs Bosnia-Herzegovina, Didier Deschamps tiene una tarea para Kylian Mbapp\u00e9, que no est\u00e1 en forma.","og_url":"https:\/\/acefootball.com\/es\/noticias-de-futbol\/no-puede-estar-satisfecho-deschamps-da-un-toque-de-atencion\/","og_site_name":"Ace Football Espa\u00f1ol","article_published_time":"2021-03-31T14:03:41+00:00","article_modified_time":"2021-03-31T14:03:42+00:00","og_image":[{"url":"https:\/\/acefootball.com\/es\/wp-content\/uploads\/2021\/03\/GettyImages-1308958029.jpg","height":683,"width":1024}],"twitter_card":"summary_large_image","twitter_image":"https:\/\/acefootball.com\/es\/wp-content\/uploads\/2021\/03\/GettyImages-1308958029.jpg","twitter_misc":{"Escrito por":"","Tiempo de lectura":"2 minutos"},"schema":{"@context":"https:\/\/schema.org","@graph":[{"@type":"WebSite","@id":"https:\/\/acefootball.com\/es\/#website","url":"https:\/\/acefootball.com\/es\/","name":"Ace Football Espa\u00f1ol","description":"News, Betting and Livescore","potentialAction":[{"@type":"SearchAction","target":{"@type":"EntryPoint","urlTemplate":"https:\/\/acefootball.com\/es\/?s={search_term_string}"},"query-input":"required name=search_term_string"}],"inLanguage":"es"},{"@type":"ImageObject","@id":"https:\/\/acefootball.com\/es\/noticias-de-futbol\/no-puede-estar-satisfecho-deschamps-da-un-toque-de-atencion\/#primaryimage","inLanguage":"es","url":"https:\/\/acefootball.com\/es\/wp-content\/uploads\/2021\/03\/GettyImages-1308958029.jpg","contentUrl":"https:\/\/acefootball.com\/es\/wp-content\/uploads\/2021\/03\/GettyImages-1308958029.jpg"},{"@type":"WebPage","@id":"https:\/\/acefootball.com\/es\/noticias-de-futbol\/no-puede-estar-satisfecho-deschamps-da-un-toque-de-atencion\/#webpage","url":"https:\/\/acefootball.com\/es\/noticias-de-futbol\/no-puede-estar-satisfecho-deschamps-da-un-toque-de-atencion\/","name":"\u00abNo puede estar satisfecho\u00bb Deschamps da un toque de atenci\u00f3n","isPartOf":{"@id":"https:\/\/acefootball.com\/es\/#website"},"primaryImageOfPage":{"@id":"https:\/\/acefootball.com\/es\/noticias-de-futbol\/no-puede-estar-satisfecho-deschamps-da-un-toque-de-atencion\/#primaryimage"},"datePublished":"2021-03-31T14:03:41+00:00","dateModified":"2021-03-31T14:03:42+00:00","author":{"@id":""},"description":"En v\u00edsperas del partido Francia vs Bosnia-Herzegovina, Didier Deschamps tiene una tarea para Kylian Mbapp\u00e9, que no est\u00e1 en forma.","breadcrumb":{"@id":"https:\/\/acefootball.com\/es\/noticias-de-futbol\/no-puede-estar-satisfecho-deschamps-da-un-toque-de-atencion\/#breadcrumb"},"inLanguage":"es","potentialAction":[{"@type":"ReadAction","target":["https:\/\/acefootball.com\/es\/noticias-de-futbol\/no-puede-estar-satisfecho-deschamps-da-un-toque-de-atencion\/"]}]},{"@type":"BreadcrumbList","@id":"https:\/\/acefootball.com\/es\/noticias-de-futbol\/no-puede-estar-satisfecho-deschamps-da-un-toque-de-atencion\/#breadcrumb","itemListElement":[{"@type":"ListItem","position":1,"name":"Home","item":"https:\/\/acefootball.com\/es\/"},{"@type":"ListItem","position":2,"name":"\u00abNo puede estar satisfecho\u00bb Deschamps da un toque de atenci\u00f3n"}]},{"@type":"Person","@id":"","url":"https:\/\/acefootball.com\/es\/noticias-de-futbol\/author\/"}]}},"fimg_url":"https:\/\/acefootball.com\/es\/wp-content\/uploads\/2021\/03\/GettyImages-1308958029.jpg","_links":{"self":[{"href":"https:\/\/acefootball.com\/es\/wp-json\/wp\/v2\/posts\/14653"}],"collection":[{"href":"https:\/\/acefootball.com\/es\/wp-json\/wp\/v2\/posts"}],"about":[{"href":"https:\/\/acefootball.com\/es\/wp-json\/wp\/v2\/types\/post"}],"author":[{"embeddable":true,"href":"https:\/\/acefootball.com\/es\/wp-json\/wp\/v2\/users\/1022"}],"replies":[{"embeddable":true,"href":"https:\/\/acefootball.com\/es\/wp-json\/wp\/v2\/comments?post=14653"}],"version-history":[{"count":0,"href":"https:\/\/acefootball.com\/es\/wp-json\/wp\/v2\/posts\/14653\/revisions"}],"wp:featuredmedia":[{"embeddable":true,"href":"https:\/\/acefootball.com\/es\/wp-json\/wp\/v2\/media\/-101101261659"}],"wp:attachment":[{"href":"https:\/\/acefootball.com\/es\/wp-json\/wp\/v2\/media?parent=14653"}],"wp:term":[{"taxonomy":"category","embeddable":true,"href":"https:\/\/acefootball.com\/es\/wp-json\/wp\/v2\/categories?post=14653"},{"taxonomy":"post_tag","embeddable":true,"href":"https:\/\/acefootball.com\/es\/wp-json\/wp\/v2\/tags?post=14653"}],"curies":[{"name":"wp","href":"https:\/\/api.w.org\/{rel}","templated":true}]}}