{"id":14627,"date":"2021-03-30T20:58:00","date_gmt":"2021-03-30T20:58:00","guid":{"rendered":"https:\/\/acefootball.com\/es\/?p=14627"},"modified":"2021-03-30T20:58:07","modified_gmt":"2021-03-30T20:58:07","slug":"por-que-kylian-mbappe-no-jugara-en-los-juegos-olimpicos-de-tokio","status":"publish","type":"post","link":"https:\/\/acefootball.com\/es\/noticias-de-futbol\/por-que-kylian-mbappe-no-jugara-en-los-juegos-olimpicos-de-tokio\/","title":{"rendered":"Por qu\u00e9 Kylian Mbapp\u00e9 no jugar\u00e1 en los Juegos Ol\u00edmpicos de Tokio"},"content":{"rendered":"\n<h2 id=\"h-seg-n-un-reciente-informe-kylian-mbapp-no-jugar-en-los-juegos-ol-mpicos-de-tokio-a-finales-de-verano-te-contamos-el-motivo\">Seg\u00fan un reciente informe, Kylian Mbapp\u00e9 no jugar\u00e1 en los Juegos Ol\u00edmpicos de Tokio a finales de verano. Te contamos el motivo.<\/h2>\n\n\n\n<p>Kylian Mbapp\u00e9 es absolutamente elegible para representar a Francia en los pr\u00f3ximos Juegos Ol\u00edmpicos de Tokio que tendr\u00e1n lugar el pr\u00f3ximo verano. Para los que no lo sepan, las selecciones nacionales que juegan este torneo tienen un l\u00edmite de edad. Todas las selecciones tienen que convocar a futbolistas menores de 23 a\u00f1os. Adem\u00e1s, se les permite llamar a tres de ellos que superen ese l\u00edmite de edad como refuerzos. En el caso de Kylian Mbapp\u00e9, est\u00e1 por debajo de ese l\u00edmite de edad y deber\u00eda ser elegible para jugar.<\/p>\n\n\n\n<p>Sin embargo, <em><a href=\"https:\/\/www.leparisien.fr\/sports\/football\/jo-de-tokyo-pourquoi-le-reve-olympique-de-kylian-mbappe-seloigne-26-03-2021-26ZIPTK335GPVLKYHWA4GAT64E.php\" target=\"_blank\" rel=\"noreferrer noopener\">Le Parisien<\/a><\/em>\u00a0acaba de informar de que la estrella del <em><a href=\"https:\/\/acefootball.com\/es\/noticias-de-futbol\/informe-el-psg-finalmente-hizo-una-oferta-formal-a-kylian-mbappe\/\">PSG<\/a><\/em> acaba de comunicar a la Federaci\u00f3n Francesa de F\u00fatbol que no formar\u00e1 parte de la selecci\u00f3n para los Juegos Ol\u00edmpicos de verano. Hay una raz\u00f3n de peso por la que ha tomado esta decisi\u00f3n y la federaci\u00f3n lo entiende perfectamente. Por esas fechas, hay mucha actividad que mantendr\u00e1 a Mbapp\u00e9 bastante ocupado sin tiempo para hacer otra cosa.<\/p>\n\n\n\n<figure class=\"wp-block-embed is-type-rich is-provider-twitter wp-block-embed-twitter\"><div class=\"wp-block-embed__wrapper\">\n<blockquote class=\"twitter-tweet\" data-width=\"550\" data-dnt=\"true\"><p lang=\"en\" dir=\"ltr\">Report: Tokyo Olympic Hopes Are Dwindling for Kylian Mbapp\u00e9; Eyes 2024 Edition to Win a Gold Medal on Home\u00a0Soil <a href=\"https:\/\/t.co\/JAvEcV3Z5G\">https:\/\/t.co\/JAvEcV3Z5G<\/a><\/p>&mdash; PSG Talk \ud83d\udcac (@PSGTalk) <a href=\"https:\/\/twitter.com\/PSGTalk\/status\/1376482063059140608?ref_src=twsrc%5Etfw\">March 29, 2021<\/a><\/blockquote><script async src=\"https:\/\/platform.twitter.com\/widgets.js\" charset=\"utf-8\"><\/script>\n<\/div><\/figure>\n\n\n\n<h3 id=\"h-mbapp-necesita-resolver-su-futuro\">Mbapp\u00e9 necesita resolver su futuro.<\/h3>\n\n\n\n<p>Con toda la actividad de fichajes que se produce en invierno, todo se solapa con los Juegos Ol\u00edmpicos de verano. Esto deja a Kylian Mbapp\u00e9 sin m\u00e1s opciones, pero se pierde el torneo por completo. Le Parisien informa de que la joven estrella estar\u00e1 muy ocupada tomando su decisi\u00f3n de ser la estrella del PSG o marcharse.<\/p>\n\n\n\n<p>Solo por este motivo, no hay ninguna posibilidad de que llegue a tiempo a Tokio. Todo el mundo sabe que Mbappe quiere jugar en el Real Madrid, es el secreto menos guardado del f\u00fatbol europeo. Pero solo pueden pasar dos cosas con el jugador: o se va a Espa\u00f1a o se queda en Par\u00eds. Decida lo que decida, est\u00e1 claro que necesitar\u00e1 todo el tiempo del mundo para tomar esta decisi\u00f3n.<\/p>\n","protected":false},"excerpt":{"rendered":"<p>Seg\u00fan un reciente informe, Kylian Mbapp\u00e9 no jugar\u00e1 en los Juegos Ol\u00edmpicos de Tokio a finales de verano. Te contamos el motivo. Kylian Mbapp\u00e9 es absolutamente elegible para representar a Francia en los pr\u00f3ximos Juegos Ol\u00edmpicos de Tokio que tendr\u00e1n lugar el pr\u00f3ximo verano. Para los que no lo sepan, las selecciones nacionales que juegan [&hellip;]<\/p>\n","protected":false},"author":1023,"featured_media":-101101261565,"comment_status":"closed","ping_status":"closed","sticky":false,"template":"","format":"standard","meta":{"om_disable_all_campaigns":false,"push_articles_ronaldo":{"active":false,"canonical":0,"publish":false},"force_updates":null},"categories":[67],"tags":[796,1675,1914,211],"enet_tags":{"team":["6723","9847","8633"],"player":["701154"],"sport_events":[]},"yoast_head":"<!-- This site is optimized with the Yoast SEO plugin v18.3 - https:\/\/yoast.com\/wordpress\/plugins\/seo\/ -->\n<title>Por qu\u00e9 Kylian Mbapp\u00e9 no jugar\u00e1 en los Juegos Ol\u00edmpicos de Tokio<\/title>\n<meta name=\"description\" content=\"Seg\u00fan un reciente informe, Kylian Mbapp\u00e9 no jugar\u00e1 en los Juegos Ol\u00edmpicos de Tokio a finales de verano. Te contamos el motivo.\" \/>\n<meta name=\"robots\" content=\"index, follow, max-snippet:-1, max-image-preview:large, max-video-preview:-1\" \/>\n<link rel=\"canonical\" href=\"https:\/\/acefootball.com\/es\/noticias-de-futbol\/por-que-kylian-mbappe-no-jugara-en-los-juegos-olimpicos-de-tokio\/\" \/>\n<meta property=\"og:locale\" content=\"es_ES\" \/>\n<meta property=\"og:type\" content=\"article\" \/>\n<meta property=\"og:title\" content=\"Por qu\u00e9 Kylian Mbapp\u00e9 no jugar\u00e1 en los Juegos Ol\u00edmpicos de Tokio\" \/>\n<meta property=\"og:description\" content=\"Seg\u00fan un reciente informe, Kylian Mbapp\u00e9 no jugar\u00e1 en los Juegos Ol\u00edmpicos de Tokio a finales de verano. Te contamos el motivo.\" \/>\n<meta property=\"og:url\" content=\"https:\/\/acefootball.com\/es\/noticias-de-futbol\/por-que-kylian-mbappe-no-jugara-en-los-juegos-olimpicos-de-tokio\/\" \/>\n<meta property=\"og:site_name\" content=\"Ace Football Espa\u00f1ol\" \/>\n<meta property=\"article:published_time\" content=\"2021-03-30T20:58:00+00:00\" \/>\n<meta property=\"article:modified_time\" content=\"2021-03-30T20:58:07+00:00\" \/>\n<meta property=\"og:image\" content=\"https:\/\/acefootball.com\/es\/wp-content\/uploads\/2021\/03\/GettyImages-1308959494.jpg\" \/>\n\t<meta property=\"og:image:width\" content=\"1024\" \/>\n\t<meta property=\"og:image:height\" content=\"683\" \/>\n<meta name=\"twitter:card\" content=\"summary_large_image\" \/>\n<meta name=\"twitter:image\" content=\"https:\/\/acefootball.com\/es\/wp-content\/uploads\/2021\/03\/GettyImages-1308959494.jpg\" \/>\n<meta name=\"twitter:label1\" content=\"Escrito por\" \/>\n\t<meta name=\"twitter:data1\" content=\"\" \/>\n\t<meta name=\"twitter:label2\" content=\"Tiempo de lectura\" \/>\n\t<meta name=\"twitter:data2\" content=\"2 minutos\" \/>\n<script type=\"application\/ld+json\" class=\"yoast-schema-graph\">{\"@context\":\"https:\/\/schema.org\",\"@graph\":[{\"@type\":\"WebSite\",\"@id\":\"https:\/\/acefootball.com\/es\/#website\",\"url\":\"https:\/\/acefootball.com\/es\/\",\"name\":\"Ace Football Espa\u00f1ol\",\"description\":\"News, Betting and Livescore\",\"potentialAction\":[{\"@type\":\"SearchAction\",\"target\":{\"@type\":\"EntryPoint\",\"urlTemplate\":\"https:\/\/acefootball.com\/es\/?s={search_term_string}\"},\"query-input\":\"required name=search_term_string\"}],\"inLanguage\":\"es\"},{\"@type\":\"ImageObject\",\"@id\":\"https:\/\/acefootball.com\/es\/noticias-de-futbol\/por-que-kylian-mbappe-no-jugara-en-los-juegos-olimpicos-de-tokio\/#primaryimage\",\"inLanguage\":\"es\",\"url\":\"\",\"contentUrl\":\"\"},{\"@type\":\"WebPage\",\"@id\":\"https:\/\/acefootball.com\/es\/noticias-de-futbol\/por-que-kylian-mbappe-no-jugara-en-los-juegos-olimpicos-de-tokio\/#webpage\",\"url\":\"https:\/\/acefootball.com\/es\/noticias-de-futbol\/por-que-kylian-mbappe-no-jugara-en-los-juegos-olimpicos-de-tokio\/\",\"name\":\"Por qu\u00e9 Kylian Mbapp\u00e9 no jugar\u00e1 en los Juegos Ol\u00edmpicos de Tokio\",\"isPartOf\":{\"@id\":\"https:\/\/acefootball.com\/es\/#website\"},\"primaryImageOfPage\":{\"@id\":\"https:\/\/acefootball.com\/es\/noticias-de-futbol\/por-que-kylian-mbappe-no-jugara-en-los-juegos-olimpicos-de-tokio\/#primaryimage\"},\"datePublished\":\"2021-03-30T20:58:00+00:00\",\"dateModified\":\"2021-03-30T20:58:07+00:00\",\"author\":{\"@id\":\"\"},\"description\":\"Seg\u00fan un reciente informe, Kylian Mbapp\u00e9 no jugar\u00e1 en los Juegos Ol\u00edmpicos de Tokio a finales de verano. Te contamos el motivo.\",\"breadcrumb\":{\"@id\":\"https:\/\/acefootball.com\/es\/noticias-de-futbol\/por-que-kylian-mbappe-no-jugara-en-los-juegos-olimpicos-de-tokio\/#breadcrumb\"},\"inLanguage\":\"es\",\"potentialAction\":[{\"@type\":\"ReadAction\",\"target\":[\"https:\/\/acefootball.com\/es\/noticias-de-futbol\/por-que-kylian-mbappe-no-jugara-en-los-juegos-olimpicos-de-tokio\/\"]}]},{\"@type\":\"BreadcrumbList\",\"@id\":\"https:\/\/acefootball.com\/es\/noticias-de-futbol\/por-que-kylian-mbappe-no-jugara-en-los-juegos-olimpicos-de-tokio\/#breadcrumb\",\"itemListElement\":[{\"@type\":\"ListItem\",\"position\":1,\"name\":\"Home\",\"item\":\"https:\/\/acefootball.com\/es\/\"},{\"@type\":\"ListItem\",\"position\":2,\"name\":\"Por qu\u00e9 Kylian Mbapp\u00e9 no jugar\u00e1 en los Juegos Ol\u00edmpicos de Tokio\"}]},{\"@type\":\"Person\",\"@id\":\"\",\"url\":\"https:\/\/acefootball.com\/es\/noticias-de-futbol\/author\/\"}]}<\/script>\n<!-- \/ Yoast SEO plugin. -->","yoast_head_json":{"title":"Por qu\u00e9 Kylian Mbapp\u00e9 no jugar\u00e1 en los Juegos Ol\u00edmpicos de Tokio","description":"Seg\u00fan un reciente informe, Kylian Mbapp\u00e9 no jugar\u00e1 en los Juegos Ol\u00edmpicos de Tokio a finales de verano. Te contamos el motivo.","robots":{"index":"index","follow":"follow","max-snippet":"max-snippet:-1","max-image-preview":"max-image-preview:large","max-video-preview":"max-video-preview:-1"},"canonical":"https:\/\/acefootball.com\/es\/noticias-de-futbol\/por-que-kylian-mbappe-no-jugara-en-los-juegos-olimpicos-de-tokio\/","og_locale":"es_ES","og_type":"article","og_title":"Por qu\u00e9 Kylian Mbapp\u00e9 no jugar\u00e1 en los Juegos Ol\u00edmpicos de Tokio","og_description":"Seg\u00fan un reciente informe, Kylian Mbapp\u00e9 no jugar\u00e1 en los Juegos Ol\u00edmpicos de Tokio a finales de verano. Te contamos el motivo.","og_url":"https:\/\/acefootball.com\/es\/noticias-de-futbol\/por-que-kylian-mbappe-no-jugara-en-los-juegos-olimpicos-de-tokio\/","og_site_name":"Ace Football Espa\u00f1ol","article_published_time":"2021-03-30T20:58:00+00:00","article_modified_time":"2021-03-30T20:58:07+00:00","og_image":[{"url":"https:\/\/acefootball.com\/es\/wp-content\/uploads\/2021\/03\/GettyImages-1308959494.jpg","height":683,"width":1024}],"twitter_card":"summary_large_image","twitter_image":"https:\/\/acefootball.com\/es\/wp-content\/uploads\/2021\/03\/GettyImages-1308959494.jpg","twitter_misc":{"Escrito por":"","Tiempo de lectura":"2 minutos"},"schema":{"@context":"https:\/\/schema.org","@graph":[{"@type":"WebSite","@id":"https:\/\/acefootball.com\/es\/#website","url":"https:\/\/acefootball.com\/es\/","name":"Ace Football Espa\u00f1ol","description":"News, Betting and Livescore","potentialAction":[{"@type":"SearchAction","target":{"@type":"EntryPoint","urlTemplate":"https:\/\/acefootball.com\/es\/?s={search_term_string}"},"query-input":"required name=search_term_string"}],"inLanguage":"es"},{"@type":"ImageObject","@id":"https:\/\/acefootball.com\/es\/noticias-de-futbol\/por-que-kylian-mbappe-no-jugara-en-los-juegos-olimpicos-de-tokio\/#primaryimage","inLanguage":"es","url":"","contentUrl":""},{"@type":"WebPage","@id":"https:\/\/acefootball.com\/es\/noticias-de-futbol\/por-que-kylian-mbappe-no-jugara-en-los-juegos-olimpicos-de-tokio\/#webpage","url":"https:\/\/acefootball.com\/es\/noticias-de-futbol\/por-que-kylian-mbappe-no-jugara-en-los-juegos-olimpicos-de-tokio\/","name":"Por qu\u00e9 Kylian Mbapp\u00e9 no jugar\u00e1 en los Juegos Ol\u00edmpicos de Tokio","isPartOf":{"@id":"https:\/\/acefootball.com\/es\/#website"},"primaryImageOfPage":{"@id":"https:\/\/acefootball.com\/es\/noticias-de-futbol\/por-que-kylian-mbappe-no-jugara-en-los-juegos-olimpicos-de-tokio\/#primaryimage"},"datePublished":"2021-03-30T20:58:00+00:00","dateModified":"2021-03-30T20:58:07+00:00","author":{"@id":""},"description":"Seg\u00fan un reciente informe, Kylian Mbapp\u00e9 no jugar\u00e1 en los Juegos Ol\u00edmpicos de Tokio a finales de verano. Te contamos el motivo.","breadcrumb":{"@id":"https:\/\/acefootball.com\/es\/noticias-de-futbol\/por-que-kylian-mbappe-no-jugara-en-los-juegos-olimpicos-de-tokio\/#breadcrumb"},"inLanguage":"es","potentialAction":[{"@type":"ReadAction","target":["https:\/\/acefootball.com\/es\/noticias-de-futbol\/por-que-kylian-mbappe-no-jugara-en-los-juegos-olimpicos-de-tokio\/"]}]},{"@type":"BreadcrumbList","@id":"https:\/\/acefootball.com\/es\/noticias-de-futbol\/por-que-kylian-mbappe-no-jugara-en-los-juegos-olimpicos-de-tokio\/#breadcrumb","itemListElement":[{"@type":"ListItem","position":1,"name":"Home","item":"https:\/\/acefootball.com\/es\/"},{"@type":"ListItem","position":2,"name":"Por qu\u00e9 Kylian Mbapp\u00e9 no jugar\u00e1 en los Juegos Ol\u00edmpicos de Tokio"}]},{"@type":"Person","@id":"","url":"https:\/\/acefootball.com\/es\/noticias-de-futbol\/author\/"}]}},"fimg_url":"https:\/\/acefootball.com\/es\/wp-content\/uploads\/2021\/03\/GettyImages-1308959494.jpg","_links":{"self":[{"href":"https:\/\/acefootball.com\/es\/wp-json\/wp\/v2\/posts\/14627"}],"collection":[{"href":"https:\/\/acefootball.com\/es\/wp-json\/wp\/v2\/posts"}],"about":[{"href":"https:\/\/acefootball.com\/es\/wp-json\/wp\/v2\/types\/post"}],"author":[{"embeddable":true,"href":"https:\/\/acefootball.com\/es\/wp-json\/wp\/v2\/users\/1023"}],"replies":[{"embeddable":true,"href":"https:\/\/acefootball.com\/es\/wp-json\/wp\/v2\/comments?post=14627"}],"version-history":[{"count":0,"href":"https:\/\/acefootball.com\/es\/wp-json\/wp\/v2\/posts\/14627\/revisions"}],"wp:featuredmedia":[{"embeddable":true,"href":"https:\/\/acefootball.com\/es\/wp-json\/wp\/v2\/media\/-101101261565"}],"wp:attachment":[{"href":"https:\/\/acefootball.com\/es\/wp-json\/wp\/v2\/media?parent=14627"}],"wp:term":[{"taxonomy":"category","embeddable":true,"href":"https:\/\/acefootball.com\/es\/wp-json\/wp\/v2\/categories?post=14627"},{"taxonomy":"post_tag","embeddable":true,"href":"https:\/\/acefootball.com\/es\/wp-json\/wp\/v2\/tags?post=14627"}],"curies":[{"name":"wp","href":"https:\/\/api.w.org\/{rel}","templated":true}]}}