{"id":14599,"date":"2021-03-29T22:46:47","date_gmt":"2021-03-29T22:46:47","guid":{"rendered":"https:\/\/acefootball.com\/es\/?p=14599"},"modified":"2021-03-29T23:02:45","modified_gmt":"2021-03-29T23:02:45","slug":"actualizacion-del-barcelona-sobre-la-lesion-de-rodilla-de-phil-coutinho","status":"publish","type":"post","link":"https:\/\/acefootball.com\/es\/noticias-de-futbol\/actualizacion-del-barcelona-sobre-la-lesion-de-rodilla-de-phil-coutinho\/","title":{"rendered":"Actualizaci\u00f3n del Barcelona sobre la lesi\u00f3n de rodilla de Phil Coutinho"},"content":{"rendered":"\n<h2 id=\"h-mientras-esper-bamos-que-pudiera-volver-antes-del-final-de-la-temporada-el-fc-barcelona-acaba-de-ofrecer-una-nueva-actualizaci-n-de-la-lesi-n-de-rodilla-de-phil-coutinho\">Mientras esper\u00e1bamos que pudiera volver antes del final de la temporada, el FC Barcelona acaba de ofrecer una nueva actualizaci\u00f3n de la lesi\u00f3n de rodilla de Phil Coutinho.<\/h2>\n\n\n\n<p>La nueva actualizaci\u00f3n del FC Barcelona sobre la lesi\u00f3n de rodilla de Phil Coutinho no es buena, se esperaba que el hombre volviera antes del final de la temporada. Sin embargo, la recuperaci\u00f3n no ha ido como se esperaba y Phil necesitar\u00e1 una segunda opini\u00f3n profesional. Cuando se lesion\u00f3 contra el Eibar el 29 de diciembre, se crey\u00f3 inicialmente que se recuperar\u00eda en tres meses. Sin embargo, fue operado por segunda vez <em><a href=\"https:\/\/acefootball.com\/football-news\/barcelona-issue-further-update-on-coutinhos-injury\/\">a principios de 2021<\/a><\/em> y se prolong\u00f3 su tiempo de recuperaci\u00f3n.<\/p>\n\n\n\n<p>En la \u00faltima actualizaci\u00f3n de los m\u00e9dicos, parece que Coutinho no est\u00e1 teniendo la recuperaci\u00f3n esperada y se han tenido que tomar decisiones. El club emiti\u00f3 el siguiente comunicado a trav\u00e9s de su <em><a href=\"https:\/\/www.fcbarcelona.es\/es\/futbol\/primer-equipo\/news\/2079567\/injury-news-philippe-coutinho\">p\u00e1gina web oficial<\/a><\/em>: \u201cEl jugador del primer equipo Philippe Coutinho viaja hoy a Brasil para hacerse una evaluaci\u00f3n m\u00e9dica y tratamiento de su lesi\u00f3n en el menisco externo de la rodilla izquierda. Hay que recordar que el futbolista brasile\u00f1o cay\u00f3 lesionado el pasado 29 de diciembre, en el tramo final del partido contra el Eibar en el Camp Nou. Coutinho ha jugado un total de 90 partidos con el FC Barcelona, en los que ha marcado 24 goles, tres de los cuales esta temporada\u00bb.<\/p>\n\n\n\n<figure class=\"wp-block-embed is-type-rich is-provider-twitter wp-block-embed-twitter\"><div class=\"wp-block-embed__wrapper\">\n<blockquote class=\"twitter-tweet\" data-width=\"550\" data-dnt=\"true\"><p lang=\"es\" dir=\"ltr\">\u2757 COMUNICADO M\u00c9DICO | <a href=\"https:\/\/twitter.com\/Phil_Coutinho?ref_src=twsrc%5Etfw\">@Phil_Coutinho<\/a><br><br>\u25b6 El jugador viaja a Brasil para hacerse una evaluaci\u00f3n m\u00e9dica y tratamiento de su lesi\u00f3n en el menisco externo de la rodilla izquierda<br><br>\u2139 <a href=\"https:\/\/t.co\/H0azq4K2ME\">https:\/\/t.co\/H0azq4K2ME<\/a> <a href=\"https:\/\/t.co\/q7Gv6aO3ZV\">pic.twitter.com\/q7Gv6aO3ZV<\/a><\/p>&mdash; FC Barcelona (@FCBarcelona_es) <a href=\"https:\/\/twitter.com\/FCBarcelona_es\/status\/1376625563478147072?ref_src=twsrc%5Etfw\">March 29, 2021<\/a><\/blockquote><script async src=\"https:\/\/platform.twitter.com\/widgets.js\" charset=\"utf-8\"><\/script>\n<\/div><\/figure>\n\n\n\n<h3 id=\"h-laporta-no-podr-vender-a-coutinho\">Laporta no podr\u00e1 vender a Coutinho.<\/h3>\n\n\n\n<p>Este nuevo contratiempo supone tambi\u00e9n un gran obst\u00e1culo en los planes de fichajes de Joan Laporta para el pr\u00f3ximo verano. Coutinho era uno de los jugadores de perfil alto que se supon\u00eda que iba a dejar algo de dinero al club con un traspaso a un nuevo club. Sin embargo, vender al astro brasile\u00f1o mientras est\u00e9 lesionado es pr\u00e1cticamente imposible ahora mismo. Las primeras predicciones sugieren que Coutinho no podr\u00e1 jugar hasta el final de la temporada.<\/p>\n\n\n\n<p>Esto deja sin posibilidad a Laporta de utilizarlo como moneda de cambio debido a su inactividad. Lo \u00fanico que puede hacer el Barcelona es esperar a ver c\u00f3mo se recupera de esta grave lesi\u00f3n. Esperemos que su paso por Brasil le ayude a recuperar el nivel que le llev\u00f3 a la \u00e9lite del f\u00fatbol europeo. De lo contrario, Coutinho podr\u00eda ser el mayor fracaso de un fichaje en la historia del FC Barcelona.<\/p>\n","protected":false},"excerpt":{"rendered":"<p>Mientras esper\u00e1bamos que pudiera volver antes del final de la temporada, el FC Barcelona acaba de ofrecer una nueva actualizaci\u00f3n de la lesi\u00f3n de rodilla de Phil Coutinho. La nueva actualizaci\u00f3n del FC Barcelona sobre la lesi\u00f3n de rodilla de Phil Coutinho no es buena, se esperaba que el hombre volviera antes del final de [&hellip;]<\/p>\n","protected":false},"author":1023,"featured_media":-101101261482,"comment_status":"closed","ping_status":"closed","sticky":false,"template":"","format":"standard","meta":{"om_disable_all_campaigns":false,"push_articles_ronaldo":{"active":false,"canonical":0,"publish":false},"force_updates":null},"categories":[67],"tags":[299,298],"enet_tags":{"team":["8634"],"player":["184536"],"sport_events":[]},"yoast_head":"<!-- This site is optimized with the Yoast SEO plugin v18.3 - https:\/\/yoast.com\/wordpress\/plugins\/seo\/ -->\n<title>Actualizaci\u00f3n del Barcelona sobre la lesi\u00f3n de rodilla de Phil Coutinho<\/title>\n<meta name=\"description\" content=\"Mientras esper\u00e1bamos que pudiera volver, el FC Barcelona acaba de ofrecer una nueva actualizaci\u00f3n de la lesi\u00f3n de rodilla de Phil Coutinho.\" \/>\n<meta name=\"robots\" content=\"index, follow, max-snippet:-1, max-image-preview:large, max-video-preview:-1\" \/>\n<link rel=\"canonical\" href=\"https:\/\/acefootball.com\/es\/noticias-de-futbol\/actualizacion-del-barcelona-sobre-la-lesion-de-rodilla-de-phil-coutinho\/\" \/>\n<meta property=\"og:locale\" content=\"es_ES\" \/>\n<meta property=\"og:type\" content=\"article\" \/>\n<meta property=\"og:title\" content=\"Actualizaci\u00f3n del Barcelona sobre la lesi\u00f3n de rodilla de Phil Coutinho\" \/>\n<meta property=\"og:description\" content=\"Mientras esper\u00e1bamos que pudiera volver, el FC Barcelona acaba de ofrecer una nueva actualizaci\u00f3n de la lesi\u00f3n de rodilla de Phil Coutinho.\" \/>\n<meta property=\"og:url\" content=\"https:\/\/acefootball.com\/es\/noticias-de-futbol\/actualizacion-del-barcelona-sobre-la-lesion-de-rodilla-de-phil-coutinho\/\" \/>\n<meta property=\"og:site_name\" content=\"Ace Football Espa\u00f1ol\" \/>\n<meta property=\"article:published_time\" content=\"2021-03-29T22:46:47+00:00\" \/>\n<meta property=\"article:modified_time\" content=\"2021-03-29T23:02:45+00:00\" \/>\n<meta property=\"og:image\" content=\"https:\/\/acefootball.com\/es\/wp-content\/uploads\/2021\/03\/GettyImages-1291364726.jpg\" \/>\n\t<meta property=\"og:image:width\" content=\"1024\" \/>\n\t<meta property=\"og:image:height\" content=\"682\" \/>\n<meta name=\"twitter:card\" content=\"summary_large_image\" \/>\n<meta name=\"twitter:image\" content=\"https:\/\/acefootball.com\/es\/wp-content\/uploads\/2021\/03\/GettyImages-1291364726.jpg\" \/>\n<meta name=\"twitter:label1\" content=\"Escrito por\" \/>\n\t<meta name=\"twitter:data1\" content=\"\" \/>\n\t<meta name=\"twitter:label2\" content=\"Tiempo de lectura\" \/>\n\t<meta name=\"twitter:data2\" content=\"2 minutos\" \/>\n<script type=\"application\/ld+json\" class=\"yoast-schema-graph\">{\"@context\":\"https:\/\/schema.org\",\"@graph\":[{\"@type\":\"WebSite\",\"@id\":\"https:\/\/acefootball.com\/es\/#website\",\"url\":\"https:\/\/acefootball.com\/es\/\",\"name\":\"Ace Football Espa\u00f1ol\",\"description\":\"News, Betting and Livescore\",\"potentialAction\":[{\"@type\":\"SearchAction\",\"target\":{\"@type\":\"EntryPoint\",\"urlTemplate\":\"https:\/\/acefootball.com\/es\/?s={search_term_string}\"},\"query-input\":\"required name=search_term_string\"}],\"inLanguage\":\"es\"},{\"@type\":\"ImageObject\",\"@id\":\"https:\/\/acefootball.com\/es\/noticias-de-futbol\/actualizacion-del-barcelona-sobre-la-lesion-de-rodilla-de-phil-coutinho\/#primaryimage\",\"inLanguage\":\"es\",\"url\":\"\",\"contentUrl\":\"\"},{\"@type\":\"WebPage\",\"@id\":\"https:\/\/acefootball.com\/es\/noticias-de-futbol\/actualizacion-del-barcelona-sobre-la-lesion-de-rodilla-de-phil-coutinho\/#webpage\",\"url\":\"https:\/\/acefootball.com\/es\/noticias-de-futbol\/actualizacion-del-barcelona-sobre-la-lesion-de-rodilla-de-phil-coutinho\/\",\"name\":\"Actualizaci\u00f3n del Barcelona sobre la lesi\u00f3n de rodilla de Phil Coutinho\",\"isPartOf\":{\"@id\":\"https:\/\/acefootball.com\/es\/#website\"},\"primaryImageOfPage\":{\"@id\":\"https:\/\/acefootball.com\/es\/noticias-de-futbol\/actualizacion-del-barcelona-sobre-la-lesion-de-rodilla-de-phil-coutinho\/#primaryimage\"},\"datePublished\":\"2021-03-29T22:46:47+00:00\",\"dateModified\":\"2021-03-29T23:02:45+00:00\",\"author\":{\"@id\":\"\"},\"description\":\"Mientras esper\u00e1bamos que pudiera volver, el FC Barcelona acaba de ofrecer una nueva actualizaci\u00f3n de la lesi\u00f3n de rodilla de Phil Coutinho.\",\"breadcrumb\":{\"@id\":\"https:\/\/acefootball.com\/es\/noticias-de-futbol\/actualizacion-del-barcelona-sobre-la-lesion-de-rodilla-de-phil-coutinho\/#breadcrumb\"},\"inLanguage\":\"es\",\"potentialAction\":[{\"@type\":\"ReadAction\",\"target\":[\"https:\/\/acefootball.com\/es\/noticias-de-futbol\/actualizacion-del-barcelona-sobre-la-lesion-de-rodilla-de-phil-coutinho\/\"]}]},{\"@type\":\"BreadcrumbList\",\"@id\":\"https:\/\/acefootball.com\/es\/noticias-de-futbol\/actualizacion-del-barcelona-sobre-la-lesion-de-rodilla-de-phil-coutinho\/#breadcrumb\",\"itemListElement\":[{\"@type\":\"ListItem\",\"position\":1,\"name\":\"Home\",\"item\":\"https:\/\/acefootball.com\/es\/\"},{\"@type\":\"ListItem\",\"position\":2,\"name\":\"Actualizaci\u00f3n del Barcelona sobre la lesi\u00f3n de rodilla de Phil Coutinho\"}]},{\"@type\":\"Person\",\"@id\":\"\",\"url\":\"https:\/\/acefootball.com\/es\/noticias-de-futbol\/author\/\"}]}<\/script>\n<!-- \/ Yoast SEO plugin. -->","yoast_head_json":{"title":"Actualizaci\u00f3n del Barcelona sobre la lesi\u00f3n de rodilla de Phil Coutinho","description":"Mientras esper\u00e1bamos que pudiera volver, el FC Barcelona acaba de ofrecer una nueva actualizaci\u00f3n de la lesi\u00f3n de rodilla de Phil Coutinho.","robots":{"index":"index","follow":"follow","max-snippet":"max-snippet:-1","max-image-preview":"max-image-preview:large","max-video-preview":"max-video-preview:-1"},"canonical":"https:\/\/acefootball.com\/es\/noticias-de-futbol\/actualizacion-del-barcelona-sobre-la-lesion-de-rodilla-de-phil-coutinho\/","og_locale":"es_ES","og_type":"article","og_title":"Actualizaci\u00f3n del Barcelona sobre la lesi\u00f3n de rodilla de Phil Coutinho","og_description":"Mientras esper\u00e1bamos que pudiera volver, el FC Barcelona acaba de ofrecer una nueva actualizaci\u00f3n de la lesi\u00f3n de rodilla de Phil Coutinho.","og_url":"https:\/\/acefootball.com\/es\/noticias-de-futbol\/actualizacion-del-barcelona-sobre-la-lesion-de-rodilla-de-phil-coutinho\/","og_site_name":"Ace Football Espa\u00f1ol","article_published_time":"2021-03-29T22:46:47+00:00","article_modified_time":"2021-03-29T23:02:45+00:00","og_image":[{"url":"https:\/\/acefootball.com\/es\/wp-content\/uploads\/2021\/03\/GettyImages-1291364726.jpg","height":682,"width":1024}],"twitter_card":"summary_large_image","twitter_image":"https:\/\/acefootball.com\/es\/wp-content\/uploads\/2021\/03\/GettyImages-1291364726.jpg","twitter_misc":{"Escrito por":"","Tiempo de lectura":"2 minutos"},"schema":{"@context":"https:\/\/schema.org","@graph":[{"@type":"WebSite","@id":"https:\/\/acefootball.com\/es\/#website","url":"https:\/\/acefootball.com\/es\/","name":"Ace Football Espa\u00f1ol","description":"News, Betting and Livescore","potentialAction":[{"@type":"SearchAction","target":{"@type":"EntryPoint","urlTemplate":"https:\/\/acefootball.com\/es\/?s={search_term_string}"},"query-input":"required name=search_term_string"}],"inLanguage":"es"},{"@type":"ImageObject","@id":"https:\/\/acefootball.com\/es\/noticias-de-futbol\/actualizacion-del-barcelona-sobre-la-lesion-de-rodilla-de-phil-coutinho\/#primaryimage","inLanguage":"es","url":"","contentUrl":""},{"@type":"WebPage","@id":"https:\/\/acefootball.com\/es\/noticias-de-futbol\/actualizacion-del-barcelona-sobre-la-lesion-de-rodilla-de-phil-coutinho\/#webpage","url":"https:\/\/acefootball.com\/es\/noticias-de-futbol\/actualizacion-del-barcelona-sobre-la-lesion-de-rodilla-de-phil-coutinho\/","name":"Actualizaci\u00f3n del Barcelona sobre la lesi\u00f3n de rodilla de Phil Coutinho","isPartOf":{"@id":"https:\/\/acefootball.com\/es\/#website"},"primaryImageOfPage":{"@id":"https:\/\/acefootball.com\/es\/noticias-de-futbol\/actualizacion-del-barcelona-sobre-la-lesion-de-rodilla-de-phil-coutinho\/#primaryimage"},"datePublished":"2021-03-29T22:46:47+00:00","dateModified":"2021-03-29T23:02:45+00:00","author":{"@id":""},"description":"Mientras esper\u00e1bamos que pudiera volver, el FC Barcelona acaba de ofrecer una nueva actualizaci\u00f3n de la lesi\u00f3n de rodilla de Phil Coutinho.","breadcrumb":{"@id":"https:\/\/acefootball.com\/es\/noticias-de-futbol\/actualizacion-del-barcelona-sobre-la-lesion-de-rodilla-de-phil-coutinho\/#breadcrumb"},"inLanguage":"es","potentialAction":[{"@type":"ReadAction","target":["https:\/\/acefootball.com\/es\/noticias-de-futbol\/actualizacion-del-barcelona-sobre-la-lesion-de-rodilla-de-phil-coutinho\/"]}]},{"@type":"BreadcrumbList","@id":"https:\/\/acefootball.com\/es\/noticias-de-futbol\/actualizacion-del-barcelona-sobre-la-lesion-de-rodilla-de-phil-coutinho\/#breadcrumb","itemListElement":[{"@type":"ListItem","position":1,"name":"Home","item":"https:\/\/acefootball.com\/es\/"},{"@type":"ListItem","position":2,"name":"Actualizaci\u00f3n del Barcelona sobre la lesi\u00f3n de rodilla de Phil Coutinho"}]},{"@type":"Person","@id":"","url":"https:\/\/acefootball.com\/es\/noticias-de-futbol\/author\/"}]}},"fimg_url":"https:\/\/acefootball.com\/es\/wp-content\/uploads\/2021\/03\/GettyImages-1291364726.jpg","_links":{"self":[{"href":"https:\/\/acefootball.com\/es\/wp-json\/wp\/v2\/posts\/14599"}],"collection":[{"href":"https:\/\/acefootball.com\/es\/wp-json\/wp\/v2\/posts"}],"about":[{"href":"https:\/\/acefootball.com\/es\/wp-json\/wp\/v2\/types\/post"}],"author":[{"embeddable":true,"href":"https:\/\/acefootball.com\/es\/wp-json\/wp\/v2\/users\/1023"}],"replies":[{"embeddable":true,"href":"https:\/\/acefootball.com\/es\/wp-json\/wp\/v2\/comments?post=14599"}],"version-history":[{"count":0,"href":"https:\/\/acefootball.com\/es\/wp-json\/wp\/v2\/posts\/14599\/revisions"}],"wp:featuredmedia":[{"embeddable":true,"href":"https:\/\/acefootball.com\/es\/wp-json\/wp\/v2\/media\/-101101261482"}],"wp:attachment":[{"href":"https:\/\/acefootball.com\/es\/wp-json\/wp\/v2\/media?parent=14599"}],"wp:term":[{"taxonomy":"category","embeddable":true,"href":"https:\/\/acefootball.com\/es\/wp-json\/wp\/v2\/categories?post=14599"},{"taxonomy":"post_tag","embeddable":true,"href":"https:\/\/acefootball.com\/es\/wp-json\/wp\/v2\/tags?post=14599"}],"curies":[{"name":"wp","href":"https:\/\/api.w.org\/{rel}","templated":true}]}}