{"id":14428,"date":"2021-03-24T09:33:02","date_gmt":"2021-03-24T09:33:02","guid":{"rendered":"https:\/\/acefootball.com\/es\/?p=14428"},"modified":"2021-03-24T09:33:03","modified_gmt":"2021-03-24T09:33:03","slug":"el-seleccionador-de-holanda-pone-en-duda-la-disponibilidad-de-van-dijk-para-la-eurocopa","status":"publish","type":"post","link":"https:\/\/acefootball.com\/es\/noticias-de-futbol\/el-seleccionador-de-holanda-pone-en-duda-la-disponibilidad-de-van-dijk-para-la-eurocopa\/","title":{"rendered":"El seleccionador de Holanda pone en duda la disponibilidad de Van Dijk para la Eurocopa"},"content":{"rendered":"\n<h2 id=\"h-tras-romperse-el-ligamento-cruzado-anterior-de-su-rodilla-derecha-el-defensa-central-se-ha-visto-obligado-a-perderse-la-mayor-parte-de-la-2020-21\">Tras romperse el ligamento cruzado anterior de su rodilla derecha, el defensa central se ha visto obligado a perderse la mayor parte de la 2020\/21.<\/h2>\n\n\n\n<p>Virgil van Dijk no estar\u00e1 probablemente en condiciones de disputar la pr\u00f3xima Eurocopa, seg\u00fan Frank De Boer.<\/p>\n\n\n\n<p>Han pasado cinco meses desde la \u00faltima aparici\u00f3n de Van Dijk, que se produjo en el empate del Liverpool con el Everton en la <em><a href=\"https:\/\/acefootball.com\/es\/premier-league\/\">Premier League<\/a><\/em> (2-2) el 17 de octubre.<\/p>\n\n\n\n<p>El defensa tuvo que pasar por el quir\u00f3fano despu\u00e9s de una dura entrada de Jordan Pickford que le hizo abandonar el terreno de juego a los 11 minutos del derbi de Merseyside.<\/p>\n\n\n\n<p>Volvi\u00f3 al gimnasio en diciembre y pudo retomar los entrenamientos individuales el mes pasado, pero sigue siendo poco probable que el jugador de 29 a\u00f1os vuelva a jugar con el Liverpool esta temporada.<\/p>\n\n\n\n<p>En lo que supone un golpe para Holanda, Van Dijk tambi\u00e9n es una importante duda para la reprogramaci\u00f3n de la Eurocopa.<\/p>\n\n\n\n<p>\u00abSabemos que le quedan ocho semanas. No s\u00e9 si eso ser\u00e1 suficiente\u00bb, dijo De Boer. [<em><a href=\"https:\/\/www.goal.com\/en-in\/news\/netherlands-boss-de-boer-unsure-whether-van-dijk-will-be-fit-for-\/10cyak3yqbrlo1m685bha7kz15\">Goal<\/a><\/em>] \u00abHe hablado y me ha comentado que ha vuelto al campo, pero siempre puede haber reveses\u00bb.<\/p>\n\n\n\n<p>\u00abUna o dos semanas de contratiempos podr\u00edan significar que no pueda jugar partidos con el Liverpool [esta temporada]. Entonces me imagino que le dicen: &#8216;Muy bien, pero c\u00e9ntrate en la pr\u00f3xima temporada&#8217;\u00bb.<\/p>\n\n\n\n<p>\u00abEn definitiva, \u00e9l mismo debe tener una buena sensaci\u00f3n. Me alegro de que est\u00e9 en el buen camino\u00bb.<\/p>\n\n\n\n<figure class=\"wp-block-embed is-type-wp-embed is-provider-ace-football-espanol wp-block-embed-ace-football-espanol\"><div class=\"wp-block-embed__wrapper\">\n<blockquote class=\"wp-embedded-content\" data-secret=\"w2xdoswNyB\"><a href=\"https:\/\/acefootball.com\/es\/noticias-de-futbol\/wijnaldum-se-sincera-sobre-su-futuro-en-el-liverpool\/\">Wijnaldum se sincera sobre su futuro en el Liverpool<\/a><\/blockquote><iframe class=\"wp-embedded-content\" sandbox=\"allow-scripts\" security=\"restricted\" style=\"position: absolute; clip: rect(1px, 1px, 1px, 1px);\" title=\"\u00abWijnaldum se sincera sobre su futuro en el Liverpool\u00bb \u2014 Ace Football Espa\u00f1ol\" src=\"https:\/\/acefootball.com\/es\/noticias-de-futbol\/wijnaldum-se-sincera-sobre-su-futuro-en-el-liverpool\/embed\/#?secret=w2xdoswNyB\" data-secret=\"w2xdoswNyB\" width=\"600\" height=\"338\" frameborder=\"0\" marginwidth=\"0\" marginheight=\"0\" scrolling=\"no\"><\/iframe>\n<\/div><\/figure>\n","protected":false},"excerpt":{"rendered":"<p>Tras romperse el ligamento cruzado anterior de su rodilla derecha, el defensa central se ha visto obligado a perderse la mayor parte de la 2020\/21.<\/p>\n","protected":false},"author":1022,"featured_media":-101101260845,"comment_status":"open","ping_status":"closed","sticky":false,"template":"","format":"standard","meta":{"om_disable_all_campaigns":false,"push_articles_ronaldo":{"active":false,"canonical":0,"publish":false},"force_updates":null},"categories":[1],"tags":[3055,4082,275,867],"enet_tags":{"league":["50"],"team":["6708","8650"],"player":["209405"],"sport_events":[]},"yoast_head":"<!-- This site is optimized with the Yoast SEO plugin v18.3 - https:\/\/yoast.com\/wordpress\/plugins\/seo\/ -->\n<title>El seleccionador de Holanda pone en duda la disponibilidad de Van Dijk para la Eurocopa<\/title>\n<meta name=\"description\" content=\"Tras romperse el ligamento cruzado anterior de su rodilla derecha, el defensa se ha visto obligado a perderse la mayor parte de la 2020\/21.\" \/>\n<meta name=\"robots\" content=\"index, follow, max-snippet:-1, max-image-preview:large, max-video-preview:-1\" \/>\n<link rel=\"canonical\" href=\"https:\/\/acefootball.com\/es\/noticias-de-futbol\/el-seleccionador-de-holanda-pone-en-duda-la-disponibilidad-de-van-dijk-para-la-eurocopa\/\" \/>\n<meta property=\"og:locale\" content=\"es_ES\" \/>\n<meta property=\"og:type\" content=\"article\" \/>\n<meta property=\"og:title\" content=\"El seleccionador de Holanda pone en duda la disponibilidad de Van Dijk para la Eurocopa\" \/>\n<meta property=\"og:description\" content=\"Tras romperse el ligamento cruzado anterior de su rodilla derecha, el defensa se ha visto obligado a perderse la mayor parte de la 2020\/21.\" \/>\n<meta property=\"og:url\" content=\"https:\/\/acefootball.com\/es\/noticias-de-futbol\/el-seleccionador-de-holanda-pone-en-duda-la-disponibilidad-de-van-dijk-para-la-eurocopa\/\" \/>\n<meta property=\"og:site_name\" content=\"Ace Football Espa\u00f1ol\" \/>\n<meta property=\"article:published_time\" content=\"2021-03-24T09:33:02+00:00\" \/>\n<meta property=\"article:modified_time\" content=\"2021-03-24T09:33:03+00:00\" \/>\n<meta property=\"og:image\" content=\"https:\/\/acefootball.com\/es\/wp-content\/uploads\/2021\/03\/1271734394.jpg\" \/>\n\t<meta property=\"og:image:width\" content=\"1920\" \/>\n\t<meta property=\"og:image:height\" content=\"1262\" \/>\n<meta name=\"twitter:card\" content=\"summary_large_image\" \/>\n<meta name=\"twitter:image\" content=\"https:\/\/acefootball.com\/es\/wp-content\/uploads\/2021\/03\/1271734394.jpg\" \/>\n<meta name=\"twitter:label1\" content=\"Escrito por\" \/>\n\t<meta name=\"twitter:data1\" content=\"\" \/>\n\t<meta name=\"twitter:label2\" content=\"Tiempo de lectura\" \/>\n\t<meta name=\"twitter:data2\" content=\"2 minutos\" \/>\n<script type=\"application\/ld+json\" class=\"yoast-schema-graph\">{\"@context\":\"https:\/\/schema.org\",\"@graph\":[{\"@type\":\"WebSite\",\"@id\":\"https:\/\/acefootball.com\/es\/#website\",\"url\":\"https:\/\/acefootball.com\/es\/\",\"name\":\"Ace Football Espa\u00f1ol\",\"description\":\"News, Betting and Livescore\",\"potentialAction\":[{\"@type\":\"SearchAction\",\"target\":{\"@type\":\"EntryPoint\",\"urlTemplate\":\"https:\/\/acefootball.com\/es\/?s={search_term_string}\"},\"query-input\":\"required name=search_term_string\"}],\"inLanguage\":\"es\"},{\"@type\":\"ImageObject\",\"@id\":\"https:\/\/acefootball.com\/es\/noticias-de-futbol\/el-seleccionador-de-holanda-pone-en-duda-la-disponibilidad-de-van-dijk-para-la-eurocopa\/#primaryimage\",\"inLanguage\":\"es\",\"url\":\"https:\/\/acefootball.com\/es\/wp-content\/uploads\/2021\/03\/1271734394.jpg\",\"contentUrl\":\"https:\/\/acefootball.com\/es\/wp-content\/uploads\/2021\/03\/1271734394.jpg\"},{\"@type\":\"WebPage\",\"@id\":\"https:\/\/acefootball.com\/es\/noticias-de-futbol\/el-seleccionador-de-holanda-pone-en-duda-la-disponibilidad-de-van-dijk-para-la-eurocopa\/#webpage\",\"url\":\"https:\/\/acefootball.com\/es\/noticias-de-futbol\/el-seleccionador-de-holanda-pone-en-duda-la-disponibilidad-de-van-dijk-para-la-eurocopa\/\",\"name\":\"El seleccionador de Holanda pone en duda la disponibilidad de Van Dijk para la Eurocopa\",\"isPartOf\":{\"@id\":\"https:\/\/acefootball.com\/es\/#website\"},\"primaryImageOfPage\":{\"@id\":\"https:\/\/acefootball.com\/es\/noticias-de-futbol\/el-seleccionador-de-holanda-pone-en-duda-la-disponibilidad-de-van-dijk-para-la-eurocopa\/#primaryimage\"},\"datePublished\":\"2021-03-24T09:33:02+00:00\",\"dateModified\":\"2021-03-24T09:33:03+00:00\",\"author\":{\"@id\":\"\"},\"description\":\"Tras romperse el ligamento cruzado anterior de su rodilla derecha, el defensa se ha visto obligado a perderse la mayor parte de la 2020\/21.\",\"breadcrumb\":{\"@id\":\"https:\/\/acefootball.com\/es\/noticias-de-futbol\/el-seleccionador-de-holanda-pone-en-duda-la-disponibilidad-de-van-dijk-para-la-eurocopa\/#breadcrumb\"},\"inLanguage\":\"es\",\"potentialAction\":[{\"@type\":\"ReadAction\",\"target\":[\"https:\/\/acefootball.com\/es\/noticias-de-futbol\/el-seleccionador-de-holanda-pone-en-duda-la-disponibilidad-de-van-dijk-para-la-eurocopa\/\"]}]},{\"@type\":\"BreadcrumbList\",\"@id\":\"https:\/\/acefootball.com\/es\/noticias-de-futbol\/el-seleccionador-de-holanda-pone-en-duda-la-disponibilidad-de-van-dijk-para-la-eurocopa\/#breadcrumb\",\"itemListElement\":[{\"@type\":\"ListItem\",\"position\":1,\"name\":\"Home\",\"item\":\"https:\/\/acefootball.com\/es\/\"},{\"@type\":\"ListItem\",\"position\":2,\"name\":\"El seleccionador de Holanda pone en duda la disponibilidad de Van Dijk para la Eurocopa\"}]},{\"@type\":\"Person\",\"@id\":\"\",\"url\":\"https:\/\/acefootball.com\/es\/noticias-de-futbol\/author\/\"}]}<\/script>\n<!-- \/ Yoast SEO plugin. -->","yoast_head_json":{"title":"El seleccionador de Holanda pone en duda la disponibilidad de Van Dijk para la Eurocopa","description":"Tras romperse el ligamento cruzado anterior de su rodilla derecha, el defensa se ha visto obligado a perderse la mayor parte de la 2020\/21.","robots":{"index":"index","follow":"follow","max-snippet":"max-snippet:-1","max-image-preview":"max-image-preview:large","max-video-preview":"max-video-preview:-1"},"canonical":"https:\/\/acefootball.com\/es\/noticias-de-futbol\/el-seleccionador-de-holanda-pone-en-duda-la-disponibilidad-de-van-dijk-para-la-eurocopa\/","og_locale":"es_ES","og_type":"article","og_title":"El seleccionador de Holanda pone en duda la disponibilidad de Van Dijk para la Eurocopa","og_description":"Tras romperse el ligamento cruzado anterior de su rodilla derecha, el defensa se ha visto obligado a perderse la mayor parte de la 2020\/21.","og_url":"https:\/\/acefootball.com\/es\/noticias-de-futbol\/el-seleccionador-de-holanda-pone-en-duda-la-disponibilidad-de-van-dijk-para-la-eurocopa\/","og_site_name":"Ace Football Espa\u00f1ol","article_published_time":"2021-03-24T09:33:02+00:00","article_modified_time":"2021-03-24T09:33:03+00:00","og_image":[{"url":"https:\/\/acefootball.com\/es\/wp-content\/uploads\/2021\/03\/1271734394.jpg","height":1262,"width":1920}],"twitter_card":"summary_large_image","twitter_image":"https:\/\/acefootball.com\/es\/wp-content\/uploads\/2021\/03\/1271734394.jpg","twitter_misc":{"Escrito por":"","Tiempo de lectura":"2 minutos"},"schema":{"@context":"https:\/\/schema.org","@graph":[{"@type":"WebSite","@id":"https:\/\/acefootball.com\/es\/#website","url":"https:\/\/acefootball.com\/es\/","name":"Ace Football Espa\u00f1ol","description":"News, Betting and Livescore","potentialAction":[{"@type":"SearchAction","target":{"@type":"EntryPoint","urlTemplate":"https:\/\/acefootball.com\/es\/?s={search_term_string}"},"query-input":"required name=search_term_string"}],"inLanguage":"es"},{"@type":"ImageObject","@id":"https:\/\/acefootball.com\/es\/noticias-de-futbol\/el-seleccionador-de-holanda-pone-en-duda-la-disponibilidad-de-van-dijk-para-la-eurocopa\/#primaryimage","inLanguage":"es","url":"https:\/\/acefootball.com\/es\/wp-content\/uploads\/2021\/03\/1271734394.jpg","contentUrl":"https:\/\/acefootball.com\/es\/wp-content\/uploads\/2021\/03\/1271734394.jpg"},{"@type":"WebPage","@id":"https:\/\/acefootball.com\/es\/noticias-de-futbol\/el-seleccionador-de-holanda-pone-en-duda-la-disponibilidad-de-van-dijk-para-la-eurocopa\/#webpage","url":"https:\/\/acefootball.com\/es\/noticias-de-futbol\/el-seleccionador-de-holanda-pone-en-duda-la-disponibilidad-de-van-dijk-para-la-eurocopa\/","name":"El seleccionador de Holanda pone en duda la disponibilidad de Van Dijk para la Eurocopa","isPartOf":{"@id":"https:\/\/acefootball.com\/es\/#website"},"primaryImageOfPage":{"@id":"https:\/\/acefootball.com\/es\/noticias-de-futbol\/el-seleccionador-de-holanda-pone-en-duda-la-disponibilidad-de-van-dijk-para-la-eurocopa\/#primaryimage"},"datePublished":"2021-03-24T09:33:02+00:00","dateModified":"2021-03-24T09:33:03+00:00","author":{"@id":""},"description":"Tras romperse el ligamento cruzado anterior de su rodilla derecha, el defensa se ha visto obligado a perderse la mayor parte de la 2020\/21.","breadcrumb":{"@id":"https:\/\/acefootball.com\/es\/noticias-de-futbol\/el-seleccionador-de-holanda-pone-en-duda-la-disponibilidad-de-van-dijk-para-la-eurocopa\/#breadcrumb"},"inLanguage":"es","potentialAction":[{"@type":"ReadAction","target":["https:\/\/acefootball.com\/es\/noticias-de-futbol\/el-seleccionador-de-holanda-pone-en-duda-la-disponibilidad-de-van-dijk-para-la-eurocopa\/"]}]},{"@type":"BreadcrumbList","@id":"https:\/\/acefootball.com\/es\/noticias-de-futbol\/el-seleccionador-de-holanda-pone-en-duda-la-disponibilidad-de-van-dijk-para-la-eurocopa\/#breadcrumb","itemListElement":[{"@type":"ListItem","position":1,"name":"Home","item":"https:\/\/acefootball.com\/es\/"},{"@type":"ListItem","position":2,"name":"El seleccionador de Holanda pone en duda la disponibilidad de Van Dijk para la Eurocopa"}]},{"@type":"Person","@id":"","url":"https:\/\/acefootball.com\/es\/noticias-de-futbol\/author\/"}]}},"fimg_url":"https:\/\/acefootball.com\/es\/wp-content\/uploads\/2021\/03\/1271734394.jpg","_links":{"self":[{"href":"https:\/\/acefootball.com\/es\/wp-json\/wp\/v2\/posts\/14428"}],"collection":[{"href":"https:\/\/acefootball.com\/es\/wp-json\/wp\/v2\/posts"}],"about":[{"href":"https:\/\/acefootball.com\/es\/wp-json\/wp\/v2\/types\/post"}],"author":[{"embeddable":true,"href":"https:\/\/acefootball.com\/es\/wp-json\/wp\/v2\/users\/1022"}],"replies":[{"embeddable":true,"href":"https:\/\/acefootball.com\/es\/wp-json\/wp\/v2\/comments?post=14428"}],"version-history":[{"count":0,"href":"https:\/\/acefootball.com\/es\/wp-json\/wp\/v2\/posts\/14428\/revisions"}],"wp:featuredmedia":[{"embeddable":true,"href":"https:\/\/acefootball.com\/es\/wp-json\/wp\/v2\/media\/-101101260845"}],"wp:attachment":[{"href":"https:\/\/acefootball.com\/es\/wp-json\/wp\/v2\/media?parent=14428"}],"wp:term":[{"taxonomy":"category","embeddable":true,"href":"https:\/\/acefootball.com\/es\/wp-json\/wp\/v2\/categories?post=14428"},{"taxonomy":"post_tag","embeddable":true,"href":"https:\/\/acefootball.com\/es\/wp-json\/wp\/v2\/tags?post=14428"}],"curies":[{"name":"wp","href":"https:\/\/api.w.org\/{rel}","templated":true}]}}