{"id":14415,"date":"2021-03-23T17:21:53","date_gmt":"2021-03-23T17:21:53","guid":{"rendered":"https:\/\/acefootball.com\/es\/?p=14415"},"modified":"2021-03-23T17:21:54","modified_gmt":"2021-03-23T17:21:54","slug":"ansu-fati-ha-revelado-su-maximo-sueno-para-2021","status":"publish","type":"post","link":"https:\/\/acefootball.com\/es\/noticias-de-futbol\/ansu-fati-ha-revelado-su-maximo-sueno-para-2021\/","title":{"rendered":"Ansu Fati ha revelado su m\u00e1ximo sue\u00f1o para 2021"},"content":{"rendered":"\n<h2 id=\"h-el-d-a-en-que-recogi-un-nuevo-premio-ansu-fati-revel-su-m-ximo-sue-o-para-2021-como-futbolista-profesional-no-es-imposible\">El d\u00eda en que recogi\u00f3 un nuevo premio, Ansu Fati revel\u00f3 su m\u00e1ximo sue\u00f1o para 2021 como futbolista profesional. No es imposible.<\/h2>\n\n\n\n<p>Mientras Ansu Fati a\u00fan se recupera de una fea <em><a href=\"https:\/\/acefootball.com\/football-news\/report-ansu-fatis-barcelona-return-postponed\/\">lesi\u00f3n de rodilla<\/a><\/em> que sufri\u00f3 antes de que acabara 2020, tiene grandes planes para 2021. Jugando en el FC Barcelona, Fati tuvo la oportunidad que muy pocos futbolistas tienen cuando comienzan sus respectivas carreras. Pudo mostrar sus habilidades en uno de los mejores clubes de f\u00fatbol del mundo junto a jugadores irreales. Como no paraba de dar muestras de su talento, Fati se convirti\u00f3 r\u00e1pidamente en uno de los favoritos de la afici\u00f3n blaugrana.<\/p>\n\n\n\n<p>Aunque actualmente se encuentra en ese proceso de recuperaci\u00f3n, este chico sigue dejando una gran impresi\u00f3n en todo el mundo. Hoy, NXGN le ha otorgado el reconocimiento de mejor futbolista joven del mundo. Ocup\u00f3 el primer lugar en una lista de los 50 mejores talentos del f\u00fatbol mundial. La raz\u00f3n es que Fati dio un salto de gigante como joven profesional en un corto periodo de tiempo. Cuando a\u00fan ten\u00eda 15 a\u00f1os, ya practicaba un f\u00fatbol impresionante en los escenarios m\u00e1s importantes.<\/p>\n\n\n\n<figure class=\"wp-block-embed is-type-rich is-provider-twitter wp-block-embed-twitter\"><div class=\"wp-block-embed__wrapper\">\n<blockquote class=\"twitter-tweet\" data-width=\"550\" data-dnt=\"true\"><p lang=\"es\" dir=\"ltr\">\ud83d\udca5 \u00a1No te pierdas las primeras impresiones de <a href=\"https:\/\/twitter.com\/ANSUFATI?ref_src=twsrc%5Etfw\">@ANSUFATI<\/a> despu\u00e9s de ganar el premio <a href=\"https:\/\/twitter.com\/hashtag\/NXGN?src=hash&amp;ref_src=twsrc%5Etfw\">#NXGN<\/a> 2021!<br><br>\u00bfQu\u00e9 espera que depare el futuro el joven futbolista del <a href=\"https:\/\/twitter.com\/FCBarcelona_es?ref_src=twsrc%5Etfw\">@FCBarcelona_es<\/a>? <a href=\"https:\/\/t.co\/dw6plD7PYo\">pic.twitter.com\/dw6plD7PYo<\/a><\/p>&mdash; Goal Espa\u00f1a (@GoalEspana) <a href=\"https:\/\/twitter.com\/GoalEspana\/status\/1374344177291509765?ref_src=twsrc%5Etfw\">March 23, 2021<\/a><\/blockquote><script async src=\"https:\/\/platform.twitter.com\/widgets.js\" charset=\"utf-8\"><\/script>\n<\/div><\/figure>\n\n\n\n<h3 id=\"h-los-ambiciosos-sue-os-de-fati-para-el-pr-ximo-verano\">Los ambiciosos sue\u00f1os de Fati para el pr\u00f3ximo verano.<\/h3>\n\n\n\n<p>Aunque todav\u00eda tiene que recuperarse completamente de la lesi\u00f3n de rodilla que sufri\u00f3, esto no le quita ning\u00fan sue\u00f1o de la cabeza. Ansu Fati quiere tener la oportunidad de jugar su primer gran torneo con la selecci\u00f3n espa\u00f1ola. Como todos sabemos, este verano se celebrar\u00e1 la Eurocopa. Es l\u00f3gico que el gran plan de Fati pase por jugar este torneo: \u201cEn primer lugar, quiero agradecer a las personas que han votado por m\u00ed y, por supuesto, a mis compa\u00f1eros de equipo; sin ellos, esto no habr\u00eda sido posible\u201d, dijo a\u00a0<em><a href=\"https:\/\/www.goal.com\/es\/noticias\/ansu-fati-ganador-del-nxgn-2021-seria-un-sueno-jugar-la\/olrh8dn5j21410o3w9cb3bz2p\" target=\"_blank\" rel=\"noreferrer noopener\">Goal<\/a><\/em>.<\/p>\n\n\n\n<p>\u201cAdem\u00e1s, gracias a todos los entrenadores que he tenido. Ojal\u00e1 pueda estar[en la Euro 2020], pero primero tengo que recuperarme de la lesi\u00f3n.\u00a0Lo que vaya a pasar no lo s\u00e9, pero estar en la Eurocopa es el sue\u00f1o que tiene cualquier jugador. No me pongo metas, pero s\u00ed intento mejorar d\u00eda a d\u00eda, creciendo como jugador y como persona cada d\u00eda\u201d.<\/p>\n\n\n\n<figure class=\"wp-block-embed is-type-rich is-provider-twitter wp-block-embed-twitter\"><div class=\"wp-block-embed__wrapper\">\n<blockquote class=\"twitter-tweet\" data-width=\"550\" data-dnt=\"true\"><p lang=\"en\" dir=\"ltr\">\ud83c\udfc6 <a href=\"https:\/\/twitter.com\/ANSUFATI?ref_src=twsrc%5Etfw\">@ANSUFATI<\/a> -\ud83e\udd47<br>\ud83c\udfc6 <a href=\"https:\/\/twitter.com\/Pedri?ref_src=twsrc%5Etfw\">@Pedri<\/a> &#8211; 4th<br>\ud83c\udfc6 <a href=\"https:\/\/twitter.com\/IlaixMK?ref_src=twsrc%5Etfw\">@IlaixMK<\/a> &#8211; 50th<br><br>\ud83d\ude0d Our players feature on the list of the world&#39;s greatest young footballers by <a href=\"https:\/\/twitter.com\/goal?ref_src=twsrc%5Etfw\">@goal<\/a> \ud83d\udc99\u2764 <a href=\"https:\/\/t.co\/cTFa3cYUgw\">pic.twitter.com\/cTFa3cYUgw<\/a><\/p>&mdash; FC Barcelona (@FCBarcelona) <a href=\"https:\/\/twitter.com\/FCBarcelona\/status\/1374386728568426497?ref_src=twsrc%5Etfw\">March 23, 2021<\/a><\/blockquote><script async src=\"https:\/\/platform.twitter.com\/widgets.js\" charset=\"utf-8\"><\/script>\n<\/div><\/figure>\n\n\n\n<figure class=\"wp-block-embed is-type-wp-embed is-provider-ace-football-espanol wp-block-embed-ace-football-espanol\"><div class=\"wp-block-embed__wrapper\">\n<blockquote class=\"wp-embedded-content\" data-secret=\"6N90GPFMcF\"><a href=\"https:\/\/acefootball.com\/es\/noticias-de-futbol\/ansu-fati-se-sometio-a-una-segunda-operacion-de-rodilla-en-secreto\/\">Ansu Fati se someti\u00f3 a una segunda operaci\u00f3n de rodilla en secreto<\/a><\/blockquote><iframe class=\"wp-embedded-content\" sandbox=\"allow-scripts\" security=\"restricted\" style=\"position: absolute; clip: rect(1px, 1px, 1px, 1px);\" title=\"\u00abAnsu Fati se someti\u00f3 a una segunda operaci\u00f3n de rodilla en secreto\u00bb \u2014 Ace Football Espa\u00f1ol\" src=\"https:\/\/acefootball.com\/es\/noticias-de-futbol\/ansu-fati-se-sometio-a-una-segunda-operacion-de-rodilla-en-secreto\/embed\/#?secret=6N90GPFMcF\" data-secret=\"6N90GPFMcF\" width=\"600\" height=\"338\" frameborder=\"0\" marginwidth=\"0\" marginheight=\"0\" scrolling=\"no\"><\/iframe>\n<\/div><\/figure>\n","protected":false},"excerpt":{"rendered":"<p>El d\u00eda en que recogi\u00f3 un nuevo premio, Ansu Fati revel\u00f3 su m\u00e1ximo sue\u00f1o para 2021 como futbolista profesional. No es imposible. Mientras Ansu Fati a\u00fan se recupera de una fea lesi\u00f3n de rodilla que sufri\u00f3 antes de que acabara 2020, tiene grandes planes para 2021. Jugando en el FC Barcelona, Fati tuvo la oportunidad [&hellip;]<\/p>\n","protected":false},"author":1023,"featured_media":-101101260798,"comment_status":"closed","ping_status":"closed","sticky":false,"template":"","format":"standard","meta":{"om_disable_all_campaigns":false,"push_articles_ronaldo":{"active":false,"canonical":0,"publish":false},"force_updates":null},"categories":[73],"tags":[3461,5774,3055,299],"enet_tags":{"player":["1086012"],"team":["6720","8634"],"league":["50"],"sport_events":[]},"yoast_head":"<!-- This site is optimized with the Yoast SEO plugin v18.3 - https:\/\/yoast.com\/wordpress\/plugins\/seo\/ -->\n<title>Ansu Fati ha revelado su m\u00e1ximo sue\u00f1o para 2021<\/title>\n<meta name=\"description\" content=\"El d\u00eda en que recogi\u00f3 un nuevo premio, Ansu Fati revel\u00f3 su m\u00e1ximo sue\u00f1o para 2021 como futbolista profesional. No es imposible.\" \/>\n<meta name=\"robots\" content=\"index, follow, max-snippet:-1, max-image-preview:large, max-video-preview:-1\" \/>\n<link rel=\"canonical\" href=\"https:\/\/acefootball.com\/es\/noticias-de-futbol\/ansu-fati-ha-revelado-su-maximo-sueno-para-2021\/\" \/>\n<meta property=\"og:locale\" content=\"es_ES\" \/>\n<meta property=\"og:type\" content=\"article\" \/>\n<meta property=\"og:title\" content=\"Ansu Fati ha revelado su m\u00e1ximo sue\u00f1o para 2021\" \/>\n<meta property=\"og:description\" content=\"El d\u00eda en que recogi\u00f3 un nuevo premio, Ansu Fati revel\u00f3 su m\u00e1ximo sue\u00f1o para 2021 como futbolista profesional. No es imposible.\" \/>\n<meta property=\"og:url\" content=\"https:\/\/acefootball.com\/es\/noticias-de-futbol\/ansu-fati-ha-revelado-su-maximo-sueno-para-2021\/\" \/>\n<meta property=\"og:site_name\" content=\"Ace Football Espa\u00f1ol\" \/>\n<meta property=\"article:published_time\" content=\"2021-03-23T17:21:53+00:00\" \/>\n<meta property=\"article:modified_time\" content=\"2021-03-23T17:21:54+00:00\" \/>\n<meta property=\"og:image\" content=\"https:\/\/acefootball.com\/es\/wp-content\/uploads\/2021\/03\/GettyImages-1283948659.jpg\" \/>\n\t<meta property=\"og:image:width\" content=\"1024\" \/>\n\t<meta property=\"og:image:height\" content=\"683\" \/>\n<meta name=\"twitter:card\" content=\"summary_large_image\" \/>\n<meta name=\"twitter:image\" content=\"https:\/\/acefootball.com\/es\/wp-content\/uploads\/2021\/03\/GettyImages-1283948659.jpg\" \/>\n<meta name=\"twitter:label1\" content=\"Escrito por\" \/>\n\t<meta name=\"twitter:data1\" content=\"\" \/>\n\t<meta name=\"twitter:label2\" content=\"Tiempo de lectura\" \/>\n\t<meta name=\"twitter:data2\" content=\"2 minutos\" \/>\n<script type=\"application\/ld+json\" class=\"yoast-schema-graph\">{\"@context\":\"https:\/\/schema.org\",\"@graph\":[{\"@type\":\"WebSite\",\"@id\":\"https:\/\/acefootball.com\/es\/#website\",\"url\":\"https:\/\/acefootball.com\/es\/\",\"name\":\"Ace Football Espa\u00f1ol\",\"description\":\"News, Betting and Livescore\",\"potentialAction\":[{\"@type\":\"SearchAction\",\"target\":{\"@type\":\"EntryPoint\",\"urlTemplate\":\"https:\/\/acefootball.com\/es\/?s={search_term_string}\"},\"query-input\":\"required name=search_term_string\"}],\"inLanguage\":\"es\"},{\"@type\":\"ImageObject\",\"@id\":\"https:\/\/acefootball.com\/es\/noticias-de-futbol\/ansu-fati-ha-revelado-su-maximo-sueno-para-2021\/#primaryimage\",\"inLanguage\":\"es\",\"url\":\"\",\"contentUrl\":\"\"},{\"@type\":\"WebPage\",\"@id\":\"https:\/\/acefootball.com\/es\/noticias-de-futbol\/ansu-fati-ha-revelado-su-maximo-sueno-para-2021\/#webpage\",\"url\":\"https:\/\/acefootball.com\/es\/noticias-de-futbol\/ansu-fati-ha-revelado-su-maximo-sueno-para-2021\/\",\"name\":\"Ansu Fati ha revelado su m\u00e1ximo sue\u00f1o para 2021\",\"isPartOf\":{\"@id\":\"https:\/\/acefootball.com\/es\/#website\"},\"primaryImageOfPage\":{\"@id\":\"https:\/\/acefootball.com\/es\/noticias-de-futbol\/ansu-fati-ha-revelado-su-maximo-sueno-para-2021\/#primaryimage\"},\"datePublished\":\"2021-03-23T17:21:53+00:00\",\"dateModified\":\"2021-03-23T17:21:54+00:00\",\"author\":{\"@id\":\"\"},\"description\":\"El d\u00eda en que recogi\u00f3 un nuevo premio, Ansu Fati revel\u00f3 su m\u00e1ximo sue\u00f1o para 2021 como futbolista profesional. No es imposible.\",\"breadcrumb\":{\"@id\":\"https:\/\/acefootball.com\/es\/noticias-de-futbol\/ansu-fati-ha-revelado-su-maximo-sueno-para-2021\/#breadcrumb\"},\"inLanguage\":\"es\",\"potentialAction\":[{\"@type\":\"ReadAction\",\"target\":[\"https:\/\/acefootball.com\/es\/noticias-de-futbol\/ansu-fati-ha-revelado-su-maximo-sueno-para-2021\/\"]}]},{\"@type\":\"BreadcrumbList\",\"@id\":\"https:\/\/acefootball.com\/es\/noticias-de-futbol\/ansu-fati-ha-revelado-su-maximo-sueno-para-2021\/#breadcrumb\",\"itemListElement\":[{\"@type\":\"ListItem\",\"position\":1,\"name\":\"Home\",\"item\":\"https:\/\/acefootball.com\/es\/\"},{\"@type\":\"ListItem\",\"position\":2,\"name\":\"Ansu Fati ha revelado su m\u00e1ximo sue\u00f1o para 2021\"}]},{\"@type\":\"Person\",\"@id\":\"\",\"url\":\"https:\/\/acefootball.com\/es\/noticias-de-futbol\/author\/\"}]}<\/script>\n<!-- \/ Yoast SEO plugin. -->","yoast_head_json":{"title":"Ansu Fati ha revelado su m\u00e1ximo sue\u00f1o para 2021","description":"El d\u00eda en que recogi\u00f3 un nuevo premio, Ansu Fati revel\u00f3 su m\u00e1ximo sue\u00f1o para 2021 como futbolista profesional. No es imposible.","robots":{"index":"index","follow":"follow","max-snippet":"max-snippet:-1","max-image-preview":"max-image-preview:large","max-video-preview":"max-video-preview:-1"},"canonical":"https:\/\/acefootball.com\/es\/noticias-de-futbol\/ansu-fati-ha-revelado-su-maximo-sueno-para-2021\/","og_locale":"es_ES","og_type":"article","og_title":"Ansu Fati ha revelado su m\u00e1ximo sue\u00f1o para 2021","og_description":"El d\u00eda en que recogi\u00f3 un nuevo premio, Ansu Fati revel\u00f3 su m\u00e1ximo sue\u00f1o para 2021 como futbolista profesional. No es imposible.","og_url":"https:\/\/acefootball.com\/es\/noticias-de-futbol\/ansu-fati-ha-revelado-su-maximo-sueno-para-2021\/","og_site_name":"Ace Football Espa\u00f1ol","article_published_time":"2021-03-23T17:21:53+00:00","article_modified_time":"2021-03-23T17:21:54+00:00","og_image":[{"url":"https:\/\/acefootball.com\/es\/wp-content\/uploads\/2021\/03\/GettyImages-1283948659.jpg","height":683,"width":1024}],"twitter_card":"summary_large_image","twitter_image":"https:\/\/acefootball.com\/es\/wp-content\/uploads\/2021\/03\/GettyImages-1283948659.jpg","twitter_misc":{"Escrito por":"","Tiempo de lectura":"2 minutos"},"schema":{"@context":"https:\/\/schema.org","@graph":[{"@type":"WebSite","@id":"https:\/\/acefootball.com\/es\/#website","url":"https:\/\/acefootball.com\/es\/","name":"Ace Football Espa\u00f1ol","description":"News, Betting and Livescore","potentialAction":[{"@type":"SearchAction","target":{"@type":"EntryPoint","urlTemplate":"https:\/\/acefootball.com\/es\/?s={search_term_string}"},"query-input":"required name=search_term_string"}],"inLanguage":"es"},{"@type":"ImageObject","@id":"https:\/\/acefootball.com\/es\/noticias-de-futbol\/ansu-fati-ha-revelado-su-maximo-sueno-para-2021\/#primaryimage","inLanguage":"es","url":"","contentUrl":""},{"@type":"WebPage","@id":"https:\/\/acefootball.com\/es\/noticias-de-futbol\/ansu-fati-ha-revelado-su-maximo-sueno-para-2021\/#webpage","url":"https:\/\/acefootball.com\/es\/noticias-de-futbol\/ansu-fati-ha-revelado-su-maximo-sueno-para-2021\/","name":"Ansu Fati ha revelado su m\u00e1ximo sue\u00f1o para 2021","isPartOf":{"@id":"https:\/\/acefootball.com\/es\/#website"},"primaryImageOfPage":{"@id":"https:\/\/acefootball.com\/es\/noticias-de-futbol\/ansu-fati-ha-revelado-su-maximo-sueno-para-2021\/#primaryimage"},"datePublished":"2021-03-23T17:21:53+00:00","dateModified":"2021-03-23T17:21:54+00:00","author":{"@id":""},"description":"El d\u00eda en que recogi\u00f3 un nuevo premio, Ansu Fati revel\u00f3 su m\u00e1ximo sue\u00f1o para 2021 como futbolista profesional. No es imposible.","breadcrumb":{"@id":"https:\/\/acefootball.com\/es\/noticias-de-futbol\/ansu-fati-ha-revelado-su-maximo-sueno-para-2021\/#breadcrumb"},"inLanguage":"es","potentialAction":[{"@type":"ReadAction","target":["https:\/\/acefootball.com\/es\/noticias-de-futbol\/ansu-fati-ha-revelado-su-maximo-sueno-para-2021\/"]}]},{"@type":"BreadcrumbList","@id":"https:\/\/acefootball.com\/es\/noticias-de-futbol\/ansu-fati-ha-revelado-su-maximo-sueno-para-2021\/#breadcrumb","itemListElement":[{"@type":"ListItem","position":1,"name":"Home","item":"https:\/\/acefootball.com\/es\/"},{"@type":"ListItem","position":2,"name":"Ansu Fati ha revelado su m\u00e1ximo sue\u00f1o para 2021"}]},{"@type":"Person","@id":"","url":"https:\/\/acefootball.com\/es\/noticias-de-futbol\/author\/"}]}},"fimg_url":"https:\/\/acefootball.com\/es\/wp-content\/uploads\/2021\/03\/GettyImages-1283948659.jpg","_links":{"self":[{"href":"https:\/\/acefootball.com\/es\/wp-json\/wp\/v2\/posts\/14415"}],"collection":[{"href":"https:\/\/acefootball.com\/es\/wp-json\/wp\/v2\/posts"}],"about":[{"href":"https:\/\/acefootball.com\/es\/wp-json\/wp\/v2\/types\/post"}],"author":[{"embeddable":true,"href":"https:\/\/acefootball.com\/es\/wp-json\/wp\/v2\/users\/1023"}],"replies":[{"embeddable":true,"href":"https:\/\/acefootball.com\/es\/wp-json\/wp\/v2\/comments?post=14415"}],"version-history":[{"count":0,"href":"https:\/\/acefootball.com\/es\/wp-json\/wp\/v2\/posts\/14415\/revisions"}],"wp:featuredmedia":[{"embeddable":true,"href":"https:\/\/acefootball.com\/es\/wp-json\/wp\/v2\/media\/-101101260798"}],"wp:attachment":[{"href":"https:\/\/acefootball.com\/es\/wp-json\/wp\/v2\/media?parent=14415"}],"wp:term":[{"taxonomy":"category","embeddable":true,"href":"https:\/\/acefootball.com\/es\/wp-json\/wp\/v2\/categories?post=14415"},{"taxonomy":"post_tag","embeddable":true,"href":"https:\/\/acefootball.com\/es\/wp-json\/wp\/v2\/tags?post=14415"}],"curies":[{"name":"wp","href":"https:\/\/api.w.org\/{rel}","templated":true}]}}