{"id":14409,"date":"2021-03-23T14:04:15","date_gmt":"2021-03-23T14:04:15","guid":{"rendered":"https:\/\/acefootball.com\/es\/?p=14409"},"modified":"2021-03-23T14:04:16","modified_gmt":"2021-03-23T14:04:16","slug":"odegaard-rompe-su-silencio-sobre-su-futuro-en-el-arsenal","status":"publish","type":"post","link":"https:\/\/acefootball.com\/es\/noticias-de-futbol\/odegaard-rompe-su-silencio-sobre-su-futuro-en-el-arsenal\/","title":{"rendered":"Odegaard rompe su silencio sobre su futuro en el Arsenal"},"content":{"rendered":"\n<h2 id=\"h-el-noruego-habl-de-sus-planes-de-futuro-en-el-club-y-de-como-se-est-adaptando-a-inglaterra-desde-su-fichaje-en-invierno\">El noruego habl\u00f3 de sus planes de futuro en el club y de como se est\u00e1 adaptando a Inglaterra desde su fichaje en invierno.<\/h2>\n\n\n\n<p>Martin Odegaard no piensa en quedarse en el Arsenal m\u00e1s all\u00e1 de su cesi\u00f3n inicial al Real Madrid. Est\u00e1 centrado s\u00f3lo en el presente, no en el futuro.<\/p>\n\n\n\n<p>El jugador de 22 a\u00f1os fich\u00f3 por el Arsenal en enero en calidad de cedido tras la <em><a href=\"https:\/\/acefootball.com\/football-news\/report-real-madrids-plans-for-odegaard-revealed\/\">falta de juego en el Real Madrid<\/a><\/em>. Desde entonces, ha jugado 12 partidos en el club, incluyendo 8 de la Premier League. <\/p>\n\n\n\n<div class=\"wp-block-si-widget wp-block-si-widget--center\"><si-lb-widget widget-id=\"PlayerSeasonProfile\" width=\"100%\" data-player-id=\"534670\" data-theme-appearance=\"dark\" data-season-id=\"15382\"><\/si-lb-widget><\/div>\n\n\n\n<p>Odegaard, que ha marcado dos goles en los tres partidos en los que ha sido titular, ha ido mejorando, pero insiste en que ahora mismo no se plantea una estancia m\u00e1s larga.<\/p>\n\n\n\n<p>\u00abPara ser sincero, no he pensado en lo que pasar\u00e1\u00bb, dijo el noruego a <em><a href=\"https:\/\/direkte.vg.no\/sportsdognet\/news\/oedegaard-om-arsenal-og-fremtiden.2qIP4Nkb8?utm_source=vgfront&amp;utm_content=direktewidget&amp;utm_medium=direktewidget_sportsdognet\" target=\"_blank\" rel=\"noreferrer noopener\">VG<\/a><\/em> sobre si pensaba quedarse en el Arsenal m\u00e1s all\u00e1 de su cesi\u00f3n.<\/p>\n\n\n\n<p>\u00abEl trato con el Arsenal es hasta final de temporada. Ya he dicho cosas antes que sigo defendiendo: la estabilidad y el desarrollo son palabras clave\u00bb.<\/p>\n\n\n\n<p>El antiguo jugador del Real Sociedad, junto con Emile Smith Rowe, han ayudado a cubrir el departamento creativo desde la salida de Mesut \u00d6zil.<\/p>\n\n\n\n<p>\u00abCreo que ha sido bueno, desde el principio\u00bb, dijo Odegaard sobre la vida en Londres.<\/p>\n\n\n\n<p>\u00abMe adapt\u00e9 a la forma de jugar bastante pronto. Me faltaba un poco de confianza en m\u00ed mismo y cosas as\u00ed, pero siento que he mejorado cada d\u00eda\u00bb.<\/p>\n\n\n\n<p>Sobre su entrenador, Mikel Arteta, Odegaard dijo: \u00abEs incre\u00edble. Tengo mucho que aprender de \u00e9l. Solo necesito \u2018agudizar mis o\u00eddos\u2019 y prestar atenci\u00f3n. Es fant\u00e1stico\u00bb.<\/p>\n\n\n\n<figure class=\"wp-block-embed is-type-wp-embed is-provider-ace-football-espanol wp-block-embed-ace-football-espanol\"><div class=\"wp-block-embed__wrapper\">\n<blockquote class=\"wp-embedded-content\" data-secret=\"XkW8gwI49w\"><a href=\"https:\/\/acefootball.com\/es\/noticias-de-futbol\/josh-king-revela-su-papel-en-el-fichaje-de-odegaard-por-el-arsenal\/\">Josh King revela su papel en el fichaje de Odegaard por el Arsenal<\/a><\/blockquote><iframe class=\"wp-embedded-content\" sandbox=\"allow-scripts\" security=\"restricted\" style=\"position: absolute; clip: rect(1px, 1px, 1px, 1px);\" title=\"\u00abJosh King revela su papel en el fichaje de Odegaard por el Arsenal\u00bb \u2014 Ace Football Espa\u00f1ol\" src=\"https:\/\/acefootball.com\/es\/noticias-de-futbol\/josh-king-revela-su-papel-en-el-fichaje-de-odegaard-por-el-arsenal\/embed\/#?secret=XkW8gwI49w\" data-secret=\"XkW8gwI49w\" width=\"600\" height=\"338\" frameborder=\"0\" marginwidth=\"0\" marginheight=\"0\" scrolling=\"no\"><\/iframe>\n<\/div><\/figure>\n","protected":false},"excerpt":{"rendered":"<p>El noruego habl\u00f3 de sus planes de futuro en el club y de como se est\u00e1 adaptando a Inglaterra desde su fichaje en invierno.<\/p>\n","protected":false},"author":1022,"featured_media":-101101257664,"comment_status":"open","ping_status":"closed","sticky":false,"template":"","format":"standard","meta":{"om_disable_all_campaigns":false,"push_articles_ronaldo":{"active":false,"canonical":0,"publish":false},"force_updates":null},"categories":[1],"tags":[520,1759,77],"enet_tags":{"team":["9825"],"player":["534670"],"league":["47"],"sport_events":[]},"yoast_head":"<!-- This site is optimized with the Yoast SEO plugin v18.3 - https:\/\/yoast.com\/wordpress\/plugins\/seo\/ -->\n<title>Odegaard rompe su silencio sobre su futuro en el Arsenal<\/title>\n<meta name=\"description\" content=\"El noruego habl\u00f3 de sus planes de futuro en el club y de como se est\u00e1 adaptando a Inglaterra desde su fichaje en invierno.\" \/>\n<meta name=\"robots\" content=\"index, follow, max-snippet:-1, max-image-preview:large, max-video-preview:-1\" \/>\n<link rel=\"canonical\" href=\"https:\/\/acefootball.com\/es\/noticias-de-futbol\/odegaard-rompe-su-silencio-sobre-su-futuro-en-el-arsenal\/\" \/>\n<meta property=\"og:locale\" content=\"es_ES\" \/>\n<meta property=\"og:type\" content=\"article\" \/>\n<meta property=\"og:title\" content=\"Odegaard rompe su silencio sobre su futuro en el Arsenal\" \/>\n<meta property=\"og:description\" content=\"El noruego habl\u00f3 de sus planes de futuro en el club y de como se est\u00e1 adaptando a Inglaterra desde su fichaje en invierno.\" \/>\n<meta property=\"og:url\" content=\"https:\/\/acefootball.com\/es\/noticias-de-futbol\/odegaard-rompe-su-silencio-sobre-su-futuro-en-el-arsenal\/\" \/>\n<meta property=\"og:site_name\" content=\"Ace Football Espa\u00f1ol\" \/>\n<meta property=\"article:published_time\" content=\"2021-03-23T14:04:15+00:00\" \/>\n<meta property=\"article:modified_time\" content=\"2021-03-23T14:04:16+00:00\" \/>\n<meta property=\"og:image\" content=\"https:\/\/acefootball.com\/es\/wp-content\/uploads\/2021\/02\/GettyImages-1302119857.jpg\" \/>\n\t<meta property=\"og:image:width\" content=\"1920\" \/>\n\t<meta property=\"og:image:height\" content=\"1262\" \/>\n<meta name=\"twitter:card\" content=\"summary_large_image\" \/>\n<meta name=\"twitter:image\" content=\"https:\/\/acefootball.com\/es\/wp-content\/uploads\/2021\/02\/GettyImages-1302119857.jpg\" \/>\n<meta name=\"twitter:label1\" content=\"Escrito por\" \/>\n\t<meta name=\"twitter:data1\" content=\"\" \/>\n\t<meta name=\"twitter:label2\" content=\"Tiempo de lectura\" \/>\n\t<meta name=\"twitter:data2\" content=\"2 minutos\" \/>\n<script type=\"application\/ld+json\" class=\"yoast-schema-graph\">{\"@context\":\"https:\/\/schema.org\",\"@graph\":[{\"@type\":\"WebSite\",\"@id\":\"https:\/\/acefootball.com\/es\/#website\",\"url\":\"https:\/\/acefootball.com\/es\/\",\"name\":\"Ace Football Espa\u00f1ol\",\"description\":\"News, Betting and Livescore\",\"potentialAction\":[{\"@type\":\"SearchAction\",\"target\":{\"@type\":\"EntryPoint\",\"urlTemplate\":\"https:\/\/acefootball.com\/es\/?s={search_term_string}\"},\"query-input\":\"required name=search_term_string\"}],\"inLanguage\":\"es\"},{\"@type\":\"ImageObject\",\"@id\":\"https:\/\/acefootball.com\/es\/noticias-de-futbol\/odegaard-rompe-su-silencio-sobre-su-futuro-en-el-arsenal\/#primaryimage\",\"inLanguage\":\"es\",\"url\":\"https:\/\/acefootball.com\/es\/wp-content\/uploads\/2021\/02\/GettyImages-1302119857.jpg\",\"contentUrl\":\"https:\/\/acefootball.com\/es\/wp-content\/uploads\/2021\/02\/GettyImages-1302119857.jpg\"},{\"@type\":\"WebPage\",\"@id\":\"https:\/\/acefootball.com\/es\/noticias-de-futbol\/odegaard-rompe-su-silencio-sobre-su-futuro-en-el-arsenal\/#webpage\",\"url\":\"https:\/\/acefootball.com\/es\/noticias-de-futbol\/odegaard-rompe-su-silencio-sobre-su-futuro-en-el-arsenal\/\",\"name\":\"Odegaard rompe su silencio sobre su futuro en el Arsenal\",\"isPartOf\":{\"@id\":\"https:\/\/acefootball.com\/es\/#website\"},\"primaryImageOfPage\":{\"@id\":\"https:\/\/acefootball.com\/es\/noticias-de-futbol\/odegaard-rompe-su-silencio-sobre-su-futuro-en-el-arsenal\/#primaryimage\"},\"datePublished\":\"2021-03-23T14:04:15+00:00\",\"dateModified\":\"2021-03-23T14:04:16+00:00\",\"author\":{\"@id\":\"\"},\"description\":\"El noruego habl\u00f3 de sus planes de futuro en el club y de como se est\u00e1 adaptando a Inglaterra desde su fichaje en invierno.\",\"breadcrumb\":{\"@id\":\"https:\/\/acefootball.com\/es\/noticias-de-futbol\/odegaard-rompe-su-silencio-sobre-su-futuro-en-el-arsenal\/#breadcrumb\"},\"inLanguage\":\"es\",\"potentialAction\":[{\"@type\":\"ReadAction\",\"target\":[\"https:\/\/acefootball.com\/es\/noticias-de-futbol\/odegaard-rompe-su-silencio-sobre-su-futuro-en-el-arsenal\/\"]}]},{\"@type\":\"BreadcrumbList\",\"@id\":\"https:\/\/acefootball.com\/es\/noticias-de-futbol\/odegaard-rompe-su-silencio-sobre-su-futuro-en-el-arsenal\/#breadcrumb\",\"itemListElement\":[{\"@type\":\"ListItem\",\"position\":1,\"name\":\"Home\",\"item\":\"https:\/\/acefootball.com\/es\/\"},{\"@type\":\"ListItem\",\"position\":2,\"name\":\"Odegaard rompe su silencio sobre su futuro en el Arsenal\"}]},{\"@type\":\"Person\",\"@id\":\"\",\"url\":\"https:\/\/acefootball.com\/es\/noticias-de-futbol\/author\/\"}]}<\/script>\n<!-- \/ Yoast SEO plugin. -->","yoast_head_json":{"title":"Odegaard rompe su silencio sobre su futuro en el Arsenal","description":"El noruego habl\u00f3 de sus planes de futuro en el club y de como se est\u00e1 adaptando a Inglaterra desde su fichaje en invierno.","robots":{"index":"index","follow":"follow","max-snippet":"max-snippet:-1","max-image-preview":"max-image-preview:large","max-video-preview":"max-video-preview:-1"},"canonical":"https:\/\/acefootball.com\/es\/noticias-de-futbol\/odegaard-rompe-su-silencio-sobre-su-futuro-en-el-arsenal\/","og_locale":"es_ES","og_type":"article","og_title":"Odegaard rompe su silencio sobre su futuro en el Arsenal","og_description":"El noruego habl\u00f3 de sus planes de futuro en el club y de como se est\u00e1 adaptando a Inglaterra desde su fichaje en invierno.","og_url":"https:\/\/acefootball.com\/es\/noticias-de-futbol\/odegaard-rompe-su-silencio-sobre-su-futuro-en-el-arsenal\/","og_site_name":"Ace Football Espa\u00f1ol","article_published_time":"2021-03-23T14:04:15+00:00","article_modified_time":"2021-03-23T14:04:16+00:00","og_image":[{"url":"https:\/\/acefootball.com\/es\/wp-content\/uploads\/2021\/02\/GettyImages-1302119857.jpg","height":1262,"width":1920}],"twitter_card":"summary_large_image","twitter_image":"https:\/\/acefootball.com\/es\/wp-content\/uploads\/2021\/02\/GettyImages-1302119857.jpg","twitter_misc":{"Escrito por":"","Tiempo de lectura":"2 minutos"},"schema":{"@context":"https:\/\/schema.org","@graph":[{"@type":"WebSite","@id":"https:\/\/acefootball.com\/es\/#website","url":"https:\/\/acefootball.com\/es\/","name":"Ace Football Espa\u00f1ol","description":"News, Betting and Livescore","potentialAction":[{"@type":"SearchAction","target":{"@type":"EntryPoint","urlTemplate":"https:\/\/acefootball.com\/es\/?s={search_term_string}"},"query-input":"required name=search_term_string"}],"inLanguage":"es"},{"@type":"ImageObject","@id":"https:\/\/acefootball.com\/es\/noticias-de-futbol\/odegaard-rompe-su-silencio-sobre-su-futuro-en-el-arsenal\/#primaryimage","inLanguage":"es","url":"https:\/\/acefootball.com\/es\/wp-content\/uploads\/2021\/02\/GettyImages-1302119857.jpg","contentUrl":"https:\/\/acefootball.com\/es\/wp-content\/uploads\/2021\/02\/GettyImages-1302119857.jpg"},{"@type":"WebPage","@id":"https:\/\/acefootball.com\/es\/noticias-de-futbol\/odegaard-rompe-su-silencio-sobre-su-futuro-en-el-arsenal\/#webpage","url":"https:\/\/acefootball.com\/es\/noticias-de-futbol\/odegaard-rompe-su-silencio-sobre-su-futuro-en-el-arsenal\/","name":"Odegaard rompe su silencio sobre su futuro en el Arsenal","isPartOf":{"@id":"https:\/\/acefootball.com\/es\/#website"},"primaryImageOfPage":{"@id":"https:\/\/acefootball.com\/es\/noticias-de-futbol\/odegaard-rompe-su-silencio-sobre-su-futuro-en-el-arsenal\/#primaryimage"},"datePublished":"2021-03-23T14:04:15+00:00","dateModified":"2021-03-23T14:04:16+00:00","author":{"@id":""},"description":"El noruego habl\u00f3 de sus planes de futuro en el club y de como se est\u00e1 adaptando a Inglaterra desde su fichaje en invierno.","breadcrumb":{"@id":"https:\/\/acefootball.com\/es\/noticias-de-futbol\/odegaard-rompe-su-silencio-sobre-su-futuro-en-el-arsenal\/#breadcrumb"},"inLanguage":"es","potentialAction":[{"@type":"ReadAction","target":["https:\/\/acefootball.com\/es\/noticias-de-futbol\/odegaard-rompe-su-silencio-sobre-su-futuro-en-el-arsenal\/"]}]},{"@type":"BreadcrumbList","@id":"https:\/\/acefootball.com\/es\/noticias-de-futbol\/odegaard-rompe-su-silencio-sobre-su-futuro-en-el-arsenal\/#breadcrumb","itemListElement":[{"@type":"ListItem","position":1,"name":"Home","item":"https:\/\/acefootball.com\/es\/"},{"@type":"ListItem","position":2,"name":"Odegaard rompe su silencio sobre su futuro en el Arsenal"}]},{"@type":"Person","@id":"","url":"https:\/\/acefootball.com\/es\/noticias-de-futbol\/author\/"}]}},"fimg_url":"https:\/\/acefootball.com\/es\/wp-content\/uploads\/2021\/02\/GettyImages-1302119857.jpg","_links":{"self":[{"href":"https:\/\/acefootball.com\/es\/wp-json\/wp\/v2\/posts\/14409"}],"collection":[{"href":"https:\/\/acefootball.com\/es\/wp-json\/wp\/v2\/posts"}],"about":[{"href":"https:\/\/acefootball.com\/es\/wp-json\/wp\/v2\/types\/post"}],"author":[{"embeddable":true,"href":"https:\/\/acefootball.com\/es\/wp-json\/wp\/v2\/users\/1022"}],"replies":[{"embeddable":true,"href":"https:\/\/acefootball.com\/es\/wp-json\/wp\/v2\/comments?post=14409"}],"version-history":[{"count":0,"href":"https:\/\/acefootball.com\/es\/wp-json\/wp\/v2\/posts\/14409\/revisions"}],"wp:featuredmedia":[{"embeddable":true,"href":"https:\/\/acefootball.com\/es\/wp-json\/wp\/v2\/media\/-101101257664"}],"wp:attachment":[{"href":"https:\/\/acefootball.com\/es\/wp-json\/wp\/v2\/media?parent=14409"}],"wp:term":[{"taxonomy":"category","embeddable":true,"href":"https:\/\/acefootball.com\/es\/wp-json\/wp\/v2\/categories?post=14409"},{"taxonomy":"post_tag","embeddable":true,"href":"https:\/\/acefootball.com\/es\/wp-json\/wp\/v2\/tags?post=14409"}],"curies":[{"name":"wp","href":"https:\/\/api.w.org\/{rel}","templated":true}]}}