{"id":14302,"date":"2021-03-19T08:14:45","date_gmt":"2021-03-19T08:14:45","guid":{"rendered":"https:\/\/acefootball.com\/es\/?p=14302"},"modified":"2021-03-19T08:17:10","modified_gmt":"2021-03-19T08:17:10","slug":"arteta-pide-a-su-equipo-que-espabile-tras-la-derrota-ante-el-olympiacos","status":"publish","type":"post","link":"https:\/\/acefootball.com\/es\/noticias-de-futbol\/arteta-pide-a-su-equipo-que-espabile-tras-la-derrota-ante-el-olympiacos\/","title":{"rendered":"Arteta pide a su equipo que espabile tras la derrota ante el Olympiacos"},"content":{"rendered":"\n<h2 id=\"h-el-entrenador-se-alegr-por-la-clasificaci-n-a-cuartos-pero-critic-la-p-sima-actuaci-n-de-su-equipo-ante-el-olympiacos\">El entrenador se alegr\u00f3 por la clasificaci\u00f3n a cuartos, pero critic\u00f3 la p\u00e9sima actuaci\u00f3n de su equipo ante el Olympiacos.<\/h2>\n\n\n\n<p>El t\u00e9cnico vio como su equipo se clasificaba para los cuartos de final de la Europa League en un partido donde se enfrentaron solo a 10 jugadores, y ahora admite que si no mejoran, ser\u00e1n eliminados de la competici\u00f3n. <\/p>\n\n\n\n<p>Los &#8216;Gunners&#8217; perdieron 1-0 en el Emirates Stadium la noche del jueves. Youssef El-Arabi fue el encargado de marcar contra el Arsenal por tercer partido consecutivo.<\/p>\n\n\n\n<p>Pierre-Emerick Aubameyang desaprovech\u00f3 grandes oportunidades de empatar pero el 3-1 conseguido en Grecia la semana pasada fue suficiente para su clasificaci\u00f3n. <\/p>\n\n\n\n<figure class=\"wp-block-embed is-type-rich is-provider-twitter wp-block-embed-twitter\"><div class=\"wp-block-embed__wrapper\">\n<blockquote class=\"twitter-tweet\" data-width=\"550\" data-dnt=\"true\"><p lang=\"en\" dir=\"ltr\">Forget Aubameyang&#39;s missed chances today for a second as that can happen. I&#39;m not happy with the other elements. He&#39;s not doing enough off the ball and very subdued overall display. He&#39;s not given 100% today&#8230;<\/p>&mdash; LTArsenal\u2122 (@ltarsenal) <a href=\"https:\/\/twitter.com\/ltarsenal\/status\/1372635300355219456?ref_src=twsrc%5Etfw\">March 18, 2021<\/a><\/blockquote><script async src=\"https:\/\/platform.twitter.com\/widgets.js\" charset=\"utf-8\"><\/script>\n<\/div><\/figure>\n\n\n\n<p>El entrenador ha advertido a sus jugadores: si no mejoran, se despiden de la competici\u00f3n. <\/p>\n\n\n\n<p>Preguntado por si se quedar\u00e1n fuera si juegan igual de mal en la siguiente ronda, Arteta <em><a href=\"https:\/\/www.arsenal.com\/news\/arteta-aubameyang-saka-and-consistency\" target=\"_blank\" rel=\"noreferrer noopener\">admiti\u00f3<\/a><\/em>: \u00abS\u00ed, porque lo que tenemos que hacer, por la forma en que estamos establecidos, la organizaci\u00f3n que tenemos y la forma en que queremos jugar, tenemos que ser mucho m\u00e1s eficientes, mucho m\u00e1s simples, mucho m\u00e1s cohesionados como equipo\u00bb.<\/p>\n\n\n\n<p>\u00abSin esa estructura est\u00e1s expuesto cuando pierdes el bal\u00f3n en zonas realmente peligrosas sin ninguna oposici\u00f3n\u00bb.<\/p>\n\n\n\n<p>\u00abCuando haces eso, y nosotros tambi\u00e9n lo hicimos, creamos una ocasi\u00f3n tras otra, pero, de nuevo, queremos estar en la competici\u00f3n, y cuando tienes cuatro, cinco, seis grandes ocasiones en Europa tienes que meterlas y entonces se acaba la eliminatoria\u00bb.<\/p>\n\n\n\n<p>Mislav Or\u0161i\u0107 sorprendi\u00f3 al Tottenham con un triplete y los rivales de los &#8216;Gunners&#8217; sufrieron una <em><a href=\"https:\/\/acefootball.com\/es\/noticias-de-futbol\/ultima-hora-el-tottenham-es-eliminado-de-la-europa-league\/\">sorprendente eliminaci\u00f3n<\/a><\/em> de la Europa League. Arteta aprovech\u00f3 adem\u00e1s para explicar lo complicada que puede ser la Europa League.<\/p>\n\n\n\n<figure class=\"wp-block-embed is-type-rich is-provider-twitter wp-block-embed-twitter\"><div class=\"wp-block-embed__wrapper\">\n<blockquote class=\"twitter-tweet\" data-width=\"550\" data-dnt=\"true\"><p lang=\"en\" dir=\"ltr\">Mislav Orsic is an Arsenal Legend<\/p>&mdash; Urban Arsenal (@arsenal_urban) <a href=\"https:\/\/twitter.com\/arsenal_urban\/status\/1372642798986465286?ref_src=twsrc%5Etfw\">March 18, 2021<\/a><\/blockquote><script async src=\"https:\/\/platform.twitter.com\/widgets.js\" charset=\"utf-8\"><\/script>\n<\/div><\/figure>\n\n\n\n<p>A\u00f1adi\u00f3: \u00abEso demuestra tambi\u00e9n el nivel de la oposici\u00f3n, que la gente da por sentado que juegas contra un rival y vas a pasar, por el nombre del club que representas\u00bb.<\/p>\n\n\n\n<p>\u00abNo es as\u00ed, todos los equipos de Europa son dif\u00edciles de vencer\u00bb.<\/p>\n\n\n\n<p>El Arsenal esperar\u00e1 a conocer su pr\u00f3ximo rival en la Europa League cuando se celebre el sorteo el viernes.<\/p>\n","protected":false},"excerpt":{"rendered":"<p>El entrenador se alegr\u00f3 por la clasificaci\u00f3n a cuartos, pero critic\u00f3 la p\u00e9sima actuaci\u00f3n de su equipo ante el Olympiacos.<\/p>\n","protected":false},"author":1022,"featured_media":-101101260221,"comment_status":"open","ping_status":"closed","sticky":false,"template":"","format":"standard","meta":{"om_disable_all_campaigns":false,"push_articles_ronaldo":{"active":false,"canonical":0,"publish":false},"force_updates":null},"categories":[1],"tags":[520,2143,8416,1048],"enet_tags":{"team":["9825","8638"],"player":["963523","150565"],"sport_events":[]},"yoast_head":"<!-- This site is optimized with the Yoast SEO plugin v18.3 - https:\/\/yoast.com\/wordpress\/plugins\/seo\/ -->\n<title>Arteta pide a su equipo que espabile tras la derrota ante el Olympiacos<\/title>\n<meta name=\"description\" content=\"El entrenador se alegr\u00f3 por la clasificaci\u00f3n a cuartos, pero critic\u00f3 la p\u00e9sima actuaci\u00f3n de su equipo ante el Olympiacos.\" \/>\n<meta name=\"robots\" content=\"index, follow, max-snippet:-1, max-image-preview:large, max-video-preview:-1\" \/>\n<link rel=\"canonical\" href=\"https:\/\/acefootball.com\/es\/noticias-de-futbol\/arteta-pide-a-su-equipo-que-espabile-tras-la-derrota-ante-el-olympiacos\/\" \/>\n<meta property=\"og:locale\" content=\"es_ES\" \/>\n<meta property=\"og:type\" content=\"article\" \/>\n<meta property=\"og:title\" content=\"Arteta pide a su equipo que espabile tras la derrota ante el Olympiacos\" \/>\n<meta property=\"og:description\" content=\"El entrenador se alegr\u00f3 por la clasificaci\u00f3n a cuartos, pero critic\u00f3 la p\u00e9sima actuaci\u00f3n de su equipo ante el Olympiacos.\" \/>\n<meta property=\"og:url\" content=\"https:\/\/acefootball.com\/es\/noticias-de-futbol\/arteta-pide-a-su-equipo-que-espabile-tras-la-derrota-ante-el-olympiacos\/\" \/>\n<meta property=\"og:site_name\" content=\"Ace Football Espa\u00f1ol\" \/>\n<meta property=\"article:published_time\" content=\"2021-03-19T08:14:45+00:00\" \/>\n<meta property=\"article:modified_time\" content=\"2021-03-19T08:17:10+00:00\" \/>\n<meta property=\"og:image\" content=\"https:\/\/acefootball.com\/es\/wp-content\/uploads\/2021\/03\/GettyImages-1305636422.jpg\" \/>\n\t<meta property=\"og:image:width\" content=\"1024\" \/>\n\t<meta property=\"og:image:height\" content=\"683\" \/>\n<meta name=\"twitter:card\" content=\"summary_large_image\" \/>\n<meta name=\"twitter:image\" content=\"https:\/\/acefootball.com\/es\/wp-content\/uploads\/2021\/03\/GettyImages-1305636422.jpg\" \/>\n<meta name=\"twitter:label1\" content=\"Escrito por\" \/>\n\t<meta name=\"twitter:data1\" content=\"\" \/>\n\t<meta name=\"twitter:label2\" content=\"Tiempo de lectura\" \/>\n\t<meta name=\"twitter:data2\" content=\"2 minutos\" \/>\n<script type=\"application\/ld+json\" class=\"yoast-schema-graph\">{\"@context\":\"https:\/\/schema.org\",\"@graph\":[{\"@type\":\"WebSite\",\"@id\":\"https:\/\/acefootball.com\/es\/#website\",\"url\":\"https:\/\/acefootball.com\/es\/\",\"name\":\"Ace Football Espa\u00f1ol\",\"description\":\"News, Betting and Livescore\",\"potentialAction\":[{\"@type\":\"SearchAction\",\"target\":{\"@type\":\"EntryPoint\",\"urlTemplate\":\"https:\/\/acefootball.com\/es\/?s={search_term_string}\"},\"query-input\":\"required name=search_term_string\"}],\"inLanguage\":\"es\"},{\"@type\":\"ImageObject\",\"@id\":\"https:\/\/acefootball.com\/es\/noticias-de-futbol\/arteta-pide-a-su-equipo-que-espabile-tras-la-derrota-ante-el-olympiacos\/#primaryimage\",\"inLanguage\":\"es\",\"url\":\"https:\/\/acefootball.com\/es\/wp-content\/uploads\/2021\/03\/GettyImages-1305636422.jpg\",\"contentUrl\":\"https:\/\/acefootball.com\/es\/wp-content\/uploads\/2021\/03\/GettyImages-1305636422.jpg\"},{\"@type\":\"WebPage\",\"@id\":\"https:\/\/acefootball.com\/es\/noticias-de-futbol\/arteta-pide-a-su-equipo-que-espabile-tras-la-derrota-ante-el-olympiacos\/#webpage\",\"url\":\"https:\/\/acefootball.com\/es\/noticias-de-futbol\/arteta-pide-a-su-equipo-que-espabile-tras-la-derrota-ante-el-olympiacos\/\",\"name\":\"Arteta pide a su equipo que espabile tras la derrota ante el Olympiacos\",\"isPartOf\":{\"@id\":\"https:\/\/acefootball.com\/es\/#website\"},\"primaryImageOfPage\":{\"@id\":\"https:\/\/acefootball.com\/es\/noticias-de-futbol\/arteta-pide-a-su-equipo-que-espabile-tras-la-derrota-ante-el-olympiacos\/#primaryimage\"},\"datePublished\":\"2021-03-19T08:14:45+00:00\",\"dateModified\":\"2021-03-19T08:17:10+00:00\",\"author\":{\"@id\":\"\"},\"description\":\"El entrenador se alegr\u00f3 por la clasificaci\u00f3n a cuartos, pero critic\u00f3 la p\u00e9sima actuaci\u00f3n de su equipo ante el Olympiacos.\",\"breadcrumb\":{\"@id\":\"https:\/\/acefootball.com\/es\/noticias-de-futbol\/arteta-pide-a-su-equipo-que-espabile-tras-la-derrota-ante-el-olympiacos\/#breadcrumb\"},\"inLanguage\":\"es\",\"potentialAction\":[{\"@type\":\"ReadAction\",\"target\":[\"https:\/\/acefootball.com\/es\/noticias-de-futbol\/arteta-pide-a-su-equipo-que-espabile-tras-la-derrota-ante-el-olympiacos\/\"]}]},{\"@type\":\"BreadcrumbList\",\"@id\":\"https:\/\/acefootball.com\/es\/noticias-de-futbol\/arteta-pide-a-su-equipo-que-espabile-tras-la-derrota-ante-el-olympiacos\/#breadcrumb\",\"itemListElement\":[{\"@type\":\"ListItem\",\"position\":1,\"name\":\"Home\",\"item\":\"https:\/\/acefootball.com\/es\/\"},{\"@type\":\"ListItem\",\"position\":2,\"name\":\"Arteta pide a su equipo que espabile tras la derrota ante el Olympiacos\"}]},{\"@type\":\"Person\",\"@id\":\"\",\"url\":\"https:\/\/acefootball.com\/es\/noticias-de-futbol\/author\/\"}]}<\/script>\n<!-- \/ Yoast SEO plugin. -->","yoast_head_json":{"title":"Arteta pide a su equipo que espabile tras la derrota ante el Olympiacos","description":"El entrenador se alegr\u00f3 por la clasificaci\u00f3n a cuartos, pero critic\u00f3 la p\u00e9sima actuaci\u00f3n de su equipo ante el Olympiacos.","robots":{"index":"index","follow":"follow","max-snippet":"max-snippet:-1","max-image-preview":"max-image-preview:large","max-video-preview":"max-video-preview:-1"},"canonical":"https:\/\/acefootball.com\/es\/noticias-de-futbol\/arteta-pide-a-su-equipo-que-espabile-tras-la-derrota-ante-el-olympiacos\/","og_locale":"es_ES","og_type":"article","og_title":"Arteta pide a su equipo que espabile tras la derrota ante el Olympiacos","og_description":"El entrenador se alegr\u00f3 por la clasificaci\u00f3n a cuartos, pero critic\u00f3 la p\u00e9sima actuaci\u00f3n de su equipo ante el Olympiacos.","og_url":"https:\/\/acefootball.com\/es\/noticias-de-futbol\/arteta-pide-a-su-equipo-que-espabile-tras-la-derrota-ante-el-olympiacos\/","og_site_name":"Ace Football Espa\u00f1ol","article_published_time":"2021-03-19T08:14:45+00:00","article_modified_time":"2021-03-19T08:17:10+00:00","og_image":[{"url":"https:\/\/acefootball.com\/es\/wp-content\/uploads\/2021\/03\/GettyImages-1305636422.jpg","height":683,"width":1024}],"twitter_card":"summary_large_image","twitter_image":"https:\/\/acefootball.com\/es\/wp-content\/uploads\/2021\/03\/GettyImages-1305636422.jpg","twitter_misc":{"Escrito por":"","Tiempo de lectura":"2 minutos"},"schema":{"@context":"https:\/\/schema.org","@graph":[{"@type":"WebSite","@id":"https:\/\/acefootball.com\/es\/#website","url":"https:\/\/acefootball.com\/es\/","name":"Ace Football Espa\u00f1ol","description":"News, Betting and Livescore","potentialAction":[{"@type":"SearchAction","target":{"@type":"EntryPoint","urlTemplate":"https:\/\/acefootball.com\/es\/?s={search_term_string}"},"query-input":"required name=search_term_string"}],"inLanguage":"es"},{"@type":"ImageObject","@id":"https:\/\/acefootball.com\/es\/noticias-de-futbol\/arteta-pide-a-su-equipo-que-espabile-tras-la-derrota-ante-el-olympiacos\/#primaryimage","inLanguage":"es","url":"https:\/\/acefootball.com\/es\/wp-content\/uploads\/2021\/03\/GettyImages-1305636422.jpg","contentUrl":"https:\/\/acefootball.com\/es\/wp-content\/uploads\/2021\/03\/GettyImages-1305636422.jpg"},{"@type":"WebPage","@id":"https:\/\/acefootball.com\/es\/noticias-de-futbol\/arteta-pide-a-su-equipo-que-espabile-tras-la-derrota-ante-el-olympiacos\/#webpage","url":"https:\/\/acefootball.com\/es\/noticias-de-futbol\/arteta-pide-a-su-equipo-que-espabile-tras-la-derrota-ante-el-olympiacos\/","name":"Arteta pide a su equipo que espabile tras la derrota ante el Olympiacos","isPartOf":{"@id":"https:\/\/acefootball.com\/es\/#website"},"primaryImageOfPage":{"@id":"https:\/\/acefootball.com\/es\/noticias-de-futbol\/arteta-pide-a-su-equipo-que-espabile-tras-la-derrota-ante-el-olympiacos\/#primaryimage"},"datePublished":"2021-03-19T08:14:45+00:00","dateModified":"2021-03-19T08:17:10+00:00","author":{"@id":""},"description":"El entrenador se alegr\u00f3 por la clasificaci\u00f3n a cuartos, pero critic\u00f3 la p\u00e9sima actuaci\u00f3n de su equipo ante el Olympiacos.","breadcrumb":{"@id":"https:\/\/acefootball.com\/es\/noticias-de-futbol\/arteta-pide-a-su-equipo-que-espabile-tras-la-derrota-ante-el-olympiacos\/#breadcrumb"},"inLanguage":"es","potentialAction":[{"@type":"ReadAction","target":["https:\/\/acefootball.com\/es\/noticias-de-futbol\/arteta-pide-a-su-equipo-que-espabile-tras-la-derrota-ante-el-olympiacos\/"]}]},{"@type":"BreadcrumbList","@id":"https:\/\/acefootball.com\/es\/noticias-de-futbol\/arteta-pide-a-su-equipo-que-espabile-tras-la-derrota-ante-el-olympiacos\/#breadcrumb","itemListElement":[{"@type":"ListItem","position":1,"name":"Home","item":"https:\/\/acefootball.com\/es\/"},{"@type":"ListItem","position":2,"name":"Arteta pide a su equipo que espabile tras la derrota ante el Olympiacos"}]},{"@type":"Person","@id":"","url":"https:\/\/acefootball.com\/es\/noticias-de-futbol\/author\/"}]}},"fimg_url":"https:\/\/acefootball.com\/es\/wp-content\/uploads\/2021\/03\/GettyImages-1305636422.jpg","_links":{"self":[{"href":"https:\/\/acefootball.com\/es\/wp-json\/wp\/v2\/posts\/14302"}],"collection":[{"href":"https:\/\/acefootball.com\/es\/wp-json\/wp\/v2\/posts"}],"about":[{"href":"https:\/\/acefootball.com\/es\/wp-json\/wp\/v2\/types\/post"}],"author":[{"embeddable":true,"href":"https:\/\/acefootball.com\/es\/wp-json\/wp\/v2\/users\/1022"}],"replies":[{"embeddable":true,"href":"https:\/\/acefootball.com\/es\/wp-json\/wp\/v2\/comments?post=14302"}],"version-history":[{"count":0,"href":"https:\/\/acefootball.com\/es\/wp-json\/wp\/v2\/posts\/14302\/revisions"}],"wp:featuredmedia":[{"embeddable":true,"href":"https:\/\/acefootball.com\/es\/wp-json\/wp\/v2\/media\/-101101260221"}],"wp:attachment":[{"href":"https:\/\/acefootball.com\/es\/wp-json\/wp\/v2\/media?parent=14302"}],"wp:term":[{"taxonomy":"category","embeddable":true,"href":"https:\/\/acefootball.com\/es\/wp-json\/wp\/v2\/categories?post=14302"},{"taxonomy":"post_tag","embeddable":true,"href":"https:\/\/acefootball.com\/es\/wp-json\/wp\/v2\/tags?post=14302"}],"curies":[{"name":"wp","href":"https:\/\/api.w.org\/{rel}","templated":true}]}}