{"id":14126,"date":"2021-03-12T12:58:18","date_gmt":"2021-03-12T12:58:18","guid":{"rendered":"https:\/\/acefootball.com\/es\/?p=14126"},"modified":"2021-03-12T13:00:58","modified_gmt":"2021-03-12T13:00:58","slug":"tuchel-habla-sobre-dos-de-sus-jugadores-lesionados","status":"publish","type":"post","link":"https:\/\/acefootball.com\/es\/noticias-de-futbol\/tuchel-habla-sobre-dos-de-sus-jugadores-lesionados\/","title":{"rendered":"Tuchel habla sobre dos de sus jugadores lesionados"},"content":{"rendered":"\n<h2 id=\"h-ante-el-partido-del-chelsea-contra-el-leeds-thomas-tuchel-ha-hablado-sobre-la-disponibilidad-de-tammy-abraham-y-thiago-silva\">Ante el partido del Chelsea contra el Leeds, Thomas Tuchel ha hablado sobre la disponibilidad de Tammy Abraham y Thiago Silva.<\/h2>\n\n\n\n<p>El entrenador de los &#8216;Blues&#8217; ha confirmado que ambos jugadores han sufrido un contratiempo en el entrenamiento y como resultado, se perder\u00e1n el partido contra el Leeds United el s\u00e1bado. <\/p>\n\n\n\n<p>Thiago Silva fue suplente no utilizado del Chelsea en su <em><a href=\"https:\/\/acefootball.com\/es\/noticias-de-futbol\/chelsea-fc-2-0-everton-valoracion-de-los-jugadores\/\">victoria 2-0<\/a><\/em> contra el Everton el lunes. Se esperaba que participara en el partido contra el Leeds, pero una nueva lesi\u00f3n mantendr\u00e1 al defensa de baja.<\/p>\n\n\n\n<p>Tammy Abraham sigue con la lesi\u00f3n en el tobillo que se produjo en la victoria del Chelsea sobre el Burnley a finales de enero.<\/p>\n\n\n\n<p>En su <em><a href=\"https:\/\/www.chelseafc.com\/es\/news\/2021\/03\/12\/tuchel-descarta-a-dos?cardIndex=0-1\" target=\"_blank\" rel=\"noreferrer noopener\">rueda de prensa previa al partido<\/a><\/em>, Tuchel habl\u00f3 sobre los jugadores: \u00abThiago tuvo un peque\u00f1o contratiempo en el entrenamiento de anteayer. Sinti\u00f3 al final algo alrededor de la misma zona donde se lesion\u00f3, as\u00ed que tuvimos que retirarlo, por lo que vuelve a estar en una fase de transici\u00f3n, pero no vuelve a entrenar con el equipo\u00bb.<\/p>\n\n\n\n<figure class=\"wp-block-embed is-type-rich is-provider-twitter wp-block-embed-twitter\"><div class=\"wp-block-embed__wrapper\">\n<blockquote class=\"twitter-tweet\" data-width=\"550\" data-dnt=\"true\"><p lang=\"en\" dir=\"ltr\">Plenty to catch up on if you missed our early press conference \ud83d\udc47<\/p>&mdash; Chelsea FC (@ChelseaFC) <a href=\"https:\/\/twitter.com\/ChelseaFC\/status\/1370341551302443011?ref_src=twsrc%5Etfw\">March 12, 2021<\/a><\/blockquote><script async src=\"https:\/\/platform.twitter.com\/widgets.js\" charset=\"utf-8\"><\/script>\n<\/div><\/figure>\n\n\n\n<p>\u00abTammy Abraham sigue con el dolor en el tobillo de la entrada contra el Burnley\u00bb.<\/p>\n\n\n\n<p>\u00abAyer sali\u00f3 [del entrenamiento], el d\u00eda anterior estaba bien, as\u00ed que estos dos est\u00e1n fuera para ma\u00f1ana y todos los dem\u00e1s est\u00e1n disponibles\u00bb.<\/p>\n\n\n\n<p>Tuchel subray\u00f3 la preocupaci\u00f3n por Abraham, que lleva casi seis semanas lesionado.<\/p>\n\n\n\n<p>\u00abSigue siendo el dolor de una entrada hace mucho tiempo ahora. No se siente realmente libre y c\u00f3modo al cien por cien y lo veo en los entrenamientos, aunque termine de entrenar veo que no est\u00e1 al cien por cien de confianza\u00bb.<\/p>\n\n\n\n<p>\u00abConf\u00edo al cien por cien en nuestro departamento m\u00e9dico, son fant\u00e1sticos y se ocupan de \u00e9l ahora. Lo m\u00e1s importante es que se sienta seguro y libre y que no sienta ning\u00fan dolor, y entonces podremos pensar en su regreso\u00bb.<\/p>\n\n\n\n<p>Tuchel no ha perdido ning\u00fan partido desde que sustituy\u00f3 a Frank Lampard. El alem\u00e1n tiene muchas posibilidades de prolongar esa racha una vez que los &#8216;Blues&#8217; se enfrenten al Leeds, que ha perdido cinco de sus \u00faltimos seis partidos.<\/p>\n\n\n\n<p> <\/p>\n","protected":false},"excerpt":{"rendered":"<p>Ante el partido del Chelsea contra el Leeds, Thomas Tuchel ha hablado sobre la disponibilidad de Tammy Abraham y Thiago Silva.<\/p>\n","protected":false},"author":1022,"featured_media":-101101259413,"comment_status":"open","ping_status":"closed","sticky":false,"template":"","format":"standard","meta":{"om_disable_all_campaigns":false,"push_articles_ronaldo":{"active":false,"canonical":0,"publish":false},"force_updates":null},"categories":[1],"tags":[1365,1230,77,5124,6663,2919],"enet_tags":{"team":["8455","8463"],"league":["47"],"player":["749661","80562","179347"],"sport_events":[]},"yoast_head":"<!-- This site is optimized with the Yoast SEO plugin v18.3 - https:\/\/yoast.com\/wordpress\/plugins\/seo\/ -->\n<title>Tuchel habla sobre dos de sus jugadores lesionados<\/title>\n<meta name=\"description\" content=\"Ante el partido del Chelsea contra el Leeds, Thomas Tuchel ha hablado sobre la disponibilidad de Tammy Abraham y Thiago Silva.\" \/>\n<meta name=\"robots\" content=\"index, follow, max-snippet:-1, max-image-preview:large, max-video-preview:-1\" \/>\n<link rel=\"canonical\" href=\"https:\/\/acefootball.com\/es\/noticias-de-futbol\/tuchel-habla-sobre-dos-de-sus-jugadores-lesionados\/\" \/>\n<meta property=\"og:locale\" content=\"es_ES\" \/>\n<meta property=\"og:type\" content=\"article\" \/>\n<meta property=\"og:title\" content=\"Tuchel habla sobre dos de sus jugadores lesionados\" \/>\n<meta property=\"og:description\" content=\"Ante el partido del Chelsea contra el Leeds, Thomas Tuchel ha hablado sobre la disponibilidad de Tammy Abraham y Thiago Silva.\" \/>\n<meta property=\"og:url\" content=\"https:\/\/acefootball.com\/es\/noticias-de-futbol\/tuchel-habla-sobre-dos-de-sus-jugadores-lesionados\/\" \/>\n<meta property=\"og:site_name\" content=\"Ace Football Espa\u00f1ol\" \/>\n<meta property=\"article:published_time\" content=\"2021-03-12T12:58:18+00:00\" \/>\n<meta property=\"article:modified_time\" content=\"2021-03-12T13:00:58+00:00\" \/>\n<meta property=\"og:image\" content=\"https:\/\/acefootball.com\/es\/wp-content\/uploads\/2021\/03\/GettyImages-1292467567.jpg\" \/>\n\t<meta property=\"og:image:width\" content=\"1024\" \/>\n\t<meta property=\"og:image:height\" content=\"715\" \/>\n<meta name=\"twitter:card\" content=\"summary_large_image\" \/>\n<meta name=\"twitter:image\" content=\"https:\/\/acefootball.com\/es\/wp-content\/uploads\/2021\/03\/GettyImages-1292467567.jpg\" \/>\n<meta name=\"twitter:label1\" content=\"Escrito por\" \/>\n\t<meta name=\"twitter:data1\" content=\"\" \/>\n\t<meta name=\"twitter:label2\" content=\"Tiempo de lectura\" \/>\n\t<meta name=\"twitter:data2\" content=\"2 minutos\" \/>\n<script type=\"application\/ld+json\" class=\"yoast-schema-graph\">{\"@context\":\"https:\/\/schema.org\",\"@graph\":[{\"@type\":\"WebSite\",\"@id\":\"https:\/\/acefootball.com\/es\/#website\",\"url\":\"https:\/\/acefootball.com\/es\/\",\"name\":\"Ace Football Espa\u00f1ol\",\"description\":\"News, Betting and Livescore\",\"potentialAction\":[{\"@type\":\"SearchAction\",\"target\":{\"@type\":\"EntryPoint\",\"urlTemplate\":\"https:\/\/acefootball.com\/es\/?s={search_term_string}\"},\"query-input\":\"required name=search_term_string\"}],\"inLanguage\":\"es\"},{\"@type\":\"ImageObject\",\"@id\":\"https:\/\/acefootball.com\/es\/noticias-de-futbol\/tuchel-habla-sobre-dos-de-sus-jugadores-lesionados\/#primaryimage\",\"inLanguage\":\"es\",\"url\":\"https:\/\/acefootball.com\/es\/wp-content\/uploads\/2021\/03\/GettyImages-1292467567.jpg\",\"contentUrl\":\"https:\/\/acefootball.com\/es\/wp-content\/uploads\/2021\/03\/GettyImages-1292467567.jpg\"},{\"@type\":\"WebPage\",\"@id\":\"https:\/\/acefootball.com\/es\/noticias-de-futbol\/tuchel-habla-sobre-dos-de-sus-jugadores-lesionados\/#webpage\",\"url\":\"https:\/\/acefootball.com\/es\/noticias-de-futbol\/tuchel-habla-sobre-dos-de-sus-jugadores-lesionados\/\",\"name\":\"Tuchel habla sobre dos de sus jugadores lesionados\",\"isPartOf\":{\"@id\":\"https:\/\/acefootball.com\/es\/#website\"},\"primaryImageOfPage\":{\"@id\":\"https:\/\/acefootball.com\/es\/noticias-de-futbol\/tuchel-habla-sobre-dos-de-sus-jugadores-lesionados\/#primaryimage\"},\"datePublished\":\"2021-03-12T12:58:18+00:00\",\"dateModified\":\"2021-03-12T13:00:58+00:00\",\"author\":{\"@id\":\"\"},\"description\":\"Ante el partido del Chelsea contra el Leeds, Thomas Tuchel ha hablado sobre la disponibilidad de Tammy Abraham y Thiago Silva.\",\"breadcrumb\":{\"@id\":\"https:\/\/acefootball.com\/es\/noticias-de-futbol\/tuchel-habla-sobre-dos-de-sus-jugadores-lesionados\/#breadcrumb\"},\"inLanguage\":\"es\",\"potentialAction\":[{\"@type\":\"ReadAction\",\"target\":[\"https:\/\/acefootball.com\/es\/noticias-de-futbol\/tuchel-habla-sobre-dos-de-sus-jugadores-lesionados\/\"]}]},{\"@type\":\"BreadcrumbList\",\"@id\":\"https:\/\/acefootball.com\/es\/noticias-de-futbol\/tuchel-habla-sobre-dos-de-sus-jugadores-lesionados\/#breadcrumb\",\"itemListElement\":[{\"@type\":\"ListItem\",\"position\":1,\"name\":\"Home\",\"item\":\"https:\/\/acefootball.com\/es\/\"},{\"@type\":\"ListItem\",\"position\":2,\"name\":\"Tuchel habla sobre dos de sus jugadores lesionados\"}]},{\"@type\":\"Person\",\"@id\":\"\",\"url\":\"https:\/\/acefootball.com\/es\/noticias-de-futbol\/author\/\"}]}<\/script>\n<!-- \/ Yoast SEO plugin. -->","yoast_head_json":{"title":"Tuchel habla sobre dos de sus jugadores lesionados","description":"Ante el partido del Chelsea contra el Leeds, Thomas Tuchel ha hablado sobre la disponibilidad de Tammy Abraham y Thiago Silva.","robots":{"index":"index","follow":"follow","max-snippet":"max-snippet:-1","max-image-preview":"max-image-preview:large","max-video-preview":"max-video-preview:-1"},"canonical":"https:\/\/acefootball.com\/es\/noticias-de-futbol\/tuchel-habla-sobre-dos-de-sus-jugadores-lesionados\/","og_locale":"es_ES","og_type":"article","og_title":"Tuchel habla sobre dos de sus jugadores lesionados","og_description":"Ante el partido del Chelsea contra el Leeds, Thomas Tuchel ha hablado sobre la disponibilidad de Tammy Abraham y Thiago Silva.","og_url":"https:\/\/acefootball.com\/es\/noticias-de-futbol\/tuchel-habla-sobre-dos-de-sus-jugadores-lesionados\/","og_site_name":"Ace Football Espa\u00f1ol","article_published_time":"2021-03-12T12:58:18+00:00","article_modified_time":"2021-03-12T13:00:58+00:00","og_image":[{"url":"https:\/\/acefootball.com\/es\/wp-content\/uploads\/2021\/03\/GettyImages-1292467567.jpg","height":715,"width":1024}],"twitter_card":"summary_large_image","twitter_image":"https:\/\/acefootball.com\/es\/wp-content\/uploads\/2021\/03\/GettyImages-1292467567.jpg","twitter_misc":{"Escrito por":"","Tiempo de lectura":"2 minutos"},"schema":{"@context":"https:\/\/schema.org","@graph":[{"@type":"WebSite","@id":"https:\/\/acefootball.com\/es\/#website","url":"https:\/\/acefootball.com\/es\/","name":"Ace Football Espa\u00f1ol","description":"News, Betting and Livescore","potentialAction":[{"@type":"SearchAction","target":{"@type":"EntryPoint","urlTemplate":"https:\/\/acefootball.com\/es\/?s={search_term_string}"},"query-input":"required name=search_term_string"}],"inLanguage":"es"},{"@type":"ImageObject","@id":"https:\/\/acefootball.com\/es\/noticias-de-futbol\/tuchel-habla-sobre-dos-de-sus-jugadores-lesionados\/#primaryimage","inLanguage":"es","url":"https:\/\/acefootball.com\/es\/wp-content\/uploads\/2021\/03\/GettyImages-1292467567.jpg","contentUrl":"https:\/\/acefootball.com\/es\/wp-content\/uploads\/2021\/03\/GettyImages-1292467567.jpg"},{"@type":"WebPage","@id":"https:\/\/acefootball.com\/es\/noticias-de-futbol\/tuchel-habla-sobre-dos-de-sus-jugadores-lesionados\/#webpage","url":"https:\/\/acefootball.com\/es\/noticias-de-futbol\/tuchel-habla-sobre-dos-de-sus-jugadores-lesionados\/","name":"Tuchel habla sobre dos de sus jugadores lesionados","isPartOf":{"@id":"https:\/\/acefootball.com\/es\/#website"},"primaryImageOfPage":{"@id":"https:\/\/acefootball.com\/es\/noticias-de-futbol\/tuchel-habla-sobre-dos-de-sus-jugadores-lesionados\/#primaryimage"},"datePublished":"2021-03-12T12:58:18+00:00","dateModified":"2021-03-12T13:00:58+00:00","author":{"@id":""},"description":"Ante el partido del Chelsea contra el Leeds, Thomas Tuchel ha hablado sobre la disponibilidad de Tammy Abraham y Thiago Silva.","breadcrumb":{"@id":"https:\/\/acefootball.com\/es\/noticias-de-futbol\/tuchel-habla-sobre-dos-de-sus-jugadores-lesionados\/#breadcrumb"},"inLanguage":"es","potentialAction":[{"@type":"ReadAction","target":["https:\/\/acefootball.com\/es\/noticias-de-futbol\/tuchel-habla-sobre-dos-de-sus-jugadores-lesionados\/"]}]},{"@type":"BreadcrumbList","@id":"https:\/\/acefootball.com\/es\/noticias-de-futbol\/tuchel-habla-sobre-dos-de-sus-jugadores-lesionados\/#breadcrumb","itemListElement":[{"@type":"ListItem","position":1,"name":"Home","item":"https:\/\/acefootball.com\/es\/"},{"@type":"ListItem","position":2,"name":"Tuchel habla sobre dos de sus jugadores lesionados"}]},{"@type":"Person","@id":"","url":"https:\/\/acefootball.com\/es\/noticias-de-futbol\/author\/"}]}},"fimg_url":"https:\/\/acefootball.com\/es\/wp-content\/uploads\/2021\/03\/GettyImages-1292467567.jpg","_links":{"self":[{"href":"https:\/\/acefootball.com\/es\/wp-json\/wp\/v2\/posts\/14126"}],"collection":[{"href":"https:\/\/acefootball.com\/es\/wp-json\/wp\/v2\/posts"}],"about":[{"href":"https:\/\/acefootball.com\/es\/wp-json\/wp\/v2\/types\/post"}],"author":[{"embeddable":true,"href":"https:\/\/acefootball.com\/es\/wp-json\/wp\/v2\/users\/1022"}],"replies":[{"embeddable":true,"href":"https:\/\/acefootball.com\/es\/wp-json\/wp\/v2\/comments?post=14126"}],"version-history":[{"count":0,"href":"https:\/\/acefootball.com\/es\/wp-json\/wp\/v2\/posts\/14126\/revisions"}],"wp:featuredmedia":[{"embeddable":true,"href":"https:\/\/acefootball.com\/es\/wp-json\/wp\/v2\/media\/-101101259413"}],"wp:attachment":[{"href":"https:\/\/acefootball.com\/es\/wp-json\/wp\/v2\/media?parent=14126"}],"wp:term":[{"taxonomy":"category","embeddable":true,"href":"https:\/\/acefootball.com\/es\/wp-json\/wp\/v2\/categories?post=14126"},{"taxonomy":"post_tag","embeddable":true,"href":"https:\/\/acefootball.com\/es\/wp-json\/wp\/v2\/tags?post=14126"}],"curies":[{"name":"wp","href":"https:\/\/api.w.org\/{rel}","templated":true}]}}