{"id":14107,"date":"2021-03-11T22:05:21","date_gmt":"2021-03-11T22:05:21","guid":{"rendered":"https:\/\/acefootball.com\/es\/?p=14107"},"modified":"2021-03-11T22:05:23","modified_gmt":"2021-03-11T22:05:23","slug":"ronaldo-perdio-y-el-real-madrid-perdio-cuando-se-fue-del-club","status":"publish","type":"post","link":"https:\/\/acefootball.com\/es\/noticias-de-futbol\/ronaldo-perdio-y-el-real-madrid-perdio-cuando-se-fue-del-club\/","title":{"rendered":"\u00abRonaldo perdi\u00f3 y el Real Madrid perdi\u00f3 cuando se fue del club\u00bb"},"content":{"rendered":"\n<h2 id=\"h-durante-su-extensa-conversaci-n-con-ibai-llanos-sergio-ramos-se-sincer-sobre-la-salida-de-cristiano-ronaldo-del-real-madrid-en-2018\">Durante su extensa conversaci\u00f3n con Ibai Llanos, Sergio Ramos se sincer\u00f3 sobre la salida de Cristiano Ronaldo del Real Madrid en 2018.<\/h2>\n\n\n\n<p>Sergio Ramos acaba de decir en voz alta lo que todos pensamos sobre la salida de Cristiano Ronaldo del Real Madrid. El delantero portugu\u00e9s tom\u00f3 la decisi\u00f3n de jugar en la Juventus porque supuestamente Florentino P\u00e9rez se neg\u00f3 a pagarle lo que quer\u00eda. Como resultado, los blancos no han tenido el mismo \u00e9xito que con la leyenda. Pero Ronaldo tambi\u00e9n est\u00e1 sufriendo las consecuencias de sus propias decisiones.<\/p>\n\n\n\n<p>El pasado martes <em><a href=\"https:\/\/acefootball.com\/es\/noticias-de-futbol\/sacchi-revela-la-razon-por-la-que-ronaldo-no-ayudo-a-la-juventus-a-ganar\/\">fue eliminado<\/a><\/em> de la Champions League por tercera vez consecutiva. La Juventus simplemente no ha sido capaz de darle lo que ten\u00eda como jugador del Real Madrid. El gigante espa\u00f1ol es simplemente una instituci\u00f3n diferente, la m\u00e1s exitosa de la historia de la competici\u00f3n con 13 t\u00edtulos. Aunque tambi\u00e9n hayan perdido al mejor jugador de su historia, Florentino entiende que ning\u00fan nombre es m\u00e1s grande que la instituci\u00f3n.<\/p>\n\n\n\n<figure class=\"wp-block-embed is-type-rich is-provider-twitter wp-block-embed-twitter\"><div class=\"wp-block-embed__wrapper\">\n<blockquote class=\"twitter-tweet\" data-width=\"550\" data-dnt=\"true\"><p lang=\"en\" dir=\"ltr\">Sergio Ramos: &quot;Was I surprised about Cristiano Ronaldo&#39;s departure? No, I knew it. Both Ronaldo &amp; Real Madrid have lost in this situation, there are no winners.&quot; <a href=\"https:\/\/t.co\/wlD4KMRASi\">pic.twitter.com\/wlD4KMRASi<\/a><\/p>&mdash; Ahbena Animah Ba Simber Madridista\ud83d\ude0e\u270c\ud83c\udffb\ud83d\udc4a\ud83c\udffb (@SimberWann) <a href=\"https:\/\/twitter.com\/SimberWann\/status\/1370109108792274944?ref_src=twsrc%5Etfw\">March 11, 2021<\/a><\/blockquote><script async src=\"https:\/\/platform.twitter.com\/widgets.js\" charset=\"utf-8\"><\/script>\n<\/div><\/figure>\n\n\n\n<h3 id=\"h-ramos-cree-que-ambas-partes-han-perdido\">Ramos cree que ambas partes han perdido.<\/h3>\n\n\n\n<p>Ahora que se cumple el tercer a\u00f1o del divorcio entre Ronaldo y el Real Madrid, Sergio Ramos ha dicho lo que todo el mundo piensa. Todos sabemos que la marcha de Cristiano fue un error garrafal por ambas partes. El club no es lo mismo sin Ronaldo y viceversa, es simple matem\u00e1tica.<\/p>\n\n\n\n<p>Sergio desvel\u00f3 sus pensamientos durante el \u00faltimo streaming con Ibai Llanos en&nbsp;<em><a href=\"https:\/\/www.twitch.tv\/ibai\" target=\"_blank\" rel=\"noreferrer noopener\">Twitch<\/a><\/em>: \u00abCris perdi\u00f3 y el Madrid perdi\u00f3 [cuando se fue]. Yo no hubiera dejado que se fuera porque es uno de los mejores y nos hubiera acercado a ganar [grandes trofeos]. Son relaciones que tienen que ser para toda la vida, tiene que ser una fusi\u00f3n de equipo. Es un jugador decisivo que nos ha ayudado a ganar\u00bb.<\/p>\n\n\n\n<figure class=\"wp-block-embed is-type-rich is-provider-twitter wp-block-embed-twitter\"><div class=\"wp-block-embed__wrapper\">\n<blockquote class=\"twitter-tweet\" data-width=\"550\" data-dnt=\"true\"><p lang=\"en\" dir=\"ltr\">Sergio Ramos hopped on Twitch today and gave us some QUOTES \ud83d\udc40 <a href=\"https:\/\/t.co\/CrmkofnjAs\">pic.twitter.com\/CrmkofnjAs<\/a><\/p>&mdash; International Champions Cup (@IntChampionsCup) <a href=\"https:\/\/twitter.com\/IntChampionsCup\/status\/1370117328436822021?ref_src=twsrc%5Etfw\">March 11, 2021<\/a><\/blockquote><script async src=\"https:\/\/platform.twitter.com\/widgets.js\" charset=\"utf-8\"><\/script>\n<\/div><\/figure>\n","protected":false},"excerpt":{"rendered":"<p>Durante su extensa conversaci\u00f3n con Ibai Llanos, Sergio Ramos se sincer\u00f3 sobre la salida de Cristiano Ronaldo del Real Madrid en 2018. Sergio Ramos acaba de decir en voz alta lo que todos pensamos sobre la salida de Cristiano Ronaldo del Real Madrid. El delantero portugu\u00e9s tom\u00f3 la decisi\u00f3n de jugar en la Juventus porque [&hellip;]<\/p>\n","protected":false},"author":1023,"featured_media":-101101259344,"comment_status":"closed","ping_status":"closed","sticky":false,"template":"","format":"standard","meta":{"om_disable_all_campaigns":false,"push_articles_ronaldo":{"active":false,"canonical":0,"publish":false},"force_updates":null},"categories":[73],"tags":[259,211,619],"enet_tags":{"player":["30893","30962"],"team":["8633"],"sport_events":[]},"yoast_head":"<!-- This site is optimized with the Yoast SEO plugin v18.3 - https:\/\/yoast.com\/wordpress\/plugins\/seo\/ -->\n<title>&quot;Ronaldo perdi\u00f3 y el Real Madrid perdi\u00f3 cuando se fue del club&quot;<\/title>\n<meta name=\"description\" content=\"Durante su extensa conversaci\u00f3n con Ibai Llanos, Sergio Ramos se sincer\u00f3 sobre la salida de Cristiano Ronaldo del Real Madrid en 2018.\" \/>\n<meta name=\"robots\" content=\"index, follow, max-snippet:-1, max-image-preview:large, max-video-preview:-1\" \/>\n<link rel=\"canonical\" href=\"https:\/\/acefootball.com\/es\/noticias-de-futbol\/ronaldo-perdio-y-el-real-madrid-perdio-cuando-se-fue-del-club\/\" \/>\n<meta property=\"og:locale\" content=\"es_ES\" \/>\n<meta property=\"og:type\" content=\"article\" \/>\n<meta property=\"og:title\" content=\"&quot;Ronaldo perdi\u00f3 y el Real Madrid perdi\u00f3 cuando se fue del club&quot;\" \/>\n<meta property=\"og:description\" content=\"Durante su extensa conversaci\u00f3n con Ibai Llanos, Sergio Ramos se sincer\u00f3 sobre la salida de Cristiano Ronaldo del Real Madrid en 2018.\" \/>\n<meta property=\"og:url\" content=\"https:\/\/acefootball.com\/es\/noticias-de-futbol\/ronaldo-perdio-y-el-real-madrid-perdio-cuando-se-fue-del-club\/\" \/>\n<meta property=\"og:site_name\" content=\"Ace Football Espa\u00f1ol\" \/>\n<meta property=\"article:published_time\" content=\"2021-03-11T22:05:21+00:00\" \/>\n<meta property=\"article:modified_time\" content=\"2021-03-11T22:05:23+00:00\" \/>\n<meta property=\"og:image\" content=\"https:\/\/acefootball.com\/es\/wp-content\/uploads\/2021\/03\/GettyImages-962731884.jpg\" \/>\n\t<meta property=\"og:image:width\" content=\"1024\" \/>\n\t<meta property=\"og:image:height\" content=\"629\" \/>\n<meta name=\"twitter:card\" content=\"summary_large_image\" \/>\n<meta name=\"twitter:image\" content=\"https:\/\/acefootball.com\/es\/wp-content\/uploads\/2021\/03\/GettyImages-962731884.jpg\" \/>\n<meta name=\"twitter:label1\" content=\"Escrito por\" \/>\n\t<meta name=\"twitter:data1\" content=\"\" \/>\n\t<meta name=\"twitter:label2\" content=\"Tiempo de lectura\" \/>\n\t<meta name=\"twitter:data2\" content=\"2 minutos\" \/>\n<script type=\"application\/ld+json\" class=\"yoast-schema-graph\">{\"@context\":\"https:\/\/schema.org\",\"@graph\":[{\"@type\":\"WebSite\",\"@id\":\"https:\/\/acefootball.com\/es\/#website\",\"url\":\"https:\/\/acefootball.com\/es\/\",\"name\":\"Ace Football Espa\u00f1ol\",\"description\":\"News, Betting and Livescore\",\"potentialAction\":[{\"@type\":\"SearchAction\",\"target\":{\"@type\":\"EntryPoint\",\"urlTemplate\":\"https:\/\/acefootball.com\/es\/?s={search_term_string}\"},\"query-input\":\"required name=search_term_string\"}],\"inLanguage\":\"es\"},{\"@type\":\"ImageObject\",\"@id\":\"https:\/\/acefootball.com\/es\/noticias-de-futbol\/ronaldo-perdio-y-el-real-madrid-perdio-cuando-se-fue-del-club\/#primaryimage\",\"inLanguage\":\"es\",\"url\":\"\",\"contentUrl\":\"\"},{\"@type\":\"WebPage\",\"@id\":\"https:\/\/acefootball.com\/es\/noticias-de-futbol\/ronaldo-perdio-y-el-real-madrid-perdio-cuando-se-fue-del-club\/#webpage\",\"url\":\"https:\/\/acefootball.com\/es\/noticias-de-futbol\/ronaldo-perdio-y-el-real-madrid-perdio-cuando-se-fue-del-club\/\",\"name\":\"\\\"Ronaldo perdi\u00f3 y el Real Madrid perdi\u00f3 cuando se fue del club\\\"\",\"isPartOf\":{\"@id\":\"https:\/\/acefootball.com\/es\/#website\"},\"primaryImageOfPage\":{\"@id\":\"https:\/\/acefootball.com\/es\/noticias-de-futbol\/ronaldo-perdio-y-el-real-madrid-perdio-cuando-se-fue-del-club\/#primaryimage\"},\"datePublished\":\"2021-03-11T22:05:21+00:00\",\"dateModified\":\"2021-03-11T22:05:23+00:00\",\"author\":{\"@id\":\"\"},\"description\":\"Durante su extensa conversaci\u00f3n con Ibai Llanos, Sergio Ramos se sincer\u00f3 sobre la salida de Cristiano Ronaldo del Real Madrid en 2018.\",\"breadcrumb\":{\"@id\":\"https:\/\/acefootball.com\/es\/noticias-de-futbol\/ronaldo-perdio-y-el-real-madrid-perdio-cuando-se-fue-del-club\/#breadcrumb\"},\"inLanguage\":\"es\",\"potentialAction\":[{\"@type\":\"ReadAction\",\"target\":[\"https:\/\/acefootball.com\/es\/noticias-de-futbol\/ronaldo-perdio-y-el-real-madrid-perdio-cuando-se-fue-del-club\/\"]}]},{\"@type\":\"BreadcrumbList\",\"@id\":\"https:\/\/acefootball.com\/es\/noticias-de-futbol\/ronaldo-perdio-y-el-real-madrid-perdio-cuando-se-fue-del-club\/#breadcrumb\",\"itemListElement\":[{\"@type\":\"ListItem\",\"position\":1,\"name\":\"Home\",\"item\":\"https:\/\/acefootball.com\/es\/\"},{\"@type\":\"ListItem\",\"position\":2,\"name\":\"\u00abRonaldo perdi\u00f3 y el Real Madrid perdi\u00f3 cuando se fue del club\u00bb\"}]},{\"@type\":\"Person\",\"@id\":\"\",\"url\":\"https:\/\/acefootball.com\/es\/noticias-de-futbol\/author\/\"}]}<\/script>\n<!-- \/ Yoast SEO plugin. -->","yoast_head_json":{"title":"\"Ronaldo perdi\u00f3 y el Real Madrid perdi\u00f3 cuando se fue del club\"","description":"Durante su extensa conversaci\u00f3n con Ibai Llanos, Sergio Ramos se sincer\u00f3 sobre la salida de Cristiano Ronaldo del Real Madrid en 2018.","robots":{"index":"index","follow":"follow","max-snippet":"max-snippet:-1","max-image-preview":"max-image-preview:large","max-video-preview":"max-video-preview:-1"},"canonical":"https:\/\/acefootball.com\/es\/noticias-de-futbol\/ronaldo-perdio-y-el-real-madrid-perdio-cuando-se-fue-del-club\/","og_locale":"es_ES","og_type":"article","og_title":"\"Ronaldo perdi\u00f3 y el Real Madrid perdi\u00f3 cuando se fue del club\"","og_description":"Durante su extensa conversaci\u00f3n con Ibai Llanos, Sergio Ramos se sincer\u00f3 sobre la salida de Cristiano Ronaldo del Real Madrid en 2018.","og_url":"https:\/\/acefootball.com\/es\/noticias-de-futbol\/ronaldo-perdio-y-el-real-madrid-perdio-cuando-se-fue-del-club\/","og_site_name":"Ace Football Espa\u00f1ol","article_published_time":"2021-03-11T22:05:21+00:00","article_modified_time":"2021-03-11T22:05:23+00:00","og_image":[{"url":"https:\/\/acefootball.com\/es\/wp-content\/uploads\/2021\/03\/GettyImages-962731884.jpg","height":629,"width":1024}],"twitter_card":"summary_large_image","twitter_image":"https:\/\/acefootball.com\/es\/wp-content\/uploads\/2021\/03\/GettyImages-962731884.jpg","twitter_misc":{"Escrito por":"","Tiempo de lectura":"2 minutos"},"schema":{"@context":"https:\/\/schema.org","@graph":[{"@type":"WebSite","@id":"https:\/\/acefootball.com\/es\/#website","url":"https:\/\/acefootball.com\/es\/","name":"Ace Football Espa\u00f1ol","description":"News, Betting and Livescore","potentialAction":[{"@type":"SearchAction","target":{"@type":"EntryPoint","urlTemplate":"https:\/\/acefootball.com\/es\/?s={search_term_string}"},"query-input":"required name=search_term_string"}],"inLanguage":"es"},{"@type":"ImageObject","@id":"https:\/\/acefootball.com\/es\/noticias-de-futbol\/ronaldo-perdio-y-el-real-madrid-perdio-cuando-se-fue-del-club\/#primaryimage","inLanguage":"es","url":"","contentUrl":""},{"@type":"WebPage","@id":"https:\/\/acefootball.com\/es\/noticias-de-futbol\/ronaldo-perdio-y-el-real-madrid-perdio-cuando-se-fue-del-club\/#webpage","url":"https:\/\/acefootball.com\/es\/noticias-de-futbol\/ronaldo-perdio-y-el-real-madrid-perdio-cuando-se-fue-del-club\/","name":"\"Ronaldo perdi\u00f3 y el Real Madrid perdi\u00f3 cuando se fue del club\"","isPartOf":{"@id":"https:\/\/acefootball.com\/es\/#website"},"primaryImageOfPage":{"@id":"https:\/\/acefootball.com\/es\/noticias-de-futbol\/ronaldo-perdio-y-el-real-madrid-perdio-cuando-se-fue-del-club\/#primaryimage"},"datePublished":"2021-03-11T22:05:21+00:00","dateModified":"2021-03-11T22:05:23+00:00","author":{"@id":""},"description":"Durante su extensa conversaci\u00f3n con Ibai Llanos, Sergio Ramos se sincer\u00f3 sobre la salida de Cristiano Ronaldo del Real Madrid en 2018.","breadcrumb":{"@id":"https:\/\/acefootball.com\/es\/noticias-de-futbol\/ronaldo-perdio-y-el-real-madrid-perdio-cuando-se-fue-del-club\/#breadcrumb"},"inLanguage":"es","potentialAction":[{"@type":"ReadAction","target":["https:\/\/acefootball.com\/es\/noticias-de-futbol\/ronaldo-perdio-y-el-real-madrid-perdio-cuando-se-fue-del-club\/"]}]},{"@type":"BreadcrumbList","@id":"https:\/\/acefootball.com\/es\/noticias-de-futbol\/ronaldo-perdio-y-el-real-madrid-perdio-cuando-se-fue-del-club\/#breadcrumb","itemListElement":[{"@type":"ListItem","position":1,"name":"Home","item":"https:\/\/acefootball.com\/es\/"},{"@type":"ListItem","position":2,"name":"\u00abRonaldo perdi\u00f3 y el Real Madrid perdi\u00f3 cuando se fue del club\u00bb"}]},{"@type":"Person","@id":"","url":"https:\/\/acefootball.com\/es\/noticias-de-futbol\/author\/"}]}},"fimg_url":"https:\/\/acefootball.com\/es\/wp-content\/uploads\/2021\/03\/GettyImages-962731884.jpg","_links":{"self":[{"href":"https:\/\/acefootball.com\/es\/wp-json\/wp\/v2\/posts\/14107"}],"collection":[{"href":"https:\/\/acefootball.com\/es\/wp-json\/wp\/v2\/posts"}],"about":[{"href":"https:\/\/acefootball.com\/es\/wp-json\/wp\/v2\/types\/post"}],"author":[{"embeddable":true,"href":"https:\/\/acefootball.com\/es\/wp-json\/wp\/v2\/users\/1023"}],"replies":[{"embeddable":true,"href":"https:\/\/acefootball.com\/es\/wp-json\/wp\/v2\/comments?post=14107"}],"version-history":[{"count":0,"href":"https:\/\/acefootball.com\/es\/wp-json\/wp\/v2\/posts\/14107\/revisions"}],"wp:featuredmedia":[{"embeddable":true,"href":"https:\/\/acefootball.com\/es\/wp-json\/wp\/v2\/media\/-101101259344"}],"wp:attachment":[{"href":"https:\/\/acefootball.com\/es\/wp-json\/wp\/v2\/media?parent=14107"}],"wp:term":[{"taxonomy":"category","embeddable":true,"href":"https:\/\/acefootball.com\/es\/wp-json\/wp\/v2\/categories?post=14107"},{"taxonomy":"post_tag","embeddable":true,"href":"https:\/\/acefootball.com\/es\/wp-json\/wp\/v2\/tags?post=14107"}],"curies":[{"name":"wp","href":"https:\/\/api.w.org\/{rel}","templated":true}]}}