{"id":14103,"date":"2021-03-11T21:40:14","date_gmt":"2021-03-11T21:40:14","guid":{"rendered":"https:\/\/acefootball.com\/es\/?p=14103"},"modified":"2021-03-11T21:40:30","modified_gmt":"2021-03-11T21:40:30","slug":"sergio-ramos-revela-sus-planes-para-el-mundial-de-2026","status":"publish","type":"post","link":"https:\/\/acefootball.com\/es\/noticias-de-futbol\/sergio-ramos-revela-sus-planes-para-el-mundial-de-2026\/","title":{"rendered":"Sergio Ramos revela sus planes para el Mundial de 2026"},"content":{"rendered":"\n<h2 id=\"h-despu-s-de-relajarse-un-poco-con-ibai-llanos-sergio-ramos-desvel-su-incre-ble-plan-para-la-copa-mundial-de-la-fifa-2026-con-espa-a\">Despu\u00e9s de relajarse un poco con Ibai Llanos, Sergio Ramos desvel\u00f3 su incre\u00edble plan para la Copa Mundial de la FIFA 2026 con Espa\u00f1a.<\/h2>\n\n\n\n<p><em><a href=\"https:\/\/acefootball.com\/es\/noticias-de-futbol\/sergio-ramos-da-una-actualizacion-sobre-su-futuro-en-el-real-madrid\/\">Sergio<\/a><\/em> Ramos revel\u00f3 sus incre\u00edbles planes para cuando se realice el Mundial de 2026 en M\u00e9xico, Estados Unidos y Canad\u00e1. Cuando se celebre este torneo, Sergio tendr\u00e1 40 a\u00f1os y probablemente estar\u00e1 retirado. Pero Ramos tiene otros planes para esta competici\u00f3n. El mayor n\u00famero de participaciones de jugadores en la Copa del Mundo en la historia del f\u00fatbol es de cinco, y solo tres jugadores forman parte de este selecto grupo.<\/p>\n\n\n\n<p>Los mexicanos Rafa M\u00e1rquez y Antonio Carbajal comparten el podio con Lothar Matthaus. Muchos quieren a\u00f1adir a Gianluigi Buffon a esta lista, pero no jug\u00f3 ni un solo minuto durante el Mundial de Francia 1998. Si Ramos juega en Qatar durante el torneo de 2022, se unir\u00e1 a este selecto grupo de jugadores. Pero el defensa del Real Madrid tiene planes ambiciosos para llegar a la cita de 2026.<\/p>\n\n\n\n<figure class=\"wp-block-embed is-type-rich is-provider-twitter wp-block-embed-twitter\"><div class=\"wp-block-embed__wrapper\">\n<blockquote class=\"twitter-tweet\" data-width=\"550\" data-dnt=\"true\"><p lang=\"es\" dir=\"ltr\">En directo charlando con Sergio Ramos <br><br>Ven y nos saludas <br><br>Un RT= un besito<a href=\"https:\/\/t.co\/cL2WMcjsI6\">https:\/\/t.co\/cL2WMcjsI6<\/a> <a href=\"https:\/\/t.co\/fnT2cUW9KV\">pic.twitter.com\/fnT2cUW9KV<\/a><\/p>&mdash; Ibai (@IbaiLlanos) <a href=\"https:\/\/twitter.com\/IbaiLlanos\/status\/1370072621212180480?ref_src=twsrc%5Etfw\">March 11, 2021<\/a><\/blockquote><script async src=\"https:\/\/platform.twitter.com\/widgets.js\" charset=\"utf-8\"><\/script>\n<\/div><\/figure>\n\n\n\n<h3 id=\"h-ramos-explica-sus-planes-para-2026\">Ramos explica sus planes para 2026.<\/h3>\n\n\n\n<p>Durante la sesi\u00f3n de\u00a0<em><a href=\"https:\/\/www.twitch.tv\/ibai\" target=\"_blank\" rel=\"noreferrer noopener\">Twitch<\/a><\/em>\u00a0stream con Ibai Llanos, Ramos revel\u00f3 todo sobre su plan maestro: \u00abEl f\u00fatbol ha evolucionado para bien en el aspecto f\u00edsico. Cada a\u00f1o es m\u00e1s equilibrado. Muchos de nosotros ya cuidamos nuestro cuerpo durante la \u00faltima d\u00e9cada. Mis 34 a\u00f1os son 28 hace una d\u00e9cada. Si plantas una semilla hace diez a\u00f1os, hoy recoges los beneficios de eso. Me siento m\u00e1s fuerte, m\u00e1s r\u00e1pido y m\u00e1s experimentado. Quiz\u00e1 deje el deporte antes por un aspecto mental m\u00e1s que f\u00edsico.<\/p>\n\n\n\n<p>\u00abEstoy contento de poder ser un ejemplo para los jugadores m\u00e1s j\u00f3venes. Estoy tranquilo porque mi mentalidad marca la diferencia cada d\u00eda y cuido mi f\u00edsico. Tengo la posibilidad de llegar al Mundial de 2026 en M\u00e9xico. Eso me convertir\u00eda en el \u00fanico jugador que ha participado en seis Mundiales de la historia. Pero hay que tomarse esto d\u00eda a d\u00eda. Sin duda, me decantar\u00eda por los 40 a\u00f1os, incluso como integrante del equipo. Pero eso es solo lo que siento hoy\u00bb.<\/p>\n","protected":false},"excerpt":{"rendered":"<p>Despu\u00e9s de relajarse un poco con Ibai Llanos, Sergio Ramos desvel\u00f3 su incre\u00edble plan para la Copa Mundial de la FIFA 2026 con Espa\u00f1a. Sergio Ramos revel\u00f3 sus incre\u00edbles planes para cuando se realice el Mundial de 2026 en M\u00e9xico, Estados Unidos y Canad\u00e1. Cuando se celebre este torneo, Sergio tendr\u00e1 40 a\u00f1os y probablemente [&hellip;]<\/p>\n","protected":false},"author":1023,"featured_media":-101101259335,"comment_status":"closed","ping_status":"closed","sticky":false,"template":"","format":"standard","meta":{"om_disable_all_campaigns":false,"push_articles_ronaldo":{"active":false,"canonical":0,"publish":false},"force_updates":null},"categories":[67],"tags":[1131,5774,619],"enet_tags":{"league":["77"],"team":["6720"],"player":["30962"],"sport_events":[]},"yoast_head":"<!-- This site is optimized with the Yoast SEO plugin v18.3 - https:\/\/yoast.com\/wordpress\/plugins\/seo\/ -->\n<title>Sergio Ramos revela sus planes para el Mundial de 2026<\/title>\n<meta name=\"description\" content=\"Despu\u00e9s de relajarse un poco con Ibai Llanos, Sergio Ramos desvel\u00f3 su incre\u00edble plan para la Copa Mundial de la FIFA 2026 con Espa\u00f1a.\" \/>\n<meta name=\"robots\" content=\"index, follow, max-snippet:-1, max-image-preview:large, max-video-preview:-1\" \/>\n<link rel=\"canonical\" href=\"https:\/\/acefootball.com\/es\/noticias-de-futbol\/sergio-ramos-revela-sus-planes-para-el-mundial-de-2026\/\" \/>\n<meta property=\"og:locale\" content=\"es_ES\" \/>\n<meta property=\"og:type\" content=\"article\" \/>\n<meta property=\"og:title\" content=\"Sergio Ramos revela sus planes para el Mundial de 2026\" \/>\n<meta property=\"og:description\" content=\"Despu\u00e9s de relajarse un poco con Ibai Llanos, Sergio Ramos desvel\u00f3 su incre\u00edble plan para la Copa Mundial de la FIFA 2026 con Espa\u00f1a.\" \/>\n<meta property=\"og:url\" content=\"https:\/\/acefootball.com\/es\/noticias-de-futbol\/sergio-ramos-revela-sus-planes-para-el-mundial-de-2026\/\" \/>\n<meta property=\"og:site_name\" content=\"Ace Football Espa\u00f1ol\" \/>\n<meta property=\"article:published_time\" content=\"2021-03-11T21:40:14+00:00\" \/>\n<meta property=\"article:modified_time\" content=\"2021-03-11T21:40:30+00:00\" \/>\n<meta property=\"og:image\" content=\"https:\/\/acefootball.com\/es\/wp-content\/uploads\/2021\/03\/GettyImages-1286292147.jpg\" \/>\n\t<meta property=\"og:image:width\" content=\"1024\" \/>\n\t<meta property=\"og:image:height\" content=\"686\" \/>\n<meta name=\"twitter:card\" content=\"summary_large_image\" \/>\n<meta name=\"twitter:image\" content=\"https:\/\/acefootball.com\/es\/wp-content\/uploads\/2021\/03\/GettyImages-1286292147.jpg\" \/>\n<meta name=\"twitter:label1\" content=\"Escrito por\" \/>\n\t<meta name=\"twitter:data1\" content=\"\" \/>\n\t<meta name=\"twitter:label2\" content=\"Tiempo de lectura\" \/>\n\t<meta name=\"twitter:data2\" content=\"2 minutos\" \/>\n<script type=\"application\/ld+json\" class=\"yoast-schema-graph\">{\"@context\":\"https:\/\/schema.org\",\"@graph\":[{\"@type\":\"WebSite\",\"@id\":\"https:\/\/acefootball.com\/es\/#website\",\"url\":\"https:\/\/acefootball.com\/es\/\",\"name\":\"Ace Football Espa\u00f1ol\",\"description\":\"News, Betting and Livescore\",\"potentialAction\":[{\"@type\":\"SearchAction\",\"target\":{\"@type\":\"EntryPoint\",\"urlTemplate\":\"https:\/\/acefootball.com\/es\/?s={search_term_string}\"},\"query-input\":\"required name=search_term_string\"}],\"inLanguage\":\"es\"},{\"@type\":\"ImageObject\",\"@id\":\"https:\/\/acefootball.com\/es\/noticias-de-futbol\/sergio-ramos-revela-sus-planes-para-el-mundial-de-2026\/#primaryimage\",\"inLanguage\":\"es\",\"url\":\"\",\"contentUrl\":\"\"},{\"@type\":\"WebPage\",\"@id\":\"https:\/\/acefootball.com\/es\/noticias-de-futbol\/sergio-ramos-revela-sus-planes-para-el-mundial-de-2026\/#webpage\",\"url\":\"https:\/\/acefootball.com\/es\/noticias-de-futbol\/sergio-ramos-revela-sus-planes-para-el-mundial-de-2026\/\",\"name\":\"Sergio Ramos revela sus planes para el Mundial de 2026\",\"isPartOf\":{\"@id\":\"https:\/\/acefootball.com\/es\/#website\"},\"primaryImageOfPage\":{\"@id\":\"https:\/\/acefootball.com\/es\/noticias-de-futbol\/sergio-ramos-revela-sus-planes-para-el-mundial-de-2026\/#primaryimage\"},\"datePublished\":\"2021-03-11T21:40:14+00:00\",\"dateModified\":\"2021-03-11T21:40:30+00:00\",\"author\":{\"@id\":\"\"},\"description\":\"Despu\u00e9s de relajarse un poco con Ibai Llanos, Sergio Ramos desvel\u00f3 su incre\u00edble plan para la Copa Mundial de la FIFA 2026 con Espa\u00f1a.\",\"breadcrumb\":{\"@id\":\"https:\/\/acefootball.com\/es\/noticias-de-futbol\/sergio-ramos-revela-sus-planes-para-el-mundial-de-2026\/#breadcrumb\"},\"inLanguage\":\"es\",\"potentialAction\":[{\"@type\":\"ReadAction\",\"target\":[\"https:\/\/acefootball.com\/es\/noticias-de-futbol\/sergio-ramos-revela-sus-planes-para-el-mundial-de-2026\/\"]}]},{\"@type\":\"BreadcrumbList\",\"@id\":\"https:\/\/acefootball.com\/es\/noticias-de-futbol\/sergio-ramos-revela-sus-planes-para-el-mundial-de-2026\/#breadcrumb\",\"itemListElement\":[{\"@type\":\"ListItem\",\"position\":1,\"name\":\"Home\",\"item\":\"https:\/\/acefootball.com\/es\/\"},{\"@type\":\"ListItem\",\"position\":2,\"name\":\"Sergio Ramos revela sus planes para el Mundial de 2026\"}]},{\"@type\":\"Person\",\"@id\":\"\",\"url\":\"https:\/\/acefootball.com\/es\/noticias-de-futbol\/author\/\"}]}<\/script>\n<!-- \/ Yoast SEO plugin. -->","yoast_head_json":{"title":"Sergio Ramos revela sus planes para el Mundial de 2026","description":"Despu\u00e9s de relajarse un poco con Ibai Llanos, Sergio Ramos desvel\u00f3 su incre\u00edble plan para la Copa Mundial de la FIFA 2026 con Espa\u00f1a.","robots":{"index":"index","follow":"follow","max-snippet":"max-snippet:-1","max-image-preview":"max-image-preview:large","max-video-preview":"max-video-preview:-1"},"canonical":"https:\/\/acefootball.com\/es\/noticias-de-futbol\/sergio-ramos-revela-sus-planes-para-el-mundial-de-2026\/","og_locale":"es_ES","og_type":"article","og_title":"Sergio Ramos revela sus planes para el Mundial de 2026","og_description":"Despu\u00e9s de relajarse un poco con Ibai Llanos, Sergio Ramos desvel\u00f3 su incre\u00edble plan para la Copa Mundial de la FIFA 2026 con Espa\u00f1a.","og_url":"https:\/\/acefootball.com\/es\/noticias-de-futbol\/sergio-ramos-revela-sus-planes-para-el-mundial-de-2026\/","og_site_name":"Ace Football Espa\u00f1ol","article_published_time":"2021-03-11T21:40:14+00:00","article_modified_time":"2021-03-11T21:40:30+00:00","og_image":[{"url":"https:\/\/acefootball.com\/es\/wp-content\/uploads\/2021\/03\/GettyImages-1286292147.jpg","height":686,"width":1024}],"twitter_card":"summary_large_image","twitter_image":"https:\/\/acefootball.com\/es\/wp-content\/uploads\/2021\/03\/GettyImages-1286292147.jpg","twitter_misc":{"Escrito por":"","Tiempo de lectura":"2 minutos"},"schema":{"@context":"https:\/\/schema.org","@graph":[{"@type":"WebSite","@id":"https:\/\/acefootball.com\/es\/#website","url":"https:\/\/acefootball.com\/es\/","name":"Ace Football Espa\u00f1ol","description":"News, Betting and Livescore","potentialAction":[{"@type":"SearchAction","target":{"@type":"EntryPoint","urlTemplate":"https:\/\/acefootball.com\/es\/?s={search_term_string}"},"query-input":"required name=search_term_string"}],"inLanguage":"es"},{"@type":"ImageObject","@id":"https:\/\/acefootball.com\/es\/noticias-de-futbol\/sergio-ramos-revela-sus-planes-para-el-mundial-de-2026\/#primaryimage","inLanguage":"es","url":"","contentUrl":""},{"@type":"WebPage","@id":"https:\/\/acefootball.com\/es\/noticias-de-futbol\/sergio-ramos-revela-sus-planes-para-el-mundial-de-2026\/#webpage","url":"https:\/\/acefootball.com\/es\/noticias-de-futbol\/sergio-ramos-revela-sus-planes-para-el-mundial-de-2026\/","name":"Sergio Ramos revela sus planes para el Mundial de 2026","isPartOf":{"@id":"https:\/\/acefootball.com\/es\/#website"},"primaryImageOfPage":{"@id":"https:\/\/acefootball.com\/es\/noticias-de-futbol\/sergio-ramos-revela-sus-planes-para-el-mundial-de-2026\/#primaryimage"},"datePublished":"2021-03-11T21:40:14+00:00","dateModified":"2021-03-11T21:40:30+00:00","author":{"@id":""},"description":"Despu\u00e9s de relajarse un poco con Ibai Llanos, Sergio Ramos desvel\u00f3 su incre\u00edble plan para la Copa Mundial de la FIFA 2026 con Espa\u00f1a.","breadcrumb":{"@id":"https:\/\/acefootball.com\/es\/noticias-de-futbol\/sergio-ramos-revela-sus-planes-para-el-mundial-de-2026\/#breadcrumb"},"inLanguage":"es","potentialAction":[{"@type":"ReadAction","target":["https:\/\/acefootball.com\/es\/noticias-de-futbol\/sergio-ramos-revela-sus-planes-para-el-mundial-de-2026\/"]}]},{"@type":"BreadcrumbList","@id":"https:\/\/acefootball.com\/es\/noticias-de-futbol\/sergio-ramos-revela-sus-planes-para-el-mundial-de-2026\/#breadcrumb","itemListElement":[{"@type":"ListItem","position":1,"name":"Home","item":"https:\/\/acefootball.com\/es\/"},{"@type":"ListItem","position":2,"name":"Sergio Ramos revela sus planes para el Mundial de 2026"}]},{"@type":"Person","@id":"","url":"https:\/\/acefootball.com\/es\/noticias-de-futbol\/author\/"}]}},"fimg_url":"https:\/\/acefootball.com\/es\/wp-content\/uploads\/2021\/03\/GettyImages-1286292147.jpg","_links":{"self":[{"href":"https:\/\/acefootball.com\/es\/wp-json\/wp\/v2\/posts\/14103"}],"collection":[{"href":"https:\/\/acefootball.com\/es\/wp-json\/wp\/v2\/posts"}],"about":[{"href":"https:\/\/acefootball.com\/es\/wp-json\/wp\/v2\/types\/post"}],"author":[{"embeddable":true,"href":"https:\/\/acefootball.com\/es\/wp-json\/wp\/v2\/users\/1023"}],"replies":[{"embeddable":true,"href":"https:\/\/acefootball.com\/es\/wp-json\/wp\/v2\/comments?post=14103"}],"version-history":[{"count":0,"href":"https:\/\/acefootball.com\/es\/wp-json\/wp\/v2\/posts\/14103\/revisions"}],"wp:featuredmedia":[{"embeddable":true,"href":"https:\/\/acefootball.com\/es\/wp-json\/wp\/v2\/media\/-101101259335"}],"wp:attachment":[{"href":"https:\/\/acefootball.com\/es\/wp-json\/wp\/v2\/media?parent=14103"}],"wp:term":[{"taxonomy":"category","embeddable":true,"href":"https:\/\/acefootball.com\/es\/wp-json\/wp\/v2\/categories?post=14103"},{"taxonomy":"post_tag","embeddable":true,"href":"https:\/\/acefootball.com\/es\/wp-json\/wp\/v2\/tags?post=14103"}],"curies":[{"name":"wp","href":"https:\/\/api.w.org\/{rel}","templated":true}]}}