{"id":14102,"date":"2021-03-11T19:12:17","date_gmt":"2021-03-11T19:12:17","guid":{"rendered":"https:\/\/acefootball.com\/es\/?p=14102"},"modified":"2021-03-11T19:12:19","modified_gmt":"2021-03-11T19:12:19","slug":"sergio-ramos-da-una-actualizacion-sobre-su-futuro-en-el-real-madrid","status":"publish","type":"post","link":"https:\/\/acefootball.com\/es\/noticias-de-futbol\/sergio-ramos-da-una-actualizacion-sobre-su-futuro-en-el-real-madrid\/","title":{"rendered":"Sergio Ramos da una actualizaci\u00f3n sobre su futuro en el Real Madrid"},"content":{"rendered":"\n<h2 id=\"h-durante-un-acto-p-blico-el-jueves-sergio-ramos-nos-puso-al-d-a-sobre-el-drama-que-rodea-su-futuro-en-el-real-madrid\">Durante un acto p\u00fablico el jueves, Sergio Ramos nos puso al d\u00eda sobre el drama que rodea su futuro en el Real Madrid.<\/h2>\n\n\n\n<p>Todos sab\u00edamos que Sergio Ramos ten\u00eda previsto conceder un par de entrevistas hoy, lo que hace m\u00e1s interesante su situaci\u00f3n en el Real Madrid. Tenemos que analizar dos momentos clave de la jornada con el defensa espa\u00f1ol. En primer lugar, ofreci\u00f3 una rueda de prensa para promocionar la segunda temporada de su documental en Amazon. Durante esa rueda de prensa, dio la respuesta m\u00e1s pol\u00edticamente correcta sobre <em><a href=\"https:\/\/acefootball.com\/es\/noticias-de-futbol\/informe-sergio-ramos-sigue-esperando-nuevas-ofertas\/\">su futuro<\/a><\/em> con unas cuantas indirectas sutiles dirigidas a Florentino P\u00e9rez.<\/p>\n\n\n\n<p>Despu\u00e9s, habl\u00f3 directamente con Iban Llanos, que es un famoso streamer espa\u00f1ol de\u00a0<em><a href=\"https:\/\/www.twitch.tv\/ibai\" target=\"_blank\" rel=\"noreferrer noopener\">Twitch<\/a><\/em>. En estas conversaciones, los futbolistas ofrecen una imagen m\u00e1s matizada a los espectadores y se sienten m\u00e1s c\u00f3modos para responder a preguntas contundentes. Aunque Ibai no le pregunt\u00f3 directamente por su futuro, Ramos confirm\u00f3 que el fichaje de Haaland o Mbapp\u00e9 le motivar\u00eda para seguir en el Real Madrid.<\/p>\n\n\n\n<figure class=\"wp-block-embed is-type-rich is-provider-twitter wp-block-embed-twitter\"><div class=\"wp-block-embed__wrapper\">\n<blockquote class=\"twitter-tweet\" data-width=\"550\" data-dnt=\"true\"><p lang=\"es\" dir=\"ltr\">\u26bd\ud83d\udcfa El sevillano tendr\u00e1 oportunidades de sobra para expresarse, pues tiene previstas dos apariciones p\u00fablicas: primero, a partir de las 17:00 horas para promocionar su serie &#39;La Leyenda de Sergio Ramos&#39;; y a las 19:00, en el canal Ibai Llanos<a href=\"https:\/\/t.co\/8YDPegbrhq\">https:\/\/t.co\/8YDPegbrhq<\/a><\/p>&mdash; Diario AS (@diarioas) <a href=\"https:\/\/twitter.com\/diarioas\/status\/1370036007014440965?ref_src=twsrc%5Etfw\">March 11, 2021<\/a><\/blockquote><script async src=\"https:\/\/platform.twitter.com\/widgets.js\" charset=\"utf-8\"><\/script>\n<\/div><\/figure>\n\n\n\n<h3 id=\"h-ramos-se-niega-a-revelar-todo\">Ramos se niega a revelar todo.<\/h3>\n\n\n\n<p>Pero no hay duda de que la declaraci\u00f3n m\u00e1s importante de Sergio Ramos se produjo durante la presentaci\u00f3n del documental de Amazon.\u00a0<em><a href=\"https:\/\/as.com\/futbol\/2021\/03\/11\/primera\/1615483545_772067.html?m1=cG9ydGFkYV9wb3J0YWRh&amp;m2=QUNUVUFMSURBRA%3D%3D&amp;m3=Mg%3D%3D&amp;m4=dmlkZW8%3D&amp;m5=MjM%3D\" target=\"_blank\" rel=\"noreferrer noopener\">AS<\/a><\/em>\u00a0capt\u00f3 la siguiente declaraci\u00f3n: \u201cHay mucha incertidumbre. Me gustar\u00eda poder decir algo, pero no hay nada nuevo. Ya me gustar\u00eda.\u00a0Pensaba solo en volver de la lesi\u00f3n y en acabar del mejor modo posible la temporada. De la renovaci\u00f3n no hay nada nuevo.\u00a0Garantizo que cuando lo haya, ser\u00e9 el primero en comunicarlo.<\/p>\n\n\n\n<p>\u201cPero ahora estoy tranquilo. Ahora estoy centrado en saborear este a\u00f1o. Pese a la edad, que cumplo ahora 35, Santiago Bernab\u00e9u dec\u00eda que no hay jugadores j\u00f3venes o viejos; los hay buenos y malos.\u00a0Puedo rendir tres, cuatro o cinco a\u00f1os m\u00e1s, si el cuerpo me aguanta y las lesiones me respetan, puedo estar al m\u00e1ximo nivel, trabajo mucho para ello y mi mentalidad siempre va a estar ah\u00ed.\u201d<\/p>\n","protected":false},"excerpt":{"rendered":"<p>Durante un acto p\u00fablico el jueves, Sergio Ramos nos puso al d\u00eda sobre el drama que rodea su futuro en el Real Madrid. Todos sab\u00edamos que Sergio Ramos ten\u00eda previsto conceder un par de entrevistas hoy, lo que hace m\u00e1s interesante su situaci\u00f3n en el Real Madrid. Tenemos que analizar dos momentos clave de la [&hellip;]<\/p>\n","protected":false},"author":1023,"featured_media":-101101259330,"comment_status":"closed","ping_status":"closed","sticky":false,"template":"","format":"standard","meta":{"om_disable_all_campaigns":false,"push_articles_ronaldo":{"active":false,"canonical":0,"publish":false},"force_updates":null},"categories":[67],"tags":[211,619],"enet_tags":{"team":["8633"],"player":["30962"],"sport_events":[]},"yoast_head":"<!-- This site is optimized with the Yoast SEO plugin v18.3 - https:\/\/yoast.com\/wordpress\/plugins\/seo\/ -->\n<title>Sergio Ramos da una actualizaci\u00f3n sobre su futuro en el Real Madrid<\/title>\n<meta name=\"description\" content=\"Durante un acto p\u00fablico el jueves, Sergio Ramos nos puso al d\u00eda sobre el drama que rodea su futuro en el Real Madrid.\" \/>\n<meta name=\"robots\" content=\"index, follow, max-snippet:-1, max-image-preview:large, max-video-preview:-1\" \/>\n<link rel=\"canonical\" href=\"https:\/\/acefootball.com\/es\/noticias-de-futbol\/sergio-ramos-da-una-actualizacion-sobre-su-futuro-en-el-real-madrid\/\" \/>\n<meta property=\"og:locale\" content=\"es_ES\" \/>\n<meta property=\"og:type\" content=\"article\" \/>\n<meta property=\"og:title\" content=\"Sergio Ramos da una actualizaci\u00f3n sobre su futuro en el Real Madrid\" \/>\n<meta property=\"og:description\" content=\"Durante un acto p\u00fablico el jueves, Sergio Ramos nos puso al d\u00eda sobre el drama que rodea su futuro en el Real Madrid.\" \/>\n<meta property=\"og:url\" content=\"https:\/\/acefootball.com\/es\/noticias-de-futbol\/sergio-ramos-da-una-actualizacion-sobre-su-futuro-en-el-real-madrid\/\" \/>\n<meta property=\"og:site_name\" content=\"Ace Football Espa\u00f1ol\" \/>\n<meta property=\"article:published_time\" content=\"2021-03-11T19:12:17+00:00\" \/>\n<meta property=\"article:modified_time\" content=\"2021-03-11T19:12:19+00:00\" \/>\n<meta property=\"og:image\" content=\"https:\/\/acefootball.com\/es\/wp-content\/uploads\/2021\/03\/GettyImages-1282637956.jpg\" \/>\n\t<meta property=\"og:image:width\" content=\"1024\" \/>\n\t<meta property=\"og:image:height\" content=\"667\" \/>\n<meta name=\"twitter:card\" content=\"summary_large_image\" \/>\n<meta name=\"twitter:image\" content=\"https:\/\/acefootball.com\/es\/wp-content\/uploads\/2021\/03\/GettyImages-1282637956.jpg\" \/>\n<meta name=\"twitter:label1\" content=\"Escrito por\" \/>\n\t<meta name=\"twitter:data1\" content=\"\" \/>\n\t<meta name=\"twitter:label2\" content=\"Tiempo de lectura\" \/>\n\t<meta name=\"twitter:data2\" content=\"2 minutos\" \/>\n<script type=\"application\/ld+json\" class=\"yoast-schema-graph\">{\"@context\":\"https:\/\/schema.org\",\"@graph\":[{\"@type\":\"WebSite\",\"@id\":\"https:\/\/acefootball.com\/es\/#website\",\"url\":\"https:\/\/acefootball.com\/es\/\",\"name\":\"Ace Football Espa\u00f1ol\",\"description\":\"News, Betting and Livescore\",\"potentialAction\":[{\"@type\":\"SearchAction\",\"target\":{\"@type\":\"EntryPoint\",\"urlTemplate\":\"https:\/\/acefootball.com\/es\/?s={search_term_string}\"},\"query-input\":\"required name=search_term_string\"}],\"inLanguage\":\"es\"},{\"@type\":\"ImageObject\",\"@id\":\"https:\/\/acefootball.com\/es\/noticias-de-futbol\/sergio-ramos-da-una-actualizacion-sobre-su-futuro-en-el-real-madrid\/#primaryimage\",\"inLanguage\":\"es\",\"url\":\"\",\"contentUrl\":\"\"},{\"@type\":\"WebPage\",\"@id\":\"https:\/\/acefootball.com\/es\/noticias-de-futbol\/sergio-ramos-da-una-actualizacion-sobre-su-futuro-en-el-real-madrid\/#webpage\",\"url\":\"https:\/\/acefootball.com\/es\/noticias-de-futbol\/sergio-ramos-da-una-actualizacion-sobre-su-futuro-en-el-real-madrid\/\",\"name\":\"Sergio Ramos da una actualizaci\u00f3n sobre su futuro en el Real Madrid\",\"isPartOf\":{\"@id\":\"https:\/\/acefootball.com\/es\/#website\"},\"primaryImageOfPage\":{\"@id\":\"https:\/\/acefootball.com\/es\/noticias-de-futbol\/sergio-ramos-da-una-actualizacion-sobre-su-futuro-en-el-real-madrid\/#primaryimage\"},\"datePublished\":\"2021-03-11T19:12:17+00:00\",\"dateModified\":\"2021-03-11T19:12:19+00:00\",\"author\":{\"@id\":\"\"},\"description\":\"Durante un acto p\u00fablico el jueves, Sergio Ramos nos puso al d\u00eda sobre el drama que rodea su futuro en el Real Madrid.\",\"breadcrumb\":{\"@id\":\"https:\/\/acefootball.com\/es\/noticias-de-futbol\/sergio-ramos-da-una-actualizacion-sobre-su-futuro-en-el-real-madrid\/#breadcrumb\"},\"inLanguage\":\"es\",\"potentialAction\":[{\"@type\":\"ReadAction\",\"target\":[\"https:\/\/acefootball.com\/es\/noticias-de-futbol\/sergio-ramos-da-una-actualizacion-sobre-su-futuro-en-el-real-madrid\/\"]}]},{\"@type\":\"BreadcrumbList\",\"@id\":\"https:\/\/acefootball.com\/es\/noticias-de-futbol\/sergio-ramos-da-una-actualizacion-sobre-su-futuro-en-el-real-madrid\/#breadcrumb\",\"itemListElement\":[{\"@type\":\"ListItem\",\"position\":1,\"name\":\"Home\",\"item\":\"https:\/\/acefootball.com\/es\/\"},{\"@type\":\"ListItem\",\"position\":2,\"name\":\"Sergio Ramos da una actualizaci\u00f3n sobre su futuro en el Real Madrid\"}]},{\"@type\":\"Person\",\"@id\":\"\",\"url\":\"https:\/\/acefootball.com\/es\/noticias-de-futbol\/author\/\"}]}<\/script>\n<!-- \/ Yoast SEO plugin. -->","yoast_head_json":{"title":"Sergio Ramos da una actualizaci\u00f3n sobre su futuro en el Real Madrid","description":"Durante un acto p\u00fablico el jueves, Sergio Ramos nos puso al d\u00eda sobre el drama que rodea su futuro en el Real Madrid.","robots":{"index":"index","follow":"follow","max-snippet":"max-snippet:-1","max-image-preview":"max-image-preview:large","max-video-preview":"max-video-preview:-1"},"canonical":"https:\/\/acefootball.com\/es\/noticias-de-futbol\/sergio-ramos-da-una-actualizacion-sobre-su-futuro-en-el-real-madrid\/","og_locale":"es_ES","og_type":"article","og_title":"Sergio Ramos da una actualizaci\u00f3n sobre su futuro en el Real Madrid","og_description":"Durante un acto p\u00fablico el jueves, Sergio Ramos nos puso al d\u00eda sobre el drama que rodea su futuro en el Real Madrid.","og_url":"https:\/\/acefootball.com\/es\/noticias-de-futbol\/sergio-ramos-da-una-actualizacion-sobre-su-futuro-en-el-real-madrid\/","og_site_name":"Ace Football Espa\u00f1ol","article_published_time":"2021-03-11T19:12:17+00:00","article_modified_time":"2021-03-11T19:12:19+00:00","og_image":[{"url":"https:\/\/acefootball.com\/es\/wp-content\/uploads\/2021\/03\/GettyImages-1282637956.jpg","height":667,"width":1024}],"twitter_card":"summary_large_image","twitter_image":"https:\/\/acefootball.com\/es\/wp-content\/uploads\/2021\/03\/GettyImages-1282637956.jpg","twitter_misc":{"Escrito por":"","Tiempo de lectura":"2 minutos"},"schema":{"@context":"https:\/\/schema.org","@graph":[{"@type":"WebSite","@id":"https:\/\/acefootball.com\/es\/#website","url":"https:\/\/acefootball.com\/es\/","name":"Ace Football Espa\u00f1ol","description":"News, Betting and Livescore","potentialAction":[{"@type":"SearchAction","target":{"@type":"EntryPoint","urlTemplate":"https:\/\/acefootball.com\/es\/?s={search_term_string}"},"query-input":"required name=search_term_string"}],"inLanguage":"es"},{"@type":"ImageObject","@id":"https:\/\/acefootball.com\/es\/noticias-de-futbol\/sergio-ramos-da-una-actualizacion-sobre-su-futuro-en-el-real-madrid\/#primaryimage","inLanguage":"es","url":"","contentUrl":""},{"@type":"WebPage","@id":"https:\/\/acefootball.com\/es\/noticias-de-futbol\/sergio-ramos-da-una-actualizacion-sobre-su-futuro-en-el-real-madrid\/#webpage","url":"https:\/\/acefootball.com\/es\/noticias-de-futbol\/sergio-ramos-da-una-actualizacion-sobre-su-futuro-en-el-real-madrid\/","name":"Sergio Ramos da una actualizaci\u00f3n sobre su futuro en el Real Madrid","isPartOf":{"@id":"https:\/\/acefootball.com\/es\/#website"},"primaryImageOfPage":{"@id":"https:\/\/acefootball.com\/es\/noticias-de-futbol\/sergio-ramos-da-una-actualizacion-sobre-su-futuro-en-el-real-madrid\/#primaryimage"},"datePublished":"2021-03-11T19:12:17+00:00","dateModified":"2021-03-11T19:12:19+00:00","author":{"@id":""},"description":"Durante un acto p\u00fablico el jueves, Sergio Ramos nos puso al d\u00eda sobre el drama que rodea su futuro en el Real Madrid.","breadcrumb":{"@id":"https:\/\/acefootball.com\/es\/noticias-de-futbol\/sergio-ramos-da-una-actualizacion-sobre-su-futuro-en-el-real-madrid\/#breadcrumb"},"inLanguage":"es","potentialAction":[{"@type":"ReadAction","target":["https:\/\/acefootball.com\/es\/noticias-de-futbol\/sergio-ramos-da-una-actualizacion-sobre-su-futuro-en-el-real-madrid\/"]}]},{"@type":"BreadcrumbList","@id":"https:\/\/acefootball.com\/es\/noticias-de-futbol\/sergio-ramos-da-una-actualizacion-sobre-su-futuro-en-el-real-madrid\/#breadcrumb","itemListElement":[{"@type":"ListItem","position":1,"name":"Home","item":"https:\/\/acefootball.com\/es\/"},{"@type":"ListItem","position":2,"name":"Sergio Ramos da una actualizaci\u00f3n sobre su futuro en el Real Madrid"}]},{"@type":"Person","@id":"","url":"https:\/\/acefootball.com\/es\/noticias-de-futbol\/author\/"}]}},"fimg_url":"https:\/\/acefootball.com\/es\/wp-content\/uploads\/2021\/03\/GettyImages-1282637956.jpg","_links":{"self":[{"href":"https:\/\/acefootball.com\/es\/wp-json\/wp\/v2\/posts\/14102"}],"collection":[{"href":"https:\/\/acefootball.com\/es\/wp-json\/wp\/v2\/posts"}],"about":[{"href":"https:\/\/acefootball.com\/es\/wp-json\/wp\/v2\/types\/post"}],"author":[{"embeddable":true,"href":"https:\/\/acefootball.com\/es\/wp-json\/wp\/v2\/users\/1023"}],"replies":[{"embeddable":true,"href":"https:\/\/acefootball.com\/es\/wp-json\/wp\/v2\/comments?post=14102"}],"version-history":[{"count":0,"href":"https:\/\/acefootball.com\/es\/wp-json\/wp\/v2\/posts\/14102\/revisions"}],"wp:featuredmedia":[{"embeddable":true,"href":"https:\/\/acefootball.com\/es\/wp-json\/wp\/v2\/media\/-101101259330"}],"wp:attachment":[{"href":"https:\/\/acefootball.com\/es\/wp-json\/wp\/v2\/media?parent=14102"}],"wp:term":[{"taxonomy":"category","embeddable":true,"href":"https:\/\/acefootball.com\/es\/wp-json\/wp\/v2\/categories?post=14102"},{"taxonomy":"post_tag","embeddable":true,"href":"https:\/\/acefootball.com\/es\/wp-json\/wp\/v2\/tags?post=14102"}],"curies":[{"name":"wp","href":"https:\/\/api.w.org\/{rel}","templated":true}]}}