{"id":14021,"date":"2021-03-09T15:35:52","date_gmt":"2021-03-09T15:35:52","guid":{"rendered":"https:\/\/acefootball.com\/es\/?p=14021"},"modified":"2021-04-09T21:48:55","modified_gmt":"2021-04-09T19:48:55","slug":"sustituira-klopp-a-low-el-tecnico-de-los-reds-responde-a-los-rumores","status":"publish","type":"post","link":"https:\/\/acefootball.com\/es\/noticias-de-futbol\/sustituira-klopp-a-low-el-tecnico-de-los-reds-responde-a-los-rumores\/","title":{"rendered":"\u00bfSustituir\u00e1 Klopp a L\u00f6w? El t\u00e9cnico de los &#8216;Reds&#8217; responde a los rumores"},"content":{"rendered":"\n<h2 id=\"h-se-ha-vinculado-al-entrenador-del-liverpool-con-el-trabajo-de-entrenador-de-la-selecci-n-alemana-despu-s-de-la-eurocopa-2020\">Se ha vinculado al entrenador del Liverpool con el trabajo de entrenador de la selecci\u00f3n alemana despu\u00e9s de la Eurocopa 2020.<\/h2>\n\n\n\n<p>J\u00fcrgen Klopp ha descartado la posibilidad de convertirse en el pr\u00f3ximo t\u00e9cnico de Alemania, afirmando que tiene la intenci\u00f3n de cumplir la totalidad de su contrato con el Liverpool.<\/p>\n\n\n\n<p>El puesto de Klopp en el Liverpool ha sido objeto de un intenso escrutinio \u00faltimamente en medio de la reciente ca\u00edda de nivel del equipo.<\/p>\n\n\n\n<p>La esperanza del campe\u00f3n de la <em><a href=\"https:\/\/acefootball.com\/es\/premier-league\/\">Premier League<\/a><\/em> de defender con \u00e9xito el t\u00edtulo se ha desvanecido, ya que se encuentra en la octava posici\u00f3n de la clasificaci\u00f3n, a 22 puntos del l\u00edder.<\/p>\n\n\n\n<p>El equipo ha sufrido derrotas en cada uno de sus \u00faltimos seis partidos de liga en Anfield, y el futuro de su entrenador est\u00e1 siendo cuestionado.<\/p>\n\n\n\n<p>Sin embargo, Klopp, que tiene contrato hasta 2024, est\u00e1 comprometido con el Liverpool.<\/p>\n\n\n\n<p>\u00abSi esa es la pregunta que quieren hacer, si estoy disponible para el puesto, la respuesta es no\u00bb, respondi\u00f3 al ser preguntado por la posibilidad de suceder a Joachim L\u00f6w como seleccionador de Alemania, v\u00eda <em><a href=\"https:\/\/www.goal.com\/en-in\/news\/klopp-vows-to-honour-liverpool-contract-as-he-dismisses\/od275fwy7wx41jjpb3byubzz0\" target=\"_blank\" rel=\"noreferrer noopener\">Goal<\/a><\/em>.<\/p>\n\n\n\n<p>\u00abL\u00f6w ha hecho un trabajo incre\u00edble. Uno de los entrenadores m\u00e1s exitosos. Entiendo que quiere tener este punto culminante de una Eurocopa. Y luego otro har\u00e1 su trabajo. Hay muy buenos entrenadores alemanes\u00bb.<\/p>\n\n\n\n<p>\u00abNo, no estar\u00e9 disponible como posible entrenador de la selecci\u00f3n alemana ni en verano ni despu\u00e9s del verano\u00bb.<\/p>\n\n\n\n<p>\u00abMe quedan tres a\u00f1os en el Liverpool. Es una situaci\u00f3n sencilla: firmas un contrato y tratas de cumplirlo\u00bb.<\/p>\n\n\n\n<figure class=\"wp-block-embed is-type-wp-embed is-provider-ace-football-espanol wp-block-embed-ace-football-espanol\"><div class=\"wp-block-embed__wrapper\">\n<blockquote class=\"wp-embedded-content\" data-secret=\"O3SukaB3A6\"><a href=\"https:\/\/acefootball.com\/es\/noticias-de-futbol\/nagelsmann-responde-a-los-rumores-que-le-relacionan-con-el-puesto-de-alemania\/\">Nagelsmann responde a los rumores que le relacionan con el puesto de Alemania<\/a><\/blockquote><iframe class=\"wp-embedded-content\" sandbox=\"allow-scripts\" security=\"restricted\" style=\"position: absolute; clip: rect(1px, 1px, 1px, 1px);\" title=\"\u00abNagelsmann responde a los rumores que le relacionan con el puesto de Alemania\u00bb \u2014 Ace Football Espa\u00f1ol\" src=\"https:\/\/acefootball.com\/es\/noticias-de-futbol\/nagelsmann-responde-a-los-rumores-que-le-relacionan-con-el-puesto-de-alemania\/embed\/#?secret=O3SukaB3A6\" data-secret=\"O3SukaB3A6\" width=\"600\" height=\"338\" frameborder=\"0\" marginwidth=\"0\" marginheight=\"0\" scrolling=\"no\"><\/iframe>\n<\/div><\/figure>\n","protected":false},"excerpt":{"rendered":"<p>Se ha vinculado al entrenador del Liverpool con el trabajo de entrenador de la selecci\u00f3n alemana despu\u00e9s de la Eurocopa 2020.<\/p>\n","protected":false},"author":1022,"featured_media":-101101259024,"comment_status":"open","ping_status":"closed","sticky":false,"template":"","format":"standard","meta":{"om_disable_all_campaigns":false,"push_articles_ronaldo":{"active":false,"canonical":0,"publish":false},"force_updates":null},"categories":[1],"tags":[4534,1758,275],"enet_tags":{"team":["8570","8650"],"player":["78660"],"sport_events":[]},"yoast_head":"<!-- This site is optimized with the Yoast SEO plugin v18.3 - https:\/\/yoast.com\/wordpress\/plugins\/seo\/ -->\n<title>\u00bfSustituir\u00e1 Klopp a L\u00f6w? El t\u00e9cnico de los &#039;Reds&#039; responde a los rumores<\/title>\n<meta name=\"description\" content=\"Se ha vinculado al entrenador del Liverpool con el trabajo de entrenador de la selecci\u00f3n alemana despu\u00e9s de la Eurocopa 2020.\" \/>\n<meta name=\"robots\" content=\"index, follow, max-snippet:-1, max-image-preview:large, max-video-preview:-1\" \/>\n<link rel=\"canonical\" href=\"https:\/\/acefootball.com\/es\/noticias-de-futbol\/sustituira-klopp-a-low-el-tecnico-de-los-reds-responde-a-los-rumores\/\" \/>\n<meta property=\"og:locale\" content=\"es_ES\" \/>\n<meta property=\"og:type\" content=\"article\" \/>\n<meta property=\"og:title\" content=\"\u00bfSustituir\u00e1 Klopp a L\u00f6w? El t\u00e9cnico de los &#039;Reds&#039; responde a los rumores\" \/>\n<meta property=\"og:description\" content=\"Se ha vinculado al entrenador del Liverpool con el trabajo de entrenador de la selecci\u00f3n alemana despu\u00e9s de la Eurocopa 2020.\" \/>\n<meta property=\"og:url\" content=\"https:\/\/acefootball.com\/es\/noticias-de-futbol\/sustituira-klopp-a-low-el-tecnico-de-los-reds-responde-a-los-rumores\/\" \/>\n<meta property=\"og:site_name\" content=\"Ace Football Espa\u00f1ol\" \/>\n<meta property=\"article:published_time\" content=\"2021-03-09T15:35:52+00:00\" \/>\n<meta property=\"article:modified_time\" content=\"2021-04-09T19:48:55+00:00\" \/>\n<meta property=\"og:image\" content=\"https:\/\/acefootball.com\/es\/wp-content\/uploads\/2021\/03\/1303203751.jpg\" \/>\n\t<meta property=\"og:image:width\" content=\"1920\" \/>\n\t<meta property=\"og:image:height\" content=\"1262\" \/>\n<meta name=\"twitter:card\" content=\"summary_large_image\" \/>\n<meta name=\"twitter:image\" content=\"https:\/\/acefootball.com\/es\/wp-content\/uploads\/2021\/03\/1303203751.jpg\" \/>\n<meta name=\"twitter:label1\" content=\"Escrito por\" \/>\n\t<meta name=\"twitter:data1\" content=\"\" \/>\n\t<meta name=\"twitter:label2\" content=\"Tiempo de lectura\" \/>\n\t<meta name=\"twitter:data2\" content=\"2 minutos\" \/>\n<script type=\"application\/ld+json\" class=\"yoast-schema-graph\">{\"@context\":\"https:\/\/schema.org\",\"@graph\":[{\"@type\":\"WebSite\",\"@id\":\"https:\/\/acefootball.com\/es\/#website\",\"url\":\"https:\/\/acefootball.com\/es\/\",\"name\":\"Ace Football Espa\u00f1ol\",\"description\":\"News, Betting and Livescore\",\"potentialAction\":[{\"@type\":\"SearchAction\",\"target\":{\"@type\":\"EntryPoint\",\"urlTemplate\":\"https:\/\/acefootball.com\/es\/?s={search_term_string}\"},\"query-input\":\"required name=search_term_string\"}],\"inLanguage\":\"es\"},{\"@type\":\"ImageObject\",\"@id\":\"https:\/\/acefootball.com\/es\/noticias-de-futbol\/sustituira-klopp-a-low-el-tecnico-de-los-reds-responde-a-los-rumores\/#primaryimage\",\"inLanguage\":\"es\",\"url\":\"https:\/\/acefootball.com\/es\/wp-content\/uploads\/2021\/03\/1303203751.jpg\",\"contentUrl\":\"https:\/\/acefootball.com\/es\/wp-content\/uploads\/2021\/03\/1303203751.jpg\"},{\"@type\":\"WebPage\",\"@id\":\"https:\/\/acefootball.com\/es\/noticias-de-futbol\/sustituira-klopp-a-low-el-tecnico-de-los-reds-responde-a-los-rumores\/#webpage\",\"url\":\"https:\/\/acefootball.com\/es\/noticias-de-futbol\/sustituira-klopp-a-low-el-tecnico-de-los-reds-responde-a-los-rumores\/\",\"name\":\"\u00bfSustituir\u00e1 Klopp a L\u00f6w? El t\u00e9cnico de los 'Reds' responde a los rumores\",\"isPartOf\":{\"@id\":\"https:\/\/acefootball.com\/es\/#website\"},\"primaryImageOfPage\":{\"@id\":\"https:\/\/acefootball.com\/es\/noticias-de-futbol\/sustituira-klopp-a-low-el-tecnico-de-los-reds-responde-a-los-rumores\/#primaryimage\"},\"datePublished\":\"2021-03-09T15:35:52+00:00\",\"dateModified\":\"2021-04-09T19:48:55+00:00\",\"author\":{\"@id\":\"\"},\"description\":\"Se ha vinculado al entrenador del Liverpool con el trabajo de entrenador de la selecci\u00f3n alemana despu\u00e9s de la Eurocopa 2020.\",\"breadcrumb\":{\"@id\":\"https:\/\/acefootball.com\/es\/noticias-de-futbol\/sustituira-klopp-a-low-el-tecnico-de-los-reds-responde-a-los-rumores\/#breadcrumb\"},\"inLanguage\":\"es\",\"potentialAction\":[{\"@type\":\"ReadAction\",\"target\":[\"https:\/\/acefootball.com\/es\/noticias-de-futbol\/sustituira-klopp-a-low-el-tecnico-de-los-reds-responde-a-los-rumores\/\"]}]},{\"@type\":\"BreadcrumbList\",\"@id\":\"https:\/\/acefootball.com\/es\/noticias-de-futbol\/sustituira-klopp-a-low-el-tecnico-de-los-reds-responde-a-los-rumores\/#breadcrumb\",\"itemListElement\":[{\"@type\":\"ListItem\",\"position\":1,\"name\":\"Home\",\"item\":\"https:\/\/acefootball.com\/es\/\"},{\"@type\":\"ListItem\",\"position\":2,\"name\":\"\u00bfSustituir\u00e1 Klopp a L\u00f6w? El t\u00e9cnico de los &#8216;Reds&#8217; responde a los rumores\"}]},{\"@type\":\"Person\",\"@id\":\"\",\"url\":\"https:\/\/acefootball.com\/es\/noticias-de-futbol\/author\/\"}]}<\/script>\n<!-- \/ Yoast SEO plugin. -->","yoast_head_json":{"title":"\u00bfSustituir\u00e1 Klopp a L\u00f6w? El t\u00e9cnico de los 'Reds' responde a los rumores","description":"Se ha vinculado al entrenador del Liverpool con el trabajo de entrenador de la selecci\u00f3n alemana despu\u00e9s de la Eurocopa 2020.","robots":{"index":"index","follow":"follow","max-snippet":"max-snippet:-1","max-image-preview":"max-image-preview:large","max-video-preview":"max-video-preview:-1"},"canonical":"https:\/\/acefootball.com\/es\/noticias-de-futbol\/sustituira-klopp-a-low-el-tecnico-de-los-reds-responde-a-los-rumores\/","og_locale":"es_ES","og_type":"article","og_title":"\u00bfSustituir\u00e1 Klopp a L\u00f6w? El t\u00e9cnico de los 'Reds' responde a los rumores","og_description":"Se ha vinculado al entrenador del Liverpool con el trabajo de entrenador de la selecci\u00f3n alemana despu\u00e9s de la Eurocopa 2020.","og_url":"https:\/\/acefootball.com\/es\/noticias-de-futbol\/sustituira-klopp-a-low-el-tecnico-de-los-reds-responde-a-los-rumores\/","og_site_name":"Ace Football Espa\u00f1ol","article_published_time":"2021-03-09T15:35:52+00:00","article_modified_time":"2021-04-09T19:48:55+00:00","og_image":[{"url":"https:\/\/acefootball.com\/es\/wp-content\/uploads\/2021\/03\/1303203751.jpg","height":1262,"width":1920}],"twitter_card":"summary_large_image","twitter_image":"https:\/\/acefootball.com\/es\/wp-content\/uploads\/2021\/03\/1303203751.jpg","twitter_misc":{"Escrito por":"","Tiempo de lectura":"2 minutos"},"schema":{"@context":"https:\/\/schema.org","@graph":[{"@type":"WebSite","@id":"https:\/\/acefootball.com\/es\/#website","url":"https:\/\/acefootball.com\/es\/","name":"Ace Football Espa\u00f1ol","description":"News, Betting and Livescore","potentialAction":[{"@type":"SearchAction","target":{"@type":"EntryPoint","urlTemplate":"https:\/\/acefootball.com\/es\/?s={search_term_string}"},"query-input":"required name=search_term_string"}],"inLanguage":"es"},{"@type":"ImageObject","@id":"https:\/\/acefootball.com\/es\/noticias-de-futbol\/sustituira-klopp-a-low-el-tecnico-de-los-reds-responde-a-los-rumores\/#primaryimage","inLanguage":"es","url":"https:\/\/acefootball.com\/es\/wp-content\/uploads\/2021\/03\/1303203751.jpg","contentUrl":"https:\/\/acefootball.com\/es\/wp-content\/uploads\/2021\/03\/1303203751.jpg"},{"@type":"WebPage","@id":"https:\/\/acefootball.com\/es\/noticias-de-futbol\/sustituira-klopp-a-low-el-tecnico-de-los-reds-responde-a-los-rumores\/#webpage","url":"https:\/\/acefootball.com\/es\/noticias-de-futbol\/sustituira-klopp-a-low-el-tecnico-de-los-reds-responde-a-los-rumores\/","name":"\u00bfSustituir\u00e1 Klopp a L\u00f6w? El t\u00e9cnico de los 'Reds' responde a los rumores","isPartOf":{"@id":"https:\/\/acefootball.com\/es\/#website"},"primaryImageOfPage":{"@id":"https:\/\/acefootball.com\/es\/noticias-de-futbol\/sustituira-klopp-a-low-el-tecnico-de-los-reds-responde-a-los-rumores\/#primaryimage"},"datePublished":"2021-03-09T15:35:52+00:00","dateModified":"2021-04-09T19:48:55+00:00","author":{"@id":""},"description":"Se ha vinculado al entrenador del Liverpool con el trabajo de entrenador de la selecci\u00f3n alemana despu\u00e9s de la Eurocopa 2020.","breadcrumb":{"@id":"https:\/\/acefootball.com\/es\/noticias-de-futbol\/sustituira-klopp-a-low-el-tecnico-de-los-reds-responde-a-los-rumores\/#breadcrumb"},"inLanguage":"es","potentialAction":[{"@type":"ReadAction","target":["https:\/\/acefootball.com\/es\/noticias-de-futbol\/sustituira-klopp-a-low-el-tecnico-de-los-reds-responde-a-los-rumores\/"]}]},{"@type":"BreadcrumbList","@id":"https:\/\/acefootball.com\/es\/noticias-de-futbol\/sustituira-klopp-a-low-el-tecnico-de-los-reds-responde-a-los-rumores\/#breadcrumb","itemListElement":[{"@type":"ListItem","position":1,"name":"Home","item":"https:\/\/acefootball.com\/es\/"},{"@type":"ListItem","position":2,"name":"\u00bfSustituir\u00e1 Klopp a L\u00f6w? El t\u00e9cnico de los &#8216;Reds&#8217; responde a los rumores"}]},{"@type":"Person","@id":"","url":"https:\/\/acefootball.com\/es\/noticias-de-futbol\/author\/"}]}},"fimg_url":"https:\/\/acefootball.com\/es\/wp-content\/uploads\/2021\/03\/1303203751.jpg","_links":{"self":[{"href":"https:\/\/acefootball.com\/es\/wp-json\/wp\/v2\/posts\/14021"}],"collection":[{"href":"https:\/\/acefootball.com\/es\/wp-json\/wp\/v2\/posts"}],"about":[{"href":"https:\/\/acefootball.com\/es\/wp-json\/wp\/v2\/types\/post"}],"author":[{"embeddable":true,"href":"https:\/\/acefootball.com\/es\/wp-json\/wp\/v2\/users\/1022"}],"replies":[{"embeddable":true,"href":"https:\/\/acefootball.com\/es\/wp-json\/wp\/v2\/comments?post=14021"}],"version-history":[{"count":0,"href":"https:\/\/acefootball.com\/es\/wp-json\/wp\/v2\/posts\/14021\/revisions"}],"wp:featuredmedia":[{"embeddable":true,"href":"https:\/\/acefootball.com\/es\/wp-json\/wp\/v2\/media\/-101101259024"}],"wp:attachment":[{"href":"https:\/\/acefootball.com\/es\/wp-json\/wp\/v2\/media?parent=14021"}],"wp:term":[{"taxonomy":"category","embeddable":true,"href":"https:\/\/acefootball.com\/es\/wp-json\/wp\/v2\/categories?post=14021"},{"taxonomy":"post_tag","embeddable":true,"href":"https:\/\/acefootball.com\/es\/wp-json\/wp\/v2\/tags?post=14021"}],"curies":[{"name":"wp","href":"https:\/\/api.w.org\/{rel}","templated":true}]}}