{"id":14006,"date":"2021-03-09T11:45:05","date_gmt":"2021-03-09T11:45:05","guid":{"rendered":"https:\/\/acefootball.com\/es\/?p=14006"},"modified":"2021-03-09T11:45:06","modified_gmt":"2021-03-09T11:45:06","slug":"ferdinand-felicita-a-shaw-por-su-resurgimiento-en-el-manchester-united","status":"publish","type":"post","link":"https:\/\/acefootball.com\/es\/noticias-de-futbol\/ferdinand-felicita-a-shaw-por-su-resurgimiento-en-el-manchester-united\/","title":{"rendered":"Ferdinand felicita a Shaw por su resurgimiento en el Manchester United"},"content":{"rendered":"\n<h2 id=\"h-la-leyenda-de-los-red-devils-est-impresionado-con-la-forma-en-que-el-lateral-izquierdo-es-ahora-uno-de-los-jugadores-m-s-importantes\">La leyenda de los &#8216;Red Devils&#8217; est\u00e1 impresionado con la forma en que el lateral izquierdo \u00abes ahora uno de los jugadores m\u00e1s importantes\u00bb.<\/h2>\n\n\n\n<p>Luke Shaw ha conseguido que la posici\u00f3n de lateral izquierdo sea suya rindiendo al m\u00e1ximo esta temporada. <\/p>\n\n\n\n<p>Su puesto en el equipo parec\u00eda amenazado cuando el pasado verano se incorpor\u00f3 <em><a href=\"https:\/\/acefootball.com\/premier-league\/manchester-united\/alex-telles\/\">Alex Telles<\/a><\/em>, que hab\u00eda sido uno de los mejores y m\u00e1s regulares jugadores de la Primeira Liga.<\/p>\n\n\n\n<p>No hab\u00eda logrado cumplir las expectativas tras ser fichado por el Manchester United procedente del Southampton en 2014.<\/p>\n\n\n\n<p>El internacional ingl\u00e9s vivi\u00f3 momentos dif\u00edciles durante la etapa de Jos\u00e9 Mourinho en el cargo, ya que el t\u00e9cnico portugu\u00e9s le criticaba con frecuencia.<\/p>\n\n\n\n<figure class=\"wp-block-embed is-type-rich is-provider-twitter wp-block-embed-twitter\"><div class=\"wp-block-embed__wrapper\">\n<blockquote class=\"twitter-tweet\" data-width=\"550\" data-dnt=\"true\"><p lang=\"en\" dir=\"ltr\">Most chances created in the Premier League in 2021:<br><br>\ud83e\udd47 Luke Shaw [34]<br>\ud83e\udd48 Mason Mount [32]<br>\ud83e\udd49 Bruno Fernandes [30]<br><br>Man Utd&#39;s left-back is creating at an elite rate. \ud83e\udde8 <a href=\"https:\/\/t.co\/zyBGE6OAhn\">pic.twitter.com\/zyBGE6OAhn<\/a><\/p>&mdash; Statman Dave (@StatmanDave) <a href=\"https:\/\/twitter.com\/StatmanDave\/status\/1368867167555436545?ref_src=twsrc%5Etfw\">March 8, 2021<\/a><\/blockquote><script async src=\"https:\/\/platform.twitter.com\/widgets.js\" charset=\"utf-8\"><\/script>\n<\/div><\/figure>\n\n\n\n<p>\u00abHay que ver de d\u00f3nde viene, por cierto\u00bb, dijo Rio Ferdinand en su podcast, <em><a rel=\"noreferrer noopener\" target=\"_blank\" href=\"https:\/\/twitter.com\/rioferdy5\/status\/1368994975434874881\">Vibe with FIVE<\/a><\/em>.<\/p>\n\n\n\n<p>\u00abEste era un chico que estaba destrozado mentalmente, parec\u00eda que estaba en el basurero en el United\u00bb.<\/p>\n\n\n\n<p>\u00abCuando Jos\u00e9 Mourinho estaba all\u00ed, lo descart\u00f3. El chico era un hombre roto\u00bb.<\/p>\n\n\n\n<p>\u00abHa vuelto de las profundidades para ser ahora uno de los jugadores m\u00e1s importantes del Manchester United en la forma en que est\u00e1n jugando. Hay que felicitarle por ello\u00bb.<\/p>\n\n\n\n<figure class=\"wp-block-embed is-type-wp-embed is-provider-ace-football-espanol wp-block-embed-ace-football-espanol\"><div class=\"wp-block-embed__wrapper\">\n<blockquote class=\"wp-embedded-content\" data-secret=\"g1T4C78gsz\"><a href=\"https:\/\/acefootball.com\/es\/noticias-de-futbol\/bruno-rechaza-las-fuertes-criticas-por-parte-de-roy-keane\/\">Bruno rechaza las fuertes cr\u00edticas por parte de Roy Keane<\/a><\/blockquote><iframe class=\"wp-embedded-content\" sandbox=\"allow-scripts\" security=\"restricted\" style=\"position: absolute; clip: rect(1px, 1px, 1px, 1px);\" title=\"\u00abBruno rechaza las fuertes cr\u00edticas por parte de Roy Keane\u00bb \u2014 Ace Football Espa\u00f1ol\" src=\"https:\/\/acefootball.com\/es\/noticias-de-futbol\/bruno-rechaza-las-fuertes-criticas-por-parte-de-roy-keane\/embed\/#?secret=g1T4C78gsz\" data-secret=\"g1T4C78gsz\" width=\"600\" height=\"338\" frameborder=\"0\" marginwidth=\"0\" marginheight=\"0\" scrolling=\"no\"><\/iframe>\n<\/div><\/figure>\n","protected":false},"excerpt":{"rendered":"<p>La leyenda de los &#8216;Red Devils&#8217; est\u00e1 impresionado con la forma en que el lateral izquierdo \u00abes ahora uno de los jugadores m\u00e1s importantes\u00bb.<\/p>\n","protected":false},"author":1022,"featured_media":-101101258971,"comment_status":"open","ping_status":"closed","sticky":false,"template":"","format":"standard","meta":{"om_disable_all_campaigns":false,"push_articles_ronaldo":{"active":false,"canonical":0,"publish":false},"force_updates":null},"categories":[1],"tags":[1260,206,274],"enet_tags":{"player":["362694"],"team":["10260"],"sport_events":[]},"yoast_head":"<!-- This site is optimized with the Yoast SEO plugin v18.3 - https:\/\/yoast.com\/wordpress\/plugins\/seo\/ -->\n<title>Ferdinand felicita a Shaw por su resurgimiento en el Manchester United<\/title>\n<meta name=\"description\" content=\"La leyenda de los &#039;Red Devils&#039; est\u00e1 impresionado con la forma en que el lateral izquierdo \u00abes ahora uno de los jugadores m\u00e1s importantes\u00bb.\" \/>\n<meta name=\"robots\" content=\"index, follow, max-snippet:-1, max-image-preview:large, max-video-preview:-1\" \/>\n<link rel=\"canonical\" href=\"https:\/\/acefootball.com\/es\/noticias-de-futbol\/ferdinand-felicita-a-shaw-por-su-resurgimiento-en-el-manchester-united\/\" \/>\n<meta property=\"og:locale\" content=\"es_ES\" \/>\n<meta property=\"og:type\" content=\"article\" \/>\n<meta property=\"og:title\" content=\"Ferdinand felicita a Shaw por su resurgimiento en el Manchester United\" \/>\n<meta property=\"og:description\" content=\"La leyenda de los &#039;Red Devils&#039; est\u00e1 impresionado con la forma en que el lateral izquierdo \u00abes ahora uno de los jugadores m\u00e1s importantes\u00bb.\" \/>\n<meta property=\"og:url\" content=\"https:\/\/acefootball.com\/es\/noticias-de-futbol\/ferdinand-felicita-a-shaw-por-su-resurgimiento-en-el-manchester-united\/\" \/>\n<meta property=\"og:site_name\" content=\"Ace Football Espa\u00f1ol\" \/>\n<meta property=\"article:published_time\" content=\"2021-03-09T11:45:05+00:00\" \/>\n<meta property=\"article:modified_time\" content=\"2021-03-09T11:45:06+00:00\" \/>\n<meta property=\"og:image\" content=\"https:\/\/acefootball.com\/es\/wp-content\/uploads\/2021\/03\/1305830366.jpg\" \/>\n\t<meta property=\"og:image:width\" content=\"1920\" \/>\n\t<meta property=\"og:image:height\" content=\"1262\" \/>\n<meta name=\"twitter:card\" content=\"summary_large_image\" \/>\n<meta name=\"twitter:image\" content=\"https:\/\/acefootball.com\/es\/wp-content\/uploads\/2021\/03\/1305830366.jpg\" \/>\n<meta name=\"twitter:label1\" content=\"Escrito por\" \/>\n\t<meta name=\"twitter:data1\" content=\"\" \/>\n\t<meta name=\"twitter:label2\" content=\"Tiempo de lectura\" \/>\n\t<meta name=\"twitter:data2\" content=\"1 minuto\" \/>\n<script type=\"application\/ld+json\" class=\"yoast-schema-graph\">{\"@context\":\"https:\/\/schema.org\",\"@graph\":[{\"@type\":\"WebSite\",\"@id\":\"https:\/\/acefootball.com\/es\/#website\",\"url\":\"https:\/\/acefootball.com\/es\/\",\"name\":\"Ace Football Espa\u00f1ol\",\"description\":\"News, Betting and Livescore\",\"potentialAction\":[{\"@type\":\"SearchAction\",\"target\":{\"@type\":\"EntryPoint\",\"urlTemplate\":\"https:\/\/acefootball.com\/es\/?s={search_term_string}\"},\"query-input\":\"required name=search_term_string\"}],\"inLanguage\":\"es\"},{\"@type\":\"ImageObject\",\"@id\":\"https:\/\/acefootball.com\/es\/noticias-de-futbol\/ferdinand-felicita-a-shaw-por-su-resurgimiento-en-el-manchester-united\/#primaryimage\",\"inLanguage\":\"es\",\"url\":\"https:\/\/acefootball.com\/es\/wp-content\/uploads\/2021\/03\/1305830366.jpg\",\"contentUrl\":\"https:\/\/acefootball.com\/es\/wp-content\/uploads\/2021\/03\/1305830366.jpg\"},{\"@type\":\"WebPage\",\"@id\":\"https:\/\/acefootball.com\/es\/noticias-de-futbol\/ferdinand-felicita-a-shaw-por-su-resurgimiento-en-el-manchester-united\/#webpage\",\"url\":\"https:\/\/acefootball.com\/es\/noticias-de-futbol\/ferdinand-felicita-a-shaw-por-su-resurgimiento-en-el-manchester-united\/\",\"name\":\"Ferdinand felicita a Shaw por su resurgimiento en el Manchester United\",\"isPartOf\":{\"@id\":\"https:\/\/acefootball.com\/es\/#website\"},\"primaryImageOfPage\":{\"@id\":\"https:\/\/acefootball.com\/es\/noticias-de-futbol\/ferdinand-felicita-a-shaw-por-su-resurgimiento-en-el-manchester-united\/#primaryimage\"},\"datePublished\":\"2021-03-09T11:45:05+00:00\",\"dateModified\":\"2021-03-09T11:45:06+00:00\",\"author\":{\"@id\":\"\"},\"description\":\"La leyenda de los 'Red Devils' est\u00e1 impresionado con la forma en que el lateral izquierdo \u00abes ahora uno de los jugadores m\u00e1s importantes\u00bb.\",\"breadcrumb\":{\"@id\":\"https:\/\/acefootball.com\/es\/noticias-de-futbol\/ferdinand-felicita-a-shaw-por-su-resurgimiento-en-el-manchester-united\/#breadcrumb\"},\"inLanguage\":\"es\",\"potentialAction\":[{\"@type\":\"ReadAction\",\"target\":[\"https:\/\/acefootball.com\/es\/noticias-de-futbol\/ferdinand-felicita-a-shaw-por-su-resurgimiento-en-el-manchester-united\/\"]}]},{\"@type\":\"BreadcrumbList\",\"@id\":\"https:\/\/acefootball.com\/es\/noticias-de-futbol\/ferdinand-felicita-a-shaw-por-su-resurgimiento-en-el-manchester-united\/#breadcrumb\",\"itemListElement\":[{\"@type\":\"ListItem\",\"position\":1,\"name\":\"Home\",\"item\":\"https:\/\/acefootball.com\/es\/\"},{\"@type\":\"ListItem\",\"position\":2,\"name\":\"Ferdinand felicita a Shaw por su resurgimiento en el Manchester United\"}]},{\"@type\":\"Person\",\"@id\":\"\",\"url\":\"https:\/\/acefootball.com\/es\/noticias-de-futbol\/author\/\"}]}<\/script>\n<!-- \/ Yoast SEO plugin. -->","yoast_head_json":{"title":"Ferdinand felicita a Shaw por su resurgimiento en el Manchester United","description":"La leyenda de los 'Red Devils' est\u00e1 impresionado con la forma en que el lateral izquierdo \u00abes ahora uno de los jugadores m\u00e1s importantes\u00bb.","robots":{"index":"index","follow":"follow","max-snippet":"max-snippet:-1","max-image-preview":"max-image-preview:large","max-video-preview":"max-video-preview:-1"},"canonical":"https:\/\/acefootball.com\/es\/noticias-de-futbol\/ferdinand-felicita-a-shaw-por-su-resurgimiento-en-el-manchester-united\/","og_locale":"es_ES","og_type":"article","og_title":"Ferdinand felicita a Shaw por su resurgimiento en el Manchester United","og_description":"La leyenda de los 'Red Devils' est\u00e1 impresionado con la forma en que el lateral izquierdo \u00abes ahora uno de los jugadores m\u00e1s importantes\u00bb.","og_url":"https:\/\/acefootball.com\/es\/noticias-de-futbol\/ferdinand-felicita-a-shaw-por-su-resurgimiento-en-el-manchester-united\/","og_site_name":"Ace Football Espa\u00f1ol","article_published_time":"2021-03-09T11:45:05+00:00","article_modified_time":"2021-03-09T11:45:06+00:00","og_image":[{"url":"https:\/\/acefootball.com\/es\/wp-content\/uploads\/2021\/03\/1305830366.jpg","height":1262,"width":1920}],"twitter_card":"summary_large_image","twitter_image":"https:\/\/acefootball.com\/es\/wp-content\/uploads\/2021\/03\/1305830366.jpg","twitter_misc":{"Escrito por":"","Tiempo de lectura":"1 minuto"},"schema":{"@context":"https:\/\/schema.org","@graph":[{"@type":"WebSite","@id":"https:\/\/acefootball.com\/es\/#website","url":"https:\/\/acefootball.com\/es\/","name":"Ace Football Espa\u00f1ol","description":"News, Betting and Livescore","potentialAction":[{"@type":"SearchAction","target":{"@type":"EntryPoint","urlTemplate":"https:\/\/acefootball.com\/es\/?s={search_term_string}"},"query-input":"required name=search_term_string"}],"inLanguage":"es"},{"@type":"ImageObject","@id":"https:\/\/acefootball.com\/es\/noticias-de-futbol\/ferdinand-felicita-a-shaw-por-su-resurgimiento-en-el-manchester-united\/#primaryimage","inLanguage":"es","url":"https:\/\/acefootball.com\/es\/wp-content\/uploads\/2021\/03\/1305830366.jpg","contentUrl":"https:\/\/acefootball.com\/es\/wp-content\/uploads\/2021\/03\/1305830366.jpg"},{"@type":"WebPage","@id":"https:\/\/acefootball.com\/es\/noticias-de-futbol\/ferdinand-felicita-a-shaw-por-su-resurgimiento-en-el-manchester-united\/#webpage","url":"https:\/\/acefootball.com\/es\/noticias-de-futbol\/ferdinand-felicita-a-shaw-por-su-resurgimiento-en-el-manchester-united\/","name":"Ferdinand felicita a Shaw por su resurgimiento en el Manchester United","isPartOf":{"@id":"https:\/\/acefootball.com\/es\/#website"},"primaryImageOfPage":{"@id":"https:\/\/acefootball.com\/es\/noticias-de-futbol\/ferdinand-felicita-a-shaw-por-su-resurgimiento-en-el-manchester-united\/#primaryimage"},"datePublished":"2021-03-09T11:45:05+00:00","dateModified":"2021-03-09T11:45:06+00:00","author":{"@id":""},"description":"La leyenda de los 'Red Devils' est\u00e1 impresionado con la forma en que el lateral izquierdo \u00abes ahora uno de los jugadores m\u00e1s importantes\u00bb.","breadcrumb":{"@id":"https:\/\/acefootball.com\/es\/noticias-de-futbol\/ferdinand-felicita-a-shaw-por-su-resurgimiento-en-el-manchester-united\/#breadcrumb"},"inLanguage":"es","potentialAction":[{"@type":"ReadAction","target":["https:\/\/acefootball.com\/es\/noticias-de-futbol\/ferdinand-felicita-a-shaw-por-su-resurgimiento-en-el-manchester-united\/"]}]},{"@type":"BreadcrumbList","@id":"https:\/\/acefootball.com\/es\/noticias-de-futbol\/ferdinand-felicita-a-shaw-por-su-resurgimiento-en-el-manchester-united\/#breadcrumb","itemListElement":[{"@type":"ListItem","position":1,"name":"Home","item":"https:\/\/acefootball.com\/es\/"},{"@type":"ListItem","position":2,"name":"Ferdinand felicita a Shaw por su resurgimiento en el Manchester United"}]},{"@type":"Person","@id":"","url":"https:\/\/acefootball.com\/es\/noticias-de-futbol\/author\/"}]}},"fimg_url":"https:\/\/acefootball.com\/es\/wp-content\/uploads\/2021\/03\/1305830366.jpg","_links":{"self":[{"href":"https:\/\/acefootball.com\/es\/wp-json\/wp\/v2\/posts\/14006"}],"collection":[{"href":"https:\/\/acefootball.com\/es\/wp-json\/wp\/v2\/posts"}],"about":[{"href":"https:\/\/acefootball.com\/es\/wp-json\/wp\/v2\/types\/post"}],"author":[{"embeddable":true,"href":"https:\/\/acefootball.com\/es\/wp-json\/wp\/v2\/users\/1022"}],"replies":[{"embeddable":true,"href":"https:\/\/acefootball.com\/es\/wp-json\/wp\/v2\/comments?post=14006"}],"version-history":[{"count":0,"href":"https:\/\/acefootball.com\/es\/wp-json\/wp\/v2\/posts\/14006\/revisions"}],"wp:featuredmedia":[{"embeddable":true,"href":"https:\/\/acefootball.com\/es\/wp-json\/wp\/v2\/media\/-101101258971"}],"wp:attachment":[{"href":"https:\/\/acefootball.com\/es\/wp-json\/wp\/v2\/media?parent=14006"}],"wp:term":[{"taxonomy":"category","embeddable":true,"href":"https:\/\/acefootball.com\/es\/wp-json\/wp\/v2\/categories?post=14006"},{"taxonomy":"post_tag","embeddable":true,"href":"https:\/\/acefootball.com\/es\/wp-json\/wp\/v2\/tags?post=14006"}],"curies":[{"name":"wp","href":"https:\/\/api.w.org\/{rel}","templated":true}]}}