{"id":13893,"date":"2021-03-04T11:29:38","date_gmt":"2021-03-04T11:29:38","guid":{"rendered":"https:\/\/acefootball.com\/es\/?p=13893"},"modified":"2021-03-04T11:29:38","modified_gmt":"2021-03-04T11:29:38","slug":"solskjaer-no-se-pronuncia-sobre-la-ausencia-de-de-gea-ante-el-crystal-palace","status":"publish","type":"post","link":"https:\/\/acefootball.com\/es\/noticias-de-futbol\/solskjaer-no-se-pronuncia-sobre-la-ausencia-de-de-gea-ante-el-crystal-palace\/","title":{"rendered":"Solskjaer no se pronuncia sobre la ausencia de De Gea ante el Crystal Palace"},"content":{"rendered":"\n<h2 id=\"h-el-guardameta-espa-ol-fue-excluido-de-la-lista-de-convocados-de-los-red-devils-para-el-partido-de-liga-del-mi-rcoles\">El guardameta espa\u00f1ol fue excluido de la lista de convocados de los &#8216;Red Devils&#8217; para el partido de liga del mi\u00e9rcoles.<\/h2>\n\n\n\n<p>Ole Gunnar Solskajer se niega a explicar la ausencia de De Gea en el partido contra el Crystal Palace. <\/p>\n\n\n\n<p>El equipo perdi\u00f3 m\u00e1s camino en la carrera por el t\u00edtulo tras empatar a cero en el Selhurst Park. Y tras haber empatado tambi\u00e9n contra el Chelsea, el Manchester United se encuentra a 15 puntos del Manchester City, que encabeza la tabla de la Premier League. <\/p>\n\n\n\n<p>\u00abPor razones personales\u00bb, Solskjaer respondi\u00f3 cuando le preguntaron sobre la ausencia de De Gea antes del partido, v\u00eda <em><a href=\"https:\/\/www.manutd.com\/mutv\" target=\"_blank\" rel=\"noreferrer noopener\">MUTV<\/a><\/em>.<\/p>\n\n\n\n<p>Despu\u00e9s del partido volvieron a preguntarle y Solskjaer sugiri\u00f3 que De Gea podr\u00eda estar de baja un tiempo: \u00abEs un tema privado. Se tomar\u00e1 el tiempo que haga falta\u00bb.<\/p>\n\n\n\n<p><em><a href=\"https:\/\/acefootball.com\/es\/premier-league\/manchester-united\/dean-henderson\/\">Dean Henderson<\/a><\/em> fue el encargado de iniciar el partido bajo los palos en Selhurst Park. Fue s\u00f3lo el cuarto inicio de la temporada en la Premier League para el jugador de 23 a\u00f1os, pero tuvo una buena actuaci\u00f3n, haciendo una parada clave en el \u00faltimo momento del partido y manteniendo la porter\u00eda a cero.<\/p>\n\n\n\n<p>El internacional ingl\u00e9s ha aparecido poco esta temporada pero, tras la exhibici\u00f3n de anoche, podr\u00eda jugar con m\u00e1s regularidad.<\/p>\n\n\n\n<p>\u00abEs un portero del Man Utd, a veces hay que mantener la concentraci\u00f3n. Est\u00e1 creciendo en esa posici\u00f3n\u00bb, a\u00f1adi\u00f3 sobre Henderson. \u00abLe doy las gracias por un punto y no por cero\u00bb.<\/p>\n\n\n\n<figure class=\"wp-block-embed is-type-wp-embed is-provider-ace-football-espanol wp-block-embed-ace-football-espanol\"><div class=\"wp-block-embed__wrapper\">\n<blockquote class=\"wp-embedded-content\" data-secret=\"JN1DlepLoo\"><a href=\"https:\/\/acefootball.com\/es\/noticias-de-futbol\/solskjaer-empieza-a-preocuparse-por-la-ausencia-de-goles\/\">Solskjaer empieza a preocuparse por la ausencia de goles<\/a><\/blockquote><iframe class=\"wp-embedded-content\" sandbox=\"allow-scripts\" security=\"restricted\" style=\"position: absolute; clip: rect(1px, 1px, 1px, 1px);\" title=\"\u00abSolskjaer empieza a preocuparse por la ausencia de goles\u00bb \u2014 Ace Football Espa\u00f1ol\" src=\"https:\/\/acefootball.com\/es\/noticias-de-futbol\/solskjaer-empieza-a-preocuparse-por-la-ausencia-de-goles\/embed\/#?secret=JN1DlepLoo\" data-secret=\"JN1DlepLoo\" width=\"600\" height=\"338\" frameborder=\"0\" marginwidth=\"0\" marginheight=\"0\" scrolling=\"no\"><\/iframe>\n<\/div><\/figure>\n","protected":false},"excerpt":{"rendered":"<p>El guardameta espa\u00f1ol fue excluido de la lista de convocados de los &#8216;Red Devils&#8217; para el partido de liga del mi\u00e9rcoles.<\/p>\n","protected":false},"author":1022,"featured_media":-101101258340,"comment_status":"open","ping_status":"closed","sticky":false,"template":"","format":"standard","meta":{"om_disable_all_campaigns":false,"push_articles_ronaldo":{"active":false,"canonical":0,"publish":false},"force_updates":null},"categories":[1],"tags":[1531,206,205],"enet_tags":{"player":["182917","251827"],"team":["10260"],"sport_events":[]},"yoast_head":"<!-- This site is optimized with the Yoast SEO plugin v18.3 - https:\/\/yoast.com\/wordpress\/plugins\/seo\/ -->\n<title>Solskjaer no se pronuncia sobre la ausencia de De Gea ante el Crystal Palace<\/title>\n<meta name=\"description\" content=\"El guardameta espa\u00f1ol fue excluido de la lista de convocados de los &#039;Red Devils&#039; para el partido de liga del mi\u00e9rcoles.\" \/>\n<meta name=\"robots\" content=\"index, follow, max-snippet:-1, max-image-preview:large, max-video-preview:-1\" \/>\n<link rel=\"canonical\" href=\"https:\/\/acefootball.com\/es\/noticias-de-futbol\/solskjaer-no-se-pronuncia-sobre-la-ausencia-de-de-gea-ante-el-crystal-palace\/\" \/>\n<meta property=\"og:locale\" content=\"es_ES\" \/>\n<meta property=\"og:type\" content=\"article\" \/>\n<meta property=\"og:title\" content=\"Solskjaer no se pronuncia sobre la ausencia de De Gea ante el Crystal Palace\" \/>\n<meta property=\"og:description\" content=\"El guardameta espa\u00f1ol fue excluido de la lista de convocados de los &#039;Red Devils&#039; para el partido de liga del mi\u00e9rcoles.\" \/>\n<meta property=\"og:url\" content=\"https:\/\/acefootball.com\/es\/noticias-de-futbol\/solskjaer-no-se-pronuncia-sobre-la-ausencia-de-de-gea-ante-el-crystal-palace\/\" \/>\n<meta property=\"og:site_name\" content=\"Ace Football Espa\u00f1ol\" \/>\n<meta property=\"article:published_time\" content=\"2021-03-04T11:29:38+00:00\" \/>\n<meta property=\"og:image\" content=\"https:\/\/acefootball.com\/es\/wp-content\/uploads\/2021\/03\/GettyImages-1291825246.jpg\" \/>\n\t<meta property=\"og:image:width\" content=\"1024\" \/>\n\t<meta property=\"og:image:height\" content=\"683\" \/>\n<meta name=\"twitter:card\" content=\"summary_large_image\" \/>\n<meta name=\"twitter:image\" content=\"https:\/\/acefootball.com\/es\/wp-content\/uploads\/2021\/03\/GettyImages-1291825246.jpg\" \/>\n<meta name=\"twitter:label1\" content=\"Escrito por\" \/>\n\t<meta name=\"twitter:data1\" content=\"\" \/>\n\t<meta name=\"twitter:label2\" content=\"Tiempo de lectura\" \/>\n\t<meta name=\"twitter:data2\" content=\"2 minutos\" \/>\n<script type=\"application\/ld+json\" class=\"yoast-schema-graph\">{\"@context\":\"https:\/\/schema.org\",\"@graph\":[{\"@type\":\"WebSite\",\"@id\":\"https:\/\/acefootball.com\/es\/#website\",\"url\":\"https:\/\/acefootball.com\/es\/\",\"name\":\"Ace Football Espa\u00f1ol\",\"description\":\"News, Betting and Livescore\",\"potentialAction\":[{\"@type\":\"SearchAction\",\"target\":{\"@type\":\"EntryPoint\",\"urlTemplate\":\"https:\/\/acefootball.com\/es\/?s={search_term_string}\"},\"query-input\":\"required name=search_term_string\"}],\"inLanguage\":\"es\"},{\"@type\":\"ImageObject\",\"@id\":\"https:\/\/acefootball.com\/es\/noticias-de-futbol\/solskjaer-no-se-pronuncia-sobre-la-ausencia-de-de-gea-ante-el-crystal-palace\/#primaryimage\",\"inLanguage\":\"es\",\"url\":\"https:\/\/acefootball.com\/es\/wp-content\/uploads\/2021\/03\/GettyImages-1291825246.jpg\",\"contentUrl\":\"https:\/\/acefootball.com\/es\/wp-content\/uploads\/2021\/03\/GettyImages-1291825246.jpg\"},{\"@type\":\"WebPage\",\"@id\":\"https:\/\/acefootball.com\/es\/noticias-de-futbol\/solskjaer-no-se-pronuncia-sobre-la-ausencia-de-de-gea-ante-el-crystal-palace\/#webpage\",\"url\":\"https:\/\/acefootball.com\/es\/noticias-de-futbol\/solskjaer-no-se-pronuncia-sobre-la-ausencia-de-de-gea-ante-el-crystal-palace\/\",\"name\":\"Solskjaer no se pronuncia sobre la ausencia de De Gea ante el Crystal Palace\",\"isPartOf\":{\"@id\":\"https:\/\/acefootball.com\/es\/#website\"},\"primaryImageOfPage\":{\"@id\":\"https:\/\/acefootball.com\/es\/noticias-de-futbol\/solskjaer-no-se-pronuncia-sobre-la-ausencia-de-de-gea-ante-el-crystal-palace\/#primaryimage\"},\"datePublished\":\"2021-03-04T11:29:38+00:00\",\"dateModified\":\"2021-03-04T11:29:38+00:00\",\"author\":{\"@id\":\"\"},\"description\":\"El guardameta espa\u00f1ol fue excluido de la lista de convocados de los 'Red Devils' para el partido de liga del mi\u00e9rcoles.\",\"breadcrumb\":{\"@id\":\"https:\/\/acefootball.com\/es\/noticias-de-futbol\/solskjaer-no-se-pronuncia-sobre-la-ausencia-de-de-gea-ante-el-crystal-palace\/#breadcrumb\"},\"inLanguage\":\"es\",\"potentialAction\":[{\"@type\":\"ReadAction\",\"target\":[\"https:\/\/acefootball.com\/es\/noticias-de-futbol\/solskjaer-no-se-pronuncia-sobre-la-ausencia-de-de-gea-ante-el-crystal-palace\/\"]}]},{\"@type\":\"BreadcrumbList\",\"@id\":\"https:\/\/acefootball.com\/es\/noticias-de-futbol\/solskjaer-no-se-pronuncia-sobre-la-ausencia-de-de-gea-ante-el-crystal-palace\/#breadcrumb\",\"itemListElement\":[{\"@type\":\"ListItem\",\"position\":1,\"name\":\"Home\",\"item\":\"https:\/\/acefootball.com\/es\/\"},{\"@type\":\"ListItem\",\"position\":2,\"name\":\"Solskjaer no se pronuncia sobre la ausencia de De Gea ante el Crystal Palace\"}]},{\"@type\":\"Person\",\"@id\":\"\",\"url\":\"https:\/\/acefootball.com\/es\/noticias-de-futbol\/author\/\"}]}<\/script>\n<!-- \/ Yoast SEO plugin. -->","yoast_head_json":{"title":"Solskjaer no se pronuncia sobre la ausencia de De Gea ante el Crystal Palace","description":"El guardameta espa\u00f1ol fue excluido de la lista de convocados de los 'Red Devils' para el partido de liga del mi\u00e9rcoles.","robots":{"index":"index","follow":"follow","max-snippet":"max-snippet:-1","max-image-preview":"max-image-preview:large","max-video-preview":"max-video-preview:-1"},"canonical":"https:\/\/acefootball.com\/es\/noticias-de-futbol\/solskjaer-no-se-pronuncia-sobre-la-ausencia-de-de-gea-ante-el-crystal-palace\/","og_locale":"es_ES","og_type":"article","og_title":"Solskjaer no se pronuncia sobre la ausencia de De Gea ante el Crystal Palace","og_description":"El guardameta espa\u00f1ol fue excluido de la lista de convocados de los 'Red Devils' para el partido de liga del mi\u00e9rcoles.","og_url":"https:\/\/acefootball.com\/es\/noticias-de-futbol\/solskjaer-no-se-pronuncia-sobre-la-ausencia-de-de-gea-ante-el-crystal-palace\/","og_site_name":"Ace Football Espa\u00f1ol","article_published_time":"2021-03-04T11:29:38+00:00","og_image":[{"url":"https:\/\/acefootball.com\/es\/wp-content\/uploads\/2021\/03\/GettyImages-1291825246.jpg","height":683,"width":1024}],"twitter_card":"summary_large_image","twitter_image":"https:\/\/acefootball.com\/es\/wp-content\/uploads\/2021\/03\/GettyImages-1291825246.jpg","twitter_misc":{"Escrito por":"","Tiempo de lectura":"2 minutos"},"schema":{"@context":"https:\/\/schema.org","@graph":[{"@type":"WebSite","@id":"https:\/\/acefootball.com\/es\/#website","url":"https:\/\/acefootball.com\/es\/","name":"Ace Football Espa\u00f1ol","description":"News, Betting and Livescore","potentialAction":[{"@type":"SearchAction","target":{"@type":"EntryPoint","urlTemplate":"https:\/\/acefootball.com\/es\/?s={search_term_string}"},"query-input":"required name=search_term_string"}],"inLanguage":"es"},{"@type":"ImageObject","@id":"https:\/\/acefootball.com\/es\/noticias-de-futbol\/solskjaer-no-se-pronuncia-sobre-la-ausencia-de-de-gea-ante-el-crystal-palace\/#primaryimage","inLanguage":"es","url":"https:\/\/acefootball.com\/es\/wp-content\/uploads\/2021\/03\/GettyImages-1291825246.jpg","contentUrl":"https:\/\/acefootball.com\/es\/wp-content\/uploads\/2021\/03\/GettyImages-1291825246.jpg"},{"@type":"WebPage","@id":"https:\/\/acefootball.com\/es\/noticias-de-futbol\/solskjaer-no-se-pronuncia-sobre-la-ausencia-de-de-gea-ante-el-crystal-palace\/#webpage","url":"https:\/\/acefootball.com\/es\/noticias-de-futbol\/solskjaer-no-se-pronuncia-sobre-la-ausencia-de-de-gea-ante-el-crystal-palace\/","name":"Solskjaer no se pronuncia sobre la ausencia de De Gea ante el Crystal Palace","isPartOf":{"@id":"https:\/\/acefootball.com\/es\/#website"},"primaryImageOfPage":{"@id":"https:\/\/acefootball.com\/es\/noticias-de-futbol\/solskjaer-no-se-pronuncia-sobre-la-ausencia-de-de-gea-ante-el-crystal-palace\/#primaryimage"},"datePublished":"2021-03-04T11:29:38+00:00","dateModified":"2021-03-04T11:29:38+00:00","author":{"@id":""},"description":"El guardameta espa\u00f1ol fue excluido de la lista de convocados de los 'Red Devils' para el partido de liga del mi\u00e9rcoles.","breadcrumb":{"@id":"https:\/\/acefootball.com\/es\/noticias-de-futbol\/solskjaer-no-se-pronuncia-sobre-la-ausencia-de-de-gea-ante-el-crystal-palace\/#breadcrumb"},"inLanguage":"es","potentialAction":[{"@type":"ReadAction","target":["https:\/\/acefootball.com\/es\/noticias-de-futbol\/solskjaer-no-se-pronuncia-sobre-la-ausencia-de-de-gea-ante-el-crystal-palace\/"]}]},{"@type":"BreadcrumbList","@id":"https:\/\/acefootball.com\/es\/noticias-de-futbol\/solskjaer-no-se-pronuncia-sobre-la-ausencia-de-de-gea-ante-el-crystal-palace\/#breadcrumb","itemListElement":[{"@type":"ListItem","position":1,"name":"Home","item":"https:\/\/acefootball.com\/es\/"},{"@type":"ListItem","position":2,"name":"Solskjaer no se pronuncia sobre la ausencia de De Gea ante el Crystal Palace"}]},{"@type":"Person","@id":"","url":"https:\/\/acefootball.com\/es\/noticias-de-futbol\/author\/"}]}},"fimg_url":"https:\/\/acefootball.com\/es\/wp-content\/uploads\/2021\/03\/GettyImages-1291825246.jpg","_links":{"self":[{"href":"https:\/\/acefootball.com\/es\/wp-json\/wp\/v2\/posts\/13893"}],"collection":[{"href":"https:\/\/acefootball.com\/es\/wp-json\/wp\/v2\/posts"}],"about":[{"href":"https:\/\/acefootball.com\/es\/wp-json\/wp\/v2\/types\/post"}],"author":[{"embeddable":true,"href":"https:\/\/acefootball.com\/es\/wp-json\/wp\/v2\/users\/1022"}],"replies":[{"embeddable":true,"href":"https:\/\/acefootball.com\/es\/wp-json\/wp\/v2\/comments?post=13893"}],"version-history":[{"count":0,"href":"https:\/\/acefootball.com\/es\/wp-json\/wp\/v2\/posts\/13893\/revisions"}],"wp:featuredmedia":[{"embeddable":true,"href":"https:\/\/acefootball.com\/es\/wp-json\/wp\/v2\/media\/-101101258340"}],"wp:attachment":[{"href":"https:\/\/acefootball.com\/es\/wp-json\/wp\/v2\/media?parent=13893"}],"wp:term":[{"taxonomy":"category","embeddable":true,"href":"https:\/\/acefootball.com\/es\/wp-json\/wp\/v2\/categories?post=13893"},{"taxonomy":"post_tag","embeddable":true,"href":"https:\/\/acefootball.com\/es\/wp-json\/wp\/v2\/tags?post=13893"}],"curies":[{"name":"wp","href":"https:\/\/api.w.org\/{rel}","templated":true}]}}