{"id":13856,"date":"2021-03-03T11:25:17","date_gmt":"2021-03-03T11:25:17","guid":{"rendered":"https:\/\/acefootball.com\/es\/?p=13856"},"modified":"2021-03-03T11:26:00","modified_gmt":"2021-03-03T11:26:00","slug":"mikel-arteta-responde-a-los-rumores-sobre-un-trabajo-en-el-barcelona","status":"publish","type":"post","link":"https:\/\/acefootball.com\/es\/noticias-de-futbol\/mikel-arteta-responde-a-los-rumores-sobre-un-trabajo-en-el-barcelona\/","title":{"rendered":"Mikel Arteta responde a los rumores sobre un trabajo en el Barcelona"},"content":{"rendered":"\n<h2 id=\"h-el-entrenador-del-arsenal-ha-reaccionado-a-las-recientes-vinculaciones-e-informaciones-que-le-sit-an-como-pr-ximo-entrenador-del-barcelona\">El entrenador del Arsenal ha reaccionado a las recientes vinculaciones e informaciones que le sit\u00faan como pr\u00f3ximo entrenador del Barcelona.<\/h2>\n\n\n\n<p>Arteta ha desmentido los rumores que le vinculan con una vuelta al Barcelona mientras habla sobre su futuro en el Arsenal. <\/p>\n\n\n\n<p>Muchos en Espa\u00f1a han vinculado al t\u00e9cnico de los &#8216;Gunners&#8217; como entrenador del Bar\u00e7a. El candidato a la presidencia del Barcelona, <em><a href=\"https:\/\/acefootball.com\/es\/noticias-de-futbol\/ultimatum-de-laporta-ante-las-elecciones-del-fc-barcelona\/\">Joan Laporta<\/a><\/em>, le habr\u00eda elegido como pr\u00f3ximo entrenador del club.<\/p>\n\n\n\n<p>Arteta pas\u00f3 por la famosa academia del Barcelona, La Masia, pero se march\u00f3 sin llegar a jugar con el primer equipo.<\/p>\n\n\n\n<p>El t\u00e9cnico del Arsenal dice que est\u00e1 orgulloso de que se le relacione con el puesto, pero que sigue siendo feliz en el norte de Londres.<\/p>\n\n\n\n<p>\u00abSiempre va a haber especulaciones cuando hay elecciones en el Barcelona, es un equipo enorme\u00bb, dijo Arteta seg\u00fan <em><a href=\"https:\/\/twitter.com\/SkySportsPL\/status\/1367065967814008832\" target=\"_blank\" rel=\"noreferrer noopener\">Sky Sports<\/a><\/em>.<\/p>\n\n\n\n<figure class=\"wp-block-embed is-type-rich is-provider-twitter wp-block-embed-twitter\"><div class=\"wp-block-embed__wrapper\">\n<blockquote class=\"twitter-tweet\" data-width=\"550\" data-dnt=\"true\"><p lang=\"en\" dir=\"ltr\">Mikel Arteta says he is &quot;extremely happy&quot; at the Emirates after reportedly emerging as a potential managerial target for Barcelona.<\/p>&mdash; Sky Sports Premier League (@SkySportsPL) <a href=\"https:\/\/twitter.com\/SkySportsPL\/status\/1367065967814008832?ref_src=twsrc%5Etfw\">March 3, 2021<\/a><\/blockquote><script async src=\"https:\/\/platform.twitter.com\/widgets.js\" charset=\"utf-8\"><\/script>\n<\/div><\/figure>\n\n\n\n<p>\u00abEvidentemente, me he criado all\u00ed como jugador y siempre va a haber v\u00ednculos. Pero estoy totalmente centrado en el trabajo que tengo que hacer aqu\u00ed, que tenemos mucho que hacer, y lo estoy disfrutando mucho\u00bb.<\/p>\n\n\n\n<p>\u00abHoy y ma\u00f1ana soy el entrenador del Arsenal Football Club y lo estoy disfrutando mucho. Y quiero hacerlo mucho mejor de lo que hemos hecho\u00bb.<\/p>\n\n\n\n<p>\u00abLo que puedo decir es que me siento privilegiado por entrenar a este club de f\u00fatbol y que soy extremadamente feliz\u00bb.<\/p>\n\n\n\n<p>Arteta fue nombrado entrenador del Arsenal en diciembre de 2019 y pas\u00f3 a ganar la FA Cup en agosto de 2020. A partir de verano al t\u00e9cnico de 38 a\u00f1os le quedar\u00e1n dos a\u00f1os de contrato.<\/p>\n\n\n\n<p>Cuando se le pregunt\u00f3 si hab\u00eda habido conversaciones sobre un nuevo acuerdo, respondi\u00f3: \u00abNo\u00bb.<\/p>\n\n\n\n<p>\u00abEstamos en mitad de la temporada, nos jugamos mucho y de momento no es una prioridad. Creo que eso est\u00e1 bien\u00bb.<\/p>\n\n\n\n<p>\u00abTodav\u00eda tengo un contrato aqu\u00ed. Soy feliz aqu\u00ed y no creo que sea algo urgente\u00bb.<\/p>\n","protected":false},"excerpt":{"rendered":"<p>El entrenador del Arsenal ha reaccionado a las recientes vinculaciones e informaciones que le sit\u00faan como pr\u00f3ximo entrenador del Barcelona.<\/p>\n","protected":false},"author":1022,"featured_media":-101101258193,"comment_status":"open","ping_status":"closed","sticky":false,"template":"","format":"standard","meta":{"om_disable_all_campaigns":false,"push_articles_ronaldo":{"active":false,"canonical":0,"publish":false},"force_updates":null},"categories":[1],"tags":[520,299,8329,2143],"enet_tags":{"team":["9825","8634"],"player":["963523"],"sport_events":[]},"yoast_head":"<!-- This site is optimized with the Yoast SEO plugin v18.3 - https:\/\/yoast.com\/wordpress\/plugins\/seo\/ -->\n<title>Mikel Arteta responde a los rumores sobre un trabajo en el Barcelona<\/title>\n<meta name=\"description\" content=\"El entrenador del Arsenal ha reaccionado a las recientes vinculaciones e informaciones que le sit\u00faan como pr\u00f3ximo entrenador del Barcelona.\" \/>\n<meta name=\"robots\" content=\"index, follow, max-snippet:-1, max-image-preview:large, max-video-preview:-1\" \/>\n<link rel=\"canonical\" href=\"https:\/\/acefootball.com\/es\/noticias-de-futbol\/mikel-arteta-responde-a-los-rumores-sobre-un-trabajo-en-el-barcelona\/\" \/>\n<meta property=\"og:locale\" content=\"es_ES\" \/>\n<meta property=\"og:type\" content=\"article\" \/>\n<meta property=\"og:title\" content=\"Mikel Arteta responde a los rumores sobre un trabajo en el Barcelona\" \/>\n<meta property=\"og:description\" content=\"El entrenador del Arsenal ha reaccionado a las recientes vinculaciones e informaciones que le sit\u00faan como pr\u00f3ximo entrenador del Barcelona.\" \/>\n<meta property=\"og:url\" content=\"https:\/\/acefootball.com\/es\/noticias-de-futbol\/mikel-arteta-responde-a-los-rumores-sobre-un-trabajo-en-el-barcelona\/\" \/>\n<meta property=\"og:site_name\" content=\"Ace Football Espa\u00f1ol\" \/>\n<meta property=\"article:published_time\" content=\"2021-03-03T11:25:17+00:00\" \/>\n<meta property=\"article:modified_time\" content=\"2021-03-03T11:26:00+00:00\" \/>\n<meta property=\"og:image\" content=\"https:\/\/acefootball.com\/es\/wp-content\/uploads\/2021\/03\/GettyImages-1302158207.jpg\" \/>\n\t<meta property=\"og:image:width\" content=\"1024\" \/>\n\t<meta property=\"og:image:height\" content=\"663\" \/>\n<meta name=\"twitter:card\" content=\"summary_large_image\" \/>\n<meta name=\"twitter:image\" content=\"https:\/\/acefootball.com\/es\/wp-content\/uploads\/2021\/03\/GettyImages-1302158207.jpg\" \/>\n<meta name=\"twitter:label1\" content=\"Escrito por\" \/>\n\t<meta name=\"twitter:data1\" content=\"\" \/>\n\t<meta name=\"twitter:label2\" content=\"Tiempo de lectura\" \/>\n\t<meta name=\"twitter:data2\" content=\"2 minutos\" \/>\n<script type=\"application\/ld+json\" class=\"yoast-schema-graph\">{\"@context\":\"https:\/\/schema.org\",\"@graph\":[{\"@type\":\"WebSite\",\"@id\":\"https:\/\/acefootball.com\/es\/#website\",\"url\":\"https:\/\/acefootball.com\/es\/\",\"name\":\"Ace Football Espa\u00f1ol\",\"description\":\"News, Betting and Livescore\",\"potentialAction\":[{\"@type\":\"SearchAction\",\"target\":{\"@type\":\"EntryPoint\",\"urlTemplate\":\"https:\/\/acefootball.com\/es\/?s={search_term_string}\"},\"query-input\":\"required name=search_term_string\"}],\"inLanguage\":\"es\"},{\"@type\":\"ImageObject\",\"@id\":\"https:\/\/acefootball.com\/es\/noticias-de-futbol\/mikel-arteta-responde-a-los-rumores-sobre-un-trabajo-en-el-barcelona\/#primaryimage\",\"inLanguage\":\"es\",\"url\":\"https:\/\/acefootball.com\/es\/wp-content\/uploads\/2021\/03\/GettyImages-1302158207.jpg\",\"contentUrl\":\"https:\/\/acefootball.com\/es\/wp-content\/uploads\/2021\/03\/GettyImages-1302158207.jpg\"},{\"@type\":\"WebPage\",\"@id\":\"https:\/\/acefootball.com\/es\/noticias-de-futbol\/mikel-arteta-responde-a-los-rumores-sobre-un-trabajo-en-el-barcelona\/#webpage\",\"url\":\"https:\/\/acefootball.com\/es\/noticias-de-futbol\/mikel-arteta-responde-a-los-rumores-sobre-un-trabajo-en-el-barcelona\/\",\"name\":\"Mikel Arteta responde a los rumores sobre un trabajo en el Barcelona\",\"isPartOf\":{\"@id\":\"https:\/\/acefootball.com\/es\/#website\"},\"primaryImageOfPage\":{\"@id\":\"https:\/\/acefootball.com\/es\/noticias-de-futbol\/mikel-arteta-responde-a-los-rumores-sobre-un-trabajo-en-el-barcelona\/#primaryimage\"},\"datePublished\":\"2021-03-03T11:25:17+00:00\",\"dateModified\":\"2021-03-03T11:26:00+00:00\",\"author\":{\"@id\":\"\"},\"description\":\"El entrenador del Arsenal ha reaccionado a las recientes vinculaciones e informaciones que le sit\u00faan como pr\u00f3ximo entrenador del Barcelona.\",\"breadcrumb\":{\"@id\":\"https:\/\/acefootball.com\/es\/noticias-de-futbol\/mikel-arteta-responde-a-los-rumores-sobre-un-trabajo-en-el-barcelona\/#breadcrumb\"},\"inLanguage\":\"es\",\"potentialAction\":[{\"@type\":\"ReadAction\",\"target\":[\"https:\/\/acefootball.com\/es\/noticias-de-futbol\/mikel-arteta-responde-a-los-rumores-sobre-un-trabajo-en-el-barcelona\/\"]}]},{\"@type\":\"BreadcrumbList\",\"@id\":\"https:\/\/acefootball.com\/es\/noticias-de-futbol\/mikel-arteta-responde-a-los-rumores-sobre-un-trabajo-en-el-barcelona\/#breadcrumb\",\"itemListElement\":[{\"@type\":\"ListItem\",\"position\":1,\"name\":\"Home\",\"item\":\"https:\/\/acefootball.com\/es\/\"},{\"@type\":\"ListItem\",\"position\":2,\"name\":\"Mikel Arteta responde a los rumores sobre un trabajo en el Barcelona\"}]},{\"@type\":\"Person\",\"@id\":\"\",\"url\":\"https:\/\/acefootball.com\/es\/noticias-de-futbol\/author\/\"}]}<\/script>\n<!-- \/ Yoast SEO plugin. -->","yoast_head_json":{"title":"Mikel Arteta responde a los rumores sobre un trabajo en el Barcelona","description":"El entrenador del Arsenal ha reaccionado a las recientes vinculaciones e informaciones que le sit\u00faan como pr\u00f3ximo entrenador del Barcelona.","robots":{"index":"index","follow":"follow","max-snippet":"max-snippet:-1","max-image-preview":"max-image-preview:large","max-video-preview":"max-video-preview:-1"},"canonical":"https:\/\/acefootball.com\/es\/noticias-de-futbol\/mikel-arteta-responde-a-los-rumores-sobre-un-trabajo-en-el-barcelona\/","og_locale":"es_ES","og_type":"article","og_title":"Mikel Arteta responde a los rumores sobre un trabajo en el Barcelona","og_description":"El entrenador del Arsenal ha reaccionado a las recientes vinculaciones e informaciones que le sit\u00faan como pr\u00f3ximo entrenador del Barcelona.","og_url":"https:\/\/acefootball.com\/es\/noticias-de-futbol\/mikel-arteta-responde-a-los-rumores-sobre-un-trabajo-en-el-barcelona\/","og_site_name":"Ace Football Espa\u00f1ol","article_published_time":"2021-03-03T11:25:17+00:00","article_modified_time":"2021-03-03T11:26:00+00:00","og_image":[{"url":"https:\/\/acefootball.com\/es\/wp-content\/uploads\/2021\/03\/GettyImages-1302158207.jpg","height":663,"width":1024}],"twitter_card":"summary_large_image","twitter_image":"https:\/\/acefootball.com\/es\/wp-content\/uploads\/2021\/03\/GettyImages-1302158207.jpg","twitter_misc":{"Escrito por":"","Tiempo de lectura":"2 minutos"},"schema":{"@context":"https:\/\/schema.org","@graph":[{"@type":"WebSite","@id":"https:\/\/acefootball.com\/es\/#website","url":"https:\/\/acefootball.com\/es\/","name":"Ace Football Espa\u00f1ol","description":"News, Betting and Livescore","potentialAction":[{"@type":"SearchAction","target":{"@type":"EntryPoint","urlTemplate":"https:\/\/acefootball.com\/es\/?s={search_term_string}"},"query-input":"required name=search_term_string"}],"inLanguage":"es"},{"@type":"ImageObject","@id":"https:\/\/acefootball.com\/es\/noticias-de-futbol\/mikel-arteta-responde-a-los-rumores-sobre-un-trabajo-en-el-barcelona\/#primaryimage","inLanguage":"es","url":"https:\/\/acefootball.com\/es\/wp-content\/uploads\/2021\/03\/GettyImages-1302158207.jpg","contentUrl":"https:\/\/acefootball.com\/es\/wp-content\/uploads\/2021\/03\/GettyImages-1302158207.jpg"},{"@type":"WebPage","@id":"https:\/\/acefootball.com\/es\/noticias-de-futbol\/mikel-arteta-responde-a-los-rumores-sobre-un-trabajo-en-el-barcelona\/#webpage","url":"https:\/\/acefootball.com\/es\/noticias-de-futbol\/mikel-arteta-responde-a-los-rumores-sobre-un-trabajo-en-el-barcelona\/","name":"Mikel Arteta responde a los rumores sobre un trabajo en el Barcelona","isPartOf":{"@id":"https:\/\/acefootball.com\/es\/#website"},"primaryImageOfPage":{"@id":"https:\/\/acefootball.com\/es\/noticias-de-futbol\/mikel-arteta-responde-a-los-rumores-sobre-un-trabajo-en-el-barcelona\/#primaryimage"},"datePublished":"2021-03-03T11:25:17+00:00","dateModified":"2021-03-03T11:26:00+00:00","author":{"@id":""},"description":"El entrenador del Arsenal ha reaccionado a las recientes vinculaciones e informaciones que le sit\u00faan como pr\u00f3ximo entrenador del Barcelona.","breadcrumb":{"@id":"https:\/\/acefootball.com\/es\/noticias-de-futbol\/mikel-arteta-responde-a-los-rumores-sobre-un-trabajo-en-el-barcelona\/#breadcrumb"},"inLanguage":"es","potentialAction":[{"@type":"ReadAction","target":["https:\/\/acefootball.com\/es\/noticias-de-futbol\/mikel-arteta-responde-a-los-rumores-sobre-un-trabajo-en-el-barcelona\/"]}]},{"@type":"BreadcrumbList","@id":"https:\/\/acefootball.com\/es\/noticias-de-futbol\/mikel-arteta-responde-a-los-rumores-sobre-un-trabajo-en-el-barcelona\/#breadcrumb","itemListElement":[{"@type":"ListItem","position":1,"name":"Home","item":"https:\/\/acefootball.com\/es\/"},{"@type":"ListItem","position":2,"name":"Mikel Arteta responde a los rumores sobre un trabajo en el Barcelona"}]},{"@type":"Person","@id":"","url":"https:\/\/acefootball.com\/es\/noticias-de-futbol\/author\/"}]}},"fimg_url":"https:\/\/acefootball.com\/es\/wp-content\/uploads\/2021\/03\/GettyImages-1302158207.jpg","_links":{"self":[{"href":"https:\/\/acefootball.com\/es\/wp-json\/wp\/v2\/posts\/13856"}],"collection":[{"href":"https:\/\/acefootball.com\/es\/wp-json\/wp\/v2\/posts"}],"about":[{"href":"https:\/\/acefootball.com\/es\/wp-json\/wp\/v2\/types\/post"}],"author":[{"embeddable":true,"href":"https:\/\/acefootball.com\/es\/wp-json\/wp\/v2\/users\/1022"}],"replies":[{"embeddable":true,"href":"https:\/\/acefootball.com\/es\/wp-json\/wp\/v2\/comments?post=13856"}],"version-history":[{"count":0,"href":"https:\/\/acefootball.com\/es\/wp-json\/wp\/v2\/posts\/13856\/revisions"}],"wp:featuredmedia":[{"embeddable":true,"href":"https:\/\/acefootball.com\/es\/wp-json\/wp\/v2\/media\/-101101258193"}],"wp:attachment":[{"href":"https:\/\/acefootball.com\/es\/wp-json\/wp\/v2\/media?parent=13856"}],"wp:term":[{"taxonomy":"category","embeddable":true,"href":"https:\/\/acefootball.com\/es\/wp-json\/wp\/v2\/categories?post=13856"},{"taxonomy":"post_tag","embeddable":true,"href":"https:\/\/acefootball.com\/es\/wp-json\/wp\/v2\/tags?post=13856"}],"curies":[{"name":"wp","href":"https:\/\/api.w.org\/{rel}","templated":true}]}}