{"id":13749,"date":"2021-02-26T12:01:29","date_gmt":"2021-02-26T12:01:29","guid":{"rendered":"https:\/\/acefootball.com\/es\/?p=13749"},"modified":"2021-02-26T12:01:30","modified_gmt":"2021-02-26T12:01:30","slug":"tuanzebe-afirma-que-aspira-a-la-europa-league-con-el-united","status":"publish","type":"post","link":"https:\/\/acefootball.com\/es\/noticias-de-futbol\/tuanzebe-afirma-que-aspira-a-la-europa-league-con-el-united\/","title":{"rendered":"Tuanzebe afirma que aspira a la Europa League con el United"},"content":{"rendered":"\n<h2 id=\"h-tras-ser-titular-en-el-partido-contra-el-real-sociedad-axel-tuanzebe-ha-revelado-las-ambiciones-del-united-en-la-europa-league\">Tras ser titular en el partido contra el Real Sociedad, Axel Tuanzebe ha revelado las ambiciones del United en la Europa League.<\/h2>\n\n\n\n<p>Tras quedar fuera de la fase de grupos de la Liga de Campeones, Axel Tuanzeve afirma que quiere alcanzar la gloria con el United en la <em><a href=\"https:\/\/acefootball.com\/es\/europa-league\/\">Europa League<\/a><\/em>.<\/p>\n\n\n\n<p>El equipo de Ole Gunnar Solskjaer fue eliminado en la fase de grupos en la Liga de Campeones y tuvieron que conformarse con la Europa League.<\/p>\n\n\n\n<p>Despu\u00e9s de haber eliminado a la Real Sociedad sin problemas, el United espera a su pr\u00f3ximo rival en los octavos de final de la competici\u00f3n.<\/p>\n\n\n\n<p>Los &#8216;Red Devils&#8217; llegaron a las semifinales de la Europa League la temporada pasada y el defensa del United quiere hacerlo mejor.<\/p>\n\n\n\n<p>Tuanzebe declar\u00f3 a la <em><a href=\"https:\/\/www.manutd.com\/en\/news\/detail\/united-briefing-axel-tuanzebe-has-his-eyes-on-the-europa-league-prize\" target=\"_blank\" rel=\"noreferrer noopener\">web oficial del club<\/a><\/em> antes del sorteo de octavos de final del viernes: \u00abQueremos ganar la competici\u00f3n. Estamos en ella para competir. \u00bfQu\u00e9 sentido tiene estar en ella s\u00f3lo para jugar? Queremos ganar\u00bb.<\/p>\n\n\n\n<p>\u00abFue decepcionante ser eliminados de la Liga de Campeones, as\u00ed que esto es lo segundo mejor\u00bb.<\/p>\n\n\n\n<figure class=\"wp-block-embed is-type-rich is-provider-twitter wp-block-embed-twitter\"><div class=\"wp-block-embed__wrapper\">\n<blockquote class=\"twitter-tweet\" data-width=\"550\" data-dnt=\"true\"><p lang=\"en\" dir=\"ltr\">\ud83d\udcac Axel wants to use last season&#39;s <a href=\"https:\/\/twitter.com\/hashtag\/UEL?src=hash&amp;ref_src=twsrc%5Etfw\">#UEL<\/a> disappointment as motivation for winning the competition in 2020\/21 \ud83d\udc4a<a href=\"https:\/\/twitter.com\/hashtag\/MUFC?src=hash&amp;ref_src=twsrc%5Etfw\">#MUFC<\/a><\/p>&mdash; Manchester United (@ManUtd) <a href=\"https:\/\/twitter.com\/ManUtd\/status\/1365226849274634241?ref_src=twsrc%5Etfw\">February 26, 2021<\/a><\/blockquote><script async src=\"https:\/\/platform.twitter.com\/widgets.js\" charset=\"utf-8\"><\/script>\n<\/div><\/figure>\n\n\n\n<p>El United perdi\u00f3 tres semifinales la temporada pasada y Tuanzebe no ha ganado m\u00e1s que experiencia:<\/p>\n\n\n\n<p>\u00abSiempre se quedar\u00e1n contigo, es un aprendizaje, es una experiencia\u00bb, a\u00f1adi\u00f3.<\/p>\n\n\n\n<p>\u00abNo quieres volver a sentirte as\u00ed, eso es lo m\u00e1s importante y siempre recuerdas la sensaci\u00f3n de perder, incluso m\u00e1s que la de ganar. Te esfuerzas al m\u00e1ximo y haces todo lo posible para que eso no vuelva a ocurrir\u00bb.<\/p>\n\n\n\n<p>Debido a las lesiones, Tuanzebe tuvo que jugar en el centro del campo y no en su papel natural de defensa central contra la Real Sociedad. El jugador de 23 a\u00f1os dice que su futuro est\u00e1 en la defensa, pero que est\u00e1 dispuesto a jugar donde se le necesite.<\/p>\n\n\n\n<p>\u00abSoy un jugador vers\u00e1til, de normal juego como defensa central, pero lo hice por el equipo. Hac\u00eda tiempo que no jugaba en el centro del campo, pero lo m\u00e1s importante es que hemos pasado\u00bb, continu\u00f3 diciendo. <\/p>\n\n\n\n<p>\u00abLa temporada ha tenido altibajos para m\u00ed y tenemos que conseguir m\u00e1s minutos e impulso\u00bb.<\/p>\n\n\n\n<figure class=\"wp-block-embed is-type-wp-embed is-provider-ace-football-espanol wp-block-embed-ace-football-espanol\"><div class=\"wp-block-embed__wrapper\">\n<blockquote class=\"wp-embedded-content\" data-secret=\"mgTeR3G8My\"><a href=\"https:\/\/acefootball.com\/es\/noticias-de-futbol\/solskjaer-el-united-puede-aprender-de-las-derrotas-en-semifinales\/\">Solskjaer: El United puede aprender de las derrotas en semifinales<\/a><\/blockquote><iframe class=\"wp-embedded-content\" sandbox=\"allow-scripts\" security=\"restricted\" style=\"position: absolute; clip: rect(1px, 1px, 1px, 1px);\" title=\"\u00abSolskjaer: El United puede aprender de las derrotas en semifinales\u00bb \u2014 Ace Football Espa\u00f1ol\" src=\"https:\/\/acefootball.com\/es\/noticias-de-futbol\/solskjaer-el-united-puede-aprender-de-las-derrotas-en-semifinales\/embed\/#?secret=mgTeR3G8My\" data-secret=\"mgTeR3G8My\" width=\"600\" height=\"338\" frameborder=\"0\" marginwidth=\"0\" marginheight=\"0\" scrolling=\"no\"><\/iframe>\n<\/div><\/figure>\n","protected":false},"excerpt":{"rendered":"<p>Tras ser titular en el partido contra el Real Sociedad, Axel Tuanzebe ha revelado las ambiciones del United en la Europa League.<\/p>\n","protected":false},"author":1022,"featured_media":-101101257533,"comment_status":"open","ping_status":"closed","sticky":false,"template":"","format":"standard","meta":{"om_disable_all_campaigns":false,"push_articles_ronaldo":{"active":false,"canonical":0,"publish":false},"force_updates":null},"categories":[1],"tags":[8392,83,206],"enet_tags":{"player":["690149"],"league":["73"],"team":["10260"],"sport_events":[]},"yoast_head":"<!-- This site is optimized with the Yoast SEO plugin v18.3 - https:\/\/yoast.com\/wordpress\/plugins\/seo\/ -->\n<title>Tuanzebe afirma que aspira a la Europa League con el United<\/title>\n<meta name=\"description\" content=\"Tras ser titular en el partido contra el Real Sociedad, Axel Tuanzebe ha revelado las ambiciones del United en la Europa League.\" \/>\n<meta name=\"robots\" content=\"index, follow, max-snippet:-1, max-image-preview:large, max-video-preview:-1\" \/>\n<link rel=\"canonical\" href=\"https:\/\/acefootball.com\/es\/noticias-de-futbol\/tuanzebe-afirma-que-aspira-a-la-europa-league-con-el-united\/\" \/>\n<meta property=\"og:locale\" content=\"es_ES\" \/>\n<meta property=\"og:type\" content=\"article\" \/>\n<meta property=\"og:title\" content=\"Tuanzebe afirma que aspira a la Europa League con el United\" \/>\n<meta property=\"og:description\" content=\"Tras ser titular en el partido contra el Real Sociedad, Axel Tuanzebe ha revelado las ambiciones del United en la Europa League.\" \/>\n<meta property=\"og:url\" content=\"https:\/\/acefootball.com\/es\/noticias-de-futbol\/tuanzebe-afirma-que-aspira-a-la-europa-league-con-el-united\/\" \/>\n<meta property=\"og:site_name\" content=\"Ace Football Espa\u00f1ol\" \/>\n<meta property=\"article:published_time\" content=\"2021-02-26T12:01:29+00:00\" \/>\n<meta property=\"article:modified_time\" content=\"2021-02-26T12:01:30+00:00\" \/>\n<meta property=\"og:image\" content=\"https:\/\/acefootball.com\/es\/wp-content\/uploads\/2021\/02\/GettyImages-1304098475.jpg\" \/>\n\t<meta property=\"og:image:width\" content=\"1024\" \/>\n\t<meta property=\"og:image:height\" content=\"710\" \/>\n<meta name=\"twitter:card\" content=\"summary_large_image\" \/>\n<meta name=\"twitter:image\" content=\"https:\/\/acefootball.com\/es\/wp-content\/uploads\/2021\/02\/GettyImages-1304098475.jpg\" \/>\n<meta name=\"twitter:label1\" content=\"Escrito por\" \/>\n\t<meta name=\"twitter:data1\" content=\"\" \/>\n\t<meta name=\"twitter:label2\" content=\"Tiempo de lectura\" \/>\n\t<meta name=\"twitter:data2\" content=\"2 minutos\" \/>\n<script type=\"application\/ld+json\" class=\"yoast-schema-graph\">{\"@context\":\"https:\/\/schema.org\",\"@graph\":[{\"@type\":\"WebSite\",\"@id\":\"https:\/\/acefootball.com\/es\/#website\",\"url\":\"https:\/\/acefootball.com\/es\/\",\"name\":\"Ace Football Espa\u00f1ol\",\"description\":\"News, Betting and Livescore\",\"potentialAction\":[{\"@type\":\"SearchAction\",\"target\":{\"@type\":\"EntryPoint\",\"urlTemplate\":\"https:\/\/acefootball.com\/es\/?s={search_term_string}\"},\"query-input\":\"required name=search_term_string\"}],\"inLanguage\":\"es\"},{\"@type\":\"ImageObject\",\"@id\":\"https:\/\/acefootball.com\/es\/noticias-de-futbol\/tuanzebe-afirma-que-aspira-a-la-europa-league-con-el-united\/#primaryimage\",\"inLanguage\":\"es\",\"url\":\"https:\/\/acefootball.com\/es\/wp-content\/uploads\/2021\/02\/GettyImages-1304098475.jpg\",\"contentUrl\":\"https:\/\/acefootball.com\/es\/wp-content\/uploads\/2021\/02\/GettyImages-1304098475.jpg\"},{\"@type\":\"WebPage\",\"@id\":\"https:\/\/acefootball.com\/es\/noticias-de-futbol\/tuanzebe-afirma-que-aspira-a-la-europa-league-con-el-united\/#webpage\",\"url\":\"https:\/\/acefootball.com\/es\/noticias-de-futbol\/tuanzebe-afirma-que-aspira-a-la-europa-league-con-el-united\/\",\"name\":\"Tuanzebe afirma que aspira a la Europa League con el United\",\"isPartOf\":{\"@id\":\"https:\/\/acefootball.com\/es\/#website\"},\"primaryImageOfPage\":{\"@id\":\"https:\/\/acefootball.com\/es\/noticias-de-futbol\/tuanzebe-afirma-que-aspira-a-la-europa-league-con-el-united\/#primaryimage\"},\"datePublished\":\"2021-02-26T12:01:29+00:00\",\"dateModified\":\"2021-02-26T12:01:30+00:00\",\"author\":{\"@id\":\"\"},\"description\":\"Tras ser titular en el partido contra el Real Sociedad, Axel Tuanzebe ha revelado las ambiciones del United en la Europa League.\",\"breadcrumb\":{\"@id\":\"https:\/\/acefootball.com\/es\/noticias-de-futbol\/tuanzebe-afirma-que-aspira-a-la-europa-league-con-el-united\/#breadcrumb\"},\"inLanguage\":\"es\",\"potentialAction\":[{\"@type\":\"ReadAction\",\"target\":[\"https:\/\/acefootball.com\/es\/noticias-de-futbol\/tuanzebe-afirma-que-aspira-a-la-europa-league-con-el-united\/\"]}]},{\"@type\":\"BreadcrumbList\",\"@id\":\"https:\/\/acefootball.com\/es\/noticias-de-futbol\/tuanzebe-afirma-que-aspira-a-la-europa-league-con-el-united\/#breadcrumb\",\"itemListElement\":[{\"@type\":\"ListItem\",\"position\":1,\"name\":\"Home\",\"item\":\"https:\/\/acefootball.com\/es\/\"},{\"@type\":\"ListItem\",\"position\":2,\"name\":\"Tuanzebe afirma que aspira a la Europa League con el United\"}]},{\"@type\":\"Person\",\"@id\":\"\",\"url\":\"https:\/\/acefootball.com\/es\/noticias-de-futbol\/author\/\"}]}<\/script>\n<!-- \/ Yoast SEO plugin. -->","yoast_head_json":{"title":"Tuanzebe afirma que aspira a la Europa League con el United","description":"Tras ser titular en el partido contra el Real Sociedad, Axel Tuanzebe ha revelado las ambiciones del United en la Europa League.","robots":{"index":"index","follow":"follow","max-snippet":"max-snippet:-1","max-image-preview":"max-image-preview:large","max-video-preview":"max-video-preview:-1"},"canonical":"https:\/\/acefootball.com\/es\/noticias-de-futbol\/tuanzebe-afirma-que-aspira-a-la-europa-league-con-el-united\/","og_locale":"es_ES","og_type":"article","og_title":"Tuanzebe afirma que aspira a la Europa League con el United","og_description":"Tras ser titular en el partido contra el Real Sociedad, Axel Tuanzebe ha revelado las ambiciones del United en la Europa League.","og_url":"https:\/\/acefootball.com\/es\/noticias-de-futbol\/tuanzebe-afirma-que-aspira-a-la-europa-league-con-el-united\/","og_site_name":"Ace Football Espa\u00f1ol","article_published_time":"2021-02-26T12:01:29+00:00","article_modified_time":"2021-02-26T12:01:30+00:00","og_image":[{"url":"https:\/\/acefootball.com\/es\/wp-content\/uploads\/2021\/02\/GettyImages-1304098475.jpg","height":710,"width":1024}],"twitter_card":"summary_large_image","twitter_image":"https:\/\/acefootball.com\/es\/wp-content\/uploads\/2021\/02\/GettyImages-1304098475.jpg","twitter_misc":{"Escrito por":"","Tiempo de lectura":"2 minutos"},"schema":{"@context":"https:\/\/schema.org","@graph":[{"@type":"WebSite","@id":"https:\/\/acefootball.com\/es\/#website","url":"https:\/\/acefootball.com\/es\/","name":"Ace Football Espa\u00f1ol","description":"News, Betting and Livescore","potentialAction":[{"@type":"SearchAction","target":{"@type":"EntryPoint","urlTemplate":"https:\/\/acefootball.com\/es\/?s={search_term_string}"},"query-input":"required name=search_term_string"}],"inLanguage":"es"},{"@type":"ImageObject","@id":"https:\/\/acefootball.com\/es\/noticias-de-futbol\/tuanzebe-afirma-que-aspira-a-la-europa-league-con-el-united\/#primaryimage","inLanguage":"es","url":"https:\/\/acefootball.com\/es\/wp-content\/uploads\/2021\/02\/GettyImages-1304098475.jpg","contentUrl":"https:\/\/acefootball.com\/es\/wp-content\/uploads\/2021\/02\/GettyImages-1304098475.jpg"},{"@type":"WebPage","@id":"https:\/\/acefootball.com\/es\/noticias-de-futbol\/tuanzebe-afirma-que-aspira-a-la-europa-league-con-el-united\/#webpage","url":"https:\/\/acefootball.com\/es\/noticias-de-futbol\/tuanzebe-afirma-que-aspira-a-la-europa-league-con-el-united\/","name":"Tuanzebe afirma que aspira a la Europa League con el United","isPartOf":{"@id":"https:\/\/acefootball.com\/es\/#website"},"primaryImageOfPage":{"@id":"https:\/\/acefootball.com\/es\/noticias-de-futbol\/tuanzebe-afirma-que-aspira-a-la-europa-league-con-el-united\/#primaryimage"},"datePublished":"2021-02-26T12:01:29+00:00","dateModified":"2021-02-26T12:01:30+00:00","author":{"@id":""},"description":"Tras ser titular en el partido contra el Real Sociedad, Axel Tuanzebe ha revelado las ambiciones del United en la Europa League.","breadcrumb":{"@id":"https:\/\/acefootball.com\/es\/noticias-de-futbol\/tuanzebe-afirma-que-aspira-a-la-europa-league-con-el-united\/#breadcrumb"},"inLanguage":"es","potentialAction":[{"@type":"ReadAction","target":["https:\/\/acefootball.com\/es\/noticias-de-futbol\/tuanzebe-afirma-que-aspira-a-la-europa-league-con-el-united\/"]}]},{"@type":"BreadcrumbList","@id":"https:\/\/acefootball.com\/es\/noticias-de-futbol\/tuanzebe-afirma-que-aspira-a-la-europa-league-con-el-united\/#breadcrumb","itemListElement":[{"@type":"ListItem","position":1,"name":"Home","item":"https:\/\/acefootball.com\/es\/"},{"@type":"ListItem","position":2,"name":"Tuanzebe afirma que aspira a la Europa League con el United"}]},{"@type":"Person","@id":"","url":"https:\/\/acefootball.com\/es\/noticias-de-futbol\/author\/"}]}},"fimg_url":"https:\/\/acefootball.com\/es\/wp-content\/uploads\/2021\/02\/GettyImages-1304098475.jpg","_links":{"self":[{"href":"https:\/\/acefootball.com\/es\/wp-json\/wp\/v2\/posts\/13749"}],"collection":[{"href":"https:\/\/acefootball.com\/es\/wp-json\/wp\/v2\/posts"}],"about":[{"href":"https:\/\/acefootball.com\/es\/wp-json\/wp\/v2\/types\/post"}],"author":[{"embeddable":true,"href":"https:\/\/acefootball.com\/es\/wp-json\/wp\/v2\/users\/1022"}],"replies":[{"embeddable":true,"href":"https:\/\/acefootball.com\/es\/wp-json\/wp\/v2\/comments?post=13749"}],"version-history":[{"count":0,"href":"https:\/\/acefootball.com\/es\/wp-json\/wp\/v2\/posts\/13749\/revisions"}],"wp:featuredmedia":[{"embeddable":true,"href":"https:\/\/acefootball.com\/es\/wp-json\/wp\/v2\/media\/-101101257533"}],"wp:attachment":[{"href":"https:\/\/acefootball.com\/es\/wp-json\/wp\/v2\/media?parent=13749"}],"wp:term":[{"taxonomy":"category","embeddable":true,"href":"https:\/\/acefootball.com\/es\/wp-json\/wp\/v2\/categories?post=13749"},{"taxonomy":"post_tag","embeddable":true,"href":"https:\/\/acefootball.com\/es\/wp-json\/wp\/v2\/tags?post=13749"}],"curies":[{"name":"wp","href":"https:\/\/api.w.org\/{rel}","templated":true}]}}