{"id":13566,"date":"2021-02-19T23:43:25","date_gmt":"2021-02-19T23:43:25","guid":{"rendered":"https:\/\/acefootball.com\/es\/?p=13566"},"modified":"2021-02-19T23:43:26","modified_gmt":"2021-02-19T23:43:26","slug":"las-declaraciones-de-tuchel-sobre-kepa-en-medio-de-las-especulaciones","status":"publish","type":"post","link":"https:\/\/acefootball.com\/es\/noticias-de-futbol\/las-declaraciones-de-tuchel-sobre-kepa-en-medio-de-las-especulaciones\/","title":{"rendered":"Las declaraciones de Tuchel sobre Kepa en medio de las especulaciones"},"content":{"rendered":"\n<h2 id=\"h-debido-a-todas-las-especulaciones-y-rumores-thomas-tuchel-tuvo-que-salir-a-aclarar-su-postura-sobre-el-debate-kepa-mendy-en-el-chelsea\">Debido a todas las especulaciones y rumores, Thomas Tuchel tuvo que salir a aclarar su postura sobre el debate Kepa\/Mendy en el Chelsea.<\/h2>\n\n\n\n<p>Kepa, del Chelsea, acaba de tener una <em><a href=\"https:\/\/acefootball.com\/es\/noticias-de-futbol\/por-que-tuchel-eligio-a-kepa-y-no-a-mendy\/\">oportunidad<\/a><\/em> en su carrera, se la dio Thomas Tuchel nada m\u00e1s llegar como nuevo entrenador. Por si no lo sab\u00edas, el portero vasco lleg\u00f3 procedente del Athletic de Bilbao con la gran responsabilidad de convertirse en el mejor hombre de los Blues en el puesto. En un principio, tuvo grandes actuaciones bajo el mando de Maurizio Sarri, pero cay\u00f3 en desgracia con Frank Lampard.<\/p>\n\n\n\n<p>Las cosas se intensificaron hasta el punto de que el club tuvo que comprar un nuevo portero y eligi\u00f3 a Edouard Mendy. El franc\u00e9s ha dado resultados impresionantes desde que lleg\u00f3 sin dejar a Kepa ni una sola oportunidad. Esto cambi\u00f3 en el \u00faltimo mes con Tuchel, que le dio una nueva oportunidad al espa\u00f1ol. Como resultado, dej\u00f3 la porter\u00eda a cero en dos ocasiones, pero la pol\u00e9mica qued\u00f3 en el aire. La prensa quiere saber qui\u00e9n tiene la titularidad y el t\u00e9cnico tuvo que salir a aclarar las cosas.<\/p>\n\n\n\n<figure class=\"wp-block-embed is-type-rich is-provider-twitter wp-block-embed-twitter\"><div class=\"wp-block-embed__wrapper\">\n<blockquote class=\"twitter-tweet\" data-width=\"550\" data-dnt=\"true\"><p lang=\"en\" dir=\"ltr\">&quot;He earned his right to play&quot;<br><br>Thomas Tuchel has been delighted with the &#39;fresh start&#39; Kepa has made at Chelsea since his arrival <a href=\"https:\/\/t.co\/lruOb4wGQq\">pic.twitter.com\/lruOb4wGQq<\/a><\/p>&mdash; The Sun Football \u26bd (@TheSunFootball) <a href=\"https:\/\/twitter.com\/TheSunFootball\/status\/1362833579625967616?ref_src=twsrc%5Etfw\">February 19, 2021<\/a><\/blockquote><script async src=\"https:\/\/platform.twitter.com\/widgets.js\" charset=\"utf-8\"><\/script>\n<\/div><\/figure>\n\n\n\n<h3 id=\"h-la-posici-n-de-mendy-est-asegurada\">La posici\u00f3n de Mendy est\u00e1 asegurada.<\/h3>\n\n\n\n<p>\u00abNada ha cambiado. Edou es el n\u00famero uno y merece serlo\u00bb, dijo Tuchel v\u00eda\u00a0<em><a href=\"https:\/\/metro.co.uk\/2021\/02\/19\/kepa-vs-mendy-thomas-tuchel-explains-the-chelsea-goalkeeping-situation-14112022\/\" target=\"_blank\" rel=\"noreferrer noopener\">Metro<\/a><\/em>. \u00abEs un puesto delicado en el que hay que ser claro y no se puede esconder. No puedes ocultar tu opini\u00f3n en las ruedas de prensa o en el vestuario. Las cosas tienen que ser claras y no puedes tener miedo de ello y nosotros no lo tenemos. Las cosas no han cambiado. Pero, como he dicho, necesitamos tres porteros fuertes y que todo el mundo est\u00e9 preparado porque el reto es alto.<\/p>\n\n\n\n<p>\u00abLos objetivos a alcanzar son altos en este club. Necesitamos que todo el mundo est\u00e9 preparado. No solo el portero, sino los 22 hombres que est\u00e1n en el campo deben estar preparados. Para lo que se les necesite, si los necesitamos durante cinco minutos, tienen que estar listos para jugar esos cinco minutos, desde el principio o en el descanso. Si no est\u00e1n en la plantilla por una mala decisi\u00f3n, quiz\u00e1 la pr\u00f3xima vez los necesitemos. Este es el tema para las pr\u00f3ximas semanas y esto incluye a Kepa. Solo puedo repetirme, Kepa hizo dos buenos partidos con dos porter\u00edas limpias\u00bb.<\/p>\n\n\n\n<figure class=\"wp-block-embed is-type-rich is-provider-twitter wp-block-embed-twitter\"><div class=\"wp-block-embed__wrapper\">\n<blockquote class=\"twitter-tweet\" data-width=\"550\" data-dnt=\"true\"><p lang=\"en\" dir=\"ltr\">Sorry, we&#39;re closed \u26d4 <a href=\"https:\/\/t.co\/JMqHZJRbVH\">pic.twitter.com\/JMqHZJRbVH<\/a><\/p>&mdash; Chelsea FC (@ChelseaFC) <a href=\"https:\/\/twitter.com\/ChelseaFC\/status\/1362797592527048707?ref_src=twsrc%5Etfw\">February 19, 2021<\/a><\/blockquote><script async src=\"https:\/\/platform.twitter.com\/widgets.js\" charset=\"utf-8\"><\/script>\n<\/div><\/figure>\n","protected":false},"excerpt":{"rendered":"<p>Debido a todas las especulaciones y rumores, Thomas Tuchel tuvo que salir a aclarar su postura sobre el debate Kepa\/Mendy en el Chelsea. Kepa, del Chelsea, acaba de tener una oportunidad en su carrera, se la dio Thomas Tuchel nada m\u00e1s llegar como nuevo entrenador. Por si no lo sab\u00edas, el portero vasco lleg\u00f3 procedente [&hellip;]<\/p>\n","protected":false},"author":1023,"featured_media":-101101256609,"comment_status":"closed","ping_status":"closed","sticky":false,"template":"","format":"standard","meta":{"om_disable_all_campaigns":false,"push_articles_ronaldo":{"active":false,"canonical":0,"publish":false},"force_updates":null},"categories":[73],"tags":[1365,8322,3899,2919],"enet_tags":{"team":["8455"],"player":["317564","179347"],"sport_events":[]},"yoast_head":"<!-- This site is optimized with the Yoast SEO plugin v18.3 - https:\/\/yoast.com\/wordpress\/plugins\/seo\/ -->\n<title>Las declaraciones de Tuchel sobre Kepa en medio de las especulaciones<\/title>\n<meta name=\"description\" content=\"Debido a todas las especulaciones y rumores, Thomas Tuchel tuvo que salir a aclarar su postura sobre el debate Kepa\/Mendy en el Chelsea.\" \/>\n<meta name=\"robots\" content=\"index, follow, max-snippet:-1, max-image-preview:large, max-video-preview:-1\" \/>\n<link rel=\"canonical\" href=\"https:\/\/acefootball.com\/es\/noticias-de-futbol\/las-declaraciones-de-tuchel-sobre-kepa-en-medio-de-las-especulaciones\/\" \/>\n<meta property=\"og:locale\" content=\"es_ES\" \/>\n<meta property=\"og:type\" content=\"article\" \/>\n<meta property=\"og:title\" content=\"Las declaraciones de Tuchel sobre Kepa en medio de las especulaciones\" \/>\n<meta property=\"og:description\" content=\"Debido a todas las especulaciones y rumores, Thomas Tuchel tuvo que salir a aclarar su postura sobre el debate Kepa\/Mendy en el Chelsea.\" \/>\n<meta property=\"og:url\" content=\"https:\/\/acefootball.com\/es\/noticias-de-futbol\/las-declaraciones-de-tuchel-sobre-kepa-en-medio-de-las-especulaciones\/\" \/>\n<meta property=\"og:site_name\" content=\"Ace Football Espa\u00f1ol\" \/>\n<meta property=\"article:published_time\" content=\"2021-02-19T23:43:25+00:00\" \/>\n<meta property=\"article:modified_time\" content=\"2021-02-19T23:43:26+00:00\" \/>\n<meta property=\"og:image\" content=\"https:\/\/acefootball.com\/es\/wp-content\/uploads\/2021\/02\/GettyImages-1302318523-1.jpg\" \/>\n\t<meta property=\"og:image:width\" content=\"1024\" \/>\n\t<meta property=\"og:image:height\" content=\"683\" \/>\n<meta name=\"twitter:card\" content=\"summary_large_image\" \/>\n<meta name=\"twitter:image\" content=\"https:\/\/acefootball.com\/es\/wp-content\/uploads\/2021\/02\/GettyImages-1302318523-1.jpg\" \/>\n<meta name=\"twitter:label1\" content=\"Escrito por\" \/>\n\t<meta name=\"twitter:data1\" content=\"\" \/>\n\t<meta name=\"twitter:label2\" content=\"Tiempo de lectura\" \/>\n\t<meta name=\"twitter:data2\" content=\"2 minutos\" \/>\n<script type=\"application\/ld+json\" class=\"yoast-schema-graph\">{\"@context\":\"https:\/\/schema.org\",\"@graph\":[{\"@type\":\"WebSite\",\"@id\":\"https:\/\/acefootball.com\/es\/#website\",\"url\":\"https:\/\/acefootball.com\/es\/\",\"name\":\"Ace Football Espa\u00f1ol\",\"description\":\"News, Betting and Livescore\",\"potentialAction\":[{\"@type\":\"SearchAction\",\"target\":{\"@type\":\"EntryPoint\",\"urlTemplate\":\"https:\/\/acefootball.com\/es\/?s={search_term_string}\"},\"query-input\":\"required name=search_term_string\"}],\"inLanguage\":\"es\"},{\"@type\":\"ImageObject\",\"@id\":\"https:\/\/acefootball.com\/es\/noticias-de-futbol\/las-declaraciones-de-tuchel-sobre-kepa-en-medio-de-las-especulaciones\/#primaryimage\",\"inLanguage\":\"es\",\"url\":\"\",\"contentUrl\":\"\"},{\"@type\":\"WebPage\",\"@id\":\"https:\/\/acefootball.com\/es\/noticias-de-futbol\/las-declaraciones-de-tuchel-sobre-kepa-en-medio-de-las-especulaciones\/#webpage\",\"url\":\"https:\/\/acefootball.com\/es\/noticias-de-futbol\/las-declaraciones-de-tuchel-sobre-kepa-en-medio-de-las-especulaciones\/\",\"name\":\"Las declaraciones de Tuchel sobre Kepa en medio de las especulaciones\",\"isPartOf\":{\"@id\":\"https:\/\/acefootball.com\/es\/#website\"},\"primaryImageOfPage\":{\"@id\":\"https:\/\/acefootball.com\/es\/noticias-de-futbol\/las-declaraciones-de-tuchel-sobre-kepa-en-medio-de-las-especulaciones\/#primaryimage\"},\"datePublished\":\"2021-02-19T23:43:25+00:00\",\"dateModified\":\"2021-02-19T23:43:26+00:00\",\"author\":{\"@id\":\"\"},\"description\":\"Debido a todas las especulaciones y rumores, Thomas Tuchel tuvo que salir a aclarar su postura sobre el debate Kepa\/Mendy en el Chelsea.\",\"breadcrumb\":{\"@id\":\"https:\/\/acefootball.com\/es\/noticias-de-futbol\/las-declaraciones-de-tuchel-sobre-kepa-en-medio-de-las-especulaciones\/#breadcrumb\"},\"inLanguage\":\"es\",\"potentialAction\":[{\"@type\":\"ReadAction\",\"target\":[\"https:\/\/acefootball.com\/es\/noticias-de-futbol\/las-declaraciones-de-tuchel-sobre-kepa-en-medio-de-las-especulaciones\/\"]}]},{\"@type\":\"BreadcrumbList\",\"@id\":\"https:\/\/acefootball.com\/es\/noticias-de-futbol\/las-declaraciones-de-tuchel-sobre-kepa-en-medio-de-las-especulaciones\/#breadcrumb\",\"itemListElement\":[{\"@type\":\"ListItem\",\"position\":1,\"name\":\"Home\",\"item\":\"https:\/\/acefootball.com\/es\/\"},{\"@type\":\"ListItem\",\"position\":2,\"name\":\"Las declaraciones de Tuchel sobre Kepa en medio de las especulaciones\"}]},{\"@type\":\"Person\",\"@id\":\"\",\"url\":\"https:\/\/acefootball.com\/es\/noticias-de-futbol\/author\/\"}]}<\/script>\n<!-- \/ Yoast SEO plugin. -->","yoast_head_json":{"title":"Las declaraciones de Tuchel sobre Kepa en medio de las especulaciones","description":"Debido a todas las especulaciones y rumores, Thomas Tuchel tuvo que salir a aclarar su postura sobre el debate Kepa\/Mendy en el Chelsea.","robots":{"index":"index","follow":"follow","max-snippet":"max-snippet:-1","max-image-preview":"max-image-preview:large","max-video-preview":"max-video-preview:-1"},"canonical":"https:\/\/acefootball.com\/es\/noticias-de-futbol\/las-declaraciones-de-tuchel-sobre-kepa-en-medio-de-las-especulaciones\/","og_locale":"es_ES","og_type":"article","og_title":"Las declaraciones de Tuchel sobre Kepa en medio de las especulaciones","og_description":"Debido a todas las especulaciones y rumores, Thomas Tuchel tuvo que salir a aclarar su postura sobre el debate Kepa\/Mendy en el Chelsea.","og_url":"https:\/\/acefootball.com\/es\/noticias-de-futbol\/las-declaraciones-de-tuchel-sobre-kepa-en-medio-de-las-especulaciones\/","og_site_name":"Ace Football Espa\u00f1ol","article_published_time":"2021-02-19T23:43:25+00:00","article_modified_time":"2021-02-19T23:43:26+00:00","og_image":[{"url":"https:\/\/acefootball.com\/es\/wp-content\/uploads\/2021\/02\/GettyImages-1302318523-1.jpg","height":683,"width":1024}],"twitter_card":"summary_large_image","twitter_image":"https:\/\/acefootball.com\/es\/wp-content\/uploads\/2021\/02\/GettyImages-1302318523-1.jpg","twitter_misc":{"Escrito por":"","Tiempo de lectura":"2 minutos"},"schema":{"@context":"https:\/\/schema.org","@graph":[{"@type":"WebSite","@id":"https:\/\/acefootball.com\/es\/#website","url":"https:\/\/acefootball.com\/es\/","name":"Ace Football Espa\u00f1ol","description":"News, Betting and Livescore","potentialAction":[{"@type":"SearchAction","target":{"@type":"EntryPoint","urlTemplate":"https:\/\/acefootball.com\/es\/?s={search_term_string}"},"query-input":"required name=search_term_string"}],"inLanguage":"es"},{"@type":"ImageObject","@id":"https:\/\/acefootball.com\/es\/noticias-de-futbol\/las-declaraciones-de-tuchel-sobre-kepa-en-medio-de-las-especulaciones\/#primaryimage","inLanguage":"es","url":"","contentUrl":""},{"@type":"WebPage","@id":"https:\/\/acefootball.com\/es\/noticias-de-futbol\/las-declaraciones-de-tuchel-sobre-kepa-en-medio-de-las-especulaciones\/#webpage","url":"https:\/\/acefootball.com\/es\/noticias-de-futbol\/las-declaraciones-de-tuchel-sobre-kepa-en-medio-de-las-especulaciones\/","name":"Las declaraciones de Tuchel sobre Kepa en medio de las especulaciones","isPartOf":{"@id":"https:\/\/acefootball.com\/es\/#website"},"primaryImageOfPage":{"@id":"https:\/\/acefootball.com\/es\/noticias-de-futbol\/las-declaraciones-de-tuchel-sobre-kepa-en-medio-de-las-especulaciones\/#primaryimage"},"datePublished":"2021-02-19T23:43:25+00:00","dateModified":"2021-02-19T23:43:26+00:00","author":{"@id":""},"description":"Debido a todas las especulaciones y rumores, Thomas Tuchel tuvo que salir a aclarar su postura sobre el debate Kepa\/Mendy en el Chelsea.","breadcrumb":{"@id":"https:\/\/acefootball.com\/es\/noticias-de-futbol\/las-declaraciones-de-tuchel-sobre-kepa-en-medio-de-las-especulaciones\/#breadcrumb"},"inLanguage":"es","potentialAction":[{"@type":"ReadAction","target":["https:\/\/acefootball.com\/es\/noticias-de-futbol\/las-declaraciones-de-tuchel-sobre-kepa-en-medio-de-las-especulaciones\/"]}]},{"@type":"BreadcrumbList","@id":"https:\/\/acefootball.com\/es\/noticias-de-futbol\/las-declaraciones-de-tuchel-sobre-kepa-en-medio-de-las-especulaciones\/#breadcrumb","itemListElement":[{"@type":"ListItem","position":1,"name":"Home","item":"https:\/\/acefootball.com\/es\/"},{"@type":"ListItem","position":2,"name":"Las declaraciones de Tuchel sobre Kepa en medio de las especulaciones"}]},{"@type":"Person","@id":"","url":"https:\/\/acefootball.com\/es\/noticias-de-futbol\/author\/"}]}},"fimg_url":"https:\/\/acefootball.com\/es\/wp-content\/uploads\/2021\/02\/GettyImages-1302318523-1.jpg","_links":{"self":[{"href":"https:\/\/acefootball.com\/es\/wp-json\/wp\/v2\/posts\/13566"}],"collection":[{"href":"https:\/\/acefootball.com\/es\/wp-json\/wp\/v2\/posts"}],"about":[{"href":"https:\/\/acefootball.com\/es\/wp-json\/wp\/v2\/types\/post"}],"author":[{"embeddable":true,"href":"https:\/\/acefootball.com\/es\/wp-json\/wp\/v2\/users\/1023"}],"replies":[{"embeddable":true,"href":"https:\/\/acefootball.com\/es\/wp-json\/wp\/v2\/comments?post=13566"}],"version-history":[{"count":0,"href":"https:\/\/acefootball.com\/es\/wp-json\/wp\/v2\/posts\/13566\/revisions"}],"wp:featuredmedia":[{"embeddable":true,"href":"https:\/\/acefootball.com\/es\/wp-json\/wp\/v2\/media\/-101101256609"}],"wp:attachment":[{"href":"https:\/\/acefootball.com\/es\/wp-json\/wp\/v2\/media?parent=13566"}],"wp:term":[{"taxonomy":"category","embeddable":true,"href":"https:\/\/acefootball.com\/es\/wp-json\/wp\/v2\/categories?post=13566"},{"taxonomy":"post_tag","embeddable":true,"href":"https:\/\/acefootball.com\/es\/wp-json\/wp\/v2\/tags?post=13566"}],"curies":[{"name":"wp","href":"https:\/\/api.w.org\/{rel}","templated":true}]}}