{"id":13562,"date":"2021-02-19T22:16:22","date_gmt":"2021-02-19T22:16:22","guid":{"rendered":"https:\/\/acefootball.com\/es\/?p=13562"},"modified":"2021-02-19T22:16:42","modified_gmt":"2021-02-19T22:16:42","slug":"francia-ruega-publicamente-a-kylian-mbappe-que-siga-en-el-psg","status":"publish","type":"post","link":"https:\/\/acefootball.com\/es\/noticias-de-futbol\/francia-ruega-publicamente-a-kylian-mbappe-que-siga-en-el-psg\/","title":{"rendered":"Francia ruega p\u00fablicamente a Kylian Mbapp\u00e9 que siga en el PSG"},"content":{"rendered":"\n<h2 id=\"h-sucedi-durante-un-programa-de-televisi-n-un-representante-de-francia-rog-p-blicamente-a-kylian-mbapp-que-se-quedara-en-el-psg-por-el-resto-de-su-carrera\">Sucedi\u00f3 durante un programa de televisi\u00f3n, un representante de Francia rog\u00f3 p\u00fablicamente a Kylian Mbapp\u00e9 que se quedara en el PSG por el resto de su carrera.<\/h2>\n\n\n\n<p>El <em><a href=\"https:\/\/acefootball.com\/es\/noticias-de-futbol\/pochettino-habla-sobre-el-futuro-de-mbappe-y-de-messi\/\">futuro<\/a><\/em> de Kylian Mbapp\u00e9 se ha convertido en una cuesti\u00f3n de estado en Francia, un nuevo acontecimiento ocurri\u00f3 el viernes. La ministra de Deportes de Francia, Roxana Maracineanu, decidi\u00f3 presionar al jugador siendo muy consciente de que quiere jugar en el Real Madrid. Esta historia empieza a repetirse, ya ocurri\u00f3 en la d\u00e9cada de los 60. Curiosamente, el jugador con un nivel de presi\u00f3n similar en aquella \u00e9poca era Pel\u00e9. Durante su etapa en el Santos FC, el gobierno brasile\u00f1o decidi\u00f3 impedirle salir del pa\u00eds por considerarlo un tesoro nacional.<\/p>\n\n\n\n<p>En su d\u00eda, los gobiernos sudamericanos eran m\u00e1s autoritarios que ahora, pero Francia empieza a crear tensiones. Aunque Mbapp\u00e9 no est\u00e1 realmente obligado a permanecer en su pa\u00eds, esto podr\u00eda poner al p\u00fablico en su contra si finalmente decide abandonar el Par\u00eds Saint-Germain. Aunque ha habido otros grandes jugadores de este pa\u00eds, la aparici\u00f3n de Mbapp\u00e9 impacta de manera diferente en esta ocasi\u00f3n.<\/p>\n\n\n\n<figure class=\"wp-block-embed is-type-rich is-provider-twitter wp-block-embed-twitter\"><div class=\"wp-block-embed__wrapper\">\n<blockquote class=\"twitter-tweet\" data-width=\"550\" data-dnt=\"true\"><p lang=\"fr\" dir=\"ltr\">\ud83d\udde3 &quot;Kylian, reste en France&quot;, lance Roxana Maracineanu. &quot;Le public a besoin de toi, le PSG a besoin de toi !&quot;<br><br>Suivez le live \ud83d\udc47<a href=\"https:\/\/t.co\/nmgnIm10yy\">https:\/\/t.co\/nmgnIm10yy<\/a> <a href=\"https:\/\/t.co\/zzYBCdGBGF\">pic.twitter.com\/zzYBCdGBGF<\/a><\/p>&mdash; franceinfo (@franceinfo) <a href=\"https:\/\/twitter.com\/franceinfo\/status\/1362676555621744641?ref_src=twsrc%5Etfw\">February 19, 2021<\/a><\/blockquote><script async src=\"https:\/\/platform.twitter.com\/widgets.js\" charset=\"utf-8\"><\/script>\n<\/div><\/figure>\n\n\n\n<h3 id=\"h-mbapp-podr-a-llegar-a-ser-m-s-grande-que-zidane-o-platini\">Mbapp\u00e9 podr\u00eda llegar a ser m\u00e1s grande que Zidane o Platini.<\/h3>\n\n\n\n<p>Dado su temprano \u00e9xito con la Selecci\u00f3n de Francia, Kylian Mbapp\u00e9 tiene el potencial de convertirse en algo m\u00e1s influyente que Zinedine Zidane o Michel Platini. Ambas leyendas crearon una impresionante devoci\u00f3n por sus logros. Sin embargo, las similitudes de Mbapp\u00e9 con Pel\u00e9 y sus impresionantes estad\u00edsticas iniciales son motivo m\u00e1s que suficiente para que la gente se vuelva loca por \u00e9l.<\/p>\n\n\n\n<p>La ministra de Deportes francesa decidi\u00f3 presionar p\u00fablicamente a Kylian Mbapp\u00e9 para que se quede en su pa\u00eds y convertir esta saga en una cuesti\u00f3n de Estado a trav\u00e9s de una emisi\u00f3n de\u00a0<em><a href=\"https:\/\/twitter.com\/franceinfo\" target=\"_blank\" rel=\"noreferrer noopener\">France Info<\/a><\/em>\u00a0TV: \u00abKylian, por favor, qu\u00e9date en Francia. Queremos seguir vi\u00e9ndote jugar as\u00ed. Tu pa\u00eds te necesita, el p\u00fablico te necesita, el PSG te necesita y los j\u00f3venes necesitan un modelo como t\u00fa. Eres un ejemplo para ellos. M\u00e1s a\u00fan hoy, que atravesamos una \u00e9poca en la que la gente no puede salir del pa\u00eds. Por favor, qu\u00e9date en Francia\u00bb.<\/p>\n","protected":false},"excerpt":{"rendered":"<p>Sucedi\u00f3 durante un programa de televisi\u00f3n, un representante de Francia rog\u00f3 p\u00fablicamente a Kylian Mbapp\u00e9 que se quedara en el PSG por el resto de su carrera. El futuro de Kylian Mbapp\u00e9 se ha convertido en una cuesti\u00f3n de estado en Francia, un nuevo acontecimiento ocurri\u00f3 el viernes. La ministra de Deportes de Francia, Roxana [&hellip;]<\/p>\n","protected":false},"author":1023,"featured_media":-101101256588,"comment_status":"closed","ping_status":"closed","sticky":false,"template":"","format":"standard","meta":{"om_disable_all_campaigns":false,"push_articles_ronaldo":{"active":false,"canonical":0,"publish":false},"force_updates":null},"categories":[8341],"tags":[796,1675,1914],"enet_tags":{"team":["6723","9847"],"player":["701154"],"sport_events":[]},"yoast_head":"<!-- This site is optimized with the Yoast SEO plugin v18.3 - https:\/\/yoast.com\/wordpress\/plugins\/seo\/ -->\n<title>Francia ruega p\u00fablicamente a Kylian Mbapp\u00e9 que siga en el PSG<\/title>\n<meta name=\"description\" content=\"Sucedi\u00f3 durante un programa de televisi\u00f3n, un representante de Francia rog\u00f3 p\u00fablicamente a Kylian Mbapp\u00e9 que se quedara en el PSG.\" \/>\n<meta name=\"robots\" content=\"index, follow, max-snippet:-1, max-image-preview:large, max-video-preview:-1\" \/>\n<link rel=\"canonical\" href=\"https:\/\/acefootball.com\/es\/noticias-de-futbol\/francia-ruega-publicamente-a-kylian-mbappe-que-siga-en-el-psg\/\" \/>\n<meta property=\"og:locale\" content=\"es_ES\" \/>\n<meta property=\"og:type\" content=\"article\" \/>\n<meta property=\"og:title\" content=\"Francia ruega p\u00fablicamente a Kylian Mbapp\u00e9 que siga en el PSG\" \/>\n<meta property=\"og:description\" content=\"Sucedi\u00f3 durante un programa de televisi\u00f3n, un representante de Francia rog\u00f3 p\u00fablicamente a Kylian Mbapp\u00e9 que se quedara en el PSG.\" \/>\n<meta property=\"og:url\" content=\"https:\/\/acefootball.com\/es\/noticias-de-futbol\/francia-ruega-publicamente-a-kylian-mbappe-que-siga-en-el-psg\/\" \/>\n<meta property=\"og:site_name\" content=\"Ace Football Espa\u00f1ol\" \/>\n<meta property=\"article:published_time\" content=\"2021-02-19T22:16:22+00:00\" \/>\n<meta property=\"article:modified_time\" content=\"2021-02-19T22:16:42+00:00\" \/>\n<meta property=\"og:image\" content=\"https:\/\/acefootball.com\/es\/wp-content\/uploads\/2021\/02\/GettyImages-1302522073.jpg\" \/>\n\t<meta property=\"og:image:width\" content=\"1024\" \/>\n\t<meta property=\"og:image:height\" content=\"683\" \/>\n<meta name=\"twitter:card\" content=\"summary_large_image\" \/>\n<meta name=\"twitter:image\" content=\"https:\/\/acefootball.com\/es\/wp-content\/uploads\/2021\/02\/GettyImages-1302522073.jpg\" \/>\n<meta name=\"twitter:label1\" content=\"Escrito por\" \/>\n\t<meta name=\"twitter:data1\" content=\"\" \/>\n\t<meta name=\"twitter:label2\" content=\"Tiempo de lectura\" \/>\n\t<meta name=\"twitter:data2\" content=\"2 minutos\" \/>\n<script type=\"application\/ld+json\" class=\"yoast-schema-graph\">{\"@context\":\"https:\/\/schema.org\",\"@graph\":[{\"@type\":\"WebSite\",\"@id\":\"https:\/\/acefootball.com\/es\/#website\",\"url\":\"https:\/\/acefootball.com\/es\/\",\"name\":\"Ace Football Espa\u00f1ol\",\"description\":\"News, Betting and Livescore\",\"potentialAction\":[{\"@type\":\"SearchAction\",\"target\":{\"@type\":\"EntryPoint\",\"urlTemplate\":\"https:\/\/acefootball.com\/es\/?s={search_term_string}\"},\"query-input\":\"required name=search_term_string\"}],\"inLanguage\":\"es\"},{\"@type\":\"ImageObject\",\"@id\":\"https:\/\/acefootball.com\/es\/noticias-de-futbol\/francia-ruega-publicamente-a-kylian-mbappe-que-siga-en-el-psg\/#primaryimage\",\"inLanguage\":\"es\",\"url\":\"\",\"contentUrl\":\"\"},{\"@type\":\"WebPage\",\"@id\":\"https:\/\/acefootball.com\/es\/noticias-de-futbol\/francia-ruega-publicamente-a-kylian-mbappe-que-siga-en-el-psg\/#webpage\",\"url\":\"https:\/\/acefootball.com\/es\/noticias-de-futbol\/francia-ruega-publicamente-a-kylian-mbappe-que-siga-en-el-psg\/\",\"name\":\"Francia ruega p\u00fablicamente a Kylian Mbapp\u00e9 que siga en el PSG\",\"isPartOf\":{\"@id\":\"https:\/\/acefootball.com\/es\/#website\"},\"primaryImageOfPage\":{\"@id\":\"https:\/\/acefootball.com\/es\/noticias-de-futbol\/francia-ruega-publicamente-a-kylian-mbappe-que-siga-en-el-psg\/#primaryimage\"},\"datePublished\":\"2021-02-19T22:16:22+00:00\",\"dateModified\":\"2021-02-19T22:16:42+00:00\",\"author\":{\"@id\":\"\"},\"description\":\"Sucedi\u00f3 durante un programa de televisi\u00f3n, un representante de Francia rog\u00f3 p\u00fablicamente a Kylian Mbapp\u00e9 que se quedara en el PSG.\",\"breadcrumb\":{\"@id\":\"https:\/\/acefootball.com\/es\/noticias-de-futbol\/francia-ruega-publicamente-a-kylian-mbappe-que-siga-en-el-psg\/#breadcrumb\"},\"inLanguage\":\"es\",\"potentialAction\":[{\"@type\":\"ReadAction\",\"target\":[\"https:\/\/acefootball.com\/es\/noticias-de-futbol\/francia-ruega-publicamente-a-kylian-mbappe-que-siga-en-el-psg\/\"]}]},{\"@type\":\"BreadcrumbList\",\"@id\":\"https:\/\/acefootball.com\/es\/noticias-de-futbol\/francia-ruega-publicamente-a-kylian-mbappe-que-siga-en-el-psg\/#breadcrumb\",\"itemListElement\":[{\"@type\":\"ListItem\",\"position\":1,\"name\":\"Home\",\"item\":\"https:\/\/acefootball.com\/es\/\"},{\"@type\":\"ListItem\",\"position\":2,\"name\":\"Francia ruega p\u00fablicamente a Kylian Mbapp\u00e9 que siga en el PSG\"}]},{\"@type\":\"Person\",\"@id\":\"\",\"url\":\"https:\/\/acefootball.com\/es\/noticias-de-futbol\/author\/\"}]}<\/script>\n<!-- \/ Yoast SEO plugin. -->","yoast_head_json":{"title":"Francia ruega p\u00fablicamente a Kylian Mbapp\u00e9 que siga en el PSG","description":"Sucedi\u00f3 durante un programa de televisi\u00f3n, un representante de Francia rog\u00f3 p\u00fablicamente a Kylian Mbapp\u00e9 que se quedara en el PSG.","robots":{"index":"index","follow":"follow","max-snippet":"max-snippet:-1","max-image-preview":"max-image-preview:large","max-video-preview":"max-video-preview:-1"},"canonical":"https:\/\/acefootball.com\/es\/noticias-de-futbol\/francia-ruega-publicamente-a-kylian-mbappe-que-siga-en-el-psg\/","og_locale":"es_ES","og_type":"article","og_title":"Francia ruega p\u00fablicamente a Kylian Mbapp\u00e9 que siga en el PSG","og_description":"Sucedi\u00f3 durante un programa de televisi\u00f3n, un representante de Francia rog\u00f3 p\u00fablicamente a Kylian Mbapp\u00e9 que se quedara en el PSG.","og_url":"https:\/\/acefootball.com\/es\/noticias-de-futbol\/francia-ruega-publicamente-a-kylian-mbappe-que-siga-en-el-psg\/","og_site_name":"Ace Football Espa\u00f1ol","article_published_time":"2021-02-19T22:16:22+00:00","article_modified_time":"2021-02-19T22:16:42+00:00","og_image":[{"url":"https:\/\/acefootball.com\/es\/wp-content\/uploads\/2021\/02\/GettyImages-1302522073.jpg","height":683,"width":1024}],"twitter_card":"summary_large_image","twitter_image":"https:\/\/acefootball.com\/es\/wp-content\/uploads\/2021\/02\/GettyImages-1302522073.jpg","twitter_misc":{"Escrito por":"","Tiempo de lectura":"2 minutos"},"schema":{"@context":"https:\/\/schema.org","@graph":[{"@type":"WebSite","@id":"https:\/\/acefootball.com\/es\/#website","url":"https:\/\/acefootball.com\/es\/","name":"Ace Football Espa\u00f1ol","description":"News, Betting and Livescore","potentialAction":[{"@type":"SearchAction","target":{"@type":"EntryPoint","urlTemplate":"https:\/\/acefootball.com\/es\/?s={search_term_string}"},"query-input":"required name=search_term_string"}],"inLanguage":"es"},{"@type":"ImageObject","@id":"https:\/\/acefootball.com\/es\/noticias-de-futbol\/francia-ruega-publicamente-a-kylian-mbappe-que-siga-en-el-psg\/#primaryimage","inLanguage":"es","url":"","contentUrl":""},{"@type":"WebPage","@id":"https:\/\/acefootball.com\/es\/noticias-de-futbol\/francia-ruega-publicamente-a-kylian-mbappe-que-siga-en-el-psg\/#webpage","url":"https:\/\/acefootball.com\/es\/noticias-de-futbol\/francia-ruega-publicamente-a-kylian-mbappe-que-siga-en-el-psg\/","name":"Francia ruega p\u00fablicamente a Kylian Mbapp\u00e9 que siga en el PSG","isPartOf":{"@id":"https:\/\/acefootball.com\/es\/#website"},"primaryImageOfPage":{"@id":"https:\/\/acefootball.com\/es\/noticias-de-futbol\/francia-ruega-publicamente-a-kylian-mbappe-que-siga-en-el-psg\/#primaryimage"},"datePublished":"2021-02-19T22:16:22+00:00","dateModified":"2021-02-19T22:16:42+00:00","author":{"@id":""},"description":"Sucedi\u00f3 durante un programa de televisi\u00f3n, un representante de Francia rog\u00f3 p\u00fablicamente a Kylian Mbapp\u00e9 que se quedara en el PSG.","breadcrumb":{"@id":"https:\/\/acefootball.com\/es\/noticias-de-futbol\/francia-ruega-publicamente-a-kylian-mbappe-que-siga-en-el-psg\/#breadcrumb"},"inLanguage":"es","potentialAction":[{"@type":"ReadAction","target":["https:\/\/acefootball.com\/es\/noticias-de-futbol\/francia-ruega-publicamente-a-kylian-mbappe-que-siga-en-el-psg\/"]}]},{"@type":"BreadcrumbList","@id":"https:\/\/acefootball.com\/es\/noticias-de-futbol\/francia-ruega-publicamente-a-kylian-mbappe-que-siga-en-el-psg\/#breadcrumb","itemListElement":[{"@type":"ListItem","position":1,"name":"Home","item":"https:\/\/acefootball.com\/es\/"},{"@type":"ListItem","position":2,"name":"Francia ruega p\u00fablicamente a Kylian Mbapp\u00e9 que siga en el PSG"}]},{"@type":"Person","@id":"","url":"https:\/\/acefootball.com\/es\/noticias-de-futbol\/author\/"}]}},"fimg_url":"https:\/\/acefootball.com\/es\/wp-content\/uploads\/2021\/02\/GettyImages-1302522073.jpg","_links":{"self":[{"href":"https:\/\/acefootball.com\/es\/wp-json\/wp\/v2\/posts\/13562"}],"collection":[{"href":"https:\/\/acefootball.com\/es\/wp-json\/wp\/v2\/posts"}],"about":[{"href":"https:\/\/acefootball.com\/es\/wp-json\/wp\/v2\/types\/post"}],"author":[{"embeddable":true,"href":"https:\/\/acefootball.com\/es\/wp-json\/wp\/v2\/users\/1023"}],"replies":[{"embeddable":true,"href":"https:\/\/acefootball.com\/es\/wp-json\/wp\/v2\/comments?post=13562"}],"version-history":[{"count":0,"href":"https:\/\/acefootball.com\/es\/wp-json\/wp\/v2\/posts\/13562\/revisions"}],"wp:featuredmedia":[{"embeddable":true,"href":"https:\/\/acefootball.com\/es\/wp-json\/wp\/v2\/media\/-101101256588"}],"wp:attachment":[{"href":"https:\/\/acefootball.com\/es\/wp-json\/wp\/v2\/media?parent=13562"}],"wp:term":[{"taxonomy":"category","embeddable":true,"href":"https:\/\/acefootball.com\/es\/wp-json\/wp\/v2\/categories?post=13562"},{"taxonomy":"post_tag","embeddable":true,"href":"https:\/\/acefootball.com\/es\/wp-json\/wp\/v2\/tags?post=13562"}],"curies":[{"name":"wp","href":"https:\/\/api.w.org\/{rel}","templated":true}]}}