{"id":13515,"date":"2021-02-18T17:12:36","date_gmt":"2021-02-18T17:12:36","guid":{"rendered":"https:\/\/acefootball.com\/es\/?p=13515"},"modified":"2021-02-18T17:12:46","modified_gmt":"2021-02-18T17:12:46","slug":"la-juventus-calma-el-temor-sobre-grave-lesion-de-chiellini","status":"publish","type":"post","link":"https:\/\/acefootball.com\/es\/noticias-de-futbol\/la-juventus-calma-el-temor-sobre-grave-lesion-de-chiellini\/","title":{"rendered":"La Juventus calma el temor sobre grave lesi\u00f3n de Chiellini"},"content":{"rendered":"\n<h2 id=\"h-se-tem-a-que-el-veterano-defensa-podr-a-perderse-hasta-dos-semanas-de-acci-n-despu-s-de-salir-cojeando-en-la-primera-mitad-de-la-eliminatoria-de-octavos-de-final\">Se tem\u00eda que el veterano defensa podr\u00eda perderse hasta dos semanas de acci\u00f3n despu\u00e9s de salir cojeando en la primera mitad de la eliminatoria de octavos de final.<\/h2>\n\n\n\n<p>Giorgio Chiellini ha evitado una lesi\u00f3n grave, seg\u00fan ha confirmado este jueves la Juventus.<\/p>\n\n\n\n<p>Chiellini solo pudo aguantar 35 minutos sobre el terreno de juego en la derrota de la Juventus contra el Oporto (<em><a href=\"https:\/\/acefootball.com\/es\/noticias-de-futbol\/fc-porto-2-1-juventus-valoracion-de-los-jugadores\/\">2-1<\/a><\/em>) en el encuentro de ida de los octavos de final de la Champions League el mi\u00e9rcoles por la noche.<\/p>\n\n\n\n<p>Con visibles molestias tras recibir un golpe, el central tuvo que ser sustituido por Merih Demiral, de 22 a\u00f1os.<\/p>\n\n\n\n<p>Seg\u00fan los informes, el jugador de 36 a\u00f1os podr\u00eda estar hasta dos semanas de baja tras sufrir lo que parece ser una grave lesi\u00f3n en la pierna derecha.<\/p>\n\n\n\n<p>Sin embargo, la Juventus ya ha disipado esos temores.<\/p>\n\n\n\n<p>Un comunicado en la\u00a0<em><a href=\"https:\/\/www.juventus.com\/es\/news\/articles\/centro-de-entrenamiento-pensando-en-la-liga\" target=\"_blank\" rel=\"noreferrer noopener\">p\u00e1gina web del club<\/a><\/em>\u00a0dec\u00eda: \u00abGiorgio Chiellini se realiz\u00f3 estudios esta ma\u00f1ana en el J | Medical que descartaron lesi\u00f3n muscular en su pierna derecha<\/p>\n\n\n\n<p>\u00abSu condici\u00f3n ser\u00e1 evaluada de forma diaria.\u00bb.<\/p>\n\n\n\n<p>La noticia supone un gran alivio para la Juventus, sobre todo si se tiene en cuenta que Leonardo Bonucci tambi\u00e9n est\u00e1 lesionado y podr\u00eda permanecer alejado de los terrenos de juego durante los pr\u00f3ximos 20 d\u00edas.<\/p>\n","protected":false},"excerpt":{"rendered":"<p>Se tem\u00eda que el veterano defensa podr\u00eda perderse hasta dos semanas de acci\u00f3n despu\u00e9s de salir cojeando en la primera mitad de la eliminatoria de octavos de final. Giorgio Chiellini ha evitado una lesi\u00f3n grave, seg\u00fan ha confirmado este jueves la Juventus. Chiellini solo pudo aguantar 35 minutos sobre el terreno de juego en la [&hellip;]<\/p>\n","protected":false},"author":1023,"featured_media":-101101256379,"comment_status":"closed","ping_status":"closed","sticky":false,"template":"","format":"standard","meta":{"om_disable_all_campaigns":false,"push_articles_ronaldo":{"active":false,"canonical":0,"publish":false},"force_updates":null},"categories":[1],"tags":[3199,257],"enet_tags":{"player":["41884"],"team":["9885"],"sport_events":[]},"yoast_head":"<!-- This site is optimized with the Yoast SEO plugin v18.3 - https:\/\/yoast.com\/wordpress\/plugins\/seo\/ -->\n<title>La Juventus calma el temor sobre grave lesi\u00f3n de Chiellini<\/title>\n<meta name=\"description\" content=\"Se tem\u00eda que el veterano defensa podr\u00eda perderse hasta dos semanas de acci\u00f3n despu\u00e9s de salir cojeando en la primera mitad.\" \/>\n<meta name=\"robots\" content=\"index, follow, max-snippet:-1, max-image-preview:large, max-video-preview:-1\" \/>\n<link rel=\"canonical\" href=\"https:\/\/acefootball.com\/es\/noticias-de-futbol\/la-juventus-calma-el-temor-sobre-grave-lesion-de-chiellini\/\" \/>\n<meta property=\"og:locale\" content=\"es_ES\" \/>\n<meta property=\"og:type\" content=\"article\" \/>\n<meta property=\"og:title\" content=\"La Juventus calma el temor sobre grave lesi\u00f3n de Chiellini\" \/>\n<meta property=\"og:description\" content=\"Se tem\u00eda que el veterano defensa podr\u00eda perderse hasta dos semanas de acci\u00f3n despu\u00e9s de salir cojeando en la primera mitad.\" \/>\n<meta property=\"og:url\" content=\"https:\/\/acefootball.com\/es\/noticias-de-futbol\/la-juventus-calma-el-temor-sobre-grave-lesion-de-chiellini\/\" \/>\n<meta property=\"og:site_name\" content=\"Ace Football Espa\u00f1ol\" \/>\n<meta property=\"article:published_time\" content=\"2021-02-18T17:12:36+00:00\" \/>\n<meta property=\"article:modified_time\" content=\"2021-02-18T17:12:46+00:00\" \/>\n<meta property=\"og:image\" content=\"https:\/\/acefootball.com\/es\/wp-content\/uploads\/2021\/02\/1276988021.jpg\" \/>\n\t<meta property=\"og:image:width\" content=\"1920\" \/>\n\t<meta property=\"og:image:height\" content=\"1262\" \/>\n<meta name=\"twitter:card\" content=\"summary_large_image\" \/>\n<meta name=\"twitter:image\" content=\"https:\/\/acefootball.com\/es\/wp-content\/uploads\/2021\/02\/1276988021.jpg\" \/>\n<meta name=\"twitter:label1\" content=\"Escrito por\" \/>\n\t<meta name=\"twitter:data1\" content=\"\" \/>\n\t<meta name=\"twitter:label2\" content=\"Tiempo de lectura\" \/>\n\t<meta name=\"twitter:data2\" content=\"1 minuto\" \/>\n<script type=\"application\/ld+json\" class=\"yoast-schema-graph\">{\"@context\":\"https:\/\/schema.org\",\"@graph\":[{\"@type\":\"WebSite\",\"@id\":\"https:\/\/acefootball.com\/es\/#website\",\"url\":\"https:\/\/acefootball.com\/es\/\",\"name\":\"Ace Football Espa\u00f1ol\",\"description\":\"News, Betting and Livescore\",\"potentialAction\":[{\"@type\":\"SearchAction\",\"target\":{\"@type\":\"EntryPoint\",\"urlTemplate\":\"https:\/\/acefootball.com\/es\/?s={search_term_string}\"},\"query-input\":\"required name=search_term_string\"}],\"inLanguage\":\"es\"},{\"@type\":\"ImageObject\",\"@id\":\"https:\/\/acefootball.com\/es\/noticias-de-futbol\/la-juventus-calma-el-temor-sobre-grave-lesion-de-chiellini\/#primaryimage\",\"inLanguage\":\"es\",\"url\":\"\",\"contentUrl\":\"\"},{\"@type\":\"WebPage\",\"@id\":\"https:\/\/acefootball.com\/es\/noticias-de-futbol\/la-juventus-calma-el-temor-sobre-grave-lesion-de-chiellini\/#webpage\",\"url\":\"https:\/\/acefootball.com\/es\/noticias-de-futbol\/la-juventus-calma-el-temor-sobre-grave-lesion-de-chiellini\/\",\"name\":\"La Juventus calma el temor sobre grave lesi\u00f3n de Chiellini\",\"isPartOf\":{\"@id\":\"https:\/\/acefootball.com\/es\/#website\"},\"primaryImageOfPage\":{\"@id\":\"https:\/\/acefootball.com\/es\/noticias-de-futbol\/la-juventus-calma-el-temor-sobre-grave-lesion-de-chiellini\/#primaryimage\"},\"datePublished\":\"2021-02-18T17:12:36+00:00\",\"dateModified\":\"2021-02-18T17:12:46+00:00\",\"author\":{\"@id\":\"\"},\"description\":\"Se tem\u00eda que el veterano defensa podr\u00eda perderse hasta dos semanas de acci\u00f3n despu\u00e9s de salir cojeando en la primera mitad.\",\"breadcrumb\":{\"@id\":\"https:\/\/acefootball.com\/es\/noticias-de-futbol\/la-juventus-calma-el-temor-sobre-grave-lesion-de-chiellini\/#breadcrumb\"},\"inLanguage\":\"es\",\"potentialAction\":[{\"@type\":\"ReadAction\",\"target\":[\"https:\/\/acefootball.com\/es\/noticias-de-futbol\/la-juventus-calma-el-temor-sobre-grave-lesion-de-chiellini\/\"]}]},{\"@type\":\"BreadcrumbList\",\"@id\":\"https:\/\/acefootball.com\/es\/noticias-de-futbol\/la-juventus-calma-el-temor-sobre-grave-lesion-de-chiellini\/#breadcrumb\",\"itemListElement\":[{\"@type\":\"ListItem\",\"position\":1,\"name\":\"Home\",\"item\":\"https:\/\/acefootball.com\/es\/\"},{\"@type\":\"ListItem\",\"position\":2,\"name\":\"La Juventus calma el temor sobre grave lesi\u00f3n de Chiellini\"}]},{\"@type\":\"Person\",\"@id\":\"\",\"url\":\"https:\/\/acefootball.com\/es\/noticias-de-futbol\/author\/\"}]}<\/script>\n<!-- \/ Yoast SEO plugin. -->","yoast_head_json":{"title":"La Juventus calma el temor sobre grave lesi\u00f3n de Chiellini","description":"Se tem\u00eda que el veterano defensa podr\u00eda perderse hasta dos semanas de acci\u00f3n despu\u00e9s de salir cojeando en la primera mitad.","robots":{"index":"index","follow":"follow","max-snippet":"max-snippet:-1","max-image-preview":"max-image-preview:large","max-video-preview":"max-video-preview:-1"},"canonical":"https:\/\/acefootball.com\/es\/noticias-de-futbol\/la-juventus-calma-el-temor-sobre-grave-lesion-de-chiellini\/","og_locale":"es_ES","og_type":"article","og_title":"La Juventus calma el temor sobre grave lesi\u00f3n de Chiellini","og_description":"Se tem\u00eda que el veterano defensa podr\u00eda perderse hasta dos semanas de acci\u00f3n despu\u00e9s de salir cojeando en la primera mitad.","og_url":"https:\/\/acefootball.com\/es\/noticias-de-futbol\/la-juventus-calma-el-temor-sobre-grave-lesion-de-chiellini\/","og_site_name":"Ace Football Espa\u00f1ol","article_published_time":"2021-02-18T17:12:36+00:00","article_modified_time":"2021-02-18T17:12:46+00:00","og_image":[{"url":"https:\/\/acefootball.com\/es\/wp-content\/uploads\/2021\/02\/1276988021.jpg","height":1262,"width":1920}],"twitter_card":"summary_large_image","twitter_image":"https:\/\/acefootball.com\/es\/wp-content\/uploads\/2021\/02\/1276988021.jpg","twitter_misc":{"Escrito por":"","Tiempo de lectura":"1 minuto"},"schema":{"@context":"https:\/\/schema.org","@graph":[{"@type":"WebSite","@id":"https:\/\/acefootball.com\/es\/#website","url":"https:\/\/acefootball.com\/es\/","name":"Ace Football Espa\u00f1ol","description":"News, Betting and Livescore","potentialAction":[{"@type":"SearchAction","target":{"@type":"EntryPoint","urlTemplate":"https:\/\/acefootball.com\/es\/?s={search_term_string}"},"query-input":"required name=search_term_string"}],"inLanguage":"es"},{"@type":"ImageObject","@id":"https:\/\/acefootball.com\/es\/noticias-de-futbol\/la-juventus-calma-el-temor-sobre-grave-lesion-de-chiellini\/#primaryimage","inLanguage":"es","url":"","contentUrl":""},{"@type":"WebPage","@id":"https:\/\/acefootball.com\/es\/noticias-de-futbol\/la-juventus-calma-el-temor-sobre-grave-lesion-de-chiellini\/#webpage","url":"https:\/\/acefootball.com\/es\/noticias-de-futbol\/la-juventus-calma-el-temor-sobre-grave-lesion-de-chiellini\/","name":"La Juventus calma el temor sobre grave lesi\u00f3n de Chiellini","isPartOf":{"@id":"https:\/\/acefootball.com\/es\/#website"},"primaryImageOfPage":{"@id":"https:\/\/acefootball.com\/es\/noticias-de-futbol\/la-juventus-calma-el-temor-sobre-grave-lesion-de-chiellini\/#primaryimage"},"datePublished":"2021-02-18T17:12:36+00:00","dateModified":"2021-02-18T17:12:46+00:00","author":{"@id":""},"description":"Se tem\u00eda que el veterano defensa podr\u00eda perderse hasta dos semanas de acci\u00f3n despu\u00e9s de salir cojeando en la primera mitad.","breadcrumb":{"@id":"https:\/\/acefootball.com\/es\/noticias-de-futbol\/la-juventus-calma-el-temor-sobre-grave-lesion-de-chiellini\/#breadcrumb"},"inLanguage":"es","potentialAction":[{"@type":"ReadAction","target":["https:\/\/acefootball.com\/es\/noticias-de-futbol\/la-juventus-calma-el-temor-sobre-grave-lesion-de-chiellini\/"]}]},{"@type":"BreadcrumbList","@id":"https:\/\/acefootball.com\/es\/noticias-de-futbol\/la-juventus-calma-el-temor-sobre-grave-lesion-de-chiellini\/#breadcrumb","itemListElement":[{"@type":"ListItem","position":1,"name":"Home","item":"https:\/\/acefootball.com\/es\/"},{"@type":"ListItem","position":2,"name":"La Juventus calma el temor sobre grave lesi\u00f3n de Chiellini"}]},{"@type":"Person","@id":"","url":"https:\/\/acefootball.com\/es\/noticias-de-futbol\/author\/"}]}},"fimg_url":"https:\/\/acefootball.com\/es\/wp-content\/uploads\/2021\/02\/1276988021.jpg","_links":{"self":[{"href":"https:\/\/acefootball.com\/es\/wp-json\/wp\/v2\/posts\/13515"}],"collection":[{"href":"https:\/\/acefootball.com\/es\/wp-json\/wp\/v2\/posts"}],"about":[{"href":"https:\/\/acefootball.com\/es\/wp-json\/wp\/v2\/types\/post"}],"author":[{"embeddable":true,"href":"https:\/\/acefootball.com\/es\/wp-json\/wp\/v2\/users\/1023"}],"replies":[{"embeddable":true,"href":"https:\/\/acefootball.com\/es\/wp-json\/wp\/v2\/comments?post=13515"}],"version-history":[{"count":0,"href":"https:\/\/acefootball.com\/es\/wp-json\/wp\/v2\/posts\/13515\/revisions"}],"wp:featuredmedia":[{"embeddable":true,"href":"https:\/\/acefootball.com\/es\/wp-json\/wp\/v2\/media\/-101101256379"}],"wp:attachment":[{"href":"https:\/\/acefootball.com\/es\/wp-json\/wp\/v2\/media?parent=13515"}],"wp:term":[{"taxonomy":"category","embeddable":true,"href":"https:\/\/acefootball.com\/es\/wp-json\/wp\/v2\/categories?post=13515"},{"taxonomy":"post_tag","embeddable":true,"href":"https:\/\/acefootball.com\/es\/wp-json\/wp\/v2\/tags?post=13515"}],"curies":[{"name":"wp","href":"https:\/\/api.w.org\/{rel}","templated":true}]}}