{"id":13454,"date":"2021-02-17T11:40:14","date_gmt":"2021-02-17T11:40:14","guid":{"rendered":"https:\/\/acefootball.com\/es\/?p=13454"},"modified":"2021-02-17T11:40:14","modified_gmt":"2021-02-17T11:40:14","slug":"otro-duro-golpe-para-la-juventus-con-otro-lesionado","status":"publish","type":"post","link":"https:\/\/acefootball.com\/es\/noticias-de-futbol\/otro-duro-golpe-para-la-juventus-con-otro-lesionado\/","title":{"rendered":"Otro duro golpe para la Juventus con otro lesionado"},"content":{"rendered":"\n<h2 id=\"h-la-juventus-confirma-que-el-defensa-leonardo-bonucci-se-lesion-en-un-entrenamiento\">La Juventus confirma que el defensa Leonardo Bonucci se lesion\u00f3 en un entrenamiento.<\/h2>\n\n\n\n<p>Seg\u00fan un informe, se espera que Leonardo Bonucci est\u00e9 de baja durante un tiempo. <\/p>\n\n\n\n<p>El defensa de la Juventus se lesion\u00f3 mientras entrenaba y podr\u00eda estar de baja las siguientes tres semanas.<\/p>\n\n\n\n<p>Bonucci s\u00ed viaj\u00f3 con el equipo para enfrentarse al FC Porto en la <em><a href=\"https:\/\/acefootball.com\/es\/champions-league\/\">Champions League<\/a><\/em> el mi\u00e9rcoles. Sin embargo, debido a su lesi\u00f3n disfrutar\u00e1 del partido desde el banquillo. <\/p>\n\n\n\n<p>El peri\u00f3dico italiano <em><a href=\"https:\/\/www.corrieredellosport.it\/news\/calcio\/champions-league\/2021\/02\/16-79185655\/porto-juve_i_convocati_di_pirlo_out_cuadrado\" target=\"_blank\" rel=\"noreferrer noopener\">Il Corriere dello Sport<\/a><\/em> afirma que el defensa estar\u00e1 al menos 20 d\u00edas de baja. <\/p>\n\n\n\n<figure class=\"wp-block-embed is-type-rich is-provider-twitter wp-block-embed-twitter\"><div class=\"wp-block-embed__wrapper\">\n<blockquote class=\"twitter-tweet\" data-width=\"550\" data-dnt=\"true\"><p lang=\"en\" dir=\"ltr\">There are reports Leonardo Bonucci could be out for at least a couple of weeks, as he is out of the Juventus match with Porto <a href=\"https:\/\/t.co\/5IVMcEQIjb\">https:\/\/t.co\/5IVMcEQIjb<\/a> <a href=\"https:\/\/twitter.com\/hashtag\/Juventus?src=hash&amp;ref_src=twsrc%5Etfw\">#Juventus<\/a> <a href=\"https:\/\/twitter.com\/hashtag\/FCPorto?src=hash&amp;ref_src=twsrc%5Etfw\">#FCPorto<\/a> <a href=\"https:\/\/twitter.com\/hashtag\/PortoJuve?src=hash&amp;ref_src=twsrc%5Etfw\">#PortoJuve<\/a> <a href=\"https:\/\/twitter.com\/hashtag\/UCL?src=hash&amp;ref_src=twsrc%5Etfw\">#UCL<\/a> <a href=\"https:\/\/twitter.com\/hashtag\/SerieA?src=hash&amp;ref_src=twsrc%5Etfw\">#SerieA<\/a> <a href=\"https:\/\/t.co\/PUI3s1FuGl\">pic.twitter.com\/PUI3s1FuGl<\/a><\/p>&mdash; footballitalia (@footballitalia) <a href=\"https:\/\/twitter.com\/footballitalia\/status\/1361747552622809088?ref_src=twsrc%5Etfw\">February 16, 2021<\/a><\/blockquote><script async src=\"https:\/\/platform.twitter.com\/widgets.js\" charset=\"utf-8\"><\/script>\n<\/div><\/figure>\n\n\n\n<p>El experimentado defensa se une a Cuadrado y Arthur a la lista de lesionados de los &#8216;Bianconeri&#8217;.<\/p>\n\n\n\n<p>En su ausencia, Andrea Pirlo cuenta con Merih Demiral, Matthijs de Ligt, y Giorgio Chiellini para el partido contra el FC Porto.<\/p>\n\n\n\n<p>El informe tambi\u00e9n afirma que Weston McKennie y \u00c1lvaro Morata siguen teniendo problemas f\u00edsicos, pero se considera que est\u00e1n en condiciones de jugar a pesar de todo.<\/p>\n\n\n\n<p>Ahora se espera que Bonucci vuelva a jugar en el partido en casa contra el Lazio el 6 de marzo. Si no, podr\u00eda volver para el partido de vuelta contra el FC Porto tres d\u00edas despu\u00e9s. <\/p>\n\n\n\n<p>En lo que va de temporada, el jugador de 33 a\u00f1os ha sido un habitual de Andrea Pirlo, con un total de 25 partidos y m\u00e1s de 2000 minutos de juego.<\/p>\n","protected":false},"excerpt":{"rendered":"<p>La Juventus confirma que el defensa Leonardo Bonucci se lesion\u00f3 en un entrenamiento.<\/p>\n","protected":false},"author":1022,"featured_media":-101101256145,"comment_status":"open","ping_status":"closed","sticky":false,"template":"","format":"standard","meta":{"om_disable_all_campaigns":false,"push_articles_ronaldo":{"active":false,"canonical":0,"publish":false},"force_updates":null},"categories":[1],"tags":[257,2084],"enet_tags":{"team":["9885"],"player":["24235"],"sport_events":[]},"yoast_head":"<!-- This site is optimized with the Yoast SEO plugin v18.3 - https:\/\/yoast.com\/wordpress\/plugins\/seo\/ -->\n<title>Otro duro golpe para la Juventus con otro lesionado<\/title>\n<meta name=\"description\" content=\"La Juventus confirma que el defensa Leonardo Bonucci se lesion\u00f3 en un entrenamiento y no podr\u00e1 jugar el partido contra el FC Porto.\" \/>\n<meta name=\"robots\" content=\"index, follow, max-snippet:-1, max-image-preview:large, max-video-preview:-1\" \/>\n<link rel=\"canonical\" href=\"https:\/\/acefootball.com\/es\/noticias-de-futbol\/otro-duro-golpe-para-la-juventus-con-otro-lesionado\/\" \/>\n<meta property=\"og:locale\" content=\"es_ES\" \/>\n<meta property=\"og:type\" content=\"article\" \/>\n<meta property=\"og:title\" content=\"Otro duro golpe para la Juventus con otro lesionado\" \/>\n<meta property=\"og:description\" content=\"La Juventus confirma que el defensa Leonardo Bonucci se lesion\u00f3 en un entrenamiento y no podr\u00e1 jugar el partido contra el FC Porto.\" \/>\n<meta property=\"og:url\" content=\"https:\/\/acefootball.com\/es\/noticias-de-futbol\/otro-duro-golpe-para-la-juventus-con-otro-lesionado\/\" \/>\n<meta property=\"og:site_name\" content=\"Ace Football Espa\u00f1ol\" \/>\n<meta property=\"article:published_time\" content=\"2021-02-17T11:40:14+00:00\" \/>\n<meta property=\"og:image\" content=\"https:\/\/acefootball.com\/es\/wp-content\/uploads\/2021\/02\/GettyImages-1297474263.jpg\" \/>\n\t<meta property=\"og:image:width\" content=\"1024\" \/>\n\t<meta property=\"og:image:height\" content=\"683\" \/>\n<meta name=\"twitter:card\" content=\"summary_large_image\" \/>\n<meta name=\"twitter:image\" content=\"https:\/\/acefootball.com\/es\/wp-content\/uploads\/2021\/02\/GettyImages-1297474263.jpg\" \/>\n<meta name=\"twitter:label1\" content=\"Escrito por\" \/>\n\t<meta name=\"twitter:data1\" content=\"\" \/>\n\t<meta name=\"twitter:label2\" content=\"Tiempo de lectura\" \/>\n\t<meta name=\"twitter:data2\" content=\"1 minuto\" \/>\n<script type=\"application\/ld+json\" class=\"yoast-schema-graph\">{\"@context\":\"https:\/\/schema.org\",\"@graph\":[{\"@type\":\"WebSite\",\"@id\":\"https:\/\/acefootball.com\/es\/#website\",\"url\":\"https:\/\/acefootball.com\/es\/\",\"name\":\"Ace Football Espa\u00f1ol\",\"description\":\"News, Betting and Livescore\",\"potentialAction\":[{\"@type\":\"SearchAction\",\"target\":{\"@type\":\"EntryPoint\",\"urlTemplate\":\"https:\/\/acefootball.com\/es\/?s={search_term_string}\"},\"query-input\":\"required name=search_term_string\"}],\"inLanguage\":\"es\"},{\"@type\":\"ImageObject\",\"@id\":\"https:\/\/acefootball.com\/es\/noticias-de-futbol\/otro-duro-golpe-para-la-juventus-con-otro-lesionado\/#primaryimage\",\"inLanguage\":\"es\",\"url\":\"https:\/\/acefootball.com\/es\/wp-content\/uploads\/2021\/02\/GettyImages-1297474263.jpg\",\"contentUrl\":\"https:\/\/acefootball.com\/es\/wp-content\/uploads\/2021\/02\/GettyImages-1297474263.jpg\"},{\"@type\":\"WebPage\",\"@id\":\"https:\/\/acefootball.com\/es\/noticias-de-futbol\/otro-duro-golpe-para-la-juventus-con-otro-lesionado\/#webpage\",\"url\":\"https:\/\/acefootball.com\/es\/noticias-de-futbol\/otro-duro-golpe-para-la-juventus-con-otro-lesionado\/\",\"name\":\"Otro duro golpe para la Juventus con otro lesionado\",\"isPartOf\":{\"@id\":\"https:\/\/acefootball.com\/es\/#website\"},\"primaryImageOfPage\":{\"@id\":\"https:\/\/acefootball.com\/es\/noticias-de-futbol\/otro-duro-golpe-para-la-juventus-con-otro-lesionado\/#primaryimage\"},\"datePublished\":\"2021-02-17T11:40:14+00:00\",\"dateModified\":\"2021-02-17T11:40:14+00:00\",\"author\":{\"@id\":\"\"},\"description\":\"La Juventus confirma que el defensa Leonardo Bonucci se lesion\u00f3 en un entrenamiento y no podr\u00e1 jugar el partido contra el FC Porto.\",\"breadcrumb\":{\"@id\":\"https:\/\/acefootball.com\/es\/noticias-de-futbol\/otro-duro-golpe-para-la-juventus-con-otro-lesionado\/#breadcrumb\"},\"inLanguage\":\"es\",\"potentialAction\":[{\"@type\":\"ReadAction\",\"target\":[\"https:\/\/acefootball.com\/es\/noticias-de-futbol\/otro-duro-golpe-para-la-juventus-con-otro-lesionado\/\"]}]},{\"@type\":\"BreadcrumbList\",\"@id\":\"https:\/\/acefootball.com\/es\/noticias-de-futbol\/otro-duro-golpe-para-la-juventus-con-otro-lesionado\/#breadcrumb\",\"itemListElement\":[{\"@type\":\"ListItem\",\"position\":1,\"name\":\"Home\",\"item\":\"https:\/\/acefootball.com\/es\/\"},{\"@type\":\"ListItem\",\"position\":2,\"name\":\"Otro duro golpe para la Juventus con otro lesionado\"}]},{\"@type\":\"Person\",\"@id\":\"\",\"url\":\"https:\/\/acefootball.com\/es\/noticias-de-futbol\/author\/\"}]}<\/script>\n<!-- \/ Yoast SEO plugin. -->","yoast_head_json":{"title":"Otro duro golpe para la Juventus con otro lesionado","description":"La Juventus confirma que el defensa Leonardo Bonucci se lesion\u00f3 en un entrenamiento y no podr\u00e1 jugar el partido contra el FC Porto.","robots":{"index":"index","follow":"follow","max-snippet":"max-snippet:-1","max-image-preview":"max-image-preview:large","max-video-preview":"max-video-preview:-1"},"canonical":"https:\/\/acefootball.com\/es\/noticias-de-futbol\/otro-duro-golpe-para-la-juventus-con-otro-lesionado\/","og_locale":"es_ES","og_type":"article","og_title":"Otro duro golpe para la Juventus con otro lesionado","og_description":"La Juventus confirma que el defensa Leonardo Bonucci se lesion\u00f3 en un entrenamiento y no podr\u00e1 jugar el partido contra el FC Porto.","og_url":"https:\/\/acefootball.com\/es\/noticias-de-futbol\/otro-duro-golpe-para-la-juventus-con-otro-lesionado\/","og_site_name":"Ace Football Espa\u00f1ol","article_published_time":"2021-02-17T11:40:14+00:00","og_image":[{"url":"https:\/\/acefootball.com\/es\/wp-content\/uploads\/2021\/02\/GettyImages-1297474263.jpg","height":683,"width":1024}],"twitter_card":"summary_large_image","twitter_image":"https:\/\/acefootball.com\/es\/wp-content\/uploads\/2021\/02\/GettyImages-1297474263.jpg","twitter_misc":{"Escrito por":"","Tiempo de lectura":"1 minuto"},"schema":{"@context":"https:\/\/schema.org","@graph":[{"@type":"WebSite","@id":"https:\/\/acefootball.com\/es\/#website","url":"https:\/\/acefootball.com\/es\/","name":"Ace Football Espa\u00f1ol","description":"News, Betting and Livescore","potentialAction":[{"@type":"SearchAction","target":{"@type":"EntryPoint","urlTemplate":"https:\/\/acefootball.com\/es\/?s={search_term_string}"},"query-input":"required name=search_term_string"}],"inLanguage":"es"},{"@type":"ImageObject","@id":"https:\/\/acefootball.com\/es\/noticias-de-futbol\/otro-duro-golpe-para-la-juventus-con-otro-lesionado\/#primaryimage","inLanguage":"es","url":"https:\/\/acefootball.com\/es\/wp-content\/uploads\/2021\/02\/GettyImages-1297474263.jpg","contentUrl":"https:\/\/acefootball.com\/es\/wp-content\/uploads\/2021\/02\/GettyImages-1297474263.jpg"},{"@type":"WebPage","@id":"https:\/\/acefootball.com\/es\/noticias-de-futbol\/otro-duro-golpe-para-la-juventus-con-otro-lesionado\/#webpage","url":"https:\/\/acefootball.com\/es\/noticias-de-futbol\/otro-duro-golpe-para-la-juventus-con-otro-lesionado\/","name":"Otro duro golpe para la Juventus con otro lesionado","isPartOf":{"@id":"https:\/\/acefootball.com\/es\/#website"},"primaryImageOfPage":{"@id":"https:\/\/acefootball.com\/es\/noticias-de-futbol\/otro-duro-golpe-para-la-juventus-con-otro-lesionado\/#primaryimage"},"datePublished":"2021-02-17T11:40:14+00:00","dateModified":"2021-02-17T11:40:14+00:00","author":{"@id":""},"description":"La Juventus confirma que el defensa Leonardo Bonucci se lesion\u00f3 en un entrenamiento y no podr\u00e1 jugar el partido contra el FC Porto.","breadcrumb":{"@id":"https:\/\/acefootball.com\/es\/noticias-de-futbol\/otro-duro-golpe-para-la-juventus-con-otro-lesionado\/#breadcrumb"},"inLanguage":"es","potentialAction":[{"@type":"ReadAction","target":["https:\/\/acefootball.com\/es\/noticias-de-futbol\/otro-duro-golpe-para-la-juventus-con-otro-lesionado\/"]}]},{"@type":"BreadcrumbList","@id":"https:\/\/acefootball.com\/es\/noticias-de-futbol\/otro-duro-golpe-para-la-juventus-con-otro-lesionado\/#breadcrumb","itemListElement":[{"@type":"ListItem","position":1,"name":"Home","item":"https:\/\/acefootball.com\/es\/"},{"@type":"ListItem","position":2,"name":"Otro duro golpe para la Juventus con otro lesionado"}]},{"@type":"Person","@id":"","url":"https:\/\/acefootball.com\/es\/noticias-de-futbol\/author\/"}]}},"fimg_url":"https:\/\/acefootball.com\/es\/wp-content\/uploads\/2021\/02\/GettyImages-1297474263.jpg","_links":{"self":[{"href":"https:\/\/acefootball.com\/es\/wp-json\/wp\/v2\/posts\/13454"}],"collection":[{"href":"https:\/\/acefootball.com\/es\/wp-json\/wp\/v2\/posts"}],"about":[{"href":"https:\/\/acefootball.com\/es\/wp-json\/wp\/v2\/types\/post"}],"author":[{"embeddable":true,"href":"https:\/\/acefootball.com\/es\/wp-json\/wp\/v2\/users\/1022"}],"replies":[{"embeddable":true,"href":"https:\/\/acefootball.com\/es\/wp-json\/wp\/v2\/comments?post=13454"}],"version-history":[{"count":0,"href":"https:\/\/acefootball.com\/es\/wp-json\/wp\/v2\/posts\/13454\/revisions"}],"wp:featuredmedia":[{"embeddable":true,"href":"https:\/\/acefootball.com\/es\/wp-json\/wp\/v2\/media\/-101101256145"}],"wp:attachment":[{"href":"https:\/\/acefootball.com\/es\/wp-json\/wp\/v2\/media?parent=13454"}],"wp:term":[{"taxonomy":"category","embeddable":true,"href":"https:\/\/acefootball.com\/es\/wp-json\/wp\/v2\/categories?post=13454"},{"taxonomy":"post_tag","embeddable":true,"href":"https:\/\/acefootball.com\/es\/wp-json\/wp\/v2\/tags?post=13454"}],"curies":[{"name":"wp","href":"https:\/\/api.w.org\/{rel}","templated":true}]}}