{"id":13396,"date":"2021-02-16T13:00:49","date_gmt":"2021-02-16T13:00:49","guid":{"rendered":"https:\/\/acefootball.com\/es\/?p=13396"},"modified":"2021-04-09T22:29:06","modified_gmt":"2021-04-09T20:29:06","slug":"maguire-deberia-avergonzarse-por-su-incidente-contra-el-west-brom","status":"publish","type":"post","link":"https:\/\/acefootball.com\/es\/noticias-de-futbol\/maguire-deberia-avergonzarse-por-su-incidente-contra-el-west-brom\/","title":{"rendered":"Maguire deber\u00eda \u00abavergonzarse\u00bb por su incidente contra el West Brom"},"content":{"rendered":"\n<h2 id=\"h-ferdinand-critica-al-capit-n-de-los-red-devils-por-discutir-una-decisi-n-de-penalti-en-el-empate-del-domingo\">Ferdinand critica al capit\u00e1n de los &#8216;Red Devils&#8217; por discutir una decisi\u00f3n de penalti en el empate del domingo.<\/h2>\n\n\n\n<p>Rio Ferdinand cree que Harry Maguire deber\u00eda sentirse \u00abavergonzado\u00bb despu\u00e9s de que se le acusara de la zambullida durante el empate del Manchester United con el West Brom (1-1) en la Premier League.<\/p>\n\n\n\n<p>Mbaye Diagne consigui\u00f3 la ventaja del West Brom en los dos primeros minutos del partido, y Bruno Fernandes marc\u00f3 un magn\u00edfico tiro en la primera parte.<\/p>\n\n\n\n<p>Maguire pens\u00f3 que hab\u00eda ganado un penalti para su equipo en la segunda parte cuando cay\u00f3 en el \u00e1rea. El \u00e1rbitro se\u00f1al\u00f3 inicialmente el punto de penalti, pero m\u00e1s tarde renunci\u00f3 a su decisi\u00f3n una vez que el VAR lo comprob\u00f3. <\/p>\n\n\n\n<figure class=\"wp-block-embed is-type-rich is-provider-twitter wp-block-embed-twitter\"><div class=\"wp-block-embed__wrapper\">\n<blockquote class=\"twitter-tweet\" data-width=\"550\" data-dnt=\"true\"><p lang=\"en\" dir=\"ltr\">\ud83d\udde3\ufe0f | &quot;He goes to ground as if he has been hit with a baseball bat.&quot; <br><br>Graeme Souness felt that <a href=\"https:\/\/twitter.com\/hashtag\/MUFC?src=hash&amp;ref_src=twsrc%5Etfw\">#MUFC<\/a> captain Harry Maguire dived to win their penalty against <a href=\"https:\/\/twitter.com\/hashtag\/WBA?src=hash&amp;ref_src=twsrc%5Etfw\">#WBA<\/a> which was eventually overturned by VAR&#8230;<a href=\"https:\/\/t.co\/mtv6RS4HZx\">pic.twitter.com\/mtv6RS4HZx<\/a><\/p>&mdash; Sky Sports Premier League (@SkySportsPL) <a href=\"https:\/\/twitter.com\/SkySportsPL\/status\/1361227259051446274?ref_src=twsrc%5Etfw\">February 15, 2021<\/a><\/blockquote><script async src=\"https:\/\/platform.twitter.com\/widgets.js\" charset=\"utf-8\"><\/script>\n<\/div><\/figure>\n\n\n\n<p>El defensa m\u00e1s caro del mundo se enfureci\u00f3 al ver que el penalti no era v\u00e1lido, ya que estaba <em><a href=\"https:\/\/acefootball.com\/football-news\/maguire-fumes-over-decision-to-overturn-penalty-in-west-brom-stalemate\/\">\u00abseguro\u00bb de haber recibido una falta de Semi Ajayi<\/a><\/em>.<\/p>\n\n\n\n<p>\u00abSi Harry es sincero, se habr\u00e1 levantado a la ma\u00f1ana siguiente y se habr\u00e1 avergonzado de lo que hizo\u00bb, dijo Ferdinand sobre el incidente, en su canal de Youtube, <a href=\"https:\/\/www.youtube.com\/watch?v=9MnBGpFeYlI&amp;ab_channel=RioFerdinandPresentsFIVE\" target=\"_blank\" rel=\"noreferrer noopener\"><em>Vibe with FIVE<\/em><\/a>.<\/p>\n\n\n\n<p>\u00abNo es lo que quieres ver en un defensa. No creo que se haya enorgullecido de eso a lo largo de su carrera\u00bb.<\/p>\n\n\n\n<p>\u00abTrata de ser simp\u00e1tico, lo entiendo, pero se sentir\u00eda avergonzado de verdad. Lo ver\u00e1 de nuevo y dir\u00e1: &#8216;Maldita sea, \u00bfen qu\u00e9 estaba pensando?&#8217;\u00bb<\/p>\n\n\n\n<figure class=\"wp-block-embed is-type-wp-embed is-provider-ace-football-espanol wp-block-embed-ace-football-espanol\"><div class=\"wp-block-embed__wrapper\">\n<blockquote class=\"wp-embedded-content\" data-secret=\"toSuQh3Bsp\"><a href=\"https:\/\/acefootball.com\/es\/noticias-de-futbol\/a-lingard-le-dicen-que-no-tiene-futuro-en-el-manchester-united\/\">A Lingard le dicen que no tiene futuro en el Manchester United<\/a><\/blockquote><iframe class=\"wp-embedded-content\" sandbox=\"allow-scripts\" security=\"restricted\" style=\"position: absolute; clip: rect(1px, 1px, 1px, 1px);\" title=\"\u00abA Lingard le dicen que no tiene futuro en el Manchester United\u00bb \u2014 Ace Football Espa\u00f1ol\" src=\"https:\/\/acefootball.com\/es\/noticias-de-futbol\/a-lingard-le-dicen-que-no-tiene-futuro-en-el-manchester-united\/embed\/#?secret=toSuQh3Bsp\" data-secret=\"toSuQh3Bsp\" width=\"600\" height=\"338\" frameborder=\"0\" marginwidth=\"0\" marginheight=\"0\" scrolling=\"no\"><\/iframe>\n<\/div><\/figure>\n\n\n\n<p> <\/p>\n","protected":false},"excerpt":{"rendered":"<p>Ferdinand critica al capit\u00e1n de los &#8216;Red Devils&#8217; por discutir una decisi\u00f3n de penalti en el empate del domingo.<\/p>\n","protected":false},"author":1022,"featured_media":-101101255987,"comment_status":"open","ping_status":"closed","sticky":false,"template":"","format":"standard","meta":{"om_disable_all_campaigns":false,"push_articles_ronaldo":{"active":false,"canonical":0,"publish":false},"force_updates":null},"categories":[1],"tags":[2308,206,274,4584],"enet_tags":{"player":["255610"],"team":["10260","8659"],"sport_events":[]},"yoast_head":"<!-- This site is optimized with the Yoast SEO plugin v18.3 - https:\/\/yoast.com\/wordpress\/plugins\/seo\/ -->\n<title>Maguire deber\u00eda \u00abavergonzarse\u00bb por su incidente contra el West Brom<\/title>\n<meta name=\"description\" content=\"Ferdinand critica al capit\u00e1n de los &#039;Red Devils&#039; por discutir una decisi\u00f3n de penalti en el empate del domingo.\" \/>\n<meta name=\"robots\" content=\"index, follow, max-snippet:-1, max-image-preview:large, max-video-preview:-1\" \/>\n<link rel=\"canonical\" href=\"https:\/\/acefootball.com\/es\/noticias-de-futbol\/maguire-deberia-avergonzarse-por-su-incidente-contra-el-west-brom\/\" \/>\n<meta property=\"og:locale\" content=\"es_ES\" \/>\n<meta property=\"og:type\" content=\"article\" \/>\n<meta property=\"og:title\" content=\"Maguire deber\u00eda \u00abavergonzarse\u00bb por su incidente contra el West Brom\" \/>\n<meta property=\"og:description\" content=\"Ferdinand critica al capit\u00e1n de los &#039;Red Devils&#039; por discutir una decisi\u00f3n de penalti en el empate del domingo.\" \/>\n<meta property=\"og:url\" content=\"https:\/\/acefootball.com\/es\/noticias-de-futbol\/maguire-deberia-avergonzarse-por-su-incidente-contra-el-west-brom\/\" \/>\n<meta property=\"og:site_name\" content=\"Ace Football Espa\u00f1ol\" \/>\n<meta property=\"article:published_time\" content=\"2021-02-16T13:00:49+00:00\" \/>\n<meta property=\"article:modified_time\" content=\"2021-04-09T20:29:06+00:00\" \/>\n<meta property=\"og:image\" content=\"https:\/\/acefootball.com\/es\/wp-content\/uploads\/2021\/02\/1298996819.jpg\" \/>\n\t<meta property=\"og:image:width\" content=\"1920\" \/>\n\t<meta property=\"og:image:height\" content=\"1262\" \/>\n<meta name=\"twitter:card\" content=\"summary_large_image\" \/>\n<meta name=\"twitter:image\" content=\"https:\/\/acefootball.com\/es\/wp-content\/uploads\/2021\/02\/1298996819.jpg\" \/>\n<meta name=\"twitter:label1\" content=\"Escrito por\" \/>\n\t<meta name=\"twitter:data1\" content=\"\" \/>\n\t<meta name=\"twitter:label2\" content=\"Tiempo de lectura\" \/>\n\t<meta name=\"twitter:data2\" content=\"1 minuto\" \/>\n<script type=\"application\/ld+json\" class=\"yoast-schema-graph\">{\"@context\":\"https:\/\/schema.org\",\"@graph\":[{\"@type\":\"WebSite\",\"@id\":\"https:\/\/acefootball.com\/es\/#website\",\"url\":\"https:\/\/acefootball.com\/es\/\",\"name\":\"Ace Football Espa\u00f1ol\",\"description\":\"News, Betting and Livescore\",\"potentialAction\":[{\"@type\":\"SearchAction\",\"target\":{\"@type\":\"EntryPoint\",\"urlTemplate\":\"https:\/\/acefootball.com\/es\/?s={search_term_string}\"},\"query-input\":\"required name=search_term_string\"}],\"inLanguage\":\"es\"},{\"@type\":\"ImageObject\",\"@id\":\"https:\/\/acefootball.com\/es\/noticias-de-futbol\/maguire-deberia-avergonzarse-por-su-incidente-contra-el-west-brom\/#primaryimage\",\"inLanguage\":\"es\",\"url\":\"https:\/\/acefootball.com\/es\/wp-content\/uploads\/2021\/02\/1298996819.jpg\",\"contentUrl\":\"https:\/\/acefootball.com\/es\/wp-content\/uploads\/2021\/02\/1298996819.jpg\"},{\"@type\":\"WebPage\",\"@id\":\"https:\/\/acefootball.com\/es\/noticias-de-futbol\/maguire-deberia-avergonzarse-por-su-incidente-contra-el-west-brom\/#webpage\",\"url\":\"https:\/\/acefootball.com\/es\/noticias-de-futbol\/maguire-deberia-avergonzarse-por-su-incidente-contra-el-west-brom\/\",\"name\":\"Maguire deber\u00eda \u00abavergonzarse\u00bb por su incidente contra el West Brom\",\"isPartOf\":{\"@id\":\"https:\/\/acefootball.com\/es\/#website\"},\"primaryImageOfPage\":{\"@id\":\"https:\/\/acefootball.com\/es\/noticias-de-futbol\/maguire-deberia-avergonzarse-por-su-incidente-contra-el-west-brom\/#primaryimage\"},\"datePublished\":\"2021-02-16T13:00:49+00:00\",\"dateModified\":\"2021-04-09T20:29:06+00:00\",\"author\":{\"@id\":\"\"},\"description\":\"Ferdinand critica al capit\u00e1n de los 'Red Devils' por discutir una decisi\u00f3n de penalti en el empate del domingo.\",\"breadcrumb\":{\"@id\":\"https:\/\/acefootball.com\/es\/noticias-de-futbol\/maguire-deberia-avergonzarse-por-su-incidente-contra-el-west-brom\/#breadcrumb\"},\"inLanguage\":\"es\",\"potentialAction\":[{\"@type\":\"ReadAction\",\"target\":[\"https:\/\/acefootball.com\/es\/noticias-de-futbol\/maguire-deberia-avergonzarse-por-su-incidente-contra-el-west-brom\/\"]}]},{\"@type\":\"BreadcrumbList\",\"@id\":\"https:\/\/acefootball.com\/es\/noticias-de-futbol\/maguire-deberia-avergonzarse-por-su-incidente-contra-el-west-brom\/#breadcrumb\",\"itemListElement\":[{\"@type\":\"ListItem\",\"position\":1,\"name\":\"Home\",\"item\":\"https:\/\/acefootball.com\/es\/\"},{\"@type\":\"ListItem\",\"position\":2,\"name\":\"Maguire deber\u00eda \u00abavergonzarse\u00bb por su incidente contra el West Brom\"}]},{\"@type\":\"Person\",\"@id\":\"\",\"url\":\"https:\/\/acefootball.com\/es\/noticias-de-futbol\/author\/\"}]}<\/script>\n<!-- \/ Yoast SEO plugin. -->","yoast_head_json":{"title":"Maguire deber\u00eda \u00abavergonzarse\u00bb por su incidente contra el West Brom","description":"Ferdinand critica al capit\u00e1n de los 'Red Devils' por discutir una decisi\u00f3n de penalti en el empate del domingo.","robots":{"index":"index","follow":"follow","max-snippet":"max-snippet:-1","max-image-preview":"max-image-preview:large","max-video-preview":"max-video-preview:-1"},"canonical":"https:\/\/acefootball.com\/es\/noticias-de-futbol\/maguire-deberia-avergonzarse-por-su-incidente-contra-el-west-brom\/","og_locale":"es_ES","og_type":"article","og_title":"Maguire deber\u00eda \u00abavergonzarse\u00bb por su incidente contra el West Brom","og_description":"Ferdinand critica al capit\u00e1n de los 'Red Devils' por discutir una decisi\u00f3n de penalti en el empate del domingo.","og_url":"https:\/\/acefootball.com\/es\/noticias-de-futbol\/maguire-deberia-avergonzarse-por-su-incidente-contra-el-west-brom\/","og_site_name":"Ace Football Espa\u00f1ol","article_published_time":"2021-02-16T13:00:49+00:00","article_modified_time":"2021-04-09T20:29:06+00:00","og_image":[{"url":"https:\/\/acefootball.com\/es\/wp-content\/uploads\/2021\/02\/1298996819.jpg","height":1262,"width":1920}],"twitter_card":"summary_large_image","twitter_image":"https:\/\/acefootball.com\/es\/wp-content\/uploads\/2021\/02\/1298996819.jpg","twitter_misc":{"Escrito por":"","Tiempo de lectura":"1 minuto"},"schema":{"@context":"https:\/\/schema.org","@graph":[{"@type":"WebSite","@id":"https:\/\/acefootball.com\/es\/#website","url":"https:\/\/acefootball.com\/es\/","name":"Ace Football Espa\u00f1ol","description":"News, Betting and Livescore","potentialAction":[{"@type":"SearchAction","target":{"@type":"EntryPoint","urlTemplate":"https:\/\/acefootball.com\/es\/?s={search_term_string}"},"query-input":"required name=search_term_string"}],"inLanguage":"es"},{"@type":"ImageObject","@id":"https:\/\/acefootball.com\/es\/noticias-de-futbol\/maguire-deberia-avergonzarse-por-su-incidente-contra-el-west-brom\/#primaryimage","inLanguage":"es","url":"https:\/\/acefootball.com\/es\/wp-content\/uploads\/2021\/02\/1298996819.jpg","contentUrl":"https:\/\/acefootball.com\/es\/wp-content\/uploads\/2021\/02\/1298996819.jpg"},{"@type":"WebPage","@id":"https:\/\/acefootball.com\/es\/noticias-de-futbol\/maguire-deberia-avergonzarse-por-su-incidente-contra-el-west-brom\/#webpage","url":"https:\/\/acefootball.com\/es\/noticias-de-futbol\/maguire-deberia-avergonzarse-por-su-incidente-contra-el-west-brom\/","name":"Maguire deber\u00eda \u00abavergonzarse\u00bb por su incidente contra el West Brom","isPartOf":{"@id":"https:\/\/acefootball.com\/es\/#website"},"primaryImageOfPage":{"@id":"https:\/\/acefootball.com\/es\/noticias-de-futbol\/maguire-deberia-avergonzarse-por-su-incidente-contra-el-west-brom\/#primaryimage"},"datePublished":"2021-02-16T13:00:49+00:00","dateModified":"2021-04-09T20:29:06+00:00","author":{"@id":""},"description":"Ferdinand critica al capit\u00e1n de los 'Red Devils' por discutir una decisi\u00f3n de penalti en el empate del domingo.","breadcrumb":{"@id":"https:\/\/acefootball.com\/es\/noticias-de-futbol\/maguire-deberia-avergonzarse-por-su-incidente-contra-el-west-brom\/#breadcrumb"},"inLanguage":"es","potentialAction":[{"@type":"ReadAction","target":["https:\/\/acefootball.com\/es\/noticias-de-futbol\/maguire-deberia-avergonzarse-por-su-incidente-contra-el-west-brom\/"]}]},{"@type":"BreadcrumbList","@id":"https:\/\/acefootball.com\/es\/noticias-de-futbol\/maguire-deberia-avergonzarse-por-su-incidente-contra-el-west-brom\/#breadcrumb","itemListElement":[{"@type":"ListItem","position":1,"name":"Home","item":"https:\/\/acefootball.com\/es\/"},{"@type":"ListItem","position":2,"name":"Maguire deber\u00eda \u00abavergonzarse\u00bb por su incidente contra el West Brom"}]},{"@type":"Person","@id":"","url":"https:\/\/acefootball.com\/es\/noticias-de-futbol\/author\/"}]}},"fimg_url":"https:\/\/acefootball.com\/es\/wp-content\/uploads\/2021\/02\/1298996819.jpg","_links":{"self":[{"href":"https:\/\/acefootball.com\/es\/wp-json\/wp\/v2\/posts\/13396"}],"collection":[{"href":"https:\/\/acefootball.com\/es\/wp-json\/wp\/v2\/posts"}],"about":[{"href":"https:\/\/acefootball.com\/es\/wp-json\/wp\/v2\/types\/post"}],"author":[{"embeddable":true,"href":"https:\/\/acefootball.com\/es\/wp-json\/wp\/v2\/users\/1022"}],"replies":[{"embeddable":true,"href":"https:\/\/acefootball.com\/es\/wp-json\/wp\/v2\/comments?post=13396"}],"version-history":[{"count":0,"href":"https:\/\/acefootball.com\/es\/wp-json\/wp\/v2\/posts\/13396\/revisions"}],"wp:featuredmedia":[{"embeddable":true,"href":"https:\/\/acefootball.com\/es\/wp-json\/wp\/v2\/media\/-101101255987"}],"wp:attachment":[{"href":"https:\/\/acefootball.com\/es\/wp-json\/wp\/v2\/media?parent=13396"}],"wp:term":[{"taxonomy":"category","embeddable":true,"href":"https:\/\/acefootball.com\/es\/wp-json\/wp\/v2\/categories?post=13396"},{"taxonomy":"post_tag","embeddable":true,"href":"https:\/\/acefootball.com\/es\/wp-json\/wp\/v2\/tags?post=13396"}],"curies":[{"name":"wp","href":"https:\/\/api.w.org\/{rel}","templated":true}]}}