{"id":12458,"date":"2021-02-03T12:53:06","date_gmt":"2021-02-03T12:53:06","guid":{"rendered":"https:\/\/acefootball.com\/es\/?p=12458"},"modified":"2021-02-03T12:53:07","modified_gmt":"2021-02-03T12:53:07","slug":"conte-da-su-veredicto-sobre-la-mala-racha-de-goles-de-alexis-sanchez","status":"publish","type":"post","link":"https:\/\/acefootball.com\/es\/noticias-de-futbol\/conte-da-su-veredicto-sobre-la-mala-racha-de-goles-de-alexis-sanchez\/","title":{"rendered":"Conte da su veredicto sobre la mala racha de goles de Alexis S\u00e1nchez"},"content":{"rendered":"\n<h2 id=\"h-el-delantero-del-inter-de-mil-n-ha-tenido-problemas-para-aportar-goles-desde-que-complet-su-fichaje-permanente-desde-el-manchester-united\">El delantero del Inter de Mil\u00e1n ha tenido problemas para aportar goles desde que complet\u00f3 su fichaje permanente desde el Manchester United. <\/h2>\n\n\n\n<p>El t\u00e9cnico del Inter acepta que el r\u00e9cord de goles de Alexis S\u00e1nchez \u00abdebe ser mejor\u00bb y no supo explicar la raz\u00f3n de su mala racha. <\/p>\n\n\n\n<p>Alexis s\u00f3lo ha marcado dos goles en 21 partidos en todas las competiciones desde que complet\u00f3 su fichaje permanente desde el Manchester United y, de nuevo, no impact\u00f3 en la <em><a href=\"https:\/\/acefootball.com\/es\/noticias-de-futbol\/inter-de-milan-1-2-juventus-valoracion-de-los-jugadores-de-la-coppa-italia\/\">derrota del Inter 2-1 en la ida de las semifinales de la Copa Italia<\/a><\/em> ante la Juventus el martes.<\/p>\n\n\n\n<div class=\"wp-block-si-widget wp-block-si-widget--center\"><si-lb-widget widget-id=\"PlayerSeasonProfile\" width=\"900\" data-player-id=\"50047\" data-theme-appearance=\"dark\"><\/si-lb-widget><\/div>\n\n\n\n<p>El rendimiento del jugador de 32 a\u00f1os est\u00e1 muy lejos de lo que fue en el pasado con el Udinese, el Barcelona y el Arsenal.<\/p>\n\n\n\n<p>\u00abNo s\u00e9 si estaba cansado, por supuesto que intent\u00f3 dar lo mejor de s\u00ed mismo en el partido, pero tiene que ser m\u00e1s cl\u00ednico a la hora de marcar goles\u00bb, dijo Conte, v\u00eda <em><a href=\"https:\/\/www.goal.com\/en\/news\/merciless-conte-criticises-alexis-sanchez-inter\/1uidxygrrut2q1oy76u5a7wqst\" target=\"_blank\" rel=\"noreferrer noopener\">Goal<\/a><\/em>.<\/p>\n\n\n\n<p>\u00abLos n\u00fameros para [juzgar] a los delanteros son despiadados, y sus n\u00fameros deben ser mejores\u00bb.<\/p>\n\n\n\n<p>Alexis ha conseguido seis goles y 15 asistencias en total con el Inter a lo largo de 53 partidos desde su llegada en 2019. <\/p>\n\n\n\n<figure class=\"wp-block-embed is-type-wp-embed is-provider-ace-football wp-block-embed-ace-football\"><div class=\"wp-block-embed__wrapper\">\n<blockquote class=\"wp-embedded-content\" data-secret=\"QViRZjtWjo\"><a href=\"https:\/\/acefootball.com\/football-news\/we-have-alexis-conte-not-worried-about-lukakus-absence-vs-juventus\/\">&#8216;We have Alexis&#8217; Conte not worried about Lukaku&#8217;s absence vs Juventus<\/a><\/blockquote><iframe class=\"wp-embedded-content\" sandbox=\"allow-scripts\" security=\"restricted\" style=\"position: absolute; clip: rect(1px, 1px, 1px, 1px);\" title=\"&#8220;&#8216;We have Alexis&#8217; Conte not worried about Lukaku&#8217;s absence vs Juventus&#8221; &#8212; Ace Football\" src=\"https:\/\/acefootball.com\/football-news\/we-have-alexis-conte-not-worried-about-lukakus-absence-vs-juventus\/embed\/#?secret=QViRZjtWjo\" data-secret=\"QViRZjtWjo\" width=\"600\" height=\"338\" frameborder=\"0\" marginwidth=\"0\" marginheight=\"0\" scrolling=\"no\"><\/iframe>\n<\/div><\/figure>\n","protected":false},"excerpt":{"rendered":"<p>El delantero del Inter de Mil\u00e1n ha tenido problemas para aportar goles desde que complet\u00f3 su fichaje permanente desde el Manchester United. <\/p>\n","protected":false},"author":1022,"featured_media":-101101253460,"comment_status":"open","ping_status":"closed","sticky":false,"template":"","format":"standard","meta":{"om_disable_all_campaigns":false,"push_articles_ronaldo":{"active":false,"canonical":0,"publish":false},"force_updates":null},"categories":[1],"tags":[1253,2113,5654,976],"enet_tags":{"player":["50047","174265"],"league":["141"],"sport_events":[]},"yoast_head":"<!-- This site is optimized with the Yoast SEO plugin v18.3 - https:\/\/yoast.com\/wordpress\/plugins\/seo\/ -->\n<title>Conte da su veredicto sobre la mala racha de goles de Alexis S\u00e1nchez<\/title>\n<meta name=\"description\" content=\"El delantero del Inter de Mil\u00e1n ha tenido problemas para aportar goles desde que complet\u00f3 su fichaje permanente desde el Manchester United.\" \/>\n<meta name=\"robots\" content=\"index, follow, max-snippet:-1, max-image-preview:large, max-video-preview:-1\" \/>\n<link rel=\"canonical\" href=\"https:\/\/acefootball.com\/es\/noticias-de-futbol\/conte-da-su-veredicto-sobre-la-mala-racha-de-goles-de-alexis-sanchez\/\" \/>\n<meta property=\"og:locale\" content=\"es_ES\" \/>\n<meta property=\"og:type\" content=\"article\" \/>\n<meta property=\"og:title\" content=\"Conte da su veredicto sobre la mala racha de goles de Alexis S\u00e1nchez\" \/>\n<meta property=\"og:description\" content=\"El delantero del Inter de Mil\u00e1n ha tenido problemas para aportar goles desde que complet\u00f3 su fichaje permanente desde el Manchester United.\" \/>\n<meta property=\"og:url\" content=\"https:\/\/acefootball.com\/es\/noticias-de-futbol\/conte-da-su-veredicto-sobre-la-mala-racha-de-goles-de-alexis-sanchez\/\" \/>\n<meta property=\"og:site_name\" content=\"Ace Football Espa\u00f1ol\" \/>\n<meta property=\"article:published_time\" content=\"2021-02-03T12:53:06+00:00\" \/>\n<meta property=\"article:modified_time\" content=\"2021-02-03T12:53:07+00:00\" \/>\n<meta property=\"og:image\" content=\"https:\/\/acefootball.com\/es\/wp-content\/uploads\/2021\/02\/GettyImages-1300113337.jpg\" \/>\n\t<meta property=\"og:image:width\" content=\"1920\" \/>\n\t<meta property=\"og:image:height\" content=\"1262\" \/>\n<meta name=\"twitter:card\" content=\"summary_large_image\" \/>\n<meta name=\"twitter:image\" content=\"https:\/\/acefootball.com\/es\/wp-content\/uploads\/2021\/02\/GettyImages-1300113337.jpg\" \/>\n<meta name=\"twitter:label1\" content=\"Escrito por\" \/>\n\t<meta name=\"twitter:data1\" content=\"\" \/>\n\t<meta name=\"twitter:label2\" content=\"Tiempo de lectura\" \/>\n\t<meta name=\"twitter:data2\" content=\"1 minuto\" \/>\n<script type=\"application\/ld+json\" class=\"yoast-schema-graph\">{\"@context\":\"https:\/\/schema.org\",\"@graph\":[{\"@type\":\"WebSite\",\"@id\":\"https:\/\/acefootball.com\/es\/#website\",\"url\":\"https:\/\/acefootball.com\/es\/\",\"name\":\"Ace Football Espa\u00f1ol\",\"description\":\"News, Betting and Livescore\",\"potentialAction\":[{\"@type\":\"SearchAction\",\"target\":{\"@type\":\"EntryPoint\",\"urlTemplate\":\"https:\/\/acefootball.com\/es\/?s={search_term_string}\"},\"query-input\":\"required name=search_term_string\"}],\"inLanguage\":\"es\"},{\"@type\":\"ImageObject\",\"@id\":\"https:\/\/acefootball.com\/es\/noticias-de-futbol\/conte-da-su-veredicto-sobre-la-mala-racha-de-goles-de-alexis-sanchez\/#primaryimage\",\"inLanguage\":\"es\",\"url\":\"https:\/\/acefootball.com\/es\/wp-content\/uploads\/2021\/02\/GettyImages-1300113337.jpg\",\"contentUrl\":\"https:\/\/acefootball.com\/es\/wp-content\/uploads\/2021\/02\/GettyImages-1300113337.jpg\"},{\"@type\":\"WebPage\",\"@id\":\"https:\/\/acefootball.com\/es\/noticias-de-futbol\/conte-da-su-veredicto-sobre-la-mala-racha-de-goles-de-alexis-sanchez\/#webpage\",\"url\":\"https:\/\/acefootball.com\/es\/noticias-de-futbol\/conte-da-su-veredicto-sobre-la-mala-racha-de-goles-de-alexis-sanchez\/\",\"name\":\"Conte da su veredicto sobre la mala racha de goles de Alexis S\u00e1nchez\",\"isPartOf\":{\"@id\":\"https:\/\/acefootball.com\/es\/#website\"},\"primaryImageOfPage\":{\"@id\":\"https:\/\/acefootball.com\/es\/noticias-de-futbol\/conte-da-su-veredicto-sobre-la-mala-racha-de-goles-de-alexis-sanchez\/#primaryimage\"},\"datePublished\":\"2021-02-03T12:53:06+00:00\",\"dateModified\":\"2021-02-03T12:53:07+00:00\",\"author\":{\"@id\":\"\"},\"description\":\"El delantero del Inter de Mil\u00e1n ha tenido problemas para aportar goles desde que complet\u00f3 su fichaje permanente desde el Manchester United.\",\"breadcrumb\":{\"@id\":\"https:\/\/acefootball.com\/es\/noticias-de-futbol\/conte-da-su-veredicto-sobre-la-mala-racha-de-goles-de-alexis-sanchez\/#breadcrumb\"},\"inLanguage\":\"es\",\"potentialAction\":[{\"@type\":\"ReadAction\",\"target\":[\"https:\/\/acefootball.com\/es\/noticias-de-futbol\/conte-da-su-veredicto-sobre-la-mala-racha-de-goles-de-alexis-sanchez\/\"]}]},{\"@type\":\"BreadcrumbList\",\"@id\":\"https:\/\/acefootball.com\/es\/noticias-de-futbol\/conte-da-su-veredicto-sobre-la-mala-racha-de-goles-de-alexis-sanchez\/#breadcrumb\",\"itemListElement\":[{\"@type\":\"ListItem\",\"position\":1,\"name\":\"Home\",\"item\":\"https:\/\/acefootball.com\/es\/\"},{\"@type\":\"ListItem\",\"position\":2,\"name\":\"Conte da su veredicto sobre la mala racha de goles de Alexis S\u00e1nchez\"}]},{\"@type\":\"Person\",\"@id\":\"\",\"url\":\"https:\/\/acefootball.com\/es\/noticias-de-futbol\/author\/\"}]}<\/script>\n<!-- \/ Yoast SEO plugin. -->","yoast_head_json":{"title":"Conte da su veredicto sobre la mala racha de goles de Alexis S\u00e1nchez","description":"El delantero del Inter de Mil\u00e1n ha tenido problemas para aportar goles desde que complet\u00f3 su fichaje permanente desde el Manchester United.","robots":{"index":"index","follow":"follow","max-snippet":"max-snippet:-1","max-image-preview":"max-image-preview:large","max-video-preview":"max-video-preview:-1"},"canonical":"https:\/\/acefootball.com\/es\/noticias-de-futbol\/conte-da-su-veredicto-sobre-la-mala-racha-de-goles-de-alexis-sanchez\/","og_locale":"es_ES","og_type":"article","og_title":"Conte da su veredicto sobre la mala racha de goles de Alexis S\u00e1nchez","og_description":"El delantero del Inter de Mil\u00e1n ha tenido problemas para aportar goles desde que complet\u00f3 su fichaje permanente desde el Manchester United.","og_url":"https:\/\/acefootball.com\/es\/noticias-de-futbol\/conte-da-su-veredicto-sobre-la-mala-racha-de-goles-de-alexis-sanchez\/","og_site_name":"Ace Football Espa\u00f1ol","article_published_time":"2021-02-03T12:53:06+00:00","article_modified_time":"2021-02-03T12:53:07+00:00","og_image":[{"url":"https:\/\/acefootball.com\/es\/wp-content\/uploads\/2021\/02\/GettyImages-1300113337.jpg","height":1262,"width":1920}],"twitter_card":"summary_large_image","twitter_image":"https:\/\/acefootball.com\/es\/wp-content\/uploads\/2021\/02\/GettyImages-1300113337.jpg","twitter_misc":{"Escrito por":"","Tiempo de lectura":"1 minuto"},"schema":{"@context":"https:\/\/schema.org","@graph":[{"@type":"WebSite","@id":"https:\/\/acefootball.com\/es\/#website","url":"https:\/\/acefootball.com\/es\/","name":"Ace Football Espa\u00f1ol","description":"News, Betting and Livescore","potentialAction":[{"@type":"SearchAction","target":{"@type":"EntryPoint","urlTemplate":"https:\/\/acefootball.com\/es\/?s={search_term_string}"},"query-input":"required name=search_term_string"}],"inLanguage":"es"},{"@type":"ImageObject","@id":"https:\/\/acefootball.com\/es\/noticias-de-futbol\/conte-da-su-veredicto-sobre-la-mala-racha-de-goles-de-alexis-sanchez\/#primaryimage","inLanguage":"es","url":"https:\/\/acefootball.com\/es\/wp-content\/uploads\/2021\/02\/GettyImages-1300113337.jpg","contentUrl":"https:\/\/acefootball.com\/es\/wp-content\/uploads\/2021\/02\/GettyImages-1300113337.jpg"},{"@type":"WebPage","@id":"https:\/\/acefootball.com\/es\/noticias-de-futbol\/conte-da-su-veredicto-sobre-la-mala-racha-de-goles-de-alexis-sanchez\/#webpage","url":"https:\/\/acefootball.com\/es\/noticias-de-futbol\/conte-da-su-veredicto-sobre-la-mala-racha-de-goles-de-alexis-sanchez\/","name":"Conte da su veredicto sobre la mala racha de goles de Alexis S\u00e1nchez","isPartOf":{"@id":"https:\/\/acefootball.com\/es\/#website"},"primaryImageOfPage":{"@id":"https:\/\/acefootball.com\/es\/noticias-de-futbol\/conte-da-su-veredicto-sobre-la-mala-racha-de-goles-de-alexis-sanchez\/#primaryimage"},"datePublished":"2021-02-03T12:53:06+00:00","dateModified":"2021-02-03T12:53:07+00:00","author":{"@id":""},"description":"El delantero del Inter de Mil\u00e1n ha tenido problemas para aportar goles desde que complet\u00f3 su fichaje permanente desde el Manchester United.","breadcrumb":{"@id":"https:\/\/acefootball.com\/es\/noticias-de-futbol\/conte-da-su-veredicto-sobre-la-mala-racha-de-goles-de-alexis-sanchez\/#breadcrumb"},"inLanguage":"es","potentialAction":[{"@type":"ReadAction","target":["https:\/\/acefootball.com\/es\/noticias-de-futbol\/conte-da-su-veredicto-sobre-la-mala-racha-de-goles-de-alexis-sanchez\/"]}]},{"@type":"BreadcrumbList","@id":"https:\/\/acefootball.com\/es\/noticias-de-futbol\/conte-da-su-veredicto-sobre-la-mala-racha-de-goles-de-alexis-sanchez\/#breadcrumb","itemListElement":[{"@type":"ListItem","position":1,"name":"Home","item":"https:\/\/acefootball.com\/es\/"},{"@type":"ListItem","position":2,"name":"Conte da su veredicto sobre la mala racha de goles de Alexis S\u00e1nchez"}]},{"@type":"Person","@id":"","url":"https:\/\/acefootball.com\/es\/noticias-de-futbol\/author\/"}]}},"fimg_url":"https:\/\/acefootball.com\/es\/wp-content\/uploads\/2021\/02\/GettyImages-1300113337.jpg","_links":{"self":[{"href":"https:\/\/acefootball.com\/es\/wp-json\/wp\/v2\/posts\/12458"}],"collection":[{"href":"https:\/\/acefootball.com\/es\/wp-json\/wp\/v2\/posts"}],"about":[{"href":"https:\/\/acefootball.com\/es\/wp-json\/wp\/v2\/types\/post"}],"author":[{"embeddable":true,"href":"https:\/\/acefootball.com\/es\/wp-json\/wp\/v2\/users\/1022"}],"replies":[{"embeddable":true,"href":"https:\/\/acefootball.com\/es\/wp-json\/wp\/v2\/comments?post=12458"}],"version-history":[{"count":0,"href":"https:\/\/acefootball.com\/es\/wp-json\/wp\/v2\/posts\/12458\/revisions"}],"wp:featuredmedia":[{"embeddable":true,"href":"https:\/\/acefootball.com\/es\/wp-json\/wp\/v2\/media\/-101101253460"}],"wp:attachment":[{"href":"https:\/\/acefootball.com\/es\/wp-json\/wp\/v2\/media?parent=12458"}],"wp:term":[{"taxonomy":"category","embeddable":true,"href":"https:\/\/acefootball.com\/es\/wp-json\/wp\/v2\/categories?post=12458"},{"taxonomy":"post_tag","embeddable":true,"href":"https:\/\/acefootball.com\/es\/wp-json\/wp\/v2\/tags?post=12458"}],"curies":[{"name":"wp","href":"https:\/\/api.w.org\/{rel}","templated":true}]}}